{"id":4319,"date":"2019-11-05T08:30:43","date_gmt":"2019-11-05T07:30:43","guid":{"rendered":"http:\/\/bd-chroniques.be\/?p=4319"},"modified":"2019-11-05T09:02:12","modified_gmt":"2019-11-05T08:02:12","slug":"un-enfant-comme-ca","status":"publish","type":"post","link":"https:\/\/bd-chroniques.be\/index.php\/2019\/11\/05\/un-enfant-comme-ca\/","title":{"rendered":"Un enfant comme \u00e7a"},"content":{"rendered":"\n<p>La diff\u00e9rence, l\u2019indiff\u00e9rence, la solitude<\/p>\n\n\n\n<p>L\u2019\u00e9diteur \u00ab La Bo\u00eete \u00e0 Bulles \u00bb, de livre en livre, choisit de s\u2019\u00e9carter les sentiers battus du monde de l\u2018\u00e9dition BD. Et, avec ce livre-ci, sans aucun doute possible, il nous emm\u00e8ne dans un univers d\u2019intelligence, de r\u00e9flexion, de tol\u00e9rance, et de po\u00e9sie.<\/p>\n\n\n\n<div class=\"wp-block-image\"><figure class=\"aligncenter\"><img data-recalc-dims=\"1\" loading=\"lazy\" decoding=\"async\" width=\"358\" height=\"500\" src=\"https:\/\/i0.wp.com\/bd-chroniques.be\/wp-content\/uploads\/2019\/11\/breda0bis.jpg?resize=358%2C500\" alt=\"\" class=\"wp-image-4320\" srcset=\"https:\/\/i0.wp.com\/bd-chroniques.be\/wp-content\/uploads\/2019\/11\/breda0bis.jpg?w=358&amp;ssl=1 358w, https:\/\/i0.wp.com\/bd-chroniques.be\/wp-content\/uploads\/2019\/11\/breda0bis.jpg?resize=215%2C300&amp;ssl=1 215w\" sizes=\"auto, (max-width: 358px) 100vw, 358px\" \/><figcaption> Un Enfant comme \u00e7a \u00a9 La Bo\u00eete \u00e0 Bulles <\/figcaption><\/figure><\/div>\n\n\n\n<p>Charles est un enfant \u00ab particulier \u00bb. Il n\u2019a commenc\u00e9 \u00e0 parler qu\u2019\u00e0 six ans, provoquant ainsi chez ses parents une peur et un d\u00e9sarroi certains. Sa grand-m\u00e8re, elle, disait qu\u2019un enfant comme lui devrait devenir un artiste. Mais comme dans la chanson \u00abChez ces gens-l\u00e0 \u00bb, de Brel, personne ne l\u2019\u00e9coutait. Avec elle, c\u2019\u00e9tait un peu l\u2019enfance qui rejoignait la vieillesse ! Deux r\u00e9alit\u00e9s que les adultes responsables ne reconnaissent pas comme faisant partie de leurs quotidiens !<\/p>\n\n\n\n<p>Charles \u00e9tait un enfant d\u00e9clar\u00e9 par les sp\u00e9cialistes comme \u00e9tant \u00ab b\u00eate \u00bb. Donc, sans avenir\u2026<\/p>\n\n\n\n<p>Pourtant, Charles, apr\u00e8s une scolarit\u00e9 en enseignement sp\u00e9cial, devient adulte, mari\u00e9, et il a un enfant, Julien, qui lui ressemble incontestablement.<\/p>\n\n\n\n<p>Avec ce livre, on se trouve en pr\u00e9sence d\u2019un r\u00e9cit tr\u00e8s prenant, sans tape-\u00e0-l\u2019\u0153il, un r\u00e9cit qui se nourrit de mots, des mots simples toujours, qui se nourrit de situations banales, quotidiennes. Un r\u00e9cit qui est celui d\u2019une enfance usant du dessin comme moyen d\u2019exister, un r\u00e9cit qui devient celui de l\u2019\u00e2ge adulte, de la paternit\u00e9, avec comme une mise en abyme de l\u2019angoisse la plus \u00e9l\u00e9mentaire : celle de vivre et de ne jamais savoir pourquoi !<\/p>\n\n\n\n<div class=\"wp-block-image\"><figure class=\"aligncenter\"><img data-recalc-dims=\"1\" loading=\"lazy\" decoding=\"async\" width=\"624\" height=\"848\" src=\"https:\/\/i0.wp.com\/bd-chroniques.be\/wp-content\/uploads\/2019\/11\/breda1.jpg?resize=624%2C848\" alt=\"\" class=\"wp-image-4321\" srcset=\"https:\/\/i0.wp.com\/bd-chroniques.be\/wp-content\/uploads\/2019\/11\/breda1.jpg?w=624&amp;ssl=1 624w, https:\/\/i0.wp.com\/bd-chroniques.be\/wp-content\/uploads\/2019\/11\/breda1.jpg?resize=221%2C300&amp;ssl=1 221w\" sizes=\"auto, (max-width: 624px) 100vw, 624px\" \/><figcaption> Un Enfant comme \u00e7a \u00a9 La Bo\u00eete \u00e0 Bulles <\/figcaption><\/figure><\/div>\n\n\n\n<figure class=\"wp-block-audio\"><audio controls src=\"http:\/\/bd-chroniques.be\/wp-content\/uploads\/2019\/11\/1bredaangoissedifferencesolitude.mp3\"><\/audio><figcaption> Antoine Br\u00e9da : l\u2019enfance, l\u2019\u00e2ge adulte, et leurs angoisses <\/figcaption><\/figure>\n\n\n\n<p>Et ainsi, Antoine Br\u00e9da, l\u2019auteur complet de ce livre, nous parle de l\u2019enseignement et de ses manques quand il s\u2019agit de prendre en compte la diff\u00e9rence, sous toutes ses formes. Il nous parle de la solitude qu\u2019entra\u00eene dans notre soci\u00e9t\u00e9, immanquablement, le fait de ne pas \u00eatre comme les autres. Il nous parle de la beaut\u00e9 qui ne peut \u00eatre que subjective, toujours, puisque, pour chacun, ce qui est beau est ce qu\u2019on aime\u2026 Il nous parle de l\u2019esclavage du quotidien, de la mainmise de la soci\u00e9t\u00e9 et du \u00ab politiquement correct \u00bb sur tous les gestes de l\u2019habitude. Avec, en point d\u2019orgue, cette question, \u00e0 peine esquiss\u00e9e mais sans cesse pr\u00e9sente : faut-il \u00eatre comme les autres ou faut-il \u00eatre heureux de ce qu\u2019on est ?<\/p>\n\n\n\n<p>Le dessin d\u2019Antoine Br\u00e9da peut \u00eatre qualifi\u00e9 de minimaliste, mais d\u2019un minimalisme qui participe pleinement au rythme de l\u2019histoire qu\u2019il nous raconte. Les gribouillis enfantins sont l\u00e0 pour raconter ce que vivent et pensent les enfants\u2026 Le reste, consacr\u00e9 \u00e0 Charles adulte, est dessin\u00e9 avec un manque voulu d\u2019expressivit\u00e9, de mani\u00e8re \u00e0 faire ressentir, de page en page, l\u2019\u00e9loignement que ce personnage a vis-\u00e0-vis du monde qui l\u2019entoure.<\/p>\n\n\n\n<p>Antoine Br\u00e9da est un metteur en sc\u00e8ne, un monteur, un acteur, aussi, on le sent, on le sait. Il est un auteur complet qui nous parle, le sourire aux l\u00e8vres et au bout du crayon, de ce qu\u2019il conna\u00eet, de ce qu\u2019il conna\u00eet tr\u00e8s bien !<\/p>\n\n\n\n<div class=\"wp-block-image\"><figure class=\"aligncenter\"><img data-recalc-dims=\"1\" loading=\"lazy\" decoding=\"async\" width=\"734\" height=\"1024\" src=\"https:\/\/i0.wp.com\/bd-chroniques.be\/wp-content\/uploads\/2019\/11\/breda2-734x1024.jpg?resize=734%2C1024\" alt=\"\" class=\"wp-image-4322\" srcset=\"https:\/\/i0.wp.com\/bd-chroniques.be\/wp-content\/uploads\/2019\/11\/breda2.jpg?resize=734%2C1024&amp;ssl=1 734w, https:\/\/i0.wp.com\/bd-chroniques.be\/wp-content\/uploads\/2019\/11\/breda2.jpg?resize=215%2C300&amp;ssl=1 215w, https:\/\/i0.wp.com\/bd-chroniques.be\/wp-content\/uploads\/2019\/11\/breda2.jpg?resize=768%2C1071&amp;ssl=1 768w, https:\/\/i0.wp.com\/bd-chroniques.be\/wp-content\/uploads\/2019\/11\/breda2.jpg?w=1182&amp;ssl=1 1182w\" sizes=\"auto, (max-width: 734px) 100vw, 734px\" \/><figcaption>Un Enfant comme \u00e7a \u00a9 La Bo\u00eete \u00e0 Bulles<\/figcaption><\/figure><\/div>\n\n\n\n<figure class=\"wp-block-audio\"><audio controls src=\"http:\/\/bd-chroniques.be\/wp-content\/uploads\/2019\/11\/1bredaauteurpersonnel.mp3\"><\/audio><figcaption> Antoine Br\u00e9da : mettre en sc\u00e8ne ce qu\u2019on conna\u00eet ! <\/figcaption><\/figure>\n\n\n\n<p>Ce livre m\u2019a fait penser \u00e0 Semp\u00e9 et \u00e0 ses personnages souvent \u00ab \u00e0 c\u00f4t\u00e9 \u00bb. Il m\u2019a fait penser aussi au \u00ab Cancre \u00bb de Pr\u00e9vert, et au Petit Prince continuant \u00e9ternellement \u00e0 vivre dans les pays de l\u2018enfance.<\/p>\n\n\n\n<p>Ce livre est surtout extr\u00eamement personnel, empreint de po\u00e9sie, et porteur de valeurs qui ne correspondent qu\u2019\u00e0 l\u2019intelligence. Comme la femme de Charles qui, en fin de livre, comprend que les tests d\u2018intelligence impos\u00e9s dans les \u00e9coles sont eux-m\u00eames extr\u00eamement b\u00eates. Inutiles\u2026 Et j\u2019ai particuli\u00e8rement aim\u00e9 cette phrase qui termine ce livre, une phrase dite par cette maman : \u00ab il a l\u2019air content pour le moment \u00bb.<\/p>\n\n\n\n<p>Parce que, et c\u2019est le message essentiel de ce livre, pour peu qu\u2019il ait voulu avoir un message : l\u2019important, c\u2019est de vivre au pr\u00e9sent, tout\u2026 \u00ab b\u00eatement \u00bb<\/p>\n\n\n\n<p>Un livre, donc, que je vous conseille ardemment !<\/p>\n\n\n\n<p><strong>Jacques Schra\u00fbwen<\/strong><\/p>\n\n\n\n<p><strong>Un enfant comme \u00e7a (auteur : Antoine Br\u00e9da \u2013 \u00e9diteur : La Bo\u00eete \u00e0 Bulles \u2013 80 pages &#8211; date de parution : ao\u00fbt 2019)<\/strong><\/p>\n","protected":false},"excerpt":{"rendered":"<p>La diff\u00e9rence, l\u2019indiff\u00e9rence, la solitude L\u2019\u00e9diteur \u00ab La Bo\u00eete \u00e0 Bulles \u00bb, de livre en livre, choisit de s\u2019\u00e9carter les sentiers battus du monde de l\u2018\u00e9dition BD. Et, avec ce livre-ci, sans aucun doute possible, il nous emm\u00e8ne dans un univers d\u2019intelligence, de r\u00e9flexion, de tol\u00e9rance, et de po\u00e9sie. Charles est un enfant \u00ab particulier [&hellip;]<\/p>\n","protected":false},"author":1,"featured_media":4320,"comment_status":"open","ping_status":"open","sticky":false,"template":"","format":"standard","meta":{"jetpack_post_was_ever_published":false,"_jetpack_newsletter_access":"","_jetpack_dont_email_post_to_subs":false,"_jetpack_newsletter_tier_id":0,"_jetpack_memberships_contains_paywalled_content":false,"_jetpack_memberships_contains_paid_content":false,"footnotes":"","jetpack_publicize_message":"","jetpack_publicize_feature_enabled":true,"jetpack_social_post_already_shared":true,"jetpack_social_options":{"image_generator_settings":{"template":"highway","default_image_id":0,"font":"","enabled":false},"version":2}},"categories":[14,20],"tags":[],"class_list":["post-4319","post","type-post","status-publish","format-standard","has-post-thumbnail","hentry","category-bd-de-a-a-f","category-e"],"jetpack_publicize_connections":[],"jetpack_featured_media_url":"https:\/\/i0.wp.com\/bd-chroniques.be\/wp-content\/uploads\/2019\/11\/breda0bis.jpg?fit=358%2C500&ssl=1","jetpack_shortlink":"https:\/\/wp.me\/p8dqsu-17F","jetpack_likes_enabled":true,"jetpack_sharing_enabled":true,"_links":{"self":[{"href":"https:\/\/bd-chroniques.be\/index.php\/wp-json\/wp\/v2\/posts\/4319","targetHints":{"allow":["GET"]}}],"collection":[{"href":"https:\/\/bd-chroniques.be\/index.php\/wp-json\/wp\/v2\/posts"}],"about":[{"href":"https:\/\/bd-chroniques.be\/index.php\/wp-json\/wp\/v2\/types\/post"}],"author":[{"embeddable":true,"href":"https:\/\/bd-chroniques.be\/index.php\/wp-json\/wp\/v2\/users\/1"}],"replies":[{"embeddable":true,"href":"https:\/\/bd-chroniques.be\/index.php\/wp-json\/wp\/v2\/comments?post=4319"}],"version-history":[{"count":4,"href":"https:\/\/bd-chroniques.be\/index.php\/wp-json\/wp\/v2\/posts\/4319\/revisions"}],"predecessor-version":[{"id":4328,"href":"https:\/\/bd-chroniques.be\/index.php\/wp-json\/wp\/v2\/posts\/4319\/revisions\/4328"}],"wp:featuredmedia":[{"embeddable":true,"href":"https:\/\/bd-chroniques.be\/index.php\/wp-json\/wp\/v2\/media\/4320"}],"wp:attachment":[{"href":"https:\/\/bd-chroniques.be\/index.php\/wp-json\/wp\/v2\/media?parent=4319"}],"wp:term":[{"taxonomy":"category","embeddable":true,"href":"https:\/\/bd-chroniques.be\/index.php\/wp-json\/wp\/v2\/categories?post=4319"},{"taxonomy":"post_tag","embeddable":true,"href":"https:\/\/bd-chroniques.be\/index.php\/wp-json\/wp\/v2\/tags?post=4319"}],"curies":[{"name":"wp","href":"https:\/\/api.w.org\/{rel}","templated":true}]}}