{"id":4393,"date":"2019-11-22T08:30:00","date_gmt":"2019-11-22T07:30:00","guid":{"rendered":"http:\/\/bd-chroniques.be\/?p=4393"},"modified":"2019-11-20T20:51:32","modified_gmt":"2019-11-20T19:51:32","slug":"serge-fino-une-exposition-a-bruxelles-et-deux-nouvelles-series","status":"publish","type":"post","link":"https:\/\/bd-chroniques.be\/index.php\/2019\/11\/22\/serge-fino-une-exposition-a-bruxelles-et-deux-nouvelles-series\/","title":{"rendered":"Serge Fino : une exposition \u00e0 Bruxelles et deux nouvelles s\u00e9ries"},"content":{"rendered":"\n<p>C\u2019est au \u00ab Comic Art Factory \u00bb, \u00e0 Bruxelles, au 237 de la chauss\u00e9e de Wavre que vous allez pouvoir admirer le travail d\u2019un artisan du neuvi\u00e8me art, Serge Fino.<\/p>\n\n\n\n<div class=\"wp-block-image\"><figure class=\"aligncenter size-large\"><img loading=\"lazy\" decoding=\"async\" width=\"1920\" height=\"1920\" src=\"https:\/\/i1.wp.com\/bd-chroniques.be\/wp-content\/uploads\/2019\/11\/fino0.jpeg?fit=768%2C768\" alt=\"\" class=\"wp-image-4394\" srcset=\"https:\/\/i0.wp.com\/bd-chroniques.be\/wp-content\/uploads\/2019\/11\/fino0.jpeg?w=1920&amp;ssl=1 1920w, https:\/\/i0.wp.com\/bd-chroniques.be\/wp-content\/uploads\/2019\/11\/fino0.jpeg?resize=300%2C300&amp;ssl=1 300w, https:\/\/i0.wp.com\/bd-chroniques.be\/wp-content\/uploads\/2019\/11\/fino0.jpeg?resize=1024%2C1024&amp;ssl=1 1024w, https:\/\/i0.wp.com\/bd-chroniques.be\/wp-content\/uploads\/2019\/11\/fino0.jpeg?resize=150%2C150&amp;ssl=1 150w, https:\/\/i0.wp.com\/bd-chroniques.be\/wp-content\/uploads\/2019\/11\/fino0.jpeg?resize=768%2C768&amp;ssl=1 768w, https:\/\/i0.wp.com\/bd-chroniques.be\/wp-content\/uploads\/2019\/11\/fino0.jpeg?resize=1536%2C1536&amp;ssl=1 1536w\" sizes=\"auto, (max-width: 768px) 100vw, 768px\" \/><\/figure><\/div>\n\n\n\n<p>Amoureux de la mer, ce Toulonnais dessine depuis pratiquement 25 ans. Apr\u00e8s avoir abord\u00e9 l\u2019univers de l\u2019h\u00e9ro\u00efc-fantasy, avec, par exemple, une s\u00e9rie int\u00e9ressante sc\u00e9naris\u00e9e par Tarquin, \u00ab Les ailes du Pha\u00e9ton \u00bb, il a trouv\u00e9 chez l\u2019\u00e9diteur Gl\u00e9nat le lieu o\u00f9 cr\u00e9er une s\u00e9rie dans laquelle la Bretagne et ses marins, ses habitants, et, surtout, la mer et ses dangers. \u00ab Les chasseurs d\u2019\u00e9cume \u00bb nous raconte une vraie saga, \u00e0 la fois familiale et politique, sociale et humaine, r\u00e9gionale et universelle.<\/p>\n\n\n\n<div class=\"wp-block-image\"><figure class=\"aligncenter size-large\"><img data-recalc-dims=\"1\" loading=\"lazy\" decoding=\"async\" width=\"600\" height=\"799\" src=\"https:\/\/i0.wp.com\/bd-chroniques.be\/wp-content\/uploads\/2019\/11\/fino3.jpeg?resize=600%2C799\" alt=\"\" class=\"wp-image-4395\" srcset=\"https:\/\/i0.wp.com\/bd-chroniques.be\/wp-content\/uploads\/2019\/11\/fino3.jpeg?w=600&amp;ssl=1 600w, https:\/\/i0.wp.com\/bd-chroniques.be\/wp-content\/uploads\/2019\/11\/fino3.jpeg?resize=225%2C300&amp;ssl=1 225w\" sizes=\"auto, (max-width: 600px) 100vw, 600px\" \/><\/figure><\/div>\n\n\n\n<p>En quelque huit volumes, Serge Fino trace dans cette s\u00e9rie le portrait d\u2019un monde, celui qui vit de et avec la mer, faisant preuve d\u2019un int\u00e9r\u00eat soutenu pour ses personnages, des \u00eatres de chair et de sang, de passion et de douleur, d\u2019amour et de d\u00e9sespoir.<\/p>\n\n\n\n<p>Aujourd\u2019hui, viennent de sortir en trois mois de temps, toujours chez Gl\u00e9nat, deux nouveaux albums, deux nouvelles s\u00e9ries en naissance : \u00ab L\u2019or des Mar\u00e9es \u00bb et \u00ab Seul au monde \u00bb. Deux s\u00e9ries qui s\u2019enfouissent, encore plus, avec une intensit\u00e9 lumineuse plus puissante, dans tout ce qui construit une aventure humain face \u00e0 l\u2019immensit\u00e9 d\u2019une mer porteuse \u00e0 la fois d\u2019esp\u00e9rances et de d\u00e9sirs, de d\u00e9parts d\u00e9finitifs et de larmes\u2026<\/p>\n\n\n\n<p>Et l\u2019exposition qui lui est consacr\u00e9e \u00e0 Bruxelles s\u2019int\u00e9resse \u00e0 ces trois s\u00e9ries \u00ab marines \u00bb\u2026 En nous proposant des originaux qui r\u00e9v\u00e8lent toute l\u2019\u00e9volution de Fino en quelque 25ans de dessins\u2026 En nous montrant comment son dessin, d\u2019un r\u00e9alisme traditionnel au d\u00e9but de sa collaboration avec l\u2019\u00e9diteur Gl\u00e9nat, est devenu aujourd\u2019hui plus \u00e9pur\u00e9, avec une pr\u00e9sence de la couleur qui accentue encore plus, encore lieux, la lumi\u00e8re de la mer et se ambiances sans cesse changeantes.<\/p>\n\n\n\n<figure class=\"wp-block-audio\"><audio controls src=\"http:\/\/bd-chroniques.be\/wp-content\/uploads\/2019\/11\/1finoexpo.mp3\"><\/audio><figcaption>Serge Fino<\/figcaption><\/figure>\n\n\n\n<p><strong>Jacques Schra\u00fbwen<\/strong><\/p>\n\n\n\n<p><strong>Serge Fino s\u2019expose au Comic Art Factory jusqu\u2019au 28 d\u00e9cembre  2019.<\/strong><\/p>\n\n\n\n<p><a href=\"https:\/\/www.comicartfactory.com\/serge-fino-seul-au-monde-l-or-des-marees-les-ch\">https:\/\/www.comicartfactory.com\/serge-fino-seul-au-monde-l-or-des-marees-les-ch<\/a><a href=\"https:\/\/www.comicartfactory.com\/serge-fino-seul-au-monde-l-or-des-marees-les-chasseurs-d-ecume-glenat\/\">asseurs-d-ecume-glenat\/<\/a><\/p>\n\n\n\n<div class=\"wp-block-image\"><figure class=\"aligncenter size-large\"><img data-recalc-dims=\"1\" loading=\"lazy\" decoding=\"async\" width=\"599\" height=\"799\" src=\"https:\/\/i0.wp.com\/bd-chroniques.be\/wp-content\/uploads\/2019\/11\/fino1.jpg?resize=599%2C799\" alt=\"\" class=\"wp-image-4397\" srcset=\"https:\/\/i0.wp.com\/bd-chroniques.be\/wp-content\/uploads\/2019\/11\/fino1.jpg?w=599&amp;ssl=1 599w, https:\/\/i0.wp.com\/bd-chroniques.be\/wp-content\/uploads\/2019\/11\/fino1.jpg?resize=225%2C300&amp;ssl=1 225w\" sizes=\"auto, (max-width: 599px) 100vw, 599px\" \/><\/figure><\/div>\n","protected":false},"excerpt":{"rendered":"<p>C\u2019est au \u00ab Comic Art Factory \u00bb, \u00e0 Bruxelles, au 237 de la chauss\u00e9e de Wavre que vous allez pouvoir admirer le travail d\u2019un artisan du neuvi\u00e8me art, Serge Fino. Amoureux de la mer, ce Toulonnais dessine depuis pratiquement 25 ans. Apr\u00e8s avoir abord\u00e9 l\u2019univers de l\u2019h\u00e9ro\u00efc-fantasy, avec, par exemple, une s\u00e9rie int\u00e9ressante sc\u00e9naris\u00e9e par [&hellip;]<\/p>\n","protected":false},"author":1,"featured_media":4394,"comment_status":"open","ping_status":"open","sticky":false,"template":"","format":"standard","meta":{"jetpack_post_was_ever_published":false,"_jetpack_newsletter_access":"","_jetpack_dont_email_post_to_subs":false,"_jetpack_newsletter_tier_id":0,"_jetpack_memberships_contains_paywalled_content":false,"_jetpack_memberships_contains_paid_content":false,"footnotes":"","jetpack_publicize_message":"","jetpack_publicize_feature_enabled":true,"jetpack_social_post_already_shared":true,"jetpack_social_options":{"image_generator_settings":{"template":"highway","default_image_id":0,"font":"","enabled":false},"version":2}},"categories":[37],"tags":[],"class_list":["post-4393","post","type-post","status-publish","format-standard","has-post-thumbnail","hentry","category-evenements"],"jetpack_publicize_connections":[],"jetpack_featured_media_url":"https:\/\/i0.wp.com\/bd-chroniques.be\/wp-content\/uploads\/2019\/11\/fino0.jpeg?fit=1920%2C1920&ssl=1","jetpack_shortlink":"https:\/\/wp.me\/p8dqsu-18R","jetpack_likes_enabled":true,"jetpack_sharing_enabled":true,"_links":{"self":[{"href":"https:\/\/bd-chroniques.be\/index.php\/wp-json\/wp\/v2\/posts\/4393","targetHints":{"allow":["GET"]}}],"collection":[{"href":"https:\/\/bd-chroniques.be\/index.php\/wp-json\/wp\/v2\/posts"}],"about":[{"href":"https:\/\/bd-chroniques.be\/index.php\/wp-json\/wp\/v2\/types\/post"}],"author":[{"embeddable":true,"href":"https:\/\/bd-chroniques.be\/index.php\/wp-json\/wp\/v2\/users\/1"}],"replies":[{"embeddable":true,"href":"https:\/\/bd-chroniques.be\/index.php\/wp-json\/wp\/v2\/comments?post=4393"}],"version-history":[{"count":1,"href":"https:\/\/bd-chroniques.be\/index.php\/wp-json\/wp\/v2\/posts\/4393\/revisions"}],"predecessor-version":[{"id":4398,"href":"https:\/\/bd-chroniques.be\/index.php\/wp-json\/wp\/v2\/posts\/4393\/revisions\/4398"}],"wp:featuredmedia":[{"embeddable":true,"href":"https:\/\/bd-chroniques.be\/index.php\/wp-json\/wp\/v2\/media\/4394"}],"wp:attachment":[{"href":"https:\/\/bd-chroniques.be\/index.php\/wp-json\/wp\/v2\/media?parent=4393"}],"wp:term":[{"taxonomy":"category","embeddable":true,"href":"https:\/\/bd-chroniques.be\/index.php\/wp-json\/wp\/v2\/categories?post=4393"},{"taxonomy":"post_tag","embeddable":true,"href":"https:\/\/bd-chroniques.be\/index.php\/wp-json\/wp\/v2\/tags?post=4393"}],"curies":[{"name":"wp","href":"https:\/\/api.w.org\/{rel}","templated":true}]}}