{"id":4460,"date":"2019-12-14T08:30:00","date_gmt":"2019-12-14T07:30:00","guid":{"rendered":"http:\/\/bd-chroniques.be\/?p=4460"},"modified":"2019-12-13T15:45:36","modified_gmt":"2019-12-13T14:45:36","slug":"vertiges","status":"publish","type":"post","link":"https:\/\/bd-chroniques.be\/index.php\/2019\/12\/14\/vertiges\/","title":{"rendered":"VERTIGES"},"content":{"rendered":"\n<p>Un superbe album consacr\u00e9 \u00e0 Jean-Marc Rochette, qui appartient \u00e0 l\u2019histoire de la bande dessin\u00e9e moderne, puisqu\u2019il fit partie de l\u2019\u00e9quipe essentielle de la revue \u00ab A Suivre \u00bb.<\/p>\n\n\n\n<figure class=\"wp-block-image size-large\"><img data-recalc-dims=\"1\" loading=\"lazy\" decoding=\"async\" width=\"737\" height=\"992\" src=\"https:\/\/i0.wp.com\/bd-chroniques.be\/wp-content\/uploads\/2019\/12\/VERTIGES_C1.jpg?resize=737%2C992\" alt=\"\" class=\"wp-image-4462\" srcset=\"https:\/\/i0.wp.com\/bd-chroniques.be\/wp-content\/uploads\/2019\/12\/VERTIGES_C1.jpg?w=737&amp;ssl=1 737w, https:\/\/i0.wp.com\/bd-chroniques.be\/wp-content\/uploads\/2019\/12\/VERTIGES_C1.jpg?resize=223%2C300&amp;ssl=1 223w\" sizes=\"auto, (max-width: 737px) 100vw, 737px\" \/><figcaption>Vertiges \u00a9 D. Maghen<\/figcaption><\/figure>\n\n\n\n<p>Mais c\u2019est surtout un artiste inclassable, qui a particip\u00e9 \u00e0 des aventures graphiques tr\u00e8s diff\u00e9rentes les unes des autres : Edmond le cochon, Le Transperceneige, Aile Froide\u2026<\/p>\n\n\n\n<figure class=\"wp-block-image size-large\"><img loading=\"lazy\" decoding=\"async\" width=\"938\" height=\"1477\" src=\"https:\/\/i2.wp.com\/bd-chroniques.be\/wp-content\/uploads\/2019\/12\/VERTIGES_661-page-001.jpg?fit=650%2C1024\" alt=\"\" class=\"wp-image-4463\" srcset=\"https:\/\/i0.wp.com\/bd-chroniques.be\/wp-content\/uploads\/2019\/12\/VERTIGES_661-page-001.jpg?w=938&amp;ssl=1 938w, https:\/\/i0.wp.com\/bd-chroniques.be\/wp-content\/uploads\/2019\/12\/VERTIGES_661-page-001.jpg?resize=191%2C300&amp;ssl=1 191w, https:\/\/i0.wp.com\/bd-chroniques.be\/wp-content\/uploads\/2019\/12\/VERTIGES_661-page-001.jpg?resize=650%2C1024&amp;ssl=1 650w, https:\/\/i0.wp.com\/bd-chroniques.be\/wp-content\/uploads\/2019\/12\/VERTIGES_661-page-001.jpg?resize=768%2C1209&amp;ssl=1 768w\" sizes=\"auto, (max-width: 768px) 100vw, 768px\" \/><figcaption> Vertiges \u00a9 D. Maghen <\/figcaption><\/figure>\n\n\n\n<p>C\u2019est un touche-\u00e0-tout, en effet, pour qui plusieurs sc\u00e9naristes ont livr\u00e9 quelques-uns de leurs meilleurs textes\u2026. Et le Transperceneige reste comme une des oeuvres majeures d\u2019une science-fiction recentr\u00e9e sur l\u2019humain, au contraire de ce que faisaient alors Bilal et M\u00e9zi\u00e8res par exemple. Une des rares r\u00e9ussites, aussi, en tant qu\u2019adaptation cin\u00e9matographique.<\/p>\n\n\n\n<p>Rochette, c\u2019est un artiste, au sens premier du terme, un de ces \u00eatres humains qui est d\u2019abord et avant tout un regard, un regard qui devient tangible gr\u00e2ce au dessin, \u00e0 la bd, \u00e0 l\u2019illustration ou, mieux encore peut-\u00eatre, gr\u00e2ce \u00e0 la peinture.<\/p>\n\n\n\n<figure class=\"wp-block-image size-large\"><img loading=\"lazy\" decoding=\"async\" width=\"1535\" height=\"2067\" src=\"https:\/\/i0.wp.com\/bd-chroniques.be\/wp-content\/uploads\/2019\/12\/VERTIGES_HD_701-page-001.jpg?fit=760%2C1024\" alt=\"\" class=\"wp-image-4464\" srcset=\"https:\/\/i0.wp.com\/bd-chroniques.be\/wp-content\/uploads\/2019\/12\/VERTIGES_HD_701-page-001.jpg?w=1535&amp;ssl=1 1535w, https:\/\/i0.wp.com\/bd-chroniques.be\/wp-content\/uploads\/2019\/12\/VERTIGES_HD_701-page-001.jpg?resize=223%2C300&amp;ssl=1 223w, https:\/\/i0.wp.com\/bd-chroniques.be\/wp-content\/uploads\/2019\/12\/VERTIGES_HD_701-page-001.jpg?resize=760%2C1024&amp;ssl=1 760w, https:\/\/i0.wp.com\/bd-chroniques.be\/wp-content\/uploads\/2019\/12\/VERTIGES_HD_701-page-001.jpg?resize=768%2C1034&amp;ssl=1 768w, https:\/\/i0.wp.com\/bd-chroniques.be\/wp-content\/uploads\/2019\/12\/VERTIGES_HD_701-page-001.jpg?resize=1141%2C1536&amp;ssl=1 1141w, https:\/\/i0.wp.com\/bd-chroniques.be\/wp-content\/uploads\/2019\/12\/VERTIGES_HD_701-page-001.jpg?resize=1521%2C2048&amp;ssl=1 1521w\" sizes=\"auto, (max-width: 768px) 100vw, 768px\" \/><figcaption> Vertiges \u00a9 D. Maghen <\/figcaption><\/figure>\n\n\n\n<p>Et ce livre-ci, Vertiges, a deux qualit\u00e9s.<\/p>\n\n\n\n<p>La premi\u00e8re, c\u2019est de nous faire d\u00e9couvrir de l\u2019int\u00e9rieur l\u2019homme Rochette, gr\u00e2ce \u00e0 une longue interview au cours de laquelle il se montre encore mieux, peut-\u00eatre, que dans ses livres autobiographiques.<\/p>\n\n\n\n<p>La seconde, c\u2019est de nous montrer toute la puissance de ses tableaux, qui, abstraits et lyriques, sont porteurs d\u2019impr\u00e9vu, d\u2019envo\u00fbtement, de vertige. Et, \u00e9trangement, de r\u00e9alisme, comme l\u2019\u00e9taient les \u0153uvres magistrales de Mathieu. Soulignons, \u00e0 ce sujet, l\u2019extraordinaire qualit\u00e9 des photos de Thomas Hennocques, qui restitue \u00e0 la perfection au papier la sensation de la mati\u00e8re pos\u00e9e \u00e0 m\u00eame la toile !<\/p>\n\n\n\n<figure class=\"wp-block-image size-large\"><img loading=\"lazy\" decoding=\"async\" width=\"1535\" height=\"2067\" src=\"https:\/\/i0.wp.com\/bd-chroniques.be\/wp-content\/uploads\/2019\/12\/VERTIGES_HD_951-page-001.jpg?fit=760%2C1024\" alt=\"\" class=\"wp-image-4465\" srcset=\"https:\/\/i0.wp.com\/bd-chroniques.be\/wp-content\/uploads\/2019\/12\/VERTIGES_HD_951-page-001.jpg?w=1535&amp;ssl=1 1535w, https:\/\/i0.wp.com\/bd-chroniques.be\/wp-content\/uploads\/2019\/12\/VERTIGES_HD_951-page-001.jpg?resize=223%2C300&amp;ssl=1 223w, https:\/\/i0.wp.com\/bd-chroniques.be\/wp-content\/uploads\/2019\/12\/VERTIGES_HD_951-page-001.jpg?resize=760%2C1024&amp;ssl=1 760w, https:\/\/i0.wp.com\/bd-chroniques.be\/wp-content\/uploads\/2019\/12\/VERTIGES_HD_951-page-001.jpg?resize=768%2C1034&amp;ssl=1 768w, https:\/\/i0.wp.com\/bd-chroniques.be\/wp-content\/uploads\/2019\/12\/VERTIGES_HD_951-page-001.jpg?resize=1141%2C1536&amp;ssl=1 1141w, https:\/\/i0.wp.com\/bd-chroniques.be\/wp-content\/uploads\/2019\/12\/VERTIGES_HD_951-page-001.jpg?resize=1521%2C2048&amp;ssl=1 1521w\" sizes=\"auto, (max-width: 768px) 100vw, 768px\" \/><figcaption> Vertiges \u00a9 D. Maghen <\/figcaption><\/figure>\n\n\n\n<p>Dans ce livre, \u00e0 la page 58 tr\u00e8s exactement, on voit la planche peut-\u00eatre la plus symbolique de l\u2019\u0153uvre de Jean-Marc Rochette : un enfant qui approche la main d\u2019un tableau, dans un mus\u00e9e. Le noir et blanc de la vie r\u00e9elle face \u00e0 la couleur lumineuse de l\u2019art\u2026 C\u2019est sans doute la d\u00e9finition qu\u2019on peut donner de Rochette, un artiste tout en oppositions, tout en contrastes.<\/p>\n\n\n\n<figure class=\"wp-block-audio\"><audio controls src=\"http:\/\/bd-chroniques.be\/wp-content\/uploads\/2019\/12\/1rochetteok.mp3\"><\/audio><figcaption> Jean-Marc Rochette <\/figcaption><\/figure>\n\n\n\n<figure class=\"wp-block-image size-large\"><img data-recalc-dims=\"1\" loading=\"lazy\" decoding=\"async\" width=\"768\" height=\"512\" src=\"https:\/\/i0.wp.com\/bd-chroniques.be\/wp-content\/uploads\/2019\/12\/rochette.jpg?resize=768%2C512\" alt=\"\" class=\"wp-image-4467\" srcset=\"https:\/\/i0.wp.com\/bd-chroniques.be\/wp-content\/uploads\/2019\/12\/rochette.jpg?w=960&amp;ssl=1 960w, https:\/\/i0.wp.com\/bd-chroniques.be\/wp-content\/uploads\/2019\/12\/rochette.jpg?resize=300%2C200&amp;ssl=1 300w, https:\/\/i0.wp.com\/bd-chroniques.be\/wp-content\/uploads\/2019\/12\/rochette.jpg?resize=768%2C512&amp;ssl=1 768w\" sizes=\"auto, (max-width: 768px) 100vw, 768px\" \/><figcaption>Jean-Marc Rochette \u00a9 J.J. Procureur<\/figcaption><\/figure>\n\n\n\n<p><strong>Jacques Schra\u00fbwen<\/strong><\/p>\n\n\n\n<p><strong>Vertiges : Jean-Marc Rochette (\u00e9diteur : Daniel Maghen \u2013 entretien avec Rebecca Manzoni \u2013 176 pages \u2013 date de parution : novembre 2019)<\/strong><\/p>\n\n\n\n<figure class=\"wp-block-image size-large\"><img loading=\"lazy\" decoding=\"async\" width=\"1535\" height=\"2067\" src=\"https:\/\/i0.wp.com\/bd-chroniques.be\/wp-content\/uploads\/2019\/12\/VERTIGES_HD_731-page-001.jpg?fit=760%2C1024\" alt=\"\" class=\"wp-image-4468\" srcset=\"https:\/\/i0.wp.com\/bd-chroniques.be\/wp-content\/uploads\/2019\/12\/VERTIGES_HD_731-page-001.jpg?w=1535&amp;ssl=1 1535w, https:\/\/i0.wp.com\/bd-chroniques.be\/wp-content\/uploads\/2019\/12\/VERTIGES_HD_731-page-001.jpg?resize=223%2C300&amp;ssl=1 223w, https:\/\/i0.wp.com\/bd-chroniques.be\/wp-content\/uploads\/2019\/12\/VERTIGES_HD_731-page-001.jpg?resize=760%2C1024&amp;ssl=1 760w, https:\/\/i0.wp.com\/bd-chroniques.be\/wp-content\/uploads\/2019\/12\/VERTIGES_HD_731-page-001.jpg?resize=768%2C1034&amp;ssl=1 768w, https:\/\/i0.wp.com\/bd-chroniques.be\/wp-content\/uploads\/2019\/12\/VERTIGES_HD_731-page-001.jpg?resize=1141%2C1536&amp;ssl=1 1141w, https:\/\/i0.wp.com\/bd-chroniques.be\/wp-content\/uploads\/2019\/12\/VERTIGES_HD_731-page-001.jpg?resize=1521%2C2048&amp;ssl=1 1521w\" sizes=\"auto, (max-width: 768px) 100vw, 768px\" \/><figcaption> Vertiges \u00a9 D. Maghen <\/figcaption><\/figure>\n","protected":false},"excerpt":{"rendered":"<p>Un superbe album consacr\u00e9 \u00e0 Jean-Marc Rochette, qui appartient \u00e0 l\u2019histoire de la bande dessin\u00e9e moderne, puisqu\u2019il fit partie de l\u2019\u00e9quipe essentielle de la revue \u00ab A Suivre \u00bb. Mais c\u2019est surtout un artiste inclassable, qui a particip\u00e9 \u00e0 des aventures graphiques tr\u00e8s diff\u00e9rentes les unes des autres : Edmond le cochon, Le Transperceneige, Aile [&hellip;]<\/p>\n","protected":false},"author":1,"featured_media":4461,"comment_status":"open","ping_status":"open","sticky":false,"template":"","format":"standard","meta":{"jetpack_post_was_ever_published":false,"_jetpack_newsletter_access":"","_jetpack_dont_email_post_to_subs":false,"_jetpack_newsletter_tier_id":0,"_jetpack_memberships_contains_paywalled_content":false,"_jetpack_memberships_contains_paid_content":false,"footnotes":"","jetpack_publicize_message":"","jetpack_publicize_feature_enabled":true,"jetpack_social_post_already_shared":true,"jetpack_social_options":{"image_generator_settings":{"template":"highway","default_image_id":0,"font":"","enabled":false},"version":2}},"categories":[39,10],"tags":[],"class_list":["post-4460","post","type-post","status-publish","format-standard","has-post-thumbnail","hentry","category-mes-interviews","category-v"],"jetpack_publicize_connections":[],"jetpack_featured_media_url":"https:\/\/i0.wp.com\/bd-chroniques.be\/wp-content\/uploads\/2019\/12\/VERTIGES_HD_71-page-001.jpg?fit=1535%2C2067&ssl=1","jetpack_shortlink":"https:\/\/wp.me\/s8dqsu-vertiges","jetpack_likes_enabled":true,"jetpack_sharing_enabled":true,"_links":{"self":[{"href":"https:\/\/bd-chroniques.be\/index.php\/wp-json\/wp\/v2\/posts\/4460","targetHints":{"allow":["GET"]}}],"collection":[{"href":"https:\/\/bd-chroniques.be\/index.php\/wp-json\/wp\/v2\/posts"}],"about":[{"href":"https:\/\/bd-chroniques.be\/index.php\/wp-json\/wp\/v2\/types\/post"}],"author":[{"embeddable":true,"href":"https:\/\/bd-chroniques.be\/index.php\/wp-json\/wp\/v2\/users\/1"}],"replies":[{"embeddable":true,"href":"https:\/\/bd-chroniques.be\/index.php\/wp-json\/wp\/v2\/comments?post=4460"}],"version-history":[{"count":2,"href":"https:\/\/bd-chroniques.be\/index.php\/wp-json\/wp\/v2\/posts\/4460\/revisions"}],"predecessor-version":[{"id":4470,"href":"https:\/\/bd-chroniques.be\/index.php\/wp-json\/wp\/v2\/posts\/4460\/revisions\/4470"}],"wp:featuredmedia":[{"embeddable":true,"href":"https:\/\/bd-chroniques.be\/index.php\/wp-json\/wp\/v2\/media\/4461"}],"wp:attachment":[{"href":"https:\/\/bd-chroniques.be\/index.php\/wp-json\/wp\/v2\/media?parent=4460"}],"wp:term":[{"taxonomy":"category","embeddable":true,"href":"https:\/\/bd-chroniques.be\/index.php\/wp-json\/wp\/v2\/categories?post=4460"},{"taxonomy":"post_tag","embeddable":true,"href":"https:\/\/bd-chroniques.be\/index.php\/wp-json\/wp\/v2\/tags?post=4460"}],"curies":[{"name":"wp","href":"https:\/\/api.w.org\/{rel}","templated":true}]}}