{"id":4472,"date":"2019-12-19T08:30:00","date_gmt":"2019-12-19T07:30:00","guid":{"rendered":"http:\/\/bd-chroniques.be\/?p=4472"},"modified":"2019-12-18T17:05:52","modified_gmt":"2019-12-18T16:05:52","slug":"mort-et-deterre-1-un-cadavre-en-cavale","status":"publish","type":"post","link":"https:\/\/bd-chroniques.be\/index.php\/2019\/12\/19\/mort-et-deterre-1-un-cadavre-en-cavale\/","title":{"rendered":"Mort et D\u00e9terr\u00e9 : 1. Un cadavre en cavale"},"content":{"rendered":"\n<p>Une histoire de zombie\u2026 Une histoire pleine d\u2019humour et de tendresse\u2026 Une bd pour adolescents particuli\u00e8rement r\u00e9ussie !<\/p>\n\n\n\n<figure class=\"wp-block-image size-large is-resized\"><img loading=\"lazy\" decoding=\"async\" src=\"https:\/\/i1.wp.com\/bd-chroniques.be\/wp-content\/uploads\/2019\/12\/d\u00e9terr\u00e90.jpg?fit=745%2C1024\" alt=\"\" class=\"wp-image-4482\" width=\"526\" height=\"723\" srcset=\"https:\/\/i0.wp.com\/bd-chroniques.be\/wp-content\/uploads\/2019\/12\/d%C3%A9terr%C3%A90.jpg?w=800&amp;ssl=1 800w, https:\/\/i0.wp.com\/bd-chroniques.be\/wp-content\/uploads\/2019\/12\/d%C3%A9terr%C3%A90.jpg?resize=218%2C300&amp;ssl=1 218w, https:\/\/i0.wp.com\/bd-chroniques.be\/wp-content\/uploads\/2019\/12\/d%C3%A9terr%C3%A90.jpg?resize=745%2C1024&amp;ssl=1 745w, https:\/\/i0.wp.com\/bd-chroniques.be\/wp-content\/uploads\/2019\/12\/d%C3%A9terr%C3%A90.jpg?resize=768%2C1056&amp;ssl=1 768w\" sizes=\"auto, (max-width: 526px) 100vw, 526px\" \/><figcaption>Mort et d\u00e9terr\u00e9 \u00a9 Dupuis<\/figcaption><\/figure>\n\n\n\n<p>La vie de Yan, 13 ans, semble r\u00e9gl\u00e9e comme du papier \u00e0 musique : une famille unie, la naissance pr\u00e9vue d\u2019une petite s\u0153ur, des amis, une fille \u00e0 qui r\u00eaver. Mais voil\u00e0, le destin en d\u00e9cide autrement, puisque, \u00e0 la veille de la rentr\u00e9e scolaire, il intervient dans une discussion anim\u00e9e entre un dealer et son client, dans la rue. Et lui qui r\u00eavait, avec son ami Nico de r\u00e9aliser un film sur les zombies, il meurt d\u2019un coup de couteau accidentel.<\/p>\n\n\n\n<p>Il meurt ?<\/p>\n\n\n\n<p>Pas vraiment\u2026 Quelques jours plus tard, en effet, il sort de sa tombe, zombie aux chairs ab\u00eem\u00e9es, pleinement conscient, et d\u00e9sireux de reprendre pied dans l\u2019existence.<\/p>\n\n\n\n<p>Un tel sc\u00e9nario fait penser, imm\u00e9diatement, \u00e0 certains comics, \u00e0 des films, aussi, plus destin\u00e9s aux adultes qu\u2019\u00e0 un jeune public. Et pourtant, ce livre n\u2019a rien de trash, de r\u00e9pugnant. Il s\u2019inspire, certes, de ce qui pla\u00eet de nos jours aux jeunes, mais il le fait en permettant \u00e0 tous les publics, de tous les \u00e2ges, de s\u2019amuser \u00e0 la lecture de ce r\u00e9cit.<\/p>\n\n\n\n<figure class=\"wp-block-image size-large is-resized\"><img data-recalc-dims=\"1\" loading=\"lazy\" decoding=\"async\" src=\"https:\/\/i0.wp.com\/bd-chroniques.be\/wp-content\/uploads\/2019\/12\/d%C3%A9terr%C3%A91.jpg?resize=595%2C820\" alt=\"\" class=\"wp-image-4473\" width=\"595\" height=\"820\" srcset=\"https:\/\/i0.wp.com\/bd-chroniques.be\/wp-content\/uploads\/2019\/12\/d%C3%A9terr%C3%A91.jpg?w=400&amp;ssl=1 400w, https:\/\/i0.wp.com\/bd-chroniques.be\/wp-content\/uploads\/2019\/12\/d%C3%A9terr%C3%A91.jpg?resize=218%2C300&amp;ssl=1 218w\" sizes=\"auto, (max-width: 595px) 100vw, 595px\" \/><figcaption> Mort et d\u00e9terr\u00e9 \u00a9 Dupuis <\/figcaption><\/figure>\n\n\n\n<figure class=\"wp-block-audio\"><audio controls src=\"http:\/\/bd-chroniques.be\/wp-content\/uploads\/2019\/12\/1d\u00e9terr\u00e9sscen.mp3\"><\/audio><figcaption> Jocelyn Boisvert : le sc\u00e9nario <\/figcaption><\/figure>\n\n\n\n<p>Ce livre, en effet, fait un grand pied de nez \u00e0 la grande faucheuse. Mais ce livre, surtout, en prenant comme ressort dramatique ce qu\u2019on pourrait appeler de l\u2019horreur \u00ab soft \u00bb, ressemble aussi \u00e0 une fable, puisque le monde qu\u2019il nous montre est le n\u00f4tre, avec ses familles en difficult\u00e9, avec ses amours d\u00e9butantes, avec ses r\u00eaves de paillettes, avec la drogue et la mort.<\/p>\n\n\n\n<p>Un monde qui, graphiquement, se montre de mani\u00e8re tr\u00e8s traditionnelle, tr\u00e8s classique ai-je envie de dire. Le d\u00e9coupage est un gaufrier pratiquement traditionnel, il n\u2019y a pas de recherche de plans faramineux, ni de couleurs prenant trop de place. C\u2019est un dessin qui permet \u00e0 Pascal Colpron de mettre en sc\u00e8ne \u00ab \u00e0 la belgo-fran\u00e7aise \u00bb une aventure humaine d\u2019une parfaite lisibilit\u00e9, c\u2019est un dessin qui m\u00e9lange fantastique et po\u00e9sie, d\u00e9cors et expressionnisme des visages, c\u2019est un dessin qui lorgne en m\u00eame temps du c\u00f4t\u00e9 de l\u2019\u00e9cole de Charleroi que du monde des mangas.<\/p>\n\n\n\n<figure class=\"wp-block-image size-large\"><img loading=\"lazy\" decoding=\"async\" width=\"2000\" height=\"650\" src=\"https:\/\/i0.wp.com\/bd-chroniques.be\/wp-content\/uploads\/2019\/12\/d\u00e9terr\u00e92.jpg?fit=768%2C250\" alt=\"\" class=\"wp-image-4475\" srcset=\"https:\/\/i0.wp.com\/bd-chroniques.be\/wp-content\/uploads\/2019\/12\/d%C3%A9terr%C3%A92.jpg?w=2000&amp;ssl=1 2000w, https:\/\/i0.wp.com\/bd-chroniques.be\/wp-content\/uploads\/2019\/12\/d%C3%A9terr%C3%A92.jpg?resize=300%2C98&amp;ssl=1 300w, https:\/\/i0.wp.com\/bd-chroniques.be\/wp-content\/uploads\/2019\/12\/d%C3%A9terr%C3%A92.jpg?resize=1024%2C333&amp;ssl=1 1024w, https:\/\/i0.wp.com\/bd-chroniques.be\/wp-content\/uploads\/2019\/12\/d%C3%A9terr%C3%A92.jpg?resize=768%2C250&amp;ssl=1 768w, https:\/\/i0.wp.com\/bd-chroniques.be\/wp-content\/uploads\/2019\/12\/d%C3%A9terr%C3%A92.jpg?resize=1536%2C499&amp;ssl=1 1536w\" sizes=\"auto, (max-width: 768px) 100vw, 768px\" \/><figcaption> Mort et d\u00e9terr\u00e9 \u00a9 Dupuis <\/figcaption><\/figure>\n\n\n\n<figure class=\"wp-block-audio\"><audio controls src=\"http:\/\/bd-chroniques.be\/wp-content\/uploads\/2019\/12\/1d\u00e9terr\u00e9sdessinmiseenscene.mp3\"><\/audio><figcaption> Pascal Colpron : dessin et mise en sc\u00e8ne <\/figcaption><\/figure>\n\n\n\n<figure class=\"wp-block-audio\"><audio controls src=\"http:\/\/bd-chroniques.be\/wp-content\/uploads\/2019\/12\/1d\u00e9terr\u00e9les2dessinclassiqueetmmoderne.mp3\"><\/audio><figcaption> Jocelyn Boisvert et Pascal Colpron : le classicisme et la modernit\u00e9 <\/figcaption><\/figure>\n\n\n\n<p>Les deux auteurs qu\u00e9b\u00e9cois, complices et amus\u00e9s, peuvent \u00eatre fiers d\u2019\u00eatre parvenu \u00e0 parler d\u2019une des horreurs les plus universelles, celle de la peur de la mort, dans que cela ne fasse na\u00eetre de malaise chez le lecteur. Il y a, entre classicisme et modernisme, entre tradition europ\u00e9enne et th\u00e8me \u00e0 l\u2019am\u00e9ricaine, entre le dessinateur et son sc\u00e9nariste, une belle osmose qui fait de ce premier opus d\u2019une s\u00e9rie tous publics une totale r\u00e9ussite. Et ce en parlant de l\u2019existence et de son in\u00e9luctable destruction !<\/p>\n\n\n\n<figure class=\"wp-block-image size-large\"><img data-recalc-dims=\"1\" loading=\"lazy\" decoding=\"async\" width=\"720\" height=\"992\" src=\"https:\/\/i0.wp.com\/bd-chroniques.be\/wp-content\/uploads\/2019\/12\/d%C3%A9terr%C3%A93.jpg?resize=720%2C992\" alt=\"\" class=\"wp-image-4478\" srcset=\"https:\/\/i0.wp.com\/bd-chroniques.be\/wp-content\/uploads\/2019\/12\/d%C3%A9terr%C3%A93.jpg?w=720&amp;ssl=1 720w, https:\/\/i0.wp.com\/bd-chroniques.be\/wp-content\/uploads\/2019\/12\/d%C3%A9terr%C3%A93.jpg?resize=218%2C300&amp;ssl=1 218w\" sizes=\"auto, (max-width: 720px) 100vw, 720px\" \/><figcaption> Mort et d\u00e9terr\u00e9 \u00a9 Dupuis <\/figcaption><\/figure>\n\n\n\n<figure class=\"wp-block-audio\"><audio controls src=\"http:\/\/bd-chroniques.be\/wp-content\/uploads\/2019\/12\/1d\u00e9terr\u00e9sles2mortvie.mp3\"><\/audio><figcaption> Jocelyn Boisvert et Pascal Colpron : la mort et la vie <\/figcaption><\/figure>\n\n\n\n<p>Ce qui participe \u00e0 la r\u00e9ussite de ce \u00ab cadavre en cavale \u00bb, aussi, et surtout peut-\u00eatre, c\u2019est l\u2019humour qui pars\u00e8me tout l\u2019album, ce sont les petits d\u00e9tails qui font sourire et, de ce fait, d\u00e9samorcent tout ce qui pourrait \u00eatre un sentiment n\u00e9gatif. Polar fantastique, aventure humaine improbable et sombre, et pourtant sans cesse souriante, les aventures de Yan, de ses amis, de sa famille sont, comme je le disais, une fable. Une fable dont la morale est simple \u00e0 trouver : la vie est belle, elle est la plus gratuite des richesses, et chacun m\u00e9rite d\u2019en r\u00eaver les p\u00e9rip\u00e9ties pour se sentir totalement vivant !<\/p>\n\n\n\n<figure class=\"wp-block-image size-large\"><img data-recalc-dims=\"1\" loading=\"lazy\" decoding=\"async\" width=\"670\" height=\"263\" src=\"https:\/\/i0.wp.com\/bd-chroniques.be\/wp-content\/uploads\/2019\/12\/d%C3%A9terr%C3%A94.jpg?resize=670%2C263\" alt=\"\" class=\"wp-image-4480\" srcset=\"https:\/\/i0.wp.com\/bd-chroniques.be\/wp-content\/uploads\/2019\/12\/d%C3%A9terr%C3%A94.jpg?w=670&amp;ssl=1 670w, https:\/\/i0.wp.com\/bd-chroniques.be\/wp-content\/uploads\/2019\/12\/d%C3%A9terr%C3%A94.jpg?resize=300%2C118&amp;ssl=1 300w\" sizes=\"auto, (max-width: 670px) 100vw, 670px\" \/><figcaption> Mort et d\u00e9terr\u00e9 \u00a9 Dupuis <\/figcaption><\/figure>\n\n\n\n<figure class=\"wp-block-audio\"><audio controls src=\"http:\/\/bd-chroniques.be\/wp-content\/uploads\/2019\/12\/1d\u00e9terr\u00e9sles2humourmorale.mp3\"><\/audio><figcaption> Jocelyn Boisvert et Pascal Colpron : humour et \u00ab morale \u00bb\u2026 <\/figcaption><\/figure>\n\n\n\n<p>J\u2019ai \u00e9t\u00e9 v\u00e9ritablement s\u00e9duit par cet album, d\u2019abord lu dans le magazine Spirou et red\u00e9couvert, plus ambitieux et plus r\u00e9ussi encore, dans la continuit\u00e9 d\u2019un livre imprim\u00e9. Je trouve m\u00eame que, dans les pages du magazine Spirou, cela faisait bien longtemps qu\u2019il n\u2019y avait plus eu un r\u00e9cit aussi novateur tout en \u00e9tant respectueux du style Belgo-fran\u00e7ais !<\/p>\n\n\n\n<p>Et j\u2019attends avec impatience de voir, dans les albums suivants, comment Yan va pouvoir continuer \u00e0 vivre sa mort !<\/p>\n\n\n\n<p><strong>Jacques Schra\u00fbwen<\/strong><\/p>\n\n\n\n<p><strong>Mort et D\u00e9terr\u00e9 : 1. Un cadavre en cavale (dessin : Pascal Colpron \u2013 sc\u00e9nario : Jocelyn Boisvert \u2013 couleurs : Usagi &#8211; \u00e9diteur : Dupuis \u2013 48 pages \u2013 ao\u00fbt 2019)<\/strong><\/p>\n","protected":false},"excerpt":{"rendered":"<p>Une histoire de zombie\u2026 Une histoire pleine d\u2019humour et de tendresse\u2026 Une bd pour adolescents particuli\u00e8rement r\u00e9ussie ! La vie de Yan, 13 ans, semble r\u00e9gl\u00e9e comme du papier \u00e0 musique : une famille unie, la naissance pr\u00e9vue d\u2019une petite s\u0153ur, des amis, une fille \u00e0 qui r\u00eaver. Mais voil\u00e0, le destin en d\u00e9cide autrement, [&hellip;]<\/p>\n","protected":false},"author":1,"featured_media":4482,"comment_status":"open","ping_status":"open","sticky":false,"template":"","format":"standard","meta":{"jetpack_post_was_ever_published":false,"_jetpack_newsletter_access":"","_jetpack_dont_email_post_to_subs":false,"_jetpack_newsletter_tier_id":0,"_jetpack_memberships_contains_paywalled_content":false,"_jetpack_memberships_contains_paid_content":false,"footnotes":"","jetpack_publicize_message":"","jetpack_publicize_feature_enabled":true,"jetpack_social_post_already_shared":true,"jetpack_social_options":{"image_generator_settings":{"template":"highway","default_image_id":0,"font":"","enabled":false},"version":2}},"categories":[23,24],"tags":[],"class_list":["post-4472","post","type-post","status-publish","format-standard","has-post-thumbnail","hentry","category-bd-de-m-a-r","category-m"],"jetpack_publicize_connections":[],"jetpack_featured_media_url":"https:\/\/i0.wp.com\/bd-chroniques.be\/wp-content\/uploads\/2019\/12\/d%C3%A9terr%C3%A90.jpg?fit=800%2C1100&ssl=1","jetpack_shortlink":"https:\/\/wp.me\/p8dqsu-1a8","jetpack_likes_enabled":true,"jetpack_sharing_enabled":true,"_links":{"self":[{"href":"https:\/\/bd-chroniques.be\/index.php\/wp-json\/wp\/v2\/posts\/4472","targetHints":{"allow":["GET"]}}],"collection":[{"href":"https:\/\/bd-chroniques.be\/index.php\/wp-json\/wp\/v2\/posts"}],"about":[{"href":"https:\/\/bd-chroniques.be\/index.php\/wp-json\/wp\/v2\/types\/post"}],"author":[{"embeddable":true,"href":"https:\/\/bd-chroniques.be\/index.php\/wp-json\/wp\/v2\/users\/1"}],"replies":[{"embeddable":true,"href":"https:\/\/bd-chroniques.be\/index.php\/wp-json\/wp\/v2\/comments?post=4472"}],"version-history":[{"count":3,"href":"https:\/\/bd-chroniques.be\/index.php\/wp-json\/wp\/v2\/posts\/4472\/revisions"}],"predecessor-version":[{"id":4485,"href":"https:\/\/bd-chroniques.be\/index.php\/wp-json\/wp\/v2\/posts\/4472\/revisions\/4485"}],"wp:featuredmedia":[{"embeddable":true,"href":"https:\/\/bd-chroniques.be\/index.php\/wp-json\/wp\/v2\/media\/4482"}],"wp:attachment":[{"href":"https:\/\/bd-chroniques.be\/index.php\/wp-json\/wp\/v2\/media?parent=4472"}],"wp:term":[{"taxonomy":"category","embeddable":true,"href":"https:\/\/bd-chroniques.be\/index.php\/wp-json\/wp\/v2\/categories?post=4472"},{"taxonomy":"post_tag","embeddable":true,"href":"https:\/\/bd-chroniques.be\/index.php\/wp-json\/wp\/v2\/tags?post=4472"}],"curies":[{"name":"wp","href":"https:\/\/api.w.org\/{rel}","templated":true}]}}