{"id":4573,"date":"2020-01-16T11:19:58","date_gmt":"2020-01-16T10:19:58","guid":{"rendered":"http:\/\/bd-chroniques.be\/?p=4573"},"modified":"2020-01-16T11:31:50","modified_gmt":"2020-01-16T10:31:50","slug":"dany","status":"publish","type":"post","link":"https:\/\/bd-chroniques.be\/index.php\/2020\/01\/16\/dany\/","title":{"rendered":"Dany"},"content":{"rendered":"\n<h4 class=\"wp-block-heading\">Ses \u00ab coquines \u00bb \u00e0 l\u2019honneur, en int\u00e9grale et en exposition \u00e0 Bruxelles jusqu\u2019au 8 f\u00e9vrier 2020 !<\/h4>\n\n\n\n<p>C\u2019est en 1968 que Dany, abandonnant le monde de l\u2019illustration, se lance pleinement dans la bande dessin\u00e9e avec une s\u00e9rie, Olivier Rameau, \u00e0 la po\u00e9sie proche d\u2019un univers \u00e0 la Lewis Carroll. Et depuis lors, il n\u2019a jamais arr\u00eat\u00e9 de dessiner, avec diff\u00e9rents sc\u00e9naristes (Greg, Van Hamme, entre autres). Jusqu\u2019\u00e0 se lancer dans une aventure souriante et sexy, celle des \u00ab Coquines \u00bb !<\/p>\n\n\n\n<figure class=\"wp-block-image size-large\"><img loading=\"lazy\" decoding=\"async\" width=\"1170\" height=\"600\" src=\"https:\/\/i0.wp.com\/bd-chroniques.be\/wp-content\/uploads\/2020\/01\/dany0.jpg?fit=768%2C394\" alt=\"\" class=\"wp-image-4574\" srcset=\"https:\/\/i0.wp.com\/bd-chroniques.be\/wp-content\/uploads\/2020\/01\/dany0.jpg?w=1170&amp;ssl=1 1170w, https:\/\/i0.wp.com\/bd-chroniques.be\/wp-content\/uploads\/2020\/01\/dany0.jpg?resize=300%2C154&amp;ssl=1 300w, https:\/\/i0.wp.com\/bd-chroniques.be\/wp-content\/uploads\/2020\/01\/dany0.jpg?resize=1024%2C525&amp;ssl=1 1024w, https:\/\/i0.wp.com\/bd-chroniques.be\/wp-content\/uploads\/2020\/01\/dany0.jpg?resize=768%2C394&amp;ssl=1 768w\" sizes=\"auto, (max-width: 768px) 100vw, 768px\" \/><figcaption>Dany \u00a9 Dany<\/figcaption><\/figure>\n\n\n\n<p>M\u00eame avec Colombe Tiredaile, la blonde compagne du blond Olivier Rameau, Dany s\u2019int\u00e9ressait d\u00e9j\u00e0 \u00e0 la f\u00e9minit\u00e9, \u00e0 l\u2019\u00e9rotisme, \u00e0 la courbe dans tout ce qu\u2019elle peut avoir en m\u00eame temps de lascif et de lib\u00e9r\u00e9. Ses femmes, de s\u00e9rie en S\u00e9rie (Arlequin, Histoire sans h\u00e9ros, Equator, \u2026), ont toujours \u00e9t\u00e9 des \u00e9l\u00e9ments moteurs des intrigues qu\u2019il a mises en sc\u00e8ne. Dany, ainsi, est devenu, au fil des ann\u00e9es, le chantre d\u2019un \u00e9rotisme graphique, humoristique dans cette exposition, parfois aventurier, allant jusqu\u2019\u00e0 la fantasy aussi. Un \u00e9rotisme du dessin et de la couleur, qui accroche l\u2019\u0153il autant que l\u2019imaginaire !<\/p>\n\n\n\n<figure class=\"wp-block-image size-large\"><img data-recalc-dims=\"1\" loading=\"lazy\" decoding=\"async\" width=\"768\" height=\"1008\" src=\"https:\/\/i0.wp.com\/bd-chroniques.be\/wp-content\/uploads\/2020\/01\/dany8.jpg?resize=768%2C1008\" alt=\"\" class=\"wp-image-4584\" srcset=\"https:\/\/i0.wp.com\/bd-chroniques.be\/wp-content\/uploads\/2020\/01\/dany8.jpg?w=780&amp;ssl=1 780w, https:\/\/i0.wp.com\/bd-chroniques.be\/wp-content\/uploads\/2020\/01\/dany8.jpg?resize=229%2C300&amp;ssl=1 229w, https:\/\/i0.wp.com\/bd-chroniques.be\/wp-content\/uploads\/2020\/01\/dany8.jpg?resize=768%2C1008&amp;ssl=1 768w\" sizes=\"auto, (max-width: 768px) 100vw, 768px\" \/><figcaption> Dany \u00a9 Dany <\/figcaption><\/figure>\n\n\n\n<figure class=\"wp-block-audio\"><audio controls src=\"http:\/\/bd-chroniques.be\/wp-content\/uploads\/2020\/01\/1danydessincouleur.mp3\"><\/audio><figcaption> Dany : l\u2019\u00e9rotisme, le dessin, la couleur <\/figcaption><\/figure>\n\n\n\n<p>Le sujet de cette exposition qui se tient \u00e0 Bruxelles jusqu\u2019en f\u00e9vrier, c\u2019est bien \u00e9videmment la femme, vous l\u2019aurez compris. Avec une constante, depuis toujours, chez Dany : la volont\u00e9 de ne la dessiner que belle, souriante, n\u2019\u00e9tant \u00ab potiche \u00bb que pour mieux affirmer tous ses pouvoirs. M\u00eame sexy, les femmes de Dany restent toujours libres plus que libertines !<\/p>\n\n\n\n<figure class=\"wp-block-image size-large\"><img data-recalc-dims=\"1\" loading=\"lazy\" decoding=\"async\" width=\"768\" height=\"1019\" src=\"https:\/\/i0.wp.com\/bd-chroniques.be\/wp-content\/uploads\/2020\/01\/dany6.jpg?resize=768%2C1019\" alt=\"\" class=\"wp-image-4579\" srcset=\"https:\/\/i0.wp.com\/bd-chroniques.be\/wp-content\/uploads\/2020\/01\/dany6.jpg?w=772&amp;ssl=1 772w, https:\/\/i0.wp.com\/bd-chroniques.be\/wp-content\/uploads\/2020\/01\/dany6.jpg?resize=226%2C300&amp;ssl=1 226w, https:\/\/i0.wp.com\/bd-chroniques.be\/wp-content\/uploads\/2020\/01\/dany6.jpg?resize=768%2C1019&amp;ssl=1 768w\" sizes=\"auto, (max-width: 768px) 100vw, 768px\" \/><figcaption> Dany \u00a9 Dany <\/figcaption><\/figure>\n\n\n\n<figure class=\"wp-block-audio\"><audio controls src=\"http:\/\/bd-chroniques.be\/wp-content\/uploads\/2020\/01\/1danymagnifierlafemme.mp3\"><\/audio><figcaption> Dany : magnifier la femme <\/figcaption><\/figure>\n\n\n\n<p>Et c\u2019est d\u2019humour aussi qu\u2019il s\u2019agit, dans cette exposition, puisque s\u2019y trouvent accroch\u00e9s aux cimaises de la galerie Champaka bien des planches originales de ces fameuses coquines aujourd\u2019hui r\u00e9\u00e9dit\u00e9es en int\u00e9grale.<\/p>\n\n\n\n<figure class=\"wp-block-image size-large\"><img data-recalc-dims=\"1\" loading=\"lazy\" decoding=\"async\" width=\"768\" height=\"957\" src=\"https:\/\/i0.wp.com\/bd-chroniques.be\/wp-content\/uploads\/2020\/01\/dany2.jpg?resize=768%2C957\" alt=\"\" class=\"wp-image-4586\" srcset=\"https:\/\/i0.wp.com\/bd-chroniques.be\/wp-content\/uploads\/2020\/01\/dany2.jpg?w=822&amp;ssl=1 822w, https:\/\/i0.wp.com\/bd-chroniques.be\/wp-content\/uploads\/2020\/01\/dany2.jpg?resize=241%2C300&amp;ssl=1 241w, https:\/\/i0.wp.com\/bd-chroniques.be\/wp-content\/uploads\/2020\/01\/dany2.jpg?resize=768%2C957&amp;ssl=1 768w\" sizes=\"auto, (max-width: 768px) 100vw, 768px\" \/><figcaption>  Dany \u00a9 Dany  <\/figcaption><\/figure>\n\n\n\n<p>De l\u2019humour, avec, le plus simplement du monde, des \u00ab histoires dr\u00f4les \u00bb et l\u00e9g\u00e8res mises en dessin. Le surprenant, avec les quelques livres de cette s\u00e9rie, c\u2019est que tout le monde ou presque conna\u00eet les blagues qui y sont dessin\u00e9es, tout le monde les a entendues racont\u00e9es avec force d\u00e9tails. Et que, malgr\u00e9 cela, on sourit, on rit, toujours, en se plongeant dans ces gags plus gaulois que vulgaires !<\/p>\n\n\n\n<figure class=\"wp-block-image size-large\"><img data-recalc-dims=\"1\" loading=\"lazy\" decoding=\"async\" width=\"768\" height=\"997\" src=\"https:\/\/i0.wp.com\/bd-chroniques.be\/wp-content\/uploads\/2020\/01\/dany5.jpg?resize=768%2C997\" alt=\"\" class=\"wp-image-4581\" srcset=\"https:\/\/i0.wp.com\/bd-chroniques.be\/wp-content\/uploads\/2020\/01\/dany5.jpg?w=789&amp;ssl=1 789w, https:\/\/i0.wp.com\/bd-chroniques.be\/wp-content\/uploads\/2020\/01\/dany5.jpg?resize=231%2C300&amp;ssl=1 231w, https:\/\/i0.wp.com\/bd-chroniques.be\/wp-content\/uploads\/2020\/01\/dany5.jpg?resize=768%2C997&amp;ssl=1 768w\" sizes=\"auto, (max-width: 768px) 100vw, 768px\" \/><figcaption> Dany \u00a9 Dany <\/figcaption><\/figure>\n\n\n\n<figure class=\"wp-block-audio\"><audio controls src=\"http:\/\/bd-chroniques.be\/wp-content\/uploads\/2020\/01\/1danygags.mp3\"><\/audio><figcaption> Dany : les gags et leur inspirateur <\/figcaption><\/figure>\n\n\n\n<p>Ce que j\u2019ai toujours trouv\u00e9 assez exceptionnel chez Dany, c\u2019est que son approche graphique de la bande dessin\u00e9e et de l\u2019illustration \u00e9tait d\u00e9j\u00e0, d\u00e8s ses d\u00e9buts, ce qu\u2019elle est aujourd\u2019hui. L\u2019\u00e9volution qui a \u00e9t\u00e9 la sienne a plus \u00e9t\u00e9 vers l\u2019\u00e9pure, celle des d\u00e9cors par exemple, que vers une modification de sa mani\u00e8re d\u2019aborder le rendu des histoires qu\u2019il nous raconte avec toujours une passion renouvel\u00e9e, avec toujours aussi un plaisir \u00e9vident.<\/p>\n\n\n\n<figure class=\"wp-block-image size-large\"><img data-recalc-dims=\"1\" loading=\"lazy\" decoding=\"async\" width=\"768\" height=\"959\" src=\"https:\/\/i0.wp.com\/bd-chroniques.be\/wp-content\/uploads\/2020\/01\/dany3.jpg?resize=768%2C959\" alt=\"\" class=\"wp-image-4587\" srcset=\"https:\/\/i0.wp.com\/bd-chroniques.be\/wp-content\/uploads\/2020\/01\/dany3.jpg?w=820&amp;ssl=1 820w, https:\/\/i0.wp.com\/bd-chroniques.be\/wp-content\/uploads\/2020\/01\/dany3.jpg?resize=240%2C300&amp;ssl=1 240w, https:\/\/i0.wp.com\/bd-chroniques.be\/wp-content\/uploads\/2020\/01\/dany3.jpg?resize=768%2C959&amp;ssl=1 768w\" sizes=\"auto, (max-width: 768px) 100vw, 768px\" \/><figcaption> Dany \u00a9 Dany  <\/figcaption><\/figure>\n\n\n\n<p>Son exposition est \u00e0 l\u2019image de ce plaisir, d\u2019ailleurs\u2026 Pas d\u2019effets sp\u00e9ciaux chez Champaka, rien qu\u2019un espace dans lequel, avec simplicit\u00e9, les \u0153uvres sont mises en \u00e9vidence.<\/p>\n\n\n\n<p>Et au-del\u00e0 de cette exposition, l\u2019actualit\u00e9 de Dany est extr\u00eamement riche. Il y a donc deux int\u00e9grales, mais aussi un album qui va bient\u00f4t para\u00eetre chez Aire Libre.<\/p>\n\n\n\n<figure class=\"wp-block-image size-large\"><img data-recalc-dims=\"1\" loading=\"lazy\" decoding=\"async\" width=\"768\" height=\"512\" src=\"https:\/\/i0.wp.com\/bd-chroniques.be\/wp-content\/uploads\/2020\/01\/dany4.jpg?resize=768%2C512\" alt=\"\" class=\"wp-image-4575\" srcset=\"https:\/\/i0.wp.com\/bd-chroniques.be\/wp-content\/uploads\/2020\/01\/dany4.jpg?w=960&amp;ssl=1 960w, https:\/\/i0.wp.com\/bd-chroniques.be\/wp-content\/uploads\/2020\/01\/dany4.jpg?resize=300%2C200&amp;ssl=1 300w, https:\/\/i0.wp.com\/bd-chroniques.be\/wp-content\/uploads\/2020\/01\/dany4.jpg?resize=768%2C512&amp;ssl=1 768w\" sizes=\"auto, (max-width: 768px) 100vw, 768px\" \/><figcaption> Dany \u00a9 J. J. Procureur <\/figcaption><\/figure>\n\n\n\n<figure class=\"wp-block-audio\"><audio controls src=\"http:\/\/bd-chroniques.be\/wp-content\/uploads\/2020\/01\/1danyexpocolombeetc.mp3\"><\/audio><figcaption> Danny : Colombe, les Coquines, et une riche actualit\u00e9 <\/figcaption><\/figure>\n\n\n\n<p>D\u2019aucuns, il est vrai, trouvent que ces \u00ab Coquines \u00bb ne sont pas \u00e0 la hauteur du reste de l\u2019\u0153uvre de Dany\u2026 Je pense, quant \u00e0 moi, que le plaisir et le sourire sont communicatifs, et que notre \u00e9poque demande de ne surtout pas bouder le plaisir quand il se pr\u00e9sente ! Et je reste persuad\u00e9 que l\u2019\u00e9rotisme, sous bien des formes, participe pleinement \u00e0 la dimension humaine de tout un chacun ! L\u2019\u00e9rotisme, c\u2019est la libert\u00e9 encore possible dans une soci\u00e9t\u00e9 de plus en plus liberticide ! Merci, donc, tout simplement, \u00e0 Dany, ses livres, et cette exposition !<\/p>\n\n\n\n<p><strong>Jacques Schra\u00fbwen<\/strong><\/p>\n\n\n\n<p><strong>Dany : Exposition \u00ab Les Coquines \u00bb dans la galerie Champaka jusqu\u2019au 8 f\u00e9vrier 2020 (27, rue Ernest Allard \u2013 1000 Bruxelles) <a href=\"http:\/\/www.galeriechampaka.com\/wp\/\">http:\/\/www.galeriechampaka.com\/wp\/<\/a><\/strong><\/p>\n\n\n\n<p><strong>Dany (blagues coquines : l\u2019int\u00e9grale et Olivier Rameau : l\u2019int\u00e9grale, chez Kennes \u00e9diteur)<\/strong><\/p>\n\n\n\n<figure class=\"wp-block-image size-large\"><img loading=\"lazy\" decoding=\"async\" width=\"2048\" height=\"1365\" src=\"https:\/\/i1.wp.com\/bd-chroniques.be\/wp-content\/uploads\/2020\/01\/dany1.jpg?fit=768%2C512\" alt=\"\" class=\"wp-image-4585\" srcset=\"https:\/\/i0.wp.com\/bd-chroniques.be\/wp-content\/uploads\/2020\/01\/dany1.jpg?w=2048&amp;ssl=1 2048w, https:\/\/i0.wp.com\/bd-chroniques.be\/wp-content\/uploads\/2020\/01\/dany1.jpg?resize=300%2C200&amp;ssl=1 300w, https:\/\/i0.wp.com\/bd-chroniques.be\/wp-content\/uploads\/2020\/01\/dany1.jpg?resize=1024%2C683&amp;ssl=1 1024w, https:\/\/i0.wp.com\/bd-chroniques.be\/wp-content\/uploads\/2020\/01\/dany1.jpg?resize=768%2C512&amp;ssl=1 768w, https:\/\/i0.wp.com\/bd-chroniques.be\/wp-content\/uploads\/2020\/01\/dany1.jpg?resize=1536%2C1024&amp;ssl=1 1536w\" sizes=\"auto, (max-width: 768px) 100vw, 768px\" \/><figcaption>Dany et Jacques Schra\u00fbwen \u00a9 J. J. Procureur<\/figcaption><\/figure>\n","protected":false},"excerpt":{"rendered":"<p>Ses \u00ab coquines \u00bb \u00e0 l\u2019honneur, en int\u00e9grale et en exposition \u00e0 Bruxelles jusqu\u2019au 8 f\u00e9vrier 2020 ! C\u2019est en 1968 que Dany, abandonnant le monde de l\u2019illustration, se lance pleinement dans la bande dessin\u00e9e avec une s\u00e9rie, Olivier Rameau, \u00e0 la po\u00e9sie proche d\u2019un univers \u00e0 la Lewis Carroll. Et depuis lors, il n\u2019a [&hellip;]<\/p>\n","protected":false},"author":1,"featured_media":4576,"comment_status":"open","ping_status":"open","sticky":false,"template":"","format":"standard","meta":{"jetpack_post_was_ever_published":false,"_jetpack_newsletter_access":"","_jetpack_dont_email_post_to_subs":false,"_jetpack_newsletter_tier_id":0,"_jetpack_memberships_contains_paywalled_content":false,"_jetpack_memberships_contains_paid_content":false,"footnotes":"","jetpack_publicize_message":"","jetpack_publicize_feature_enabled":true,"jetpack_social_post_already_shared":true,"jetpack_social_options":{"image_generator_settings":{"template":"highway","default_image_id":0,"font":"","enabled":false},"version":2}},"categories":[19,37],"tags":[],"class_list":["post-4573","post","type-post","status-publish","format-standard","has-post-thumbnail","hentry","category-d","category-evenements"],"jetpack_publicize_connections":[],"jetpack_featured_media_url":"https:\/\/i0.wp.com\/bd-chroniques.be\/wp-content\/uploads\/2020\/01\/dany7.jpg?fit=680%2C1024&ssl=1","jetpack_shortlink":"https:\/\/wp.me\/s8dqsu-dany","jetpack_likes_enabled":true,"jetpack_sharing_enabled":true,"_links":{"self":[{"href":"https:\/\/bd-chroniques.be\/index.php\/wp-json\/wp\/v2\/posts\/4573","targetHints":{"allow":["GET"]}}],"collection":[{"href":"https:\/\/bd-chroniques.be\/index.php\/wp-json\/wp\/v2\/posts"}],"about":[{"href":"https:\/\/bd-chroniques.be\/index.php\/wp-json\/wp\/v2\/types\/post"}],"author":[{"embeddable":true,"href":"https:\/\/bd-chroniques.be\/index.php\/wp-json\/wp\/v2\/users\/1"}],"replies":[{"embeddable":true,"href":"https:\/\/bd-chroniques.be\/index.php\/wp-json\/wp\/v2\/comments?post=4573"}],"version-history":[{"count":2,"href":"https:\/\/bd-chroniques.be\/index.php\/wp-json\/wp\/v2\/posts\/4573\/revisions"}],"predecessor-version":[{"id":4589,"href":"https:\/\/bd-chroniques.be\/index.php\/wp-json\/wp\/v2\/posts\/4573\/revisions\/4589"}],"wp:featuredmedia":[{"embeddable":true,"href":"https:\/\/bd-chroniques.be\/index.php\/wp-json\/wp\/v2\/media\/4576"}],"wp:attachment":[{"href":"https:\/\/bd-chroniques.be\/index.php\/wp-json\/wp\/v2\/media?parent=4573"}],"wp:term":[{"taxonomy":"category","embeddable":true,"href":"https:\/\/bd-chroniques.be\/index.php\/wp-json\/wp\/v2\/categories?post=4573"},{"taxonomy":"post_tag","embeddable":true,"href":"https:\/\/bd-chroniques.be\/index.php\/wp-json\/wp\/v2\/tags?post=4573"}],"curies":[{"name":"wp","href":"https:\/\/api.w.org\/{rel}","templated":true}]}}