{"id":4591,"date":"2020-01-20T08:30:00","date_gmt":"2020-01-20T07:30:00","guid":{"rendered":"http:\/\/bd-chroniques.be\/?p=4591"},"modified":"2020-01-19T10:41:55","modified_gmt":"2020-01-19T09:41:55","slug":"corto-maltese-le-jour-de-tarowean","status":"publish","type":"post","link":"https:\/\/bd-chroniques.be\/index.php\/2020\/01\/20\/corto-maltese-le-jour-de-tarowean\/","title":{"rendered":"Corto Maltese : Le Jour De Tarowean"},"content":{"rendered":"\n<p>C\u2019\u00e9tait un fameux d\u00e9fi pour Canales et Pellejero (<strong>\u00e0 \u00e9couter dans cette chronique<\/strong>) que de redonner vie \u00e0 un des personnages les plus mythiques de la bande dessin\u00e9e. Avec ce troisi\u00e8me \u00e9pisode, on peut parler, croyez-moi, d\u2019un d\u00e9fi totalement r\u00e9ussi !<\/p>\n\n\n\n<figure class=\"wp-block-image size-large\"><img data-recalc-dims=\"1\" loading=\"lazy\" decoding=\"async\" width=\"640\" height=\"459\" src=\"https:\/\/i0.wp.com\/bd-chroniques.be\/wp-content\/uploads\/2020\/01\/corto0.jpg?resize=640%2C459\" alt=\"\" class=\"wp-image-4592\" srcset=\"https:\/\/i0.wp.com\/bd-chroniques.be\/wp-content\/uploads\/2020\/01\/corto0.jpg?w=640&amp;ssl=1 640w, https:\/\/i0.wp.com\/bd-chroniques.be\/wp-content\/uploads\/2020\/01\/corto0.jpg?resize=300%2C215&amp;ssl=1 300w\" sizes=\"auto, (max-width: 640px) 100vw, 640px\" \/><figcaption>Le Jour de Tarowean \u00a9 Casterman<\/figcaption><\/figure>\n\n\n\n<p>Que s\u2019est-il pass\u00e9 avant \u00ab La Ballade De La Mer Sal\u00e9e \u00bb ? Comment Corto Maltese s\u2019est-il trouv\u00e9 abandonn\u00e9 et attach\u00e9 en plein oc\u00e9an ? C\u2019est ce que ce livre nous raconte, avec un talent qui d\u00e9passe, et de loin, ces reprises sans \u00e2me qui, de nos jours, en bd, se multiplient pour le pire bien plus souvent que pour le meilleur !<\/p>\n\n\n\n<p>Hugo Pratt a cr\u00e9\u00e9, avec Corto Maltese, un personnage qui d\u00e9passait le simple cadre d\u2019un r\u00e9cit dessin\u00e9. Il en a fait un h\u00e9ros romantique, aventurier, anarchiste, \u00e9sot\u00e9rique, humainement et graphiquement. Un \u00eatre humain \u00ab \u00e0 part \u00bb, apparu dans la Ballade de la Mer sal\u00e9e attach\u00e9 \u00e0 un radeau en pleine mer.<\/p>\n\n\n\n<p>Apr\u00e8s deux albums qui tentaient de se positionner au plus pr\u00e8s de l\u2019\u0153uvre de Pratt, Canales et Pellejero, ici, en \u00ab osant \u00bb s\u2019aventurer dans une histoire que personne ne connaissait, celle de Corto avant Corto, font \u0153uvre originale, abandonnent, en quelque sorte, le c\u00f4te un peu verbeux de leurs deux pr\u00e9c\u00e9dentes collaborations pour cr\u00e9er une \u0153uvre r\u00e9solument neuve.<\/p>\n\n\n\n<figure class=\"wp-block-image size-large\"><img data-recalc-dims=\"1\" loading=\"lazy\" decoding=\"async\" width=\"768\" height=\"1013\" src=\"https:\/\/i0.wp.com\/bd-chroniques.be\/wp-content\/uploads\/2020\/01\/corto1.jpg?resize=768%2C1013\" alt=\"\" class=\"wp-image-4593\" srcset=\"https:\/\/i0.wp.com\/bd-chroniques.be\/wp-content\/uploads\/2020\/01\/corto1.jpg?w=776&amp;ssl=1 776w, https:\/\/i0.wp.com\/bd-chroniques.be\/wp-content\/uploads\/2020\/01\/corto1.jpg?resize=227%2C300&amp;ssl=1 227w, https:\/\/i0.wp.com\/bd-chroniques.be\/wp-content\/uploads\/2020\/01\/corto1.jpg?resize=768%2C1013&amp;ssl=1 768w\" sizes=\"auto, (max-width: 768px) 100vw, 768px\" \/><figcaption> Le Jour de Tarowean \u00a9 Casterman <\/figcaption><\/figure>\n\n\n\n<figure class=\"wp-block-audio\"><audio controls src=\"http:\/\/bd-chroniques.be\/wp-content\/uploads\/2020\/01\/1cortocanalescortoavantbalade.mp3\"><\/audio><figcaption> Juan D\u00edaz Canales : Corto avant la Ballade\u2026 <\/figcaption><\/figure>\n\n\n\n<p>Je parlais de Corto Maltese en tant que h\u00e9ros, ou anti-h\u00e9ros, fonci\u00e8rement romantique. Le talent de Juan D\u00edaz Canales, sc\u00e9nariste extr\u00eamement dou\u00e9, c\u2019est d\u2019avoir voulu en faire un \u00eatre humain plus complexe que simplement ancr\u00e9 dans des codes plus ou moins pr\u00e9cis de la litt\u00e9rature. M\u00ealant \u00e0 l\u2019intrigue, toujours touffue, dense plut\u00f4t, des tas de th\u00e9matiques comme l\u2019humanisme, comme la tol\u00e9rance, en racontant une histoire de fureur, de sang, de mort, de d\u00e9sespoir, d\u2019amour, de destruction, Juan D\u00edaz Canales construit un r\u00e9cit entre r\u00e9alit\u00e9 et fiction qui humanise Corto Maltese sans pour autant en estomper les puissances originelles.<\/p>\n\n\n\n<figure class=\"wp-block-image size-large\"><img data-recalc-dims=\"1\" loading=\"lazy\" decoding=\"async\" width=\"768\" height=\"1013\" src=\"https:\/\/i0.wp.com\/bd-chroniques.be\/wp-content\/uploads\/2020\/01\/corto2.jpg?resize=768%2C1013\" alt=\"\" class=\"wp-image-4595\" srcset=\"https:\/\/i0.wp.com\/bd-chroniques.be\/wp-content\/uploads\/2020\/01\/corto2.jpg?w=776&amp;ssl=1 776w, https:\/\/i0.wp.com\/bd-chroniques.be\/wp-content\/uploads\/2020\/01\/corto2.jpg?resize=227%2C300&amp;ssl=1 227w, https:\/\/i0.wp.com\/bd-chroniques.be\/wp-content\/uploads\/2020\/01\/corto2.jpg?resize=768%2C1013&amp;ssl=1 768w\" sizes=\"auto, (max-width: 768px) 100vw, 768px\" \/><figcaption> Le Jour de Tarowean \u00a9 Casterman <\/figcaption><\/figure>\n\n\n\n<figure class=\"wp-block-audio\"><audio controls src=\"http:\/\/bd-chroniques.be\/wp-content\/uploads\/2020\/01\/1cortocanalesmortrealisme.mp3\"><\/audio><figcaption> Juan D\u00edaz Canales : la mort, le r\u00e9alisme <\/figcaption><\/figure>\n\n\n\n<p>Avec Pratt, Corto Maltese \u00e9tait un personnage ancr\u00e9 dans un pass\u00e9 dont il \u00e9tait l\u2019observateur, souvent, plus que le moteur. Avec Canales et Pellejero, on se retrouve dans un univers similaire, mais jamais semblable\u2026 Le dessin est plus fouill\u00e9, le texte plus pr\u00e9sent, les personnages sont connus, Raspoutine et le moine par exemple, mais Corto devient de plus en plus acteur de son propre destin. Et les r\u00e9alit\u00e9s qu\u2019il encontre, qu\u2019il vit, ram\u00e8nent aussi \u00e0 nos pr\u00e9sents, puisqu\u2019on parle d\u2019environnement, de migrants, d\u2019int\u00e9grisme religieux et de pouvoir, d\u2019int\u00e9grisme alimentaire et de science, de rejet et de n\u00e9cessit\u00e9 \u00e0 ne pas oublier ses origines\u2026<\/p>\n\n\n\n<figure class=\"wp-block-image size-large\"><img data-recalc-dims=\"1\" loading=\"lazy\" decoding=\"async\" width=\"640\" height=\"423\" src=\"https:\/\/i0.wp.com\/bd-chroniques.be\/wp-content\/uploads\/2020\/01\/corto3.jpg?resize=640%2C423\" alt=\"\" class=\"wp-image-4597\" srcset=\"https:\/\/i0.wp.com\/bd-chroniques.be\/wp-content\/uploads\/2020\/01\/corto3.jpg?w=640&amp;ssl=1 640w, https:\/\/i0.wp.com\/bd-chroniques.be\/wp-content\/uploads\/2020\/01\/corto3.jpg?resize=300%2C198&amp;ssl=1 300w\" sizes=\"auto, (max-width: 640px) 100vw, 640px\" \/><figcaption> Le Jour de Tarowean \u00a9 Casterman <\/figcaption><\/figure>\n\n\n\n<figure class=\"wp-block-audio\"><audio controls src=\"http:\/\/bd-chroniques.be\/wp-content\/uploads\/2020\/01\/1cortocanalesactualisation.mp3\"><\/audio><figcaption> Juan D\u00edaz Canales : des ponts avec aujourd\u2019hui <\/figcaption><\/figure>\n\n\n\n<p>Je le disais, le dessin est plus fouill\u00e9, plus constant m\u00eame, que chez Pratt. Mais Rub\u00e9n Pellejero ne trahit \u00e0 aucun moment le \u00ab ma\u00eetre \u00bb, tout en peaufinant les d\u00e9cors, tout en faisant des \u00e9pures de Pratt la base de ses propres interpr\u00e9tations de la nature, des \u00eatres humains, de leurs d\u00e9rives, de leurs rencontres. Il joue encore plus que Pratt avec les ombres et les lumi\u00e8res, et ce sont ces ombres qui, d\u2019une certaine mani\u00e8re, rythment le r\u00e9cit\u2026 Le visage du moine toujours dans la p\u00e9nombre, les ombres sur le sable de certains des personnages importants\u2026 Corto Maltese est un personnage clair-obscur, et le dessin de Pellejero en rend toutes les complexit\u00e9s, et celles de ses environnements, avec une intelligence totale !<\/p>\n\n\n\n<figure class=\"wp-block-image size-large\"><img data-recalc-dims=\"1\" loading=\"lazy\" decoding=\"async\" width=\"571\" height=\"374\" src=\"https:\/\/i0.wp.com\/bd-chroniques.be\/wp-content\/uploads\/2020\/01\/corto4.jpg?resize=571%2C374\" alt=\"\" class=\"wp-image-4599\" srcset=\"https:\/\/i0.wp.com\/bd-chroniques.be\/wp-content\/uploads\/2020\/01\/corto4.jpg?w=571&amp;ssl=1 571w, https:\/\/i0.wp.com\/bd-chroniques.be\/wp-content\/uploads\/2020\/01\/corto4.jpg?resize=300%2C196&amp;ssl=1 300w\" sizes=\"auto, (max-width: 571px) 100vw, 571px\" \/><figcaption> Le Jour de Tarowean \u00a9 Casterman <\/figcaption><\/figure>\n\n\n\n<figure class=\"wp-block-audio\"><audio controls src=\"http:\/\/bd-chroniques.be\/wp-content\/uploads\/2020\/01\/1cortopellejerodessin.mp3\"><\/audio><figcaption> Rub\u00e9n Pellejero : le dessin <\/figcaption><\/figure>\n\n\n\n<p>Lorsqu\u2019on pense \u00e0 Corto Maltese, c\u2019est souvent en noir et blanc. En tout cas, c\u2019est vrai pour moi ! Mais ici, la couleur occupe une place importante, pr\u00e9pond\u00e9rante m\u00eame \u00e0 certains moments de la narration. L\u00e0 aussi, Rub\u00e9n Pellejero est un orf\u00e8vre, et ses d\u00e9grad\u00e9s comme ses jeux de lumi\u00e8re sont d\u2019une richesse de palette exceptionnelle\u2026 Corto Maltese conna\u00eet d\u00e9sormais une existence nouvelle qui reste sans cesse respectueuse de ce que furent ses aventures en compagnie d\u2019Hugo Pratt !<\/p>\n\n\n\n<figure class=\"wp-block-image size-large\"><img data-recalc-dims=\"1\" loading=\"lazy\" decoding=\"async\" width=\"571\" height=\"374\" src=\"https:\/\/i0.wp.com\/bd-chroniques.be\/wp-content\/uploads\/2020\/01\/corto5.jpg?resize=571%2C374\" alt=\"\" class=\"wp-image-4601\" srcset=\"https:\/\/i0.wp.com\/bd-chroniques.be\/wp-content\/uploads\/2020\/01\/corto5.jpg?w=571&amp;ssl=1 571w, https:\/\/i0.wp.com\/bd-chroniques.be\/wp-content\/uploads\/2020\/01\/corto5.jpg?resize=300%2C196&amp;ssl=1 300w\" sizes=\"auto, (max-width: 571px) 100vw, 571px\" \/><figcaption> Le Jour de Tarowean \u00a9 Casterman <\/figcaption><\/figure>\n\n\n\n<figure class=\"wp-block-audio\"><audio controls src=\"http:\/\/bd-chroniques.be\/wp-content\/uploads\/2020\/01\/1cortopellejerocouleur.mp3\"><\/audio><figcaption> Rub\u00e9n Pellejero : la couleur <\/figcaption><\/figure>\n\n\n\n<p>Je sais que certains amoureux de l\u2018\u0153uvre de Pratt vont trouver \u00e0 redire au travail de Pellejero et Canales. Mais m\u00eame avec quelques d\u00e9fauts, comme l\u2019abondance de texte peut-\u00eatre, ce n\u2019est pas du travail, c\u2019est une \u0153uvre artistique \u00e0 part enti\u00e8re.<\/p>\n\n\n\n<p>Corto Maltese, avec ce nouvel album, devient v\u00e9ritablement un personnage de Pellejero, un h\u00e9ros de papier auquel son nouveau dessinateur r\u00e9ussit \u00e0 insuffler une nouvelle \u00e2me, une nouvelle puissance !<\/p>\n\n\n\n<p><strong>Jacques Schra\u00fbwen<\/strong><\/p>\n\n\n\n<p><strong>Corto Maltese : Le Jour De Tarowean (dessin : Rub\u00e9n Pellejero \u2013 sc\u00e9nario : Juan D\u00edaz Canales \u2013 \u00e9diteur : Casterman \u2013 paru en novembre 2019 \u2013 78 pages)<\/strong><\/p>\n","protected":false},"excerpt":{"rendered":"<p>C\u2019\u00e9tait un fameux d\u00e9fi pour Canales et Pellejero (\u00e0 \u00e9couter dans cette chronique) que de redonner vie \u00e0 un des personnages les plus mythiques de la bande dessin\u00e9e. Avec ce troisi\u00e8me \u00e9pisode, on peut parler, croyez-moi, d\u2019un d\u00e9fi totalement r\u00e9ussi ! Que s\u2019est-il pass\u00e9 avant \u00ab La Ballade De La Mer Sal\u00e9e \u00bb ? Comment [&hellip;]<\/p>\n","protected":false},"author":1,"featured_media":4592,"comment_status":"open","ping_status":"open","sticky":false,"template":"","format":"standard","meta":{"jetpack_post_was_ever_published":false,"_jetpack_newsletter_access":"","_jetpack_dont_email_post_to_subs":false,"_jetpack_newsletter_tier_id":0,"_jetpack_memberships_contains_paywalled_content":false,"_jetpack_memberships_contains_paid_content":false,"footnotes":"","jetpack_publicize_message":"","jetpack_publicize_feature_enabled":true,"jetpack_social_post_already_shared":true,"jetpack_social_options":{"image_generator_settings":{"template":"highway","default_image_id":0,"font":"","enabled":false},"version":2}},"categories":[14,18],"tags":[],"class_list":["post-4591","post","type-post","status-publish","format-standard","has-post-thumbnail","hentry","category-bd-de-a-a-f","category-c"],"jetpack_publicize_connections":[],"jetpack_featured_media_url":"https:\/\/i0.wp.com\/bd-chroniques.be\/wp-content\/uploads\/2020\/01\/corto0.jpg?fit=640%2C459&ssl=1","jetpack_shortlink":"https:\/\/wp.me\/p8dqsu-1c3","jetpack_likes_enabled":true,"jetpack_sharing_enabled":true,"_links":{"self":[{"href":"https:\/\/bd-chroniques.be\/index.php\/wp-json\/wp\/v2\/posts\/4591","targetHints":{"allow":["GET"]}}],"collection":[{"href":"https:\/\/bd-chroniques.be\/index.php\/wp-json\/wp\/v2\/posts"}],"about":[{"href":"https:\/\/bd-chroniques.be\/index.php\/wp-json\/wp\/v2\/types\/post"}],"author":[{"embeddable":true,"href":"https:\/\/bd-chroniques.be\/index.php\/wp-json\/wp\/v2\/users\/1"}],"replies":[{"embeddable":true,"href":"https:\/\/bd-chroniques.be\/index.php\/wp-json\/wp\/v2\/comments?post=4591"}],"version-history":[{"count":3,"href":"https:\/\/bd-chroniques.be\/index.php\/wp-json\/wp\/v2\/posts\/4591\/revisions"}],"predecessor-version":[{"id":4605,"href":"https:\/\/bd-chroniques.be\/index.php\/wp-json\/wp\/v2\/posts\/4591\/revisions\/4605"}],"wp:featuredmedia":[{"embeddable":true,"href":"https:\/\/bd-chroniques.be\/index.php\/wp-json\/wp\/v2\/media\/4592"}],"wp:attachment":[{"href":"https:\/\/bd-chroniques.be\/index.php\/wp-json\/wp\/v2\/media?parent=4591"}],"wp:term":[{"taxonomy":"category","embeddable":true,"href":"https:\/\/bd-chroniques.be\/index.php\/wp-json\/wp\/v2\/categories?post=4591"},{"taxonomy":"post_tag","embeddable":true,"href":"https:\/\/bd-chroniques.be\/index.php\/wp-json\/wp\/v2\/tags?post=4591"}],"curies":[{"name":"wp","href":"https:\/\/api.w.org\/{rel}","templated":true}]}}