{"id":4772,"date":"2020-03-03T16:39:28","date_gmt":"2020-03-03T15:39:28","guid":{"rendered":"http:\/\/bd-chroniques.be\/?p=4772"},"modified":"2020-03-03T16:39:31","modified_gmt":"2020-03-03T15:39:31","slug":"feuilles-dart","status":"publish","type":"post","link":"https:\/\/bd-chroniques.be\/index.php\/2020\/03\/03\/feuilles-dart\/","title":{"rendered":"Feuilles d\u2019Art"},"content":{"rendered":"\n<p>Un salon d\u2019art \u00e0 Bruxelles, les 7 et 8 mars 2020<\/p>\n\n\n\n<p>Cette semaine, il va y avoir, dans la capitale europ\u00e9enne, la Foire du Livre, bien entendu. Mais il va y avoir aussi ce \u00ab Salon de la petite \u00e9dition et du livre d\u2019artiste \u00bb qui, assur\u00e9ment, m\u00e9rite d\u2019\u00eatre d\u00e9couvert !<\/p>\n\n\n\n<figure class=\"wp-block-image size-large is-resized\"><img loading=\"lazy\" decoding=\"async\" src=\"https:\/\/i1.wp.com\/bd-chroniques.be\/wp-content\/uploads\/2020\/03\/feuilles0.jpg?fit=726%2C1024\" alt=\"\" class=\"wp-image-4773\" width=\"594\" height=\"838\" srcset=\"https:\/\/i0.wp.com\/bd-chroniques.be\/wp-content\/uploads\/2020\/03\/feuilles0.jpg?w=1240&amp;ssl=1 1240w, https:\/\/i0.wp.com\/bd-chroniques.be\/wp-content\/uploads\/2020\/03\/feuilles0.jpg?resize=213%2C300&amp;ssl=1 213w, https:\/\/i0.wp.com\/bd-chroniques.be\/wp-content\/uploads\/2020\/03\/feuilles0.jpg?resize=726%2C1024&amp;ssl=1 726w, https:\/\/i0.wp.com\/bd-chroniques.be\/wp-content\/uploads\/2020\/03\/feuilles0.jpg?resize=768%2C1083&amp;ssl=1 768w, https:\/\/i0.wp.com\/bd-chroniques.be\/wp-content\/uploads\/2020\/03\/feuilles0.jpg?resize=1090%2C1536&amp;ssl=1 1090w\" sizes=\"auto, (max-width: 594px) 100vw, 594px\" \/><\/figure>\n\n\n\n<p>C\u2019est \u00e0 l\u2019occasion d\u2019un march\u00e9 de No\u00ebl que j\u2019ai d\u00e9couvert \u00ab La Pommeraie \u00bb, un centre ouvert aux personnes handicap\u00e9es adultes et leur offrant (le mot n\u2019est pas trop fort) l\u2019occasion de s\u2019\u00e9panouir au travers de plusieurs activit\u00e9s, dont le dessin et l\u2019\u00e9dition.<\/p>\n\n\n\n<p>Et cet organisme v\u00e9ritablement humaniste, dans le sens premier du terme, sera pr\u00e9sent ces 7 et 8 mars \u00e0 Saint-Gilles, \u00e0 Bruxelles, au 30 de la place Morichar, en compagnie de vrais passionn\u00e9s de l\u2019\u00e9dition dans ce qu\u2019elle peut avoir de plus inventif, de plus en plus original, de plus en plus\u2026 passionnant !<\/p>\n\n\n\n<figure class=\"wp-block-image size-large is-resized\"><img loading=\"lazy\" decoding=\"async\" src=\"https:\/\/i1.wp.com\/bd-chroniques.be\/wp-content\/uploads\/2020\/03\/feuilles5.jpg?fit=727%2C1024\" alt=\"\" class=\"wp-image-4774\" width=\"591\" height=\"831\" srcset=\"https:\/\/i0.wp.com\/bd-chroniques.be\/wp-content\/uploads\/2020\/03\/feuilles5.jpg?resize=213%2C300&amp;ssl=1 213w, https:\/\/i0.wp.com\/bd-chroniques.be\/wp-content\/uploads\/2020\/03\/feuilles5.jpg?resize=727%2C1024&amp;ssl=1 727w, https:\/\/i0.wp.com\/bd-chroniques.be\/wp-content\/uploads\/2020\/03\/feuilles5.jpg?zoom=2&amp;resize=591%2C831&amp;ssl=1 1182w\" sizes=\"auto, (max-width: 591px) 100vw, 591px\" \/><\/figure>\n\n\n\n<p>48 exposants belges et fran\u00e7ais seront pr\u00e9sents, pour un panorama large de ce qu\u2019est l\u2019\u00e9dition \u00ab parall\u00e8le \u00bb\u2026 Je ne veux pas parler d\u2019\u00e9dition marginale, mais d\u2019une mani\u00e8re d\u2019envisager la culture \u00e9dit\u00e9e diff\u00e9remment de ce que font les m\u00e9dias et les grands \u00e9diteurs bien install\u00e9s. Avec ces exposants, ces \u00e9diteurs, ces amoureux du livre tout simplement, rien de mercantile, mais le simple bonheur de cr\u00e9er un \u00e9crin de papier pour des arts illustratifs de toutes sortes.<\/p>\n\n\n\n<figure class=\"wp-block-image size-large is-resized\"><img data-recalc-dims=\"1\" loading=\"lazy\" decoding=\"async\" src=\"https:\/\/i0.wp.com\/bd-chroniques.be\/wp-content\/uploads\/2020\/03\/feuilles6.jpg?resize=591%2C403\" alt=\"\" class=\"wp-image-4775\" width=\"591\" height=\"403\" srcset=\"https:\/\/i0.wp.com\/bd-chroniques.be\/wp-content\/uploads\/2020\/03\/feuilles6.jpg?w=433&amp;ssl=1 433w, https:\/\/i0.wp.com\/bd-chroniques.be\/wp-content\/uploads\/2020\/03\/feuilles6.jpg?resize=300%2C204&amp;ssl=1 300w\" sizes=\"auto, (max-width: 591px) 100vw, 591px\" \/><\/figure>\n\n\n\n<p>Organis\u00e9 avec la collaboration de l\u2019ESA Saint-Luc Bruxelles, ce salon sera d\u2019abord et avant tout un lieu de rencontre, de rencontres plurielles m\u00eame. Parce que s\u2019y retrouveront, loin des foules press\u00e9es de la Foire du Livre, des cr\u00e9ateurs qu\u2019on a peu l\u2019habitude de croiser, pour des \u00e9changes de mots, de regards\u2026<\/p>\n\n\n\n<p>Feuilles d&rsquo;art est un \u00e9v\u00e8nement qui regroupe des artistes graveurs, typographes, relieurs, \u00e9diteurs (petits ou moyens), papetiers, illustrateurs, calligraphes, photographes, peintres et \u00e9coles d&rsquo;arts qui fabriquent, con\u00e7oivent des objets reli\u00e9s nomm\u00e9s livres d&rsquo;artistes, livres objets.<\/p>\n\n\n\n<figure class=\"wp-block-image size-large is-resized\"><img data-recalc-dims=\"1\" loading=\"lazy\" decoding=\"async\" src=\"https:\/\/i0.wp.com\/bd-chroniques.be\/wp-content\/uploads\/2020\/03\/feuilles3.jpg?resize=591%2C394\" alt=\"\" class=\"wp-image-4776\" width=\"591\" height=\"394\" srcset=\"https:\/\/i0.wp.com\/bd-chroniques.be\/wp-content\/uploads\/2020\/03\/feuilles3.jpg?w=800&amp;ssl=1 800w, https:\/\/i0.wp.com\/bd-chroniques.be\/wp-content\/uploads\/2020\/03\/feuilles3.jpg?resize=300%2C200&amp;ssl=1 300w, https:\/\/i0.wp.com\/bd-chroniques.be\/wp-content\/uploads\/2020\/03\/feuilles3.jpg?resize=768%2C513&amp;ssl=1 768w\" sizes=\"auto, (max-width: 591px) 100vw, 591px\" \/><\/figure>\n\n\n\n<p>Il y aura aussi, lors de ce salon, un atelier s\u00e9rigraphie, et deux concerts. De quoi prendre le temps, simplement, en fl\u00e2nant, en feuilletant des livres absents des pr\u00e9sentoirs des grandes surfaces ouvertes \u00e0 l\u2019\u00e9dition, de quoi prendre plaisir \u00e0 d\u00e9couvrir des passions qui font de la culture un vrai lieu de partages.<\/p>\n\n\n\n<figure class=\"wp-block-image size-large is-resized\"><img data-recalc-dims=\"1\" loading=\"lazy\" decoding=\"async\" src=\"https:\/\/i0.wp.com\/bd-chroniques.be\/wp-content\/uploads\/2020\/03\/feuilles1.jpg?resize=592%2C376\" alt=\"\" class=\"wp-image-4777\" width=\"592\" height=\"376\" srcset=\"https:\/\/i0.wp.com\/bd-chroniques.be\/wp-content\/uploads\/2020\/03\/feuilles1.jpg?w=320&amp;ssl=1 320w, https:\/\/i0.wp.com\/bd-chroniques.be\/wp-content\/uploads\/2020\/03\/feuilles1.jpg?resize=300%2C190&amp;ssl=1 300w\" sizes=\"auto, (max-width: 592px) 100vw, 592px\" \/><\/figure>\n\n\n\n<p>Un salon consacr\u00e9 au livre d\u2019artiste, sous toutes ses formes, c\u2019est un lieu qui m\u00e9lange litt\u00e9rature, graphisme, po\u00e9sie, inventivit\u00e9, bande dessin\u00e9e, illustration, lyrisme, minimalisme\u2026<\/p>\n\n\n\n<p>Le livre d\u2019artiste est un ouvrage \u00e0 tirage limit\u00e9, fruit de recherches, d\u2019exp\u00e9riences, de collaborations, de po\u00e9sie qui convergent vers un objet unique que chacun peut s\u2019approprier.<\/p>\n\n\n\n<figure class=\"wp-block-image size-large is-resized\"><img data-recalc-dims=\"1\" loading=\"lazy\" decoding=\"async\" src=\"https:\/\/i0.wp.com\/bd-chroniques.be\/wp-content\/uploads\/2020\/03\/feuilles2.jpg?resize=591%2C437\" alt=\"\" class=\"wp-image-4778\" width=\"591\" height=\"437\" srcset=\"https:\/\/i0.wp.com\/bd-chroniques.be\/wp-content\/uploads\/2020\/03\/feuilles2.jpg?w=800&amp;ssl=1 800w, https:\/\/i0.wp.com\/bd-chroniques.be\/wp-content\/uploads\/2020\/03\/feuilles2.jpg?resize=300%2C222&amp;ssl=1 300w, https:\/\/i0.wp.com\/bd-chroniques.be\/wp-content\/uploads\/2020\/03\/feuilles2.jpg?resize=768%2C569&amp;ssl=1 768w\" sizes=\"auto, (max-width: 591px) 100vw, 591px\" \/><\/figure>\n\n\n\n<p>Rendez-vous, donc, \u00e0 ce salon, pour se fondre dans un univers qui, loin des m\u00e9dias tristement muets et aveugles, nous parlent d\u2019art au quotidien de la cr\u00e9ation, au quotidien du plaisir !<\/p>\n\n\n\n<p><strong>Jacques Schra\u00fbwen<\/strong><\/p>\n\n\n\n<p><strong>Feuilles d\u2019art \u00e0 Saint-Gilles, Bruxelles, place Morichar 30, les 7 et 8 mars 2020<\/strong><\/p>\n","protected":false},"excerpt":{"rendered":"<p>Un salon d\u2019art \u00e0 Bruxelles, les 7 et 8 mars 2020 Cette semaine, il va y avoir, dans la capitale europ\u00e9enne, la Foire du Livre, bien entendu. Mais il va y avoir aussi ce \u00ab Salon de la petite \u00e9dition et du livre d\u2019artiste \u00bb qui, assur\u00e9ment, m\u00e9rite d\u2019\u00eatre d\u00e9couvert ! C\u2019est \u00e0 l\u2019occasion d\u2019un [&hellip;]<\/p>\n","protected":false},"author":1,"featured_media":4773,"comment_status":"open","ping_status":"open","sticky":false,"template":"","format":"standard","meta":{"jetpack_post_was_ever_published":false,"_jetpack_newsletter_access":"","_jetpack_dont_email_post_to_subs":false,"_jetpack_newsletter_tier_id":0,"_jetpack_memberships_contains_paywalled_content":false,"_jetpack_memberships_contains_paid_content":false,"footnotes":"","jetpack_publicize_message":"","jetpack_publicize_feature_enabled":true,"jetpack_social_post_already_shared":true,"jetpack_social_options":{"image_generator_settings":{"template":"highway","default_image_id":0,"font":"","enabled":false},"version":2}},"categories":[37],"tags":[],"class_list":["post-4772","post","type-post","status-publish","format-standard","has-post-thumbnail","hentry","category-evenements"],"jetpack_publicize_connections":[],"jetpack_featured_media_url":"https:\/\/i0.wp.com\/bd-chroniques.be\/wp-content\/uploads\/2020\/03\/feuilles0.jpg?fit=1240%2C1748&ssl=1","jetpack_shortlink":"https:\/\/wp.me\/p8dqsu-1eY","jetpack_likes_enabled":true,"jetpack_sharing_enabled":true,"_links":{"self":[{"href":"https:\/\/bd-chroniques.be\/index.php\/wp-json\/wp\/v2\/posts\/4772","targetHints":{"allow":["GET"]}}],"collection":[{"href":"https:\/\/bd-chroniques.be\/index.php\/wp-json\/wp\/v2\/posts"}],"about":[{"href":"https:\/\/bd-chroniques.be\/index.php\/wp-json\/wp\/v2\/types\/post"}],"author":[{"embeddable":true,"href":"https:\/\/bd-chroniques.be\/index.php\/wp-json\/wp\/v2\/users\/1"}],"replies":[{"embeddable":true,"href":"https:\/\/bd-chroniques.be\/index.php\/wp-json\/wp\/v2\/comments?post=4772"}],"version-history":[{"count":1,"href":"https:\/\/bd-chroniques.be\/index.php\/wp-json\/wp\/v2\/posts\/4772\/revisions"}],"predecessor-version":[{"id":4779,"href":"https:\/\/bd-chroniques.be\/index.php\/wp-json\/wp\/v2\/posts\/4772\/revisions\/4779"}],"wp:featuredmedia":[{"embeddable":true,"href":"https:\/\/bd-chroniques.be\/index.php\/wp-json\/wp\/v2\/media\/4773"}],"wp:attachment":[{"href":"https:\/\/bd-chroniques.be\/index.php\/wp-json\/wp\/v2\/media?parent=4772"}],"wp:term":[{"taxonomy":"category","embeddable":true,"href":"https:\/\/bd-chroniques.be\/index.php\/wp-json\/wp\/v2\/categories?post=4772"},{"taxonomy":"post_tag","embeddable":true,"href":"https:\/\/bd-chroniques.be\/index.php\/wp-json\/wp\/v2\/tags?post=4772"}],"curies":[{"name":"wp","href":"https:\/\/api.w.org\/{rel}","templated":true}]}}