{"id":4840,"date":"2020-03-24T15:17:31","date_gmt":"2020-03-24T14:17:31","guid":{"rendered":"http:\/\/bd-chroniques.be\/?p=4840"},"modified":"2020-03-24T15:17:31","modified_gmt":"2020-03-24T14:17:31","slug":"albert-uderzo","status":"publish","type":"post","link":"https:\/\/bd-chroniques.be\/index.php\/2020\/03\/24\/albert-uderzo\/","title":{"rendered":"Albert Uderzo"},"content":{"rendered":"\n<h4 class=\"wp-block-heading\">La disparition d\u2019un dessinateur qui fait partie int\u00e9grante de notre patrimoine culturel.<\/h4>\n\n\n\n<figure class=\"wp-block-image size-large is-resized\"><img loading=\"lazy\" decoding=\"async\" src=\"https:\/\/i0.wp.com\/bd-chroniques.be\/wp-content\/uploads\/2020\/03\/uderzo0.jpg?fit=724%2C1024\" alt=\"\" class=\"wp-image-4841\" width=\"592\" height=\"837\" srcset=\"https:\/\/i0.wp.com\/bd-chroniques.be\/wp-content\/uploads\/2020\/03\/uderzo0.jpg?w=1654&amp;ssl=1 1654w, https:\/\/i0.wp.com\/bd-chroniques.be\/wp-content\/uploads\/2020\/03\/uderzo0.jpg?resize=212%2C300&amp;ssl=1 212w, https:\/\/i0.wp.com\/bd-chroniques.be\/wp-content\/uploads\/2020\/03\/uderzo0.jpg?resize=724%2C1024&amp;ssl=1 724w, https:\/\/i0.wp.com\/bd-chroniques.be\/wp-content\/uploads\/2020\/03\/uderzo0.jpg?resize=768%2C1086&amp;ssl=1 768w, https:\/\/i0.wp.com\/bd-chroniques.be\/wp-content\/uploads\/2020\/03\/uderzo0.jpg?resize=1086%2C1536&amp;ssl=1 1086w, https:\/\/i0.wp.com\/bd-chroniques.be\/wp-content\/uploads\/2020\/03\/uderzo0.jpg?resize=1448%2C2048&amp;ssl=1 1448w, https:\/\/i0.wp.com\/bd-chroniques.be\/wp-content\/uploads\/2020\/03\/uderzo0.jpg?w=1536&amp;ssl=1 1536w\" sizes=\"auto, (max-width: 592px) 100vw, 592px\" \/><figcaption>Uderzo \u00a9 Uderzo<\/figcaption><\/figure>\n\n\n\n<p>Je ne vais pas ici faire une longue chronique consacr\u00e9e \u00e0 Uderzo, qui vient de rejoindre Goscinny, Herg\u00e9, Jij\u00e9, Follet et tant d\u2019autres dans des ailleurs qu\u2019on ne conna\u00eet pas. Il \u00e9tait, et tout le monde le sait, un des deux cr\u00e9ateurs de la s\u00e9rie Ast\u00e9rix. D\u2019autres que moi, nombreux, talentueux, vont vous parler, de r\u00e9seau social en blog, de ce dessinateur au succ\u00e8s jamais d\u00e9menti. Un succ\u00e8s commercial, bien \u00e9videmment. Mais un vrai succ\u00e8s artistique, aussi, du moins tant que Ren\u00e9 Goscinny assurait et assumait les sc\u00e9narios des irr\u00e9ductibles petits Gaulois.<\/p>\n\n\n\n<p>Albert Uderzo a atteint la gloire, certes, mais il lui fallut le temps avant de devenir un repr\u00e9sentant majeur d\u2019un neuvi\u00e8me art capable de s\u2019adresser autant \u00e0 un public de jeunes qu\u2019\u00e0 des lecteurs adultes.<\/p>\n\n\n\n<p>Il y a eu dans les ann\u00e9es 50 \u00ab Belloy \u00bb, \u00ab Jehan Pistolet \u00bb avec d\u00e9j\u00e0 Goscinny comme sc\u00e9nariste, des albums avec Joly au sc\u00e9nario (\u00ab Marco Polo \u00bb, \u00ab Tom et Nelly \u00bb). Et puis, \u00e0 la fin des ann\u00e9es 50, quelques \u00e9pisodes de la s\u00e9rie r\u00e9aliste \u00ab Tanguy et Laverdure \u00bb, et, surtout, l\u2019\u00e9poustouflant \u00ab Oumpah-pah \u00bb. Gamin, c\u2019est avec cette petite s\u00e9rie que j\u2019ai compris le sens du double-sens, l\u2019intelligence du jeu de mots. Goscinny et Uderzo, \u00e0 mon humble avis, ont fait avec cette s\u00e9rie humoristico-historique se d\u00e9roulant entre France et Am\u00e9rique bien plus qu\u2019un simple brouillon de leur \u00ab Ast\u00e9rix le Gaulois \u00bb ! Une s\u00e9rie \u00e0 red\u00e9couvrir, croyez-moi !<\/p>\n\n\n\n<figure class=\"wp-block-image size-large is-resized\"><img data-recalc-dims=\"1\" loading=\"lazy\" decoding=\"async\" src=\"https:\/\/i0.wp.com\/bd-chroniques.be\/wp-content\/uploads\/2020\/03\/uderzo2.jpg?resize=597%2C773\" alt=\"\" class=\"wp-image-4843\" width=\"597\" height=\"773\" srcset=\"https:\/\/i0.wp.com\/bd-chroniques.be\/wp-content\/uploads\/2020\/03\/uderzo2.jpg?w=449&amp;ssl=1 449w, https:\/\/i0.wp.com\/bd-chroniques.be\/wp-content\/uploads\/2020\/03\/uderzo2.jpg?resize=232%2C300&amp;ssl=1 232w\" sizes=\"auto, (max-width: 597px) 100vw, 597px\" \/><figcaption> Uderzo \u00a9 Uderzo <\/figcaption><\/figure>\n\n\n\n<p>Mais voil\u00e0, en art, c\u2019est souvent le public qui choisit. Et quand ces deux complices ont cr\u00e9\u00e9 ce petit Gaulois, personnage qui, sous couvert de comique de situation, se r\u00e9v\u00e9lait \u00eatre une caricature parfois f\u00e9roce de la soci\u00e9t\u00e9 fran\u00e7aise du d\u00e9but des ann\u00e9es 60, ils ne s\u2019attendaient pas au succ\u00e8s qui fut le leur ! Un succ\u00e8s d\u00fb sans doute \u00e0 une envie (rare) d\u2019auto-d\u00e9rision de la part des Fran\u00e7ais, un succ\u00e8s d\u00fb aussi, surtout, \u00e0 une \u00e9criture qui \u00e9tait r\u00e9solument culturelle, avec utilisation du latin pour des gags qui, du coup, s\u2019\u00e9loignaient des habituelles \u00ab tartes \u00e0 la cr\u00e8me \u00bb\u2026<\/p>\n\n\n\n<figure class=\"wp-block-image size-large is-resized\"><img data-recalc-dims=\"1\" loading=\"lazy\" decoding=\"async\" src=\"https:\/\/i0.wp.com\/bd-chroniques.be\/wp-content\/uploads\/2020\/03\/uderzo3.jpg?resize=596%2C783\" alt=\"\" class=\"wp-image-4844\" width=\"596\" height=\"783\" srcset=\"https:\/\/i0.wp.com\/bd-chroniques.be\/wp-content\/uploads\/2020\/03\/uderzo3.jpg?w=650&amp;ssl=1 650w, https:\/\/i0.wp.com\/bd-chroniques.be\/wp-content\/uploads\/2020\/03\/uderzo3.jpg?resize=228%2C300&amp;ssl=1 228w\" sizes=\"auto, (max-width: 596px) 100vw, 596px\" \/><figcaption> Uderzo \u00a9 Uderzo <\/figcaption><\/figure>\n\n\n\n<p>Bien s\u00fbr, avec le temps, avec la mort de Ren\u00e9 Goscinny aussi, nul ne peut nier que la s\u00e9rie \u00ab Ast\u00e9rix \u00bb, aux ventes toujours pl\u00e9thoriques, a \u00e9norm\u00e9ment perdu de son souffle (j\u2019avais envie de dire, de son \u00ab\u00e2me \u00bb). Mais ce personnage, \u00e0 l\u2019instar de Tintin, reste et restera cependant inscrit dans les g\u00eanes m\u00eames de la culture populaire du vingti\u00e8me si\u00e8cle !<\/p>\n\n\n\n<p><strong>Jacques Schra\u00fbwen<\/strong><\/p>\n\n\n\n<figure class=\"wp-block-image size-large is-resized\"><img data-recalc-dims=\"1\" loading=\"lazy\" decoding=\"async\" src=\"https:\/\/i0.wp.com\/bd-chroniques.be\/wp-content\/uploads\/2020\/03\/uderzo4.jpg?resize=592%2C857\" alt=\"\" class=\"wp-image-4845\" width=\"592\" height=\"857\" srcset=\"https:\/\/i0.wp.com\/bd-chroniques.be\/wp-content\/uploads\/2020\/03\/uderzo4.jpg?w=397&amp;ssl=1 397w, https:\/\/i0.wp.com\/bd-chroniques.be\/wp-content\/uploads\/2020\/03\/uderzo4.jpg?resize=207%2C300&amp;ssl=1 207w\" sizes=\"auto, (max-width: 592px) 100vw, 592px\" \/><figcaption> Uderzo \u00a9 Uderzo <\/figcaption><\/figure>\n","protected":false},"excerpt":{"rendered":"<p>La disparition d\u2019un dessinateur qui fait partie int\u00e9grante de notre patrimoine culturel. Je ne vais pas ici faire une longue chronique consacr\u00e9e \u00e0 Uderzo, qui vient de rejoindre Goscinny, Herg\u00e9, Jij\u00e9, Follet et tant d\u2019autres dans des ailleurs qu\u2019on ne conna\u00eet pas. Il \u00e9tait, et tout le monde le sait, un des deux cr\u00e9ateurs de [&hellip;]<\/p>\n","protected":false},"author":1,"featured_media":4842,"comment_status":"open","ping_status":"open","sticky":false,"template":"","format":"standard","meta":{"jetpack_post_was_ever_published":false,"_jetpack_newsletter_access":"","_jetpack_dont_email_post_to_subs":false,"_jetpack_newsletter_tier_id":0,"_jetpack_memberships_contains_paywalled_content":false,"_jetpack_memberships_contains_paid_content":false,"footnotes":"","jetpack_publicize_message":"","jetpack_publicize_feature_enabled":true,"jetpack_social_post_already_shared":true,"jetpack_social_options":{"image_generator_settings":{"template":"highway","default_image_id":0,"font":"","enabled":false},"version":2}},"categories":[1],"tags":[],"class_list":["post-4840","post","type-post","status-publish","format-standard","has-post-thumbnail","hentry","category-hommages-2"],"jetpack_publicize_connections":[],"jetpack_featured_media_url":"https:\/\/i0.wp.com\/bd-chroniques.be\/wp-content\/uploads\/2020\/03\/UDERZO1.jpg?fit=300%2C300&ssl=1","jetpack_shortlink":"https:\/\/wp.me\/p8dqsu-1g4","jetpack_likes_enabled":true,"jetpack_sharing_enabled":true,"_links":{"self":[{"href":"https:\/\/bd-chroniques.be\/index.php\/wp-json\/wp\/v2\/posts\/4840","targetHints":{"allow":["GET"]}}],"collection":[{"href":"https:\/\/bd-chroniques.be\/index.php\/wp-json\/wp\/v2\/posts"}],"about":[{"href":"https:\/\/bd-chroniques.be\/index.php\/wp-json\/wp\/v2\/types\/post"}],"author":[{"embeddable":true,"href":"https:\/\/bd-chroniques.be\/index.php\/wp-json\/wp\/v2\/users\/1"}],"replies":[{"embeddable":true,"href":"https:\/\/bd-chroniques.be\/index.php\/wp-json\/wp\/v2\/comments?post=4840"}],"version-history":[{"count":1,"href":"https:\/\/bd-chroniques.be\/index.php\/wp-json\/wp\/v2\/posts\/4840\/revisions"}],"predecessor-version":[{"id":4846,"href":"https:\/\/bd-chroniques.be\/index.php\/wp-json\/wp\/v2\/posts\/4840\/revisions\/4846"}],"wp:featuredmedia":[{"embeddable":true,"href":"https:\/\/bd-chroniques.be\/index.php\/wp-json\/wp\/v2\/media\/4842"}],"wp:attachment":[{"href":"https:\/\/bd-chroniques.be\/index.php\/wp-json\/wp\/v2\/media?parent=4840"}],"wp:term":[{"taxonomy":"category","embeddable":true,"href":"https:\/\/bd-chroniques.be\/index.php\/wp-json\/wp\/v2\/categories?post=4840"},{"taxonomy":"post_tag","embeddable":true,"href":"https:\/\/bd-chroniques.be\/index.php\/wp-json\/wp\/v2\/tags?post=4840"}],"curies":[{"name":"wp","href":"https:\/\/api.w.org\/{rel}","templated":true}]}}