{"id":5004,"date":"2020-05-29T11:16:39","date_gmt":"2020-05-29T09:16:39","guid":{"rendered":"https:\/\/bd-chroniques.be\/?p=5004"},"modified":"2020-05-29T12:54:28","modified_gmt":"2020-05-29T10:54:28","slug":"rene-follet-un-illustrateur-humaniste-au-service-du-scoutisme","status":"publish","type":"post","link":"https:\/\/bd-chroniques.be\/index.php\/2020\/05\/29\/rene-follet-un-illustrateur-humaniste-au-service-du-scoutisme\/","title":{"rendered":"Ren\u00e9 Follet, un illustrateur humaniste au service du scoutisme"},"content":{"rendered":"\n<p>C\u2019est le 13 mars dernier qu\u2019est mort Ren\u00e9 Follet, un dessinateur belge exceptionnel par son talent, par sa gentillesse, par son humilit\u00e9, par la fid\u00e9lit\u00e9 qu\u2019il a eue, pendant toute sa vie, \u00e0 ses id\u00e9aux de jeunesse !<\/p>\n\n\n\n<figure class=\"wp-block-image size-large\"><img loading=\"lazy\" decoding=\"async\" width=\"1761\" height=\"2560\" src=\"https:\/\/i2.wp.com\/bd-chroniques.be\/wp-content\/uploads\/2020\/05\/FOLLET0-scaled.jpg?fit=704%2C1024&amp;ssl=1\" alt=\"\" class=\"wp-image-5005\" srcset=\"https:\/\/i0.wp.com\/bd-chroniques.be\/wp-content\/uploads\/2020\/05\/FOLLET0-scaled.jpg?w=1761&amp;ssl=1 1761w, https:\/\/i0.wp.com\/bd-chroniques.be\/wp-content\/uploads\/2020\/05\/FOLLET0-scaled.jpg?resize=206%2C300&amp;ssl=1 206w, https:\/\/i0.wp.com\/bd-chroniques.be\/wp-content\/uploads\/2020\/05\/FOLLET0-scaled.jpg?resize=704%2C1024&amp;ssl=1 704w, https:\/\/i0.wp.com\/bd-chroniques.be\/wp-content\/uploads\/2020\/05\/FOLLET0-scaled.jpg?resize=768%2C1117&amp;ssl=1 768w, https:\/\/i0.wp.com\/bd-chroniques.be\/wp-content\/uploads\/2020\/05\/FOLLET0-scaled.jpg?resize=1056%2C1536&amp;ssl=1 1056w, https:\/\/i0.wp.com\/bd-chroniques.be\/wp-content\/uploads\/2020\/05\/FOLLET0-scaled.jpg?resize=1409%2C2048&amp;ssl=1 1409w, https:\/\/i0.wp.com\/bd-chroniques.be\/wp-content\/uploads\/2020\/05\/FOLLET0-scaled.jpg?w=1536&amp;ssl=1 1536w\" sizes=\"auto, (max-width: 768px) 100vw, 768px\" \/><figcaption>Ren\u00e9 Follet \u00a9 CHBS<\/figcaption><\/figure>\n\n\n\n<p>Ses id\u00e9aux de jeunesse\u2026 Voil\u00e0 une expression qui, de nos jours, semble de plus en plus d\u00e9su\u00e8te, comme l\u2019est le mot \u00ab valeurs \u00bb.<\/p>\n\n\n\n<p>Et il est vrai que, parmi les gens en place, parmi les gens qui \u00ab ont r\u00e9ussi \u00bb, ils sont nombreux, ceux qui ont oubli\u00e9 leurs adolescences pleines de r\u00eaves, d\u2019attentes, de r\u00e9voltes et de r\u00e9els en cr\u00e9ation.<\/p>\n\n\n\n<p>Dans l\u2019univers de la bande dessin\u00e9e, cela n\u2019a jamais \u00e9t\u00e9 le cas, fort heureusement, de gens comme Tardi, comme Lepage, comme Hermann, comme Follet\u2026 Entre autres !<\/p>\n\n\n\n<figure class=\"wp-block-image size-large\"><img loading=\"lazy\" decoding=\"async\" width=\"1158\" height=\"1575\" src=\"https:\/\/i0.wp.com\/bd-chroniques.be\/wp-content\/uploads\/2020\/05\/FOLLET1.jpg?fit=753%2C1024&amp;ssl=1\" alt=\"\" class=\"wp-image-5006\" srcset=\"https:\/\/i0.wp.com\/bd-chroniques.be\/wp-content\/uploads\/2020\/05\/FOLLET1.jpg?w=1158&amp;ssl=1 1158w, https:\/\/i0.wp.com\/bd-chroniques.be\/wp-content\/uploads\/2020\/05\/FOLLET1.jpg?resize=221%2C300&amp;ssl=1 221w, https:\/\/i0.wp.com\/bd-chroniques.be\/wp-content\/uploads\/2020\/05\/FOLLET1.jpg?resize=753%2C1024&amp;ssl=1 753w, https:\/\/i0.wp.com\/bd-chroniques.be\/wp-content\/uploads\/2020\/05\/FOLLET1.jpg?resize=768%2C1045&amp;ssl=1 768w, https:\/\/i0.wp.com\/bd-chroniques.be\/wp-content\/uploads\/2020\/05\/FOLLET1.jpg?resize=1129%2C1536&amp;ssl=1 1129w\" sizes=\"auto, (max-width: 768px) 100vw, 768px\" \/><figcaption>Ren\u00e9 Follet \u00a9 CHBS<\/figcaption><\/figure>\n\n\n\n<p>Ren\u00e9 Follet\u2026<\/p>\n\n\n\n<p>Un homme dont l\u2019humilit\u00e9 \u00e9tait sans appr\u00eat, un artiste qui m\u2019a dit un jour ne rien regretter, qu\u2019il avait eu les honneurs qu\u2019il m\u00e9ritait, et qu\u2019il n\u2019en m\u00e9ritait pas plus, et que c\u2019\u00e9tait bien comme \u00e7a\u2026<\/p>\n\n\n\n<p>Un homme droit, souriant, accueillant. Un artiste que tous ses pairs admiraient sans r\u00e9serve, pour son talent, pour l\u2019\u00e9vidence de ses couleurs comme de ses traits, de ses regards dessin\u00e9s comme des mouvements construits \u00e0 m\u00eame les pages de ses albums.<\/p>\n\n\n\n<figure class=\"wp-block-image size-large\"><img loading=\"lazy\" decoding=\"async\" width=\"1006\" height=\"1030\" src=\"https:\/\/i2.wp.com\/bd-chroniques.be\/wp-content\/uploads\/2020\/05\/FOLLET2.jpg?fit=768%2C786&amp;ssl=1\" alt=\"\" class=\"wp-image-5007\" srcset=\"https:\/\/i0.wp.com\/bd-chroniques.be\/wp-content\/uploads\/2020\/05\/FOLLET2.jpg?w=1006&amp;ssl=1 1006w, https:\/\/i0.wp.com\/bd-chroniques.be\/wp-content\/uploads\/2020\/05\/FOLLET2.jpg?resize=293%2C300&amp;ssl=1 293w, https:\/\/i0.wp.com\/bd-chroniques.be\/wp-content\/uploads\/2020\/05\/FOLLET2.jpg?resize=1000%2C1024&amp;ssl=1 1000w, https:\/\/i0.wp.com\/bd-chroniques.be\/wp-content\/uploads\/2020\/05\/FOLLET2.jpg?resize=768%2C786&amp;ssl=1 768w\" sizes=\"auto, (max-width: 768px) 100vw, 768px\" \/><figcaption>Ren\u00e9 Follet \u00a9 CHBS<\/figcaption><\/figure>\n\n\n\n<p>Je parlais d\u2019Emmanuel Lepage, et ce fut une belle amiti\u00e9 que celle qui a uni ces deux dessinateurs au long de pages somptueuses, au feu de quelques voyages graphiques, celui de Jules par exemple, qui ont apport\u00e9 \u00e0 la bande dessin\u00e9e, ces derni\u00e8res ann\u00e9es, un feu nouveau.<\/p>\n\n\n\n<p>Cela dit, au-del\u00e0 d\u2019une \u0153uvre BD importante, m\u00e9connue il faut bien le dire, ce qui a fait aussi la qualit\u00e9 extraordinaire de Ren\u00e9 Follet, c\u2019est sa carri\u00e8re d\u2019illustrateur. Plut\u00f4t que carri\u00e8re, d\u2019ailleurs, c\u2019est le mot \u00ab passion \u00bb qu\u2019il faudrait utiliser et dire de lui qu\u2019il fut un des plus g\u00e9niaux \u00ab artisans \u00bb de l\u2019illustration du vingti\u00e8me si\u00e8cle.<\/p>\n\n\n\n<figure class=\"wp-block-image size-large\"><img loading=\"lazy\" decoding=\"async\" width=\"976\" height=\"1401\" src=\"https:\/\/i1.wp.com\/bd-chroniques.be\/wp-content\/uploads\/2020\/05\/FOLLET3.jpg?fit=713%2C1024&amp;ssl=1\" alt=\"\" class=\"wp-image-5008\" srcset=\"https:\/\/i0.wp.com\/bd-chroniques.be\/wp-content\/uploads\/2020\/05\/FOLLET3.jpg?w=976&amp;ssl=1 976w, https:\/\/i0.wp.com\/bd-chroniques.be\/wp-content\/uploads\/2020\/05\/FOLLET3.jpg?resize=209%2C300&amp;ssl=1 209w, https:\/\/i0.wp.com\/bd-chroniques.be\/wp-content\/uploads\/2020\/05\/FOLLET3.jpg?resize=713%2C1024&amp;ssl=1 713w, https:\/\/i0.wp.com\/bd-chroniques.be\/wp-content\/uploads\/2020\/05\/FOLLET3.jpg?resize=768%2C1102&amp;ssl=1 768w\" sizes=\"auto, (max-width: 768px) 100vw, 768px\" \/><figcaption>Ren\u00e9 Follet \u00a9 CHBS<\/figcaption><\/figure>\n\n\n\n<p>Ne croyez pas que l\u2019art de l\u2019illustration est un art mineur, que du contraire ! Combien sommes-nous \u00e0 avoir d\u00e9couvert le plaisir de lire gr\u00e2ce aux illustrations des livres qui nous tombaient dans les mains.<\/p>\n\n\n\n<p>Ren\u00e9 Follet fut cet illustrateur \u00ab \u00e9claire \u00bb, sans aucun doute. Et il le fut d\u2019abord et avant tout peut-\u00eatre dans le cadre du scoutisme. Je parlais, plus haut, de valeurs\u2026 Il est de bon ton, aujourd\u2019hui, de critiquer le scoutisme, d\u2019en faire l\u2019amalgame avec les jeunesses hitl\u00e9riennes, avec la p\u00e9dophilie, avec l\u2019extr\u00eame droite d\u2019aujourd\u2019hui. C\u2019est l\u00e0 faire injure, d\u2019une part, \u00e0 l\u2019Histoire, celle du vingti\u00e8me si\u00e8cle, celle du scoutisme qui, depuis sa naissance, a inspir\u00e9 bien des id\u00e9ologies, les jeunesses hil\u00e9riennes comme les faucons rouges\u2026 C\u2019est faire injure, d\u2019autre part, aux millions de jeunes qui, \u00e0 traves le monde, ont trouv\u00e9 chez les louveteaux, les scouts, les guides, le sens de mots aussi importants que \u00ab solidarit\u00e9 \u00bb, \u00ab amiti\u00e9 \u00bb, \u00ab partage \u00bb, \u00ab responsabilit\u00e9s \u00bb, \u00ab action \u00bb !<\/p>\n\n\n\n<figure class=\"wp-block-image size-large\"><img loading=\"lazy\" decoding=\"async\" width=\"1135\" height=\"879\" src=\"https:\/\/i2.wp.com\/bd-chroniques.be\/wp-content\/uploads\/2020\/05\/FOLLET4.jpg?fit=768%2C595&amp;ssl=1\" alt=\"\" class=\"wp-image-5009\" srcset=\"https:\/\/i0.wp.com\/bd-chroniques.be\/wp-content\/uploads\/2020\/05\/FOLLET4.jpg?w=1135&amp;ssl=1 1135w, https:\/\/i0.wp.com\/bd-chroniques.be\/wp-content\/uploads\/2020\/05\/FOLLET4.jpg?resize=300%2C232&amp;ssl=1 300w, https:\/\/i0.wp.com\/bd-chroniques.be\/wp-content\/uploads\/2020\/05\/FOLLET4.jpg?resize=1024%2C793&amp;ssl=1 1024w, https:\/\/i0.wp.com\/bd-chroniques.be\/wp-content\/uploads\/2020\/05\/FOLLET4.jpg?resize=768%2C595&amp;ssl=1 768w\" sizes=\"auto, (max-width: 768px) 100vw, 768px\" \/><figcaption>Ren\u00e9 Follet \u00a9 CHBS<\/figcaption><\/figure>\n\n\n\n<p>Et c\u2019est un \u00e9poustouflant m\u00e9lange que nous offre ce livre, \u00ab Ren\u00e9 Follet, un illustrateur humaniste au service du scoutisme \u00bb, un m\u00e9lange entre l\u2019\u00e9blouissement de ses illustrations et le sens de la libert\u00e9 assum\u00e9e au sein d\u2019un mouvement de jeunesse qui a toujours voulu laisser la parole \u00e0 cette jeunesse.<\/p>\n\n\n\n<figure class=\"wp-block-image size-large is-resized\"><img loading=\"lazy\" decoding=\"async\" src=\"https:\/\/i1.wp.com\/bd-chroniques.be\/wp-content\/uploads\/2020\/05\/FOLLET5.jpg?fit=442%2C1024&amp;ssl=1\" alt=\"\" class=\"wp-image-5010\" width=\"575\" height=\"1332\" srcset=\"https:\/\/i0.wp.com\/bd-chroniques.be\/wp-content\/uploads\/2020\/05\/FOLLET5.jpg?w=810&amp;ssl=1 810w, https:\/\/i0.wp.com\/bd-chroniques.be\/wp-content\/uploads\/2020\/05\/FOLLET5.jpg?resize=129%2C300&amp;ssl=1 129w, https:\/\/i0.wp.com\/bd-chroniques.be\/wp-content\/uploads\/2020\/05\/FOLLET5.jpg?resize=442%2C1024&amp;ssl=1 442w, https:\/\/i0.wp.com\/bd-chroniques.be\/wp-content\/uploads\/2020\/05\/FOLLET5.jpg?resize=768%2C1781&amp;ssl=1 768w\" sizes=\"auto, (max-width: 575px) 100vw, 575px\" \/><figcaption>Ren\u00e9 Follet \u00a9 CHBS<\/figcaption><\/figure>\n\n\n\n<p>On y retrouve, plus qu\u2019un catalogue, la pr\u00e9sence d\u2019un humaniste, oui, d\u2019un \u00eatre humain profond\u00e9ment \u00e0 l\u2019\u00e9coute des autres, sans id\u00e9ologie, sans dogmatisme. M\u00eame si, comme il me l\u2019a dit, il n\u2019a d\u00e9couvert Pierre Joubert que bien apr\u00e8s ses travaux ici montr\u00e9s, au sein du scoutisme belge, on voit quand m\u00eame que, jeune, il a d\u00fb voir les dessins de Joubert dans les \u00e9quivalents de de la revue Plein Jeu ou Seeonee en France. IL n\u2019y a aucune imitation, loin de l\u00e0, mais il y a comme une fratrie\u2026 Que partagent, d\u2019ailleurs, hier un Pierre Forget, aujourd\u2019hui un Emmanuel Lepage.<\/p>\n\n\n\n<figure class=\"wp-block-image size-large\"><img loading=\"lazy\" decoding=\"async\" width=\"1648\" height=\"1299\" src=\"https:\/\/i0.wp.com\/bd-chroniques.be\/wp-content\/uploads\/2020\/05\/FOLLET6.jpg?fit=768%2C605&amp;ssl=1\" alt=\"\" class=\"wp-image-5011\" srcset=\"https:\/\/i0.wp.com\/bd-chroniques.be\/wp-content\/uploads\/2020\/05\/FOLLET6.jpg?w=1648&amp;ssl=1 1648w, https:\/\/i0.wp.com\/bd-chroniques.be\/wp-content\/uploads\/2020\/05\/FOLLET6.jpg?resize=300%2C236&amp;ssl=1 300w, https:\/\/i0.wp.com\/bd-chroniques.be\/wp-content\/uploads\/2020\/05\/FOLLET6.jpg?resize=1024%2C807&amp;ssl=1 1024w, https:\/\/i0.wp.com\/bd-chroniques.be\/wp-content\/uploads\/2020\/05\/FOLLET6.jpg?resize=768%2C605&amp;ssl=1 768w, https:\/\/i0.wp.com\/bd-chroniques.be\/wp-content\/uploads\/2020\/05\/FOLLET6.jpg?resize=1536%2C1211&amp;ssl=1 1536w\" sizes=\"auto, (max-width: 768px) 100vw, 768px\" \/><figcaption>Ren\u00e9 Follet \u00a9 CHBS<\/figcaption><\/figure>\n\n\n\n<p>Le livre de Jean-Louis Hengchen, \u00e9dit\u00e9 par les \u00ab Cahiers D\u2019histoire Belge du Scoutisme \u00bb rend ainsi hommage en m\u00eame temps au scoutisme et \u00e0 Ren\u00e9 Follet. C\u2019est un ouvrage indispensable pour tous les amoureux de l\u2019\u0153uvre de Ren\u00e9 Follet, pour tous ceux qui ont v\u00e9cu le scoutisme avec intensit\u00e9, pour tous ceux qui veulent en d\u00e9couvrir quelques arcanes.<\/p>\n\n\n\n<p>C\u2019est un livre superbe, sans pr\u00e9tention comme l\u2019\u00e9tait Ren\u00e9 Follet. Un livre que vous ne pouvez pas ne pas vous procurer !&#8230;<\/p>\n\n\n\n<p><strong>Jacques Schra\u00fbwen<\/strong><\/p>\n\n\n\n<p><strong>Ren\u00e9 Follet, un illustrateur humaniste au service du scoutisme (auteur : Jean-Louis Hengchen \u2013 \u00e9diteur : CHBS)<\/strong><\/p>\n\n\n\n<p>Liens CHBS : <\/p>\n\n\n\n<p><a href=\"http:\/\/www.chbs.be\" title=\"www.chbs.be \">www.chbs.be <\/a><\/p>\n\n\n\n<p><a href=\"https:\/\/bd-chroniques.be\/index.php\/2020\/03\/14\/rene-follet\/ \">https:\/\/bd-chroniques.be\/index.php\/2020\/03\/14\/rene-follet\/ <\/a><\/p>\n\n\n\n<p>h<a href=\"https:\/\/bd-chroniques.be\/index.php\/2019\/07\/16\/les-voyages-de-jules\/ \">ttps:\/\/bd-chroniques.be\/index.php\/2019\/07\/16\/les-voyages-de-jules\/ <\/a><\/p>\n\n\n\n<p><a href=\"https:\/\/bd-chroniques.be\/index.php\/2017\/04\/11\/les-voyages-dulysse\/\">https:\/\/bd-chroniques.be\/index.php\/2017\/04\/11\/les-voyages-dulysse\/<\/a><\/p>\n\n\n\n<div class=\"wp-block-image\"><figure class=\"aligncenter size-large is-resized\"><img data-recalc-dims=\"1\" loading=\"lazy\" decoding=\"async\" src=\"https:\/\/i0.wp.com\/bd-chroniques.be\/wp-content\/uploads\/2020\/05\/FOLLET7.jpg?resize=282%2C394&#038;ssl=1\" alt=\"\" class=\"wp-image-5012\" width=\"282\" height=\"394\" srcset=\"https:\/\/i0.wp.com\/bd-chroniques.be\/wp-content\/uploads\/2020\/05\/FOLLET7.jpg?w=283&amp;ssl=1 283w, https:\/\/i0.wp.com\/bd-chroniques.be\/wp-content\/uploads\/2020\/05\/FOLLET7.jpg?resize=215%2C300&amp;ssl=1 215w\" sizes=\"auto, (max-width: 282px) 100vw, 282px\" \/><figcaption> \u00a9 CHBS<\/figcaption><\/figure><\/div>\n","protected":false},"excerpt":{"rendered":"<p>C\u2019est le 13 mars dernier qu\u2019est mort Ren\u00e9 Follet, un dessinateur belge exceptionnel par son talent, par sa gentillesse, par son humilit\u00e9, par la fid\u00e9lit\u00e9 qu\u2019il a eue, pendant toute sa vie, \u00e0 ses id\u00e9aux de jeunesse ! Ses id\u00e9aux de jeunesse\u2026 Voil\u00e0 une expression qui, de nos jours, semble de plus en plus d\u00e9su\u00e8te, [&hellip;]<\/p>\n","protected":false},"author":1,"featured_media":5005,"comment_status":"open","ping_status":"open","sticky":false,"template":"","format":"standard","meta":{"jetpack_post_was_ever_published":false,"_jetpack_newsletter_access":"","_jetpack_dont_email_post_to_subs":false,"_jetpack_newsletter_tier_id":0,"_jetpack_memberships_contains_paywalled_content":false,"_jetpack_memberships_contains_paid_content":false,"footnotes":"","jetpack_publicize_message":"","jetpack_publicize_feature_enabled":true,"jetpack_social_post_already_shared":true,"jetpack_social_options":{"image_generator_settings":{"template":"highway","default_image_id":0,"font":"","enabled":false},"version":2}},"categories":[23,29],"tags":[],"class_list":["post-5004","post","type-post","status-publish","format-standard","has-post-thumbnail","hentry","category-bd-de-m-a-r","category-r"],"jetpack_publicize_connections":[],"jetpack_featured_media_url":"https:\/\/i0.wp.com\/bd-chroniques.be\/wp-content\/uploads\/2020\/05\/FOLLET0-scaled.jpg?fit=1761%2C2560&ssl=1","jetpack_shortlink":"https:\/\/wp.me\/p8dqsu-1iI","jetpack_likes_enabled":true,"jetpack_sharing_enabled":true,"_links":{"self":[{"href":"https:\/\/bd-chroniques.be\/index.php\/wp-json\/wp\/v2\/posts\/5004","targetHints":{"allow":["GET"]}}],"collection":[{"href":"https:\/\/bd-chroniques.be\/index.php\/wp-json\/wp\/v2\/posts"}],"about":[{"href":"https:\/\/bd-chroniques.be\/index.php\/wp-json\/wp\/v2\/types\/post"}],"author":[{"embeddable":true,"href":"https:\/\/bd-chroniques.be\/index.php\/wp-json\/wp\/v2\/users\/1"}],"replies":[{"embeddable":true,"href":"https:\/\/bd-chroniques.be\/index.php\/wp-json\/wp\/v2\/comments?post=5004"}],"version-history":[{"count":4,"href":"https:\/\/bd-chroniques.be\/index.php\/wp-json\/wp\/v2\/posts\/5004\/revisions"}],"predecessor-version":[{"id":5016,"href":"https:\/\/bd-chroniques.be\/index.php\/wp-json\/wp\/v2\/posts\/5004\/revisions\/5016"}],"wp:featuredmedia":[{"embeddable":true,"href":"https:\/\/bd-chroniques.be\/index.php\/wp-json\/wp\/v2\/media\/5005"}],"wp:attachment":[{"href":"https:\/\/bd-chroniques.be\/index.php\/wp-json\/wp\/v2\/media?parent=5004"}],"wp:term":[{"taxonomy":"category","embeddable":true,"href":"https:\/\/bd-chroniques.be\/index.php\/wp-json\/wp\/v2\/categories?post=5004"},{"taxonomy":"post_tag","embeddable":true,"href":"https:\/\/bd-chroniques.be\/index.php\/wp-json\/wp\/v2\/tags?post=5004"}],"curies":[{"name":"wp","href":"https:\/\/api.w.org\/{rel}","templated":true}]}}