{"id":5025,"date":"2020-06-07T08:30:00","date_gmt":"2020-06-07T06:30:00","guid":{"rendered":"https:\/\/bd-chroniques.be\/?p=5025"},"modified":"2020-06-06T19:08:16","modified_gmt":"2020-06-06T17:08:16","slug":"le-centre-belge-de-la-bande-dessinee","status":"publish","type":"post","link":"https:\/\/bd-chroniques.be\/index.php\/2020\/06\/07\/le-centre-belge-de-la-bande-dessinee\/","title":{"rendered":"Le Centre Belge de la Bande Dessin\u00e9e"},"content":{"rendered":"\n<h4 class=\"wp-block-heading\">Une exposition consacr\u00e9e \u00e0 et un renouveau \u00e0 venir\u2026<\/h4>\n\n\n\n<p>Le mus\u00e9e de la bande dessin\u00e9e de Bruxelles rouvre ses portes, et une exposition consacr\u00e9e \u00e0 Guarnido, cela ne se rate pas, m\u00eame avec les protocoles de s\u00e9curit\u00e9 qui sont en vigueur pour le moment !<\/p>\n\n\n\n<figure class=\"wp-block-image size-large\"><img loading=\"lazy\" decoding=\"async\" width=\"842\" height=\"1191\" src=\"https:\/\/i1.wp.com\/bd-chroniques.be\/wp-content\/uploads\/2020\/06\/cbbd0.jpg?fit=724%2C1024&amp;ssl=1\" alt=\"\" class=\"wp-image-5026\" srcset=\"https:\/\/i0.wp.com\/bd-chroniques.be\/wp-content\/uploads\/2020\/06\/cbbd0.jpg?w=842&amp;ssl=1 842w, https:\/\/i0.wp.com\/bd-chroniques.be\/wp-content\/uploads\/2020\/06\/cbbd0.jpg?resize=212%2C300&amp;ssl=1 212w, https:\/\/i0.wp.com\/bd-chroniques.be\/wp-content\/uploads\/2020\/06\/cbbd0.jpg?resize=724%2C1024&amp;ssl=1 724w, https:\/\/i0.wp.com\/bd-chroniques.be\/wp-content\/uploads\/2020\/06\/cbbd0.jpg?resize=768%2C1086&amp;ssl=1 768w\" sizes=\"auto, (max-width: 768px) 100vw, 768px\" \/><\/figure>\n\n\n\n<p>Pendant cette longue p\u00e9riode pendant laquelle les autorit\u00e9s politiques et certaines autorit\u00e9s scientifiques ont d\u00e9cid\u00e9 de notre confinement, la culture a \u00e9t\u00e9 contrainte de se retrouver aux abonn\u00e9s absents.<\/p>\n\n\n\n<p>Voici qu\u2019enfin rena\u00eet une forme de libert\u00e9, celle de choisir ses \u00e9merveillements, celle de vibrer \u00e0 des rencontres artistiques accroch\u00e9es aux cimaises de nos mus\u00e9es. Des mus\u00e9es qui ont besoin, eux aussi, d\u2019\u00eatre soutenus\u2026<\/p>\n\n\n\n<p>Il y a un verbe qui est particuli\u00e8rement \u00e0 la mode, aujourd\u2019hui : \u00ab se r\u00e9inventer \u00bb !<\/p>\n\n\n\n<p>Et il est vrai que, pour cette exposition, il a fallu am\u00e9nager le CBBD de mani\u00e8re \u00e0 ce que les \u00ab protocoles \u00bb sanitaires qui continuent \u00e0 \u00eatre de mise soient respect\u00e9s. Cet am\u00e9nagement, tout compte fait, n\u2019est pas \u00e9norm\u00e9ment contraignant. On ne fl\u00e2ne plus, certes, mais en suivant des chemins balis\u00e9s, on d\u00e9couvre des paysages qu\u2019on n\u2019aurait sans doute pas vus autrement.<\/p>\n\n\n\n<figure class=\"wp-block-image size-large\"><img loading=\"lazy\" decoding=\"async\" width=\"1650\" height=\"2334\" src=\"https:\/\/i0.wp.com\/bd-chroniques.be\/wp-content\/uploads\/2020\/06\/IMG_0044.jpg?fit=724%2C1024&amp;ssl=1\" alt=\"\" class=\"wp-image-5034\" srcset=\"https:\/\/i0.wp.com\/bd-chroniques.be\/wp-content\/uploads\/2020\/06\/IMG_0044.jpg?w=1650&amp;ssl=1 1650w, https:\/\/i0.wp.com\/bd-chroniques.be\/wp-content\/uploads\/2020\/06\/IMG_0044.jpg?resize=212%2C300&amp;ssl=1 212w, https:\/\/i0.wp.com\/bd-chroniques.be\/wp-content\/uploads\/2020\/06\/IMG_0044.jpg?resize=724%2C1024&amp;ssl=1 724w, https:\/\/i0.wp.com\/bd-chroniques.be\/wp-content\/uploads\/2020\/06\/IMG_0044.jpg?resize=768%2C1086&amp;ssl=1 768w, https:\/\/i0.wp.com\/bd-chroniques.be\/wp-content\/uploads\/2020\/06\/IMG_0044.jpg?resize=1086%2C1536&amp;ssl=1 1086w, https:\/\/i0.wp.com\/bd-chroniques.be\/wp-content\/uploads\/2020\/06\/IMG_0044.jpg?resize=1448%2C2048&amp;ssl=1 1448w, https:\/\/i0.wp.com\/bd-chroniques.be\/wp-content\/uploads\/2020\/06\/IMG_0044.jpg?w=1536&amp;ssl=1 1536w\" sizes=\"auto, (max-width: 768px) 100vw, 768px\" \/><figcaption>J Guarnido \u00a9 Jacques Schra\u00fbwen<\/figcaption><\/figure>\n\n\n\n<p>Et le but cette bal(l)ade, aujourd\u2019hui, c\u2019est de rencontrer le \u00ab maestro \u00bb Guarnido, dessinateur d\u2019une s\u00e9rie devenue culte, Blacksad. Une bande dessin\u00e9e anthropomorphique, qui nous raconte les aventures d\u2019un chat d\u00e9tective priv\u00e9, dans la plus pure tradition des romans noirs am\u00e9ricains de Chandler, Brown, Hadley Chase, mais avec pas mal de distanciation. Avec l\u2019envie, dans chaque album, de d\u00e9passer la seule anecdote narrative. Ce qui a fait de ce h\u00e9ros un personnage important de la bd du vingt-et-uni\u00e8me si\u00e8cle, c\u2019est son c\u00f4t\u00e9 observateur d\u2019un monde dans lequel les valeurs essentielles, amour, amiti\u00e9, solidarit\u00e9, tol\u00e9rance, r\u00e9sistance, sont sans cesse mises \u00e0 mal.<\/p>\n\n\n\n<figure class=\"wp-block-image size-large\"><img loading=\"lazy\" decoding=\"async\" width=\"2560\" height=\"1571\" src=\"https:\/\/i1.wp.com\/bd-chroniques.be\/wp-content\/uploads\/2020\/06\/cbbd1-scaled.jpg?fit=768%2C472&amp;ssl=1\" alt=\"\" class=\"wp-image-5027\" srcset=\"https:\/\/i0.wp.com\/bd-chroniques.be\/wp-content\/uploads\/2020\/06\/cbbd1-scaled.jpg?w=2560&amp;ssl=1 2560w, https:\/\/i0.wp.com\/bd-chroniques.be\/wp-content\/uploads\/2020\/06\/cbbd1-scaled.jpg?resize=300%2C184&amp;ssl=1 300w, https:\/\/i0.wp.com\/bd-chroniques.be\/wp-content\/uploads\/2020\/06\/cbbd1-scaled.jpg?resize=1024%2C629&amp;ssl=1 1024w, https:\/\/i0.wp.com\/bd-chroniques.be\/wp-content\/uploads\/2020\/06\/cbbd1-scaled.jpg?resize=768%2C471&amp;ssl=1 768w, https:\/\/i0.wp.com\/bd-chroniques.be\/wp-content\/uploads\/2020\/06\/cbbd1-scaled.jpg?resize=1536%2C943&amp;ssl=1 1536w, https:\/\/i0.wp.com\/bd-chroniques.be\/wp-content\/uploads\/2020\/06\/cbbd1-scaled.jpg?resize=2048%2C1257&amp;ssl=1 2048w, https:\/\/i0.wp.com\/bd-chroniques.be\/wp-content\/uploads\/2020\/06\/cbbd1-scaled.jpg?w=2304&amp;ssl=1 2304w\" sizes=\"auto, (max-width: 768px) 100vw, 768px\" \/><figcaption>J Guarnido \u00a9 Jacques Schra\u00fbwen<\/figcaption><\/figure>\n\n\n\n<p>Guarnido a commenc\u00e9 par travailler dans les revues espagnoles d\u00e9pendant de Marvel, avant de travailler pour les studios Disney, comme dessinateur d\u2019abord, comme animateur ensuite. Apr\u00e8s cela, il y a eu l\u2019\u00e9poustouflant Blacksad, et puis une immersion dans le merveilleux, avec Sorci\u00e8res, une incursion dans la science-fiction avec Voyageur, et, derni\u00e8rement, un album \u00e0 la fois historique et picaresque, \u00ab Les Indes Fourbes \u00bb, graphiquement parfaitement r\u00e9ussi, sc\u00e9naristiquement un peu confus, \u00e0 mon humble avis.<\/p>\n\n\n\n<figure class=\"wp-block-image size-large\"><img loading=\"lazy\" decoding=\"async\" width=\"1160\" height=\"1534\" src=\"https:\/\/i0.wp.com\/bd-chroniques.be\/wp-content\/uploads\/2020\/06\/cbbd2.jpg?fit=768%2C1016&amp;ssl=1\" alt=\"\" class=\"wp-image-5028\" srcset=\"https:\/\/i0.wp.com\/bd-chroniques.be\/wp-content\/uploads\/2020\/06\/cbbd2.jpg?w=1160&amp;ssl=1 1160w, https:\/\/i0.wp.com\/bd-chroniques.be\/wp-content\/uploads\/2020\/06\/cbbd2.jpg?resize=227%2C300&amp;ssl=1 227w, https:\/\/i0.wp.com\/bd-chroniques.be\/wp-content\/uploads\/2020\/06\/cbbd2.jpg?resize=774%2C1024&amp;ssl=1 774w, https:\/\/i0.wp.com\/bd-chroniques.be\/wp-content\/uploads\/2020\/06\/cbbd2.jpg?resize=768%2C1016&amp;ssl=1 768w\" sizes=\"auto, (max-width: 768px) 100vw, 768px\" \/><figcaption>J Guarnido \u00a9 Jacques Schra\u00fbwen<\/figcaption><\/figure>\n\n\n\n<p>Et cette exposition a pris le parti de nous immerger dans la carri\u00e8re de Guarnido de mani\u00e8re chronologique, tout simplement. Avec plus de 150 documents originaux, elle permet vraiment, au visiteur de rentrer dans l\u2019\u0153uvre d\u2019un dessinateur qui occupe une place importante dans le paysage du neuvi\u00e8me art.<\/p>\n\n\n\n<p>Cette exposition est comme le survol passionn\u00e9, et passionnant, de l\u2019\u0153uvre d\u2019un artiste amoureux du geste et de la couleur ! Et la simplicit\u00e9 tranquille de sa sc\u00e9nographie, due \u00e0 M\u00e9lanie Andrieu, la commissaire de cette manifestation, est exactement ce qu\u2019il fallait pour faire de cette exposition un but de balade, graphique, po\u00e9tique, lumineuse !<\/p>\n\n\n\n<figure class=\"wp-block-audio\"><audio controls src=\"https:\/\/bd-chroniques.be\/wp-content\/uploads\/2020\/06\/cbbdcommissairre.mp3\"><\/audio><figcaption>Commisaire: M\u00e9lanie Andrieu<\/figcaption><\/figure>\n\n\n\n<p>Cela dit, je parlais plus haut du verbe \u00ab se r\u00e9inventer \u00bb.<\/p>\n\n\n\n<p>Ce long confinement, cette longue solitude impos\u00e9e a pouss\u00e9 le Centre Belge de la Bande Dessin\u00e9e \u00e0 acc\u00e9l\u00e9rer le mouvement dans sa volont\u00e9 de s\u2019ancrer plus profond\u00e9ment dans la r\u00e9alit\u00e9 quotidienne<\/p>\n\n\n\n<p>des auteurs. Il s\u2019agit moins de \u00ab r\u00e9invention, d\u2019ailleurs, que de retour aux sources m\u00eames de ce haut lieu national, et international, du neuvi\u00e8me art !<\/p>\n\n\n\n<figure class=\"wp-block-image size-large\"><img loading=\"lazy\" decoding=\"async\" width=\"2560\" height=\"1709\" src=\"https:\/\/i0.wp.com\/bd-chroniques.be\/wp-content\/uploads\/2020\/06\/cbbd3-scaled.jpg?fit=768%2C513&amp;ssl=1\" alt=\"\" class=\"wp-image-5030\" srcset=\"https:\/\/i0.wp.com\/bd-chroniques.be\/wp-content\/uploads\/2020\/06\/cbbd3-scaled.jpg?w=2560&amp;ssl=1 2560w, https:\/\/i0.wp.com\/bd-chroniques.be\/wp-content\/uploads\/2020\/06\/cbbd3-scaled.jpg?resize=300%2C200&amp;ssl=1 300w, https:\/\/i0.wp.com\/bd-chroniques.be\/wp-content\/uploads\/2020\/06\/cbbd3-scaled.jpg?resize=1024%2C684&amp;ssl=1 1024w, https:\/\/i0.wp.com\/bd-chroniques.be\/wp-content\/uploads\/2020\/06\/cbbd3-scaled.jpg?resize=768%2C513&amp;ssl=1 768w, https:\/\/i0.wp.com\/bd-chroniques.be\/wp-content\/uploads\/2020\/06\/cbbd3-scaled.jpg?resize=1536%2C1025&amp;ssl=1 1536w, https:\/\/i0.wp.com\/bd-chroniques.be\/wp-content\/uploads\/2020\/06\/cbbd3-scaled.jpg?resize=2048%2C1367&amp;ssl=1 2048w, https:\/\/i0.wp.com\/bd-chroniques.be\/wp-content\/uploads\/2020\/06\/cbbd3-scaled.jpg?w=2304&amp;ssl=1 2304w\" sizes=\"auto, (max-width: 768px) 100vw, 768px\" \/><figcaption>J Guarnido \u00a9 Jacques Schra\u00fbwen<\/figcaption><\/figure>\n\n\n\n<p>Revenir aux sources, c\u2019est abandonner, simplement, le seul aspect mus\u00e9al de ce lieu, un aspect, avouons-le, qui a souvent une connotation poussi\u00e9reuse.<\/p>\n\n\n\n<p>Les sources, c\u2019est de rendre compte de la r\u00e9alit\u00e9 de la pr\u00e9sence de la bande dessin\u00e9e dans le paysage socio-culturel, celui d\u2019hier et d\u2019avant-hier, certes, de cette \u00e9poque qu\u2019on appelle parfois l\u2019\u00e2ge d\u2019or de la bd. Mais aussi, et surtout sans doute, de sa pr\u00e9sence actuelle, de sa multiplicit\u00e9, tant graphique que litt\u00e9raire, de ses inventions et de ses filiations.<\/p>\n\n\n\n<figure class=\"wp-block-audio\"><audio controls src=\"https:\/\/bd-chroniques.be\/wp-content\/uploads\/2020\/06\/cbbddirectrice.mp3\"><\/audio><figcaption>Directrice: Isabelle Debecker<\/figcaption><\/figure>\n\n\n\n<p>Il y a l\u00e0 un beau pari, je pense, pour le Centre Belge de la Bande Dessin\u00e9e : celui de revenir \u00e0 ses fondamentaux, sans, pour autant, estomper son travail patrimonial.<\/p>\n\n\n\n<figure class=\"wp-block-image size-large\"><img loading=\"lazy\" decoding=\"async\" width=\"2560\" height=\"1740\" src=\"https:\/\/i2.wp.com\/bd-chroniques.be\/wp-content\/uploads\/2020\/06\/cbbd4-scaled.jpg?fit=768%2C522&amp;ssl=1\" alt=\"\" class=\"wp-image-5032\" srcset=\"https:\/\/i0.wp.com\/bd-chroniques.be\/wp-content\/uploads\/2020\/06\/cbbd4-scaled.jpg?w=2560&amp;ssl=1 2560w, https:\/\/i0.wp.com\/bd-chroniques.be\/wp-content\/uploads\/2020\/06\/cbbd4-scaled.jpg?resize=300%2C204&amp;ssl=1 300w, https:\/\/i0.wp.com\/bd-chroniques.be\/wp-content\/uploads\/2020\/06\/cbbd4-scaled.jpg?resize=1024%2C696&amp;ssl=1 1024w, https:\/\/i0.wp.com\/bd-chroniques.be\/wp-content\/uploads\/2020\/06\/cbbd4-scaled.jpg?resize=768%2C522&amp;ssl=1 768w, https:\/\/i0.wp.com\/bd-chroniques.be\/wp-content\/uploads\/2020\/06\/cbbd4-scaled.jpg?resize=1536%2C1044&amp;ssl=1 1536w, https:\/\/i0.wp.com\/bd-chroniques.be\/wp-content\/uploads\/2020\/06\/cbbd4-scaled.jpg?resize=2048%2C1392&amp;ssl=1 2048w, https:\/\/i0.wp.com\/bd-chroniques.be\/wp-content\/uploads\/2020\/06\/cbbd4-scaled.jpg?w=2304&amp;ssl=1 2304w\" sizes=\"auto, (max-width: 768px) 100vw, 768px\" \/><figcaption>J Guarnido \u00a9 Jacques Schra\u00fbwen<\/figcaption><\/figure>\n\n\n\n<p>Rien qu\u2019\u00e0 ce titre, le CBBD m\u00e9rite, encore et toujours, d\u2019\u00eatre red\u00e9couvert. Pourquoi ne pas le faire \u00e0 l\u2019occasion de cette tr\u00e8s belle exposition ?&#8230;<\/p>\n\n\n\n<p><strong>Jacques Schra\u00fbwen<\/strong><\/p>\n\n\n\n<p><strong>J Guarnido : Secrets d\u2019atelier d\u2019un maestro (exposition au CBBD jusqu\u2019au 8 novembre 2020 \u2013 20, rue des Sables \u2013 1000 Bruxelles<\/strong><\/p>\n\n\n\n<p><a href=\"https:\/\/www.cbbd.be\/fr\/accueil\">https:\/\/www.cbbd.be\/fr\/accueil<\/a><\/p>\n\n\n\n<figure class=\"wp-block-image size-large\"><img loading=\"lazy\" decoding=\"async\" width=\"2355\" height=\"1682\" src=\"https:\/\/i2.wp.com\/bd-chroniques.be\/wp-content\/uploads\/2020\/06\/cbbd5.jpg?fit=768%2C548&amp;ssl=1\" alt=\"\" class=\"wp-image-5033\" srcset=\"https:\/\/i0.wp.com\/bd-chroniques.be\/wp-content\/uploads\/2020\/06\/cbbd5.jpg?w=2355&amp;ssl=1 2355w, https:\/\/i0.wp.com\/bd-chroniques.be\/wp-content\/uploads\/2020\/06\/cbbd5.jpg?resize=300%2C214&amp;ssl=1 300w, https:\/\/i0.wp.com\/bd-chroniques.be\/wp-content\/uploads\/2020\/06\/cbbd5.jpg?resize=1024%2C731&amp;ssl=1 1024w, https:\/\/i0.wp.com\/bd-chroniques.be\/wp-content\/uploads\/2020\/06\/cbbd5.jpg?resize=768%2C549&amp;ssl=1 768w, https:\/\/i0.wp.com\/bd-chroniques.be\/wp-content\/uploads\/2020\/06\/cbbd5.jpg?resize=1536%2C1097&amp;ssl=1 1536w, https:\/\/i0.wp.com\/bd-chroniques.be\/wp-content\/uploads\/2020\/06\/cbbd5.jpg?resize=2048%2C1463&amp;ssl=1 2048w, https:\/\/i0.wp.com\/bd-chroniques.be\/wp-content\/uploads\/2020\/06\/cbbd5.jpg?w=2304&amp;ssl=1 2304w\" sizes=\"auto, (max-width: 768px) 100vw, 768px\" \/><figcaption>J Guarnido \u00a9 Jacques Schra\u00fbwen<\/figcaption><\/figure>\n","protected":false},"excerpt":{"rendered":"<p>Une exposition consacr\u00e9e \u00e0 et un renouveau \u00e0 venir\u2026 Le mus\u00e9e de la bande dessin\u00e9e de Bruxelles rouvre ses portes, et une exposition consacr\u00e9e \u00e0 Guarnido, cela ne se rate pas, m\u00eame avec les protocoles de s\u00e9curit\u00e9 qui sont en vigueur pour le moment ! Pendant cette longue p\u00e9riode pendant laquelle les autorit\u00e9s politiques et [&hellip;]<\/p>\n","protected":false},"author":1,"featured_media":5026,"comment_status":"open","ping_status":"open","sticky":false,"template":"","format":"standard","meta":{"jetpack_post_was_ever_published":false,"_jetpack_newsletter_access":"","_jetpack_dont_email_post_to_subs":false,"_jetpack_newsletter_tier_id":0,"_jetpack_memberships_contains_paywalled_content":false,"_jetpack_memberships_contains_paid_content":false,"footnotes":"","jetpack_publicize_message":"","jetpack_publicize_feature_enabled":true,"jetpack_social_post_already_shared":true,"jetpack_social_options":{"image_generator_settings":{"template":"highway","default_image_id":0,"font":"","enabled":false},"version":2}},"categories":[37],"tags":[],"class_list":["post-5025","post","type-post","status-publish","format-standard","has-post-thumbnail","hentry","category-evenements"],"jetpack_publicize_connections":[],"jetpack_featured_media_url":"https:\/\/i0.wp.com\/bd-chroniques.be\/wp-content\/uploads\/2020\/06\/cbbd0.jpg?fit=842%2C1191&ssl=1","jetpack_shortlink":"https:\/\/wp.me\/p8dqsu-1j3","jetpack_likes_enabled":true,"jetpack_sharing_enabled":true,"_links":{"self":[{"href":"https:\/\/bd-chroniques.be\/index.php\/wp-json\/wp\/v2\/posts\/5025","targetHints":{"allow":["GET"]}}],"collection":[{"href":"https:\/\/bd-chroniques.be\/index.php\/wp-json\/wp\/v2\/posts"}],"about":[{"href":"https:\/\/bd-chroniques.be\/index.php\/wp-json\/wp\/v2\/types\/post"}],"author":[{"embeddable":true,"href":"https:\/\/bd-chroniques.be\/index.php\/wp-json\/wp\/v2\/users\/1"}],"replies":[{"embeddable":true,"href":"https:\/\/bd-chroniques.be\/index.php\/wp-json\/wp\/v2\/comments?post=5025"}],"version-history":[{"count":1,"href":"https:\/\/bd-chroniques.be\/index.php\/wp-json\/wp\/v2\/posts\/5025\/revisions"}],"predecessor-version":[{"id":5035,"href":"https:\/\/bd-chroniques.be\/index.php\/wp-json\/wp\/v2\/posts\/5025\/revisions\/5035"}],"wp:featuredmedia":[{"embeddable":true,"href":"https:\/\/bd-chroniques.be\/index.php\/wp-json\/wp\/v2\/media\/5026"}],"wp:attachment":[{"href":"https:\/\/bd-chroniques.be\/index.php\/wp-json\/wp\/v2\/media?parent=5025"}],"wp:term":[{"taxonomy":"category","embeddable":true,"href":"https:\/\/bd-chroniques.be\/index.php\/wp-json\/wp\/v2\/categories?post=5025"},{"taxonomy":"post_tag","embeddable":true,"href":"https:\/\/bd-chroniques.be\/index.php\/wp-json\/wp\/v2\/tags?post=5025"}],"curies":[{"name":"wp","href":"https:\/\/api.w.org\/{rel}","templated":true}]}}