{"id":5086,"date":"2020-07-04T08:30:00","date_gmt":"2020-07-04T06:30:00","guid":{"rendered":"https:\/\/bd-chroniques.be\/?p=5086"},"modified":"2020-07-03T10:59:30","modified_gmt":"2020-07-03T08:59:30","slug":"seules-a-berlin","status":"publish","type":"post","link":"https:\/\/bd-chroniques.be\/index.php\/2020\/07\/04\/seules-a-berlin\/","title":{"rendered":"Seules \u00c0 Berlin"},"content":{"rendered":"\n<h4 class=\"wp-block-heading\">Un livre, une exposition, un mus\u00e9e\u2026 \u00e0 Bruxelles !<\/h4>\n\n\n\n<p>Berlin, 1945\u2026 Deux femmes se croisent, dialoguent, veulent croire \u00e0 l\u2019amiti\u00e9 au-del\u00e0 des diff\u00e9rences politiques et raciales\u2026 Et Berlin n\u2019est plus que ruines !<\/p>\n\n\n\n<figure class=\"wp-block-image size-large\"><img loading=\"lazy\" decoding=\"async\" width=\"1814\" height=\"2500\" src=\"https:\/\/i2.wp.com\/bd-chroniques.be\/wp-content\/uploads\/2020\/07\/berlin0.jpg?fit=743%2C1024&amp;ssl=1\" alt=\"\" class=\"wp-image-5087\" srcset=\"https:\/\/i0.wp.com\/bd-chroniques.be\/wp-content\/uploads\/2020\/07\/berlin0.jpg?w=1814&amp;ssl=1 1814w, https:\/\/i0.wp.com\/bd-chroniques.be\/wp-content\/uploads\/2020\/07\/berlin0.jpg?resize=218%2C300&amp;ssl=1 218w, https:\/\/i0.wp.com\/bd-chroniques.be\/wp-content\/uploads\/2020\/07\/berlin0.jpg?resize=743%2C1024&amp;ssl=1 743w, https:\/\/i0.wp.com\/bd-chroniques.be\/wp-content\/uploads\/2020\/07\/berlin0.jpg?resize=768%2C1058&amp;ssl=1 768w, https:\/\/i0.wp.com\/bd-chroniques.be\/wp-content\/uploads\/2020\/07\/berlin0.jpg?resize=1115%2C1536&amp;ssl=1 1115w, https:\/\/i0.wp.com\/bd-chroniques.be\/wp-content\/uploads\/2020\/07\/berlin0.jpg?resize=1486%2C2048&amp;ssl=1 1486w, https:\/\/i0.wp.com\/bd-chroniques.be\/wp-content\/uploads\/2020\/07\/berlin0.jpg?w=1536&amp;ssl=1 1536w\" sizes=\"auto, (max-width: 768px) 100vw, 768px\" \/><figcaption>Seules \u00e0 Berlin \u00a9 Casterman<\/figcaption><\/figure>\n\n\n\n<p>Ce livre nous trace le portrait d\u2019une rencontre improbable et pourtant tout \u00e0 fait plausible : celle d\u2019une Berlinoise qui survit, confront\u00e9e aux horreurs de la juste apr\u00e8s-guerre, et d\u2019une Russe venue authentifier les restes d\u2019Hitler.<\/p>\n\n\n\n<p>D\u00e8s le titre, les choses sont claires\u2026 Elles sont deux, certes, mais elles restent, de par le poids de l\u2019histoire qu\u2019elles vivent, seules, chacune\u2026 Ces deux femmes ont r\u00e9ellement exist\u00e9, mais, dans la r\u00e9alit\u00e9, leurs routes ne se sont pas crois\u00e9es. Et c\u2019est en imaginant, \u00e0 partir de leurs existences, que leurs destins pouvaient se croiser, que l\u2019auteur, Nicolas Junker, a construit une \u0153uvre \u00e9trange, prenante, sans aucun manich\u00e9isme. C\u2019est d\u2019amiti\u00e9, qu\u2019il nous parle, mais sur fond d\u2019horreur, d\u2019horreurs plurielles m\u00eame, parce que, en cette ann\u00e9e 45, \u00e0 Berlin, l\u2019occupant russe \u00e9tait tout sauf ouvert \u00e0 une cohabitation avec les habitants, hommes et femmes, tous tax\u00e9s de nazisme, donc, tous \u00e0 ha\u00efr\u2026 Ou \u00e0 utiliser ! Pour des basses besognes, pour de la prostitution aussi.<\/p>\n\n\n\n<figure class=\"wp-block-image size-large\"><img loading=\"lazy\" decoding=\"async\" width=\"2560\" height=\"1709\" src=\"https:\/\/i1.wp.com\/bd-chroniques.be\/wp-content\/uploads\/2020\/07\/IMG_0003-scaled.jpg?fit=768%2C513&amp;ssl=1\" alt=\"\" class=\"wp-image-5095\" srcset=\"https:\/\/i0.wp.com\/bd-chroniques.be\/wp-content\/uploads\/2020\/07\/IMG_0003-scaled.jpg?w=2560&amp;ssl=1 2560w, https:\/\/i0.wp.com\/bd-chroniques.be\/wp-content\/uploads\/2020\/07\/IMG_0003-scaled.jpg?resize=300%2C200&amp;ssl=1 300w, https:\/\/i0.wp.com\/bd-chroniques.be\/wp-content\/uploads\/2020\/07\/IMG_0003-scaled.jpg?resize=1024%2C684&amp;ssl=1 1024w, https:\/\/i0.wp.com\/bd-chroniques.be\/wp-content\/uploads\/2020\/07\/IMG_0003-scaled.jpg?resize=768%2C513&amp;ssl=1 768w, https:\/\/i0.wp.com\/bd-chroniques.be\/wp-content\/uploads\/2020\/07\/IMG_0003-scaled.jpg?resize=1536%2C1025&amp;ssl=1 1536w, https:\/\/i0.wp.com\/bd-chroniques.be\/wp-content\/uploads\/2020\/07\/IMG_0003-scaled.jpg?resize=2048%2C1367&amp;ssl=1 2048w, https:\/\/i0.wp.com\/bd-chroniques.be\/wp-content\/uploads\/2020\/07\/IMG_0003-scaled.jpg?w=2304&amp;ssl=1 2304w\" sizes=\"auto, (max-width: 768px) 100vw, 768px\" \/><figcaption>Seules \u00e0 Berlin \u00a9 Casterman<\/figcaption><\/figure>\n\n\n\n<p>La belle trouvaille narrative de Juncker, c\u2019est d\u2019avoir choisi, en guise de canevas de ce livre, les journaux intimes de ces deux femmes que tout devrait opposer. Et il y a dans les mots de ces deux femmes une vraie rupture des clich\u00e9s : Evgeniya \u00e9crit avec concision, de fa\u00e7on presque administrative, alors qu\u2019Ingrid fait de ses mots des po\u00e8mes.<\/p>\n\n\n\n<figure class=\"wp-block-audio\"><audio controls src=\"https:\/\/bd-chroniques.be\/wp-content\/uploads\/2020\/07\/berlinjournauxintimes.mp3\"><\/audio><figcaption>Nicolas Juncker : les journaux intimes<\/figcaption><\/figure>\n\n\n\n<p>Ce qui unit peut-\u00eatre ces deux femmes, c\u2019est la d\u00e9sesp\u00e9rance. Avec au bout, pour l\u2019une comme pour l\u2018autre, pour Evgeniya la Russe et Ingrid l\u2019Allemande, la d\u00e9sillusion.<\/p>\n\n\n\n<figure class=\"wp-block-image size-large\"><img decoding=\"async\" src=\"https:\/\/i2.wp.com\/bd-chroniques.be\/wp-content\/uploads\/2020\/07\/IMG_0007-scaled.jpg?fit=768%2C513&amp;ssl=1\" alt=\"\" class=\"wp-image-5097\"\/><figcaption>Seules \u00e0 Berlin \u00a9 Casterman<\/figcaption><\/figure>\n\n\n\n<p>J\u2019ai envie de dire que ce livre, en fait, nous fait le portrait d\u2019une ville dans le quotidien de l\u2019horreur, dans l\u2019horreur aussi du quotidien\u2026 Le portrait d\u2019un monde qui s\u2019\u00e9croule, autour des failles de deux femmes perdues dans les remous de l\u2019Histoire.<\/p>\n\n\n\n<figure class=\"wp-block-audio\"><audio controls src=\"https:\/\/bd-chroniques.be\/wp-content\/uploads\/2020\/07\/berlindeuxdesespoirs.mp3\"><\/audio><figcaption>Nicolas Juncker : deux d\u00e9sespoirs\u2026<\/figcaption><\/figure>\n\n\n\n<p>Vous l\u2019aurez compris, ce livre qui nous parle de solitudes, de survies, de certitudes bris\u00e9es par les r\u00e9alit\u00e9s socio-politiques, ce livre n\u2019a rien de lumineux. Il est fait de grisaille, du sombre de tout ce qui se d\u00e9truit d\u2019une ville et, \u00e0 travers elle, des gens qui y vivent, qui y passent\u2026 Oui, c\u2019est un livre gris, avec quelques toutes petites taches de couleur, dont la derni\u00e8re page du livre, qui a comme l\u00e9gende : Enfin seule ! Ce livre, c\u2019est un peu, aussi, la po\u00e9sie de l\u2019inacceptable !<\/p>\n\n\n\n<figure class=\"wp-block-audio\"><audio controls src=\"https:\/\/bd-chroniques.be\/wp-content\/uploads\/2020\/07\/berlingris.mp3\"><\/audio><figcaption>Nicolas Juncker : un livre gris<\/figcaption><\/figure>\n\n\n\n<p>Et le dessin de Nicolas Juncker accompagne \u00e0 la perfection cette histoire de silences parall\u00e8les hurlant leurs d\u00e9sespoirs.<\/p>\n\n\n\n<figure class=\"wp-block-image size-large\"><img loading=\"lazy\" decoding=\"async\" width=\"1844\" height=\"2559\" src=\"https:\/\/i1.wp.com\/bd-chroniques.be\/wp-content\/uploads\/2020\/07\/IMG_0008.jpg?fit=738%2C1024&amp;ssl=1\" alt=\"\" class=\"wp-image-5100\" srcset=\"https:\/\/i0.wp.com\/bd-chroniques.be\/wp-content\/uploads\/2020\/07\/IMG_0008.jpg?w=1844&amp;ssl=1 1844w, https:\/\/i0.wp.com\/bd-chroniques.be\/wp-content\/uploads\/2020\/07\/IMG_0008.jpg?resize=216%2C300&amp;ssl=1 216w, https:\/\/i0.wp.com\/bd-chroniques.be\/wp-content\/uploads\/2020\/07\/IMG_0008.jpg?resize=738%2C1024&amp;ssl=1 738w, https:\/\/i0.wp.com\/bd-chroniques.be\/wp-content\/uploads\/2020\/07\/IMG_0008.jpg?resize=768%2C1066&amp;ssl=1 768w, https:\/\/i0.wp.com\/bd-chroniques.be\/wp-content\/uploads\/2020\/07\/IMG_0008.jpg?resize=1107%2C1536&amp;ssl=1 1107w, https:\/\/i0.wp.com\/bd-chroniques.be\/wp-content\/uploads\/2020\/07\/IMG_0008.jpg?resize=1476%2C2048&amp;ssl=1 1476w, https:\/\/i0.wp.com\/bd-chroniques.be\/wp-content\/uploads\/2020\/07\/IMG_0008.jpg?w=1536&amp;ssl=1 1536w\" sizes=\"auto, (max-width: 768px) 100vw, 768px\" \/><figcaption>Seules \u00e0 Berlin \u00a9 Casterman<\/figcaption><\/figure>\n\n\n\n<p>Les visages, souvent esquiss\u00e9s, se r\u00e9duisent \u00e0 l\u2019expression de leurs seules \u00e9motions. Ce sont les visages d\u00e9charn\u00e9s de la d\u00e9faite qui accompagnent les destins crois\u00e9s des deux anti-h\u00e9ro\u00efnes de ce livre. Le graphisme de Nicolas Juncker est presque expressionniste, avec une importance constante apport\u00e9e aux regards, avec des d\u00e9cors travaill\u00e9s \u00e0 l\u2019\u00e9conomie pour mieux r\u00e9v\u00e9ler leurs d\u00e9tresses\u2026 Et ces dessins-l\u00e0, oui, m\u00e9ritent vraiment d\u2019\u00eatre vus !<\/p>\n\n\n\n<figure class=\"wp-block-audio\"><audio controls src=\"https:\/\/bd-chroniques.be\/wp-content\/uploads\/2020\/07\/berlindessin.mp3\"><\/audio><figcaption>Nicolas Juncker : le dessin<\/figcaption><\/figure>\n\n\n\n<p>D\u2019\u00eatre vus, oui, et c\u2019est le cas, puisqu\u2019ils s\u2019exposent \u00e0 Bruxelles, au Centre Belge de la Bande Dessin\u00e9e, jusqu\u2019au treize septembre prochain.<\/p>\n\n\n\n<figure class=\"wp-block-image size-large\"><img loading=\"lazy\" decoding=\"async\" width=\"2560\" height=\"1330\" src=\"https:\/\/i0.wp.com\/bd-chroniques.be\/wp-content\/uploads\/2020\/07\/IMG_0009-scaled.jpg?fit=768%2C399&amp;ssl=1\" alt=\"\" class=\"wp-image-5101\" srcset=\"https:\/\/i0.wp.com\/bd-chroniques.be\/wp-content\/uploads\/2020\/07\/IMG_0009-scaled.jpg?w=2560&amp;ssl=1 2560w, https:\/\/i0.wp.com\/bd-chroniques.be\/wp-content\/uploads\/2020\/07\/IMG_0009-scaled.jpg?resize=300%2C156&amp;ssl=1 300w, https:\/\/i0.wp.com\/bd-chroniques.be\/wp-content\/uploads\/2020\/07\/IMG_0009-scaled.jpg?resize=1024%2C532&amp;ssl=1 1024w, https:\/\/i0.wp.com\/bd-chroniques.be\/wp-content\/uploads\/2020\/07\/IMG_0009-scaled.jpg?resize=768%2C399&amp;ssl=1 768w, https:\/\/i0.wp.com\/bd-chroniques.be\/wp-content\/uploads\/2020\/07\/IMG_0009-scaled.jpg?resize=1536%2C798&amp;ssl=1 1536w, https:\/\/i0.wp.com\/bd-chroniques.be\/wp-content\/uploads\/2020\/07\/IMG_0009-scaled.jpg?resize=2048%2C1064&amp;ssl=1 2048w, https:\/\/i0.wp.com\/bd-chroniques.be\/wp-content\/uploads\/2020\/07\/IMG_0009-scaled.jpg?w=2304&amp;ssl=1 2304w\" sizes=\"auto, (max-width: 768px) 100vw, 768px\" \/><figcaption>Seules \u00e0 Berlin \u00a9 Casterman<\/figcaption><\/figure>\n\n\n\n<p>Une exposition au Centre Belge de la Bande dessin\u00e9e, ce n\u2019est sans doute pas une cons\u00e9cration, mais c\u2019est, pour Nicolas Juncker, un vrai plaisir, une vraie fiert\u00e9.<\/p>\n\n\n\n<figure class=\"wp-block-audio\"><audio controls src=\"https:\/\/bd-chroniques.be\/wp-content\/uploads\/2020\/07\/junckerexpo-online-audio-converter.com_.mp3\"><\/audio><figcaption>Nicolas Juncker : se trouver au CBBD\u2026<\/figcaption><\/figure>\n\n\n\n<figure class=\"wp-block-image size-large\"><img loading=\"lazy\" decoding=\"async\" width=\"2560\" height=\"1709\" src=\"https:\/\/i1.wp.com\/bd-chroniques.be\/wp-content\/uploads\/2020\/07\/IMG_0015-scaled.jpg?fit=768%2C513&amp;ssl=1\" alt=\"\" class=\"wp-image-5102\" srcset=\"https:\/\/i0.wp.com\/bd-chroniques.be\/wp-content\/uploads\/2020\/07\/IMG_0015-scaled.jpg?w=2560&amp;ssl=1 2560w, https:\/\/i0.wp.com\/bd-chroniques.be\/wp-content\/uploads\/2020\/07\/IMG_0015-scaled.jpg?resize=300%2C200&amp;ssl=1 300w, https:\/\/i0.wp.com\/bd-chroniques.be\/wp-content\/uploads\/2020\/07\/IMG_0015-scaled.jpg?resize=1024%2C684&amp;ssl=1 1024w, https:\/\/i0.wp.com\/bd-chroniques.be\/wp-content\/uploads\/2020\/07\/IMG_0015-scaled.jpg?resize=768%2C513&amp;ssl=1 768w, https:\/\/i0.wp.com\/bd-chroniques.be\/wp-content\/uploads\/2020\/07\/IMG_0015-scaled.jpg?resize=1536%2C1025&amp;ssl=1 1536w, https:\/\/i0.wp.com\/bd-chroniques.be\/wp-content\/uploads\/2020\/07\/IMG_0015-scaled.jpg?resize=2048%2C1367&amp;ssl=1 2048w, https:\/\/i0.wp.com\/bd-chroniques.be\/wp-content\/uploads\/2020\/07\/IMG_0015-scaled.jpg?w=2304&amp;ssl=1 2304w\" sizes=\"auto, (max-width: 768px) 100vw, 768px\" \/><figcaption>Nicolas Juncker \u00a9 Jacques Schra\u00fbwen<\/figcaption><\/figure>\n\n\n\n<p>Je profite de cette chronique pour parler de ce CBBD\u2026 Le centre belge de la bande dessin\u00e9e\u2026 Un mus\u00e9e qui reprend vie\u2026 Avec difficult\u00e9, comme tous les organismes culturels qui ne d\u00e9pendent pas uniquement des subsides officiels\u2026 Mais un mus\u00e9e important, dans le pays qui, culturellement, reste historiquement celui de la bande dessin\u00e9e. Un mus\u00e9e qui multiplie les initiatives pour les mois d\u2019\u00e9t\u00e9 : avec un jeu autour des fresques bd de Bruxelles, avec des visites guid\u00e9es en famille, avec des stages d\u2019initiation \u00e0 la bd pour les enfants\u2026 Un mus\u00e9e \u00e0 d\u00e9fendre, vraiment, \u00e0 visiter par les Belges amoureux de leur patrimoine, de tous leurs patrimoines !<\/p>\n\n\n\n<figure class=\"wp-block-image size-large\"><img loading=\"lazy\" decoding=\"async\" width=\"1709\" height=\"2560\" src=\"https:\/\/i2.wp.com\/bd-chroniques.be\/wp-content\/uploads\/2020\/07\/IMG_0012-scaled.jpg?fit=684%2C1024&amp;ssl=1\" alt=\"\" class=\"wp-image-5104\" srcset=\"https:\/\/i0.wp.com\/bd-chroniques.be\/wp-content\/uploads\/2020\/07\/IMG_0012-scaled.jpg?w=1709&amp;ssl=1 1709w, https:\/\/i0.wp.com\/bd-chroniques.be\/wp-content\/uploads\/2020\/07\/IMG_0012-scaled.jpg?resize=200%2C300&amp;ssl=1 200w, https:\/\/i0.wp.com\/bd-chroniques.be\/wp-content\/uploads\/2020\/07\/IMG_0012-scaled.jpg?resize=684%2C1024&amp;ssl=1 684w, https:\/\/i0.wp.com\/bd-chroniques.be\/wp-content\/uploads\/2020\/07\/IMG_0012-scaled.jpg?resize=768%2C1150&amp;ssl=1 768w, https:\/\/i0.wp.com\/bd-chroniques.be\/wp-content\/uploads\/2020\/07\/IMG_0012-scaled.jpg?resize=1025%2C1536&amp;ssl=1 1025w, https:\/\/i0.wp.com\/bd-chroniques.be\/wp-content\/uploads\/2020\/07\/IMG_0012-scaled.jpg?resize=1367%2C2048&amp;ssl=1 1367w, https:\/\/i0.wp.com\/bd-chroniques.be\/wp-content\/uploads\/2020\/07\/IMG_0012-scaled.jpg?w=1536&amp;ssl=1 1536w\" sizes=\"auto, (max-width: 768px) 100vw, 768px\" \/><figcaption>Seules \u00e0 Berlin \u00a9 Casterman<\/figcaption><\/figure>\n\n\n\n<p><strong>Jacques Schra\u00fbwen<\/strong><\/p>\n\n\n\n<p><strong>Seules \u00e0 Berlin (auteur : Nicolas Juncker \u2013 \u00e9diteur : Casterman \u2013 198 pages \u2013 mars 2020)<\/strong><\/p>\n\n\n\n<p><strong>Exposition au Centre Belge de la Bande Dessin\u00e9e jusqu\u2019au 13 septembre 2020<\/strong><\/p>\n\n\n\n<p><a href=\"https:\/\/www.cbbd.be\/fr\/accueil\">https:\/\/www.cbbd.be\/fr\/accueil<\/a><\/p>\n\n\n\n<figure class=\"wp-block-image size-large\"><img data-recalc-dims=\"1\" loading=\"lazy\" decoding=\"async\" width=\"768\" height=\"513\" src=\"https:\/\/i0.wp.com\/bd-chroniques.be\/wp-content\/uploads\/2020\/07\/IMG_0001.jpg?resize=768%2C513&#038;ssl=1\" alt=\"\" class=\"wp-image-5094\" srcset=\"https:\/\/i0.wp.com\/bd-chroniques.be\/wp-content\/uploads\/2020\/07\/IMG_0001-scaled.jpg?resize=1024%2C684&amp;ssl=1 1024w, https:\/\/i0.wp.com\/bd-chroniques.be\/wp-content\/uploads\/2020\/07\/IMG_0001-scaled.jpg?resize=300%2C200&amp;ssl=1 300w, https:\/\/i0.wp.com\/bd-chroniques.be\/wp-content\/uploads\/2020\/07\/IMG_0001-scaled.jpg?resize=768%2C513&amp;ssl=1 768w, https:\/\/i0.wp.com\/bd-chroniques.be\/wp-content\/uploads\/2020\/07\/IMG_0001-scaled.jpg?resize=1536%2C1025&amp;ssl=1 1536w, https:\/\/i0.wp.com\/bd-chroniques.be\/wp-content\/uploads\/2020\/07\/IMG_0001-scaled.jpg?resize=2048%2C1367&amp;ssl=1 2048w, https:\/\/i0.wp.com\/bd-chroniques.be\/wp-content\/uploads\/2020\/07\/IMG_0001-scaled.jpg?w=2304&amp;ssl=1 2304w\" sizes=\"auto, (max-width: 768px) 100vw, 768px\" \/><figcaption>CBBD \u00a9 Jacques Schra\u00fbwen<\/figcaption><\/figure>\n","protected":false},"excerpt":{"rendered":"<p>Un livre, une exposition, un mus\u00e9e\u2026 \u00e0 Bruxelles ! Berlin, 1945\u2026 Deux femmes se croisent, dialoguent, veulent croire \u00e0 l\u2019amiti\u00e9 au-del\u00e0 des diff\u00e9rences politiques et raciales\u2026 Et Berlin n\u2019est plus que ruines ! Ce livre nous trace le portrait d\u2019une rencontre improbable et pourtant tout \u00e0 fait plausible : celle d\u2019une Berlinoise qui survit, confront\u00e9e [&hellip;]<\/p>\n","protected":false},"author":1,"featured_media":5087,"comment_status":"open","ping_status":"open","sticky":false,"template":"","format":"standard","meta":{"jetpack_post_was_ever_published":false,"_jetpack_newsletter_access":"","_jetpack_dont_email_post_to_subs":false,"_jetpack_newsletter_tier_id":0,"_jetpack_memberships_contains_paywalled_content":false,"_jetpack_memberships_contains_paid_content":false,"footnotes":"","jetpack_publicize_message":"","jetpack_publicize_feature_enabled":true,"jetpack_social_post_already_shared":true,"jetpack_social_options":{"image_generator_settings":{"template":"highway","default_image_id":0,"font":"","enabled":false},"version":2}},"categories":[3,7],"tags":[],"class_list":["post-5086","post","type-post","status-publish","format-standard","has-post-thumbnail","hentry","category-bd-de-s-a-z","category-s"],"jetpack_publicize_connections":[],"jetpack_featured_media_url":"https:\/\/i0.wp.com\/bd-chroniques.be\/wp-content\/uploads\/2020\/07\/berlin0.jpg?fit=1814%2C2500&ssl=1","jetpack_shortlink":"https:\/\/wp.me\/p8dqsu-1k2","jetpack_likes_enabled":true,"jetpack_sharing_enabled":true,"_links":{"self":[{"href":"https:\/\/bd-chroniques.be\/index.php\/wp-json\/wp\/v2\/posts\/5086","targetHints":{"allow":["GET"]}}],"collection":[{"href":"https:\/\/bd-chroniques.be\/index.php\/wp-json\/wp\/v2\/posts"}],"about":[{"href":"https:\/\/bd-chroniques.be\/index.php\/wp-json\/wp\/v2\/types\/post"}],"author":[{"embeddable":true,"href":"https:\/\/bd-chroniques.be\/index.php\/wp-json\/wp\/v2\/users\/1"}],"replies":[{"embeddable":true,"href":"https:\/\/bd-chroniques.be\/index.php\/wp-json\/wp\/v2\/comments?post=5086"}],"version-history":[{"count":1,"href":"https:\/\/bd-chroniques.be\/index.php\/wp-json\/wp\/v2\/posts\/5086\/revisions"}],"predecessor-version":[{"id":5105,"href":"https:\/\/bd-chroniques.be\/index.php\/wp-json\/wp\/v2\/posts\/5086\/revisions\/5105"}],"wp:featuredmedia":[{"embeddable":true,"href":"https:\/\/bd-chroniques.be\/index.php\/wp-json\/wp\/v2\/media\/5087"}],"wp:attachment":[{"href":"https:\/\/bd-chroniques.be\/index.php\/wp-json\/wp\/v2\/media?parent=5086"}],"wp:term":[{"taxonomy":"category","embeddable":true,"href":"https:\/\/bd-chroniques.be\/index.php\/wp-json\/wp\/v2\/categories?post=5086"},{"taxonomy":"post_tag","embeddable":true,"href":"https:\/\/bd-chroniques.be\/index.php\/wp-json\/wp\/v2\/tags?post=5086"}],"curies":[{"name":"wp","href":"https:\/\/api.w.org\/{rel}","templated":true}]}}