{"id":5180,"date":"2020-08-07T11:58:59","date_gmt":"2020-08-07T09:58:59","guid":{"rendered":"https:\/\/bd-chroniques.be\/?p=5180"},"modified":"2020-08-10T13:55:46","modified_gmt":"2020-08-10T11:55:46","slug":"8-aout-2020-yakari-a-bruxelles-de-la-bande-dessinee-au-cinema","status":"publish","type":"post","link":"https:\/\/bd-chroniques.be\/index.php\/2020\/08\/07\/8-aout-2020-yakari-a-bruxelles-de-la-bande-dessinee-au-cinema\/","title":{"rendered":"Yakari : de la bande dessin\u00e9e au cin\u00e9ma"},"content":{"rendered":"\n<p>C\u2019est \u00e0 partir de ce 12 ao\u00fbt que vous allez pouvoir, en famille, aller voir le film Yakari, particuli\u00e8rement bien r\u00e9ussi !&#8230; A d\u00e9couvrir dans une interview en vid\u00e9o visible dans cette chronique !<\/p>\n\n\n\n<figure class=\"wp-block-image size-large is-resized\"><img data-recalc-dims=\"1\" loading=\"lazy\" decoding=\"async\" src=\"https:\/\/i0.wp.com\/bd-chroniques.be\/wp-content\/uploads\/2020\/08\/yakari0.jpg?resize=768%2C1092&#038;ssl=1\" alt=\"\" class=\"wp-image-5181\" width=\"768\" height=\"1092\" srcset=\"https:\/\/i0.wp.com\/bd-chroniques.be\/wp-content\/uploads\/2020\/08\/yakari0.jpg?resize=720%2C1024&amp;ssl=1 720w, https:\/\/i0.wp.com\/bd-chroniques.be\/wp-content\/uploads\/2020\/08\/yakari0.jpg?resize=211%2C300&amp;ssl=1 211w, https:\/\/i0.wp.com\/bd-chroniques.be\/wp-content\/uploads\/2020\/08\/yakari0.jpg?resize=768%2C1092&amp;ssl=1 768w, https:\/\/i0.wp.com\/bd-chroniques.be\/wp-content\/uploads\/2020\/08\/yakari0.jpg?w=1372&amp;ssl=1 1372w\" sizes=\"auto, (max-width: 768px) 100vw, 768px\" \/><figcaption>Yakari \u00a9 Cin\u00e9art<\/figcaption><\/figure>\n\n\n\n<p>Derib est un dessinateur suisse qui appartient au renouveau th\u00e9matique de la bande dessin\u00e9e, d\u00e8s les ann\u00e9es 70. Avec, tout d\u2019abord, deux s\u00e9ries destin\u00e9es plus sp\u00e9cifiquement \u00e0 un jeune public : Attila, d\u2019une part, sc\u00e9naris\u00e9 par Rosy, et Yakari d\u2019autre part, sc\u00e9naris\u00e9 par Job. Dans les ann\u00e9es 70, il va se lancer dans une s\u00e9rie qui, tr\u00e8s vite, va devenir essentielle dans l\u2019histoire du neuvi\u00e8me art, dans celle du r\u00e9cit western \u00e9galement : Buddy Longway. Avec, dans le journal Tintin, une sc\u00e8ne d\u2019amour mythique entre Buddy et Chinook\u2026 Une sc\u00e8ne qui, \u00e0 l\u2019\u00e9poque, fut redessin\u00e9e par Eddy Paape\u2026<\/p>\n\n\n\n<figure class=\"wp-block-image size-large\"><img data-recalc-dims=\"1\" loading=\"lazy\" decoding=\"async\" width=\"768\" height=\"512\" src=\"https:\/\/i0.wp.com\/bd-chroniques.be\/wp-content\/uploads\/2020\/08\/yakari1.jpg?resize=768%2C512&#038;ssl=1\" alt=\"\" class=\"wp-image-5182\" srcset=\"https:\/\/i0.wp.com\/bd-chroniques.be\/wp-content\/uploads\/2020\/08\/yakari1-scaled.jpg?resize=1024%2C683&amp;ssl=1 1024w, https:\/\/i0.wp.com\/bd-chroniques.be\/wp-content\/uploads\/2020\/08\/yakari1-scaled.jpg?resize=300%2C200&amp;ssl=1 300w, https:\/\/i0.wp.com\/bd-chroniques.be\/wp-content\/uploads\/2020\/08\/yakari1-scaled.jpg?resize=768%2C512&amp;ssl=1 768w, https:\/\/i0.wp.com\/bd-chroniques.be\/wp-content\/uploads\/2020\/08\/yakari1-scaled.jpg?resize=1536%2C1024&amp;ssl=1 1536w, https:\/\/i0.wp.com\/bd-chroniques.be\/wp-content\/uploads\/2020\/08\/yakari1-scaled.jpg?resize=2048%2C1365&amp;ssl=1 2048w, https:\/\/i0.wp.com\/bd-chroniques.be\/wp-content\/uploads\/2020\/08\/yakari1-scaled.jpg?w=2304&amp;ssl=1 2304w\" sizes=\"auto, (max-width: 768px) 100vw, 768px\" \/><figcaption>Derib, copyright Cin\u00e9art<\/figcaption><\/figure>\n\n\n\n<p>Au fil des ann\u00e9es, Derib a dessin\u00e9 bien d\u2019autres h\u00e9ros, de \u00abArnaud de Casteloup \u00bb \u00e0 \u00ab Go West \u00bb, de \u00ab Tu seras reine \u00bb \u00e0 \u00ab Jo \u00bb, de \u00ab Pythagore \u00bb \u00e0 \u00ab Red road \u00bb.<\/p>\n\n\n\n<p>Mais cet auteur \u00e9clectique, capable tout autant de parler de Sida que de culture peau-rouge, d\u2019une vache que d\u2019un poulain, n\u2019a jamais d\u00e9laiss\u00e9 ses deux s\u00e9ries phares, Buddy Longway, jusqu\u2019\u00e0 ce qu\u2019il d\u00e9cide lui-m\u00eame de terminer cette s\u00e9rie d\u00e9finitivement, comme dans la vraie vie, en 2006, et Yakari. Deux s\u00e9ries dans lesquelles Derib se plonge dans une culture, celle des Indiens d\u2019Am\u00e9rique du nord, loin des clich\u00e9s, de quelque ordre qu\u2019ils soient.<\/p>\n\n\n\n<figure class=\"wp-block-image size-large\"><img data-recalc-dims=\"1\" loading=\"lazy\" decoding=\"async\" width=\"768\" height=\"416\" src=\"https:\/\/i0.wp.com\/bd-chroniques.be\/wp-content\/uploads\/2020\/08\/yakari2.jpg?resize=768%2C416&#038;ssl=1\" alt=\"\" class=\"wp-image-5183\" srcset=\"https:\/\/i0.wp.com\/bd-chroniques.be\/wp-content\/uploads\/2020\/08\/yakari2.jpg?resize=1024%2C554&amp;ssl=1 1024w, https:\/\/i0.wp.com\/bd-chroniques.be\/wp-content\/uploads\/2020\/08\/yakari2.jpg?resize=300%2C162&amp;ssl=1 300w, https:\/\/i0.wp.com\/bd-chroniques.be\/wp-content\/uploads\/2020\/08\/yakari2.jpg?resize=768%2C415&amp;ssl=1 768w, https:\/\/i0.wp.com\/bd-chroniques.be\/wp-content\/uploads\/2020\/08\/yakari2.jpg?resize=1536%2C830&amp;ssl=1 1536w, https:\/\/i0.wp.com\/bd-chroniques.be\/wp-content\/uploads\/2020\/08\/yakari2.jpg?w=1998&amp;ssl=1 1998w\" sizes=\"auto, (max-width: 768px) 100vw, 768px\" \/><figcaption>Yakari \u00a9 Cin\u00e9art<\/figcaption><\/figure>\n\n\n\n<p>Yakari en est \u00e0 une quarantaine d\u2019albums, \u00e0 un jeu vid\u00e9o, \u00e0 des adaptations t\u00e9l\u00e9vis\u00e9es plus ou moins r\u00e9ussies aussi. Et il a droit aujourd\u2019hui \u00e0 un long m\u00e9trage.<\/p>\n\n\n\n<p>Au vu de pas mal de films adapt\u00e9s de bd de ces derni\u00e8res ann\u00e9es (non, je ne citerai personne\u2026), on pouvait avoir peur de cette adaptation-ci. Mais il n\u2019en est rien, que du contraire, tout l\u2019esprit de la s\u00e9rie dessin\u00e9e se retrouve sur grand \u00e9cran, avec une image lumineuse qui ne trahit en rien le dessin de Derib, avec un sc\u00e9nario qui s\u2019inspire r\u00e9ellement des aventures v\u00e9cues par le petit indien depuis 1969\u2026<\/p>\n\n\n\n<p>Ce film nous raconte une aventure, celle v\u00e9cue par Yakari, un petit Sioux, et de son cheval, Petit Tonnerre, celle du pouvoir de ce gamin de parler avec les animaux, celle de la rencontre avec de terribles chasseurs. Ce film, c\u2019est \u00e0 la fois le r\u00e9cit d\u2019une qu\u00eate initiatique et la description d\u2019une enfance capable de n\u2019avoir aucun pr\u00e9jug\u00e9 et d\u2019aimer la nature pour ce qu\u2019elle est : vivante, passionn\u00e9e, passionnante\u2026<\/p>\n\n\n\n<figure class=\"wp-block-image size-large\"><img data-recalc-dims=\"1\" loading=\"lazy\" decoding=\"async\" width=\"768\" height=\"416\" src=\"https:\/\/i0.wp.com\/bd-chroniques.be\/wp-content\/uploads\/2020\/08\/yakari3.jpg?resize=768%2C416&#038;ssl=1\" alt=\"\" class=\"wp-image-5184\" srcset=\"https:\/\/i0.wp.com\/bd-chroniques.be\/wp-content\/uploads\/2020\/08\/yakari3.jpg?resize=1024%2C554&amp;ssl=1 1024w, https:\/\/i0.wp.com\/bd-chroniques.be\/wp-content\/uploads\/2020\/08\/yakari3.jpg?resize=300%2C162&amp;ssl=1 300w, https:\/\/i0.wp.com\/bd-chroniques.be\/wp-content\/uploads\/2020\/08\/yakari3.jpg?resize=768%2C415&amp;ssl=1 768w, https:\/\/i0.wp.com\/bd-chroniques.be\/wp-content\/uploads\/2020\/08\/yakari3.jpg?resize=1536%2C830&amp;ssl=1 1536w, https:\/\/i0.wp.com\/bd-chroniques.be\/wp-content\/uploads\/2020\/08\/yakari3.jpg?w=1998&amp;ssl=1 1998w\" sizes=\"auto, (max-width: 768px) 100vw, 768px\" \/><figcaption>Yakari \u00a9 Cin\u00e9art<\/figcaption><\/figure>\n\n\n\n<p>Loin des mi\u00e8vreries trop souvent pr\u00e9sentes dans les films dits pour enfants, loin de la trahison quelque peu d\u00e9bilisante de bien des films inspir\u00e9s par des bandes dessin\u00e9es, ce Yakari est une excellente surprise, graphiquement et sc\u00e9naristiquement. Un vrai film familial, oui, qui nous parle aussi des enfants que nous avons \u00e9t\u00e9s un jour\u2026 Une premi\u00e8re vision de ce film eut lieu , avec une interview de Derib que j\u2019ai eu le plaisir de faire\u2026<\/p>\n\n\n\n<figure class=\"wp-block-video aligncenter\"><video height=\"320\" style=\"aspect-ratio: 568 \/ 320;\" width=\"568\" controls src=\"https:\/\/bd-chroniques.be\/wp-content\/uploads\/2020\/08\/Vid\u00e9o-1.mov\"><\/video><figcaption>copyright Fabien Van Eeckhaut\/UGC<\/figcaption><\/figure>\n\n\n\n<p><strong>Jacques Schra\u00fbwen<\/strong><\/p>\n","protected":false},"excerpt":{"rendered":"<p>C\u2019est \u00e0 partir de ce 12 ao\u00fbt que vous allez pouvoir, en famille, aller voir le film Yakari, particuli\u00e8rement bien r\u00e9ussi !&#8230; A d\u00e9couvrir dans une interview en vid\u00e9o visible dans cette chronique ! Derib est un dessinateur suisse qui appartient au renouveau th\u00e9matique de la bande dessin\u00e9e, d\u00e8s les ann\u00e9es 70. Avec, tout d\u2019abord, [&hellip;]<\/p>\n","protected":false},"author":1,"featured_media":5181,"comment_status":"open","ping_status":"open","sticky":false,"template":"","format":"standard","meta":{"jetpack_post_was_ever_published":false,"_jetpack_newsletter_access":"","_jetpack_dont_email_post_to_subs":false,"_jetpack_newsletter_tier_id":0,"_jetpack_memberships_contains_paywalled_content":false,"_jetpack_memberships_contains_paid_content":false,"footnotes":"","jetpack_publicize_message":"","jetpack_publicize_feature_enabled":true,"jetpack_social_post_already_shared":true,"jetpack_social_options":{"image_generator_settings":{"template":"highway","default_image_id":0,"font":"","enabled":false},"version":2}},"categories":[37,12],"tags":[],"class_list":["post-5180","post","type-post","status-publish","format-standard","has-post-thumbnail","hentry","category-evenements","category-y"],"jetpack_publicize_connections":[],"jetpack_featured_media_url":"https:\/\/i0.wp.com\/bd-chroniques.be\/wp-content\/uploads\/2020\/08\/yakari0.jpg?fit=1372%2C1950&ssl=1","jetpack_shortlink":"https:\/\/wp.me\/p8dqsu-1ly","jetpack_likes_enabled":true,"jetpack_sharing_enabled":true,"_links":{"self":[{"href":"https:\/\/bd-chroniques.be\/index.php\/wp-json\/wp\/v2\/posts\/5180","targetHints":{"allow":["GET"]}}],"collection":[{"href":"https:\/\/bd-chroniques.be\/index.php\/wp-json\/wp\/v2\/posts"}],"about":[{"href":"https:\/\/bd-chroniques.be\/index.php\/wp-json\/wp\/v2\/types\/post"}],"author":[{"embeddable":true,"href":"https:\/\/bd-chroniques.be\/index.php\/wp-json\/wp\/v2\/users\/1"}],"replies":[{"embeddable":true,"href":"https:\/\/bd-chroniques.be\/index.php\/wp-json\/wp\/v2\/comments?post=5180"}],"version-history":[{"count":3,"href":"https:\/\/bd-chroniques.be\/index.php\/wp-json\/wp\/v2\/posts\/5180\/revisions"}],"predecessor-version":[{"id":5196,"href":"https:\/\/bd-chroniques.be\/index.php\/wp-json\/wp\/v2\/posts\/5180\/revisions\/5196"}],"wp:featuredmedia":[{"embeddable":true,"href":"https:\/\/bd-chroniques.be\/index.php\/wp-json\/wp\/v2\/media\/5181"}],"wp:attachment":[{"href":"https:\/\/bd-chroniques.be\/index.php\/wp-json\/wp\/v2\/media?parent=5180"}],"wp:term":[{"taxonomy":"category","embeddable":true,"href":"https:\/\/bd-chroniques.be\/index.php\/wp-json\/wp\/v2\/categories?post=5180"},{"taxonomy":"post_tag","embeddable":true,"href":"https:\/\/bd-chroniques.be\/index.php\/wp-json\/wp\/v2\/tags?post=5180"}],"curies":[{"name":"wp","href":"https:\/\/api.w.org\/{rel}","templated":true}]}}