{"id":5215,"date":"2020-08-23T08:30:00","date_gmt":"2020-08-23T06:30:00","guid":{"rendered":"https:\/\/bd-chroniques.be\/?p=5215"},"modified":"2020-08-22T18:20:02","modified_gmt":"2020-08-22T16:20:02","slug":"les-omniscients-tome-1","status":"publish","type":"post","link":"https:\/\/bd-chroniques.be\/index.php\/2020\/08\/23\/les-omniscients-tome-1\/","title":{"rendered":"Les Omniscients \u2013 tome 1"},"content":{"rendered":"\n<p>Imaginez la rencontre entre l\u2019univers de Marvel et celui du \u00ab \u00e7a \u00bb de Stephen King. Et vous d\u00e9couvrirez un album passionnant, intelligent, tous publics, sans effets sp\u00e9ciaux, mais avec beaucoup d\u2019humanit\u00e9 !<\/p>\n\n\n\n<div class=\"wp-block-image\"><figure class=\"aligncenter size-large\"><img data-recalc-dims=\"1\" loading=\"lazy\" decoding=\"async\" width=\"655\" height=\"870\" src=\"https:\/\/i0.wp.com\/bd-chroniques.be\/wp-content\/uploads\/2020\/08\/omni0.jpg?resize=655%2C870&#038;ssl=1\" alt=\"\" class=\"wp-image-5216\" srcset=\"https:\/\/i0.wp.com\/bd-chroniques.be\/wp-content\/uploads\/2020\/08\/omni0.jpg?w=655&amp;ssl=1 655w, https:\/\/i0.wp.com\/bd-chroniques.be\/wp-content\/uploads\/2020\/08\/omni0.jpg?resize=226%2C300&amp;ssl=1 226w\" sizes=\"auto, (max-width: 655px) 100vw, 655px\" \/><figcaption>Les Omniscients 1 \u00a9 Le Lombard<\/figcaption><\/figure><\/div>\n\n\n\n<p>A une \u00e9poque o\u00f9 la bande dessin\u00e9e se cherche de plus en plus des alibis \u00e9litistes, en ces moments o\u00f9 l\u2019intellectualisme des salons de Paris, d\u2019Angoul\u00e8me et d\u2019ailleurs devient une r\u00e8gle pour \u00eatre reconnu comme artiste, en ces heures o\u00f9 le mot populaire, dans la bouche de grands \u00ab Auteurs \u00bb tels Sfars et ses suivants, ressemble \u00e0 une injure, il est r\u00e9jouissant de se plonger dans des albums de BD qui savent raconter une histoire ! Vincent Dugomier est un auteur, un sc\u00e9nariste qui ne cherche \u00e0 aucun moment l\u2019esbrouffe mais qui qui nous offre des r\u00e9cits extr\u00eamement construits, sans temps mort, construits, ai-je envie de dire, \u00e0 taille humaine.<\/p>\n\n\n\n<div class=\"wp-block-image\"><figure class=\"aligncenter size-large\"><img data-recalc-dims=\"1\" loading=\"lazy\" decoding=\"async\" width=\"768\" height=\"265\" src=\"https:\/\/i0.wp.com\/bd-chroniques.be\/wp-content\/uploads\/2020\/08\/omni1.png?resize=768%2C265&#038;ssl=1\" alt=\"\" class=\"wp-image-5223\" srcset=\"https:\/\/i0.wp.com\/bd-chroniques.be\/wp-content\/uploads\/2020\/08\/omni1.png?w=800&amp;ssl=1 800w, https:\/\/i0.wp.com\/bd-chroniques.be\/wp-content\/uploads\/2020\/08\/omni1.png?resize=300%2C104&amp;ssl=1 300w, https:\/\/i0.wp.com\/bd-chroniques.be\/wp-content\/uploads\/2020\/08\/omni1.png?resize=768%2C265&amp;ssl=1 768w\" sizes=\"auto, (max-width: 768px) 100vw, 768px\" \/><figcaption>Les Omniscients 1 \u00a9 Le Lombard<\/figcaption><\/figure><\/div>\n\n\n\n<p>Et c\u2019est le cas avec ce \u00ab Omniscients \u00bb, comme ce l\u2019est avec ses superbes \u00ab Enfants de la R\u00e9sistance \u00bb.<\/p>\n\n\n\n<p>\u00ab Les Omniscients \u00bb : un livre qui nous parle de patrimoine\u2026 Du jour au lendemain, un peu partout sur terre, disparaissent les livres, tous les supports de la culture et de la m\u00e9moire humaine. Au m\u00eame moment, ou \u00e0 peu pr\u00e8s, cinq adolescents, dans une Am\u00e9rique qui ressemble \u00e0 tous les pays du monde, se r\u00e9veillent un beau matin avec des \u00ab connaissances absolues \u00bb. Ces cinq adolescents vont devoir d\u00e9couvrir d\u2019o\u00f9 leur vient cet \u00e9trange super pouvoir, ils vont devoir, de ce fait, entrer \u00e9galement dans un univers qu\u2019ils ne connaissent pas, celui de l\u2019espionnage et du polar.<\/p>\n\n\n\n<div class=\"wp-block-image\"><figure class=\"aligncenter size-large is-resized\"><img data-recalc-dims=\"1\" loading=\"lazy\" decoding=\"async\" src=\"https:\/\/i0.wp.com\/bd-chroniques.be\/wp-content\/uploads\/2020\/08\/omni2.jpg?resize=671%2C887&#038;ssl=1\" alt=\"\" class=\"wp-image-5224\" width=\"671\" height=\"887\" srcset=\"https:\/\/i0.wp.com\/bd-chroniques.be\/wp-content\/uploads\/2020\/08\/omni2.jpg?w=400&amp;ssl=1 400w, https:\/\/i0.wp.com\/bd-chroniques.be\/wp-content\/uploads\/2020\/08\/omni2.jpg?resize=227%2C300&amp;ssl=1 227w\" sizes=\"auto, (max-width: 671px) 100vw, 671px\" \/><figcaption>Les Omniscients 1 \u00a9 Le Lombard<\/figcaption><\/figure><\/div>\n\n\n\n<p>Ils vont surtout devoir s\u2019accepter les uns les autres pour que leurs pouvoirs puissent se compl\u00e9ter.<\/p>\n\n\n\n<p>Comme souvent avec Dugomier, l\u2019enfance, l\u2019adolescence est au centre du r\u00e9cit. Un peu comme s\u2019il avait des comptes \u00e0 r\u00e9gler avec ses souvenirs, ou, plus simplement, comme s\u2019il avait une nostalgie pour cette \u00e9poque de l\u2019existence o\u00f9 tout semble possible et vivable\u2026<\/p>\n\n\n\n<figure class=\"wp-block-audio\"><audio controls src=\"https:\/\/bd-chroniques.be\/wp-content\/uploads\/2020\/08\/omnienfance.mp3\"><\/audio><figcaption>Vincent Dugomier, l\u2019enfance<\/figcaption><\/figure>\n\n\n\n<p>Comme toujours avec lui, \u00e9galement, les th\u00e9matiques abord\u00e9es sont nombreuses. \u00ab Omniscients \u00bb, c\u2019est une fable sur notre monde qui perd sa m\u00e9moire, incontestablement. Mais c\u2019est aussi une fable sur le r\u00f4le de l\u2019humain dans ce qu\u2019est le patrimoine, et sa pr\u00e9servation au sens le plus large du terme.<\/p>\n\n\n\n<figure class=\"wp-block-audio\"><audio controls src=\"https:\/\/bd-chroniques.be\/wp-content\/uploads\/2020\/08\/omnithematiques.mp3\"><\/audio><figcaption>Vincent Dugomier : les diff\u00e9rentes th\u00e9matiques abord\u00e9es<\/figcaption><\/figure>\n\n\n\n<p>Dans ces th\u00e9matiques, le fantastique occupe, avec les \u00ab Omniscients \u00bb, une place importante. Bien s\u00fbr, on ne peut pas ne pas penser aux comics am\u00e9ricains et au culte des super-h\u00e9ros que la bd d\u2019outre-Atlantique propage dans le monde entier. Mais ici, on est loin, tr\u00e8s loin m\u00eame, du caract\u00e8re fabriqu\u00e9 et manich\u00e9en de ces h\u00e9ros de papier qui ont comme pass\u00e9 des univers sans grande inventivit\u00e9 le plus souvent. Ce n\u2019est pas le cas du tout avec le sc\u00e9nario de cette s\u00e9rie naissante. C\u2019est par petites touches que le c\u00f4t\u00e9 mystique, donc fantastique, prend forme, prend vie. Toutes les religions ne sont-elles pas, finalement, actrices essentielles depuis toujours dans la pr\u00e9servation du pass\u00e9, artistique, scientifique, pour construire le futur ?&#8230;<\/p>\n\n\n\n<figure class=\"wp-block-audio\"><audio controls src=\"https:\/\/bd-chroniques.be\/wp-content\/uploads\/2020\/08\/omnimystique.mp3\"><\/audio><figcaption>Vincent Dugomier : la pr\u00e9sence du \u00ab mystique \u00bb<\/figcaption><\/figure>\n\n\n\n<figure class=\"wp-block-audio\"><audio controls src=\"https:\/\/bd-chroniques.be\/wp-content\/uploads\/2020\/08\/omninarration.mp3\"><\/audio><figcaption>Vincent Dugomier : la construction du r\u00e9cit<\/figcaption><\/figure>\n\n\n\n<p>Cela dit, ce qui reste une des caract\u00e9ristiques essentielles de Vincent Dugomier, c\u2019est que tous ses r\u00e9cits s\u2019axent d\u2019abord et avant tout autour de ses personnages. Pour raconter une histoire qui puisse plaire, il faut qu\u2019elle mette en sc\u00e8ne des gens r\u00e9els, des gens avec lesquels le lecteur peut, non pas<\/p>\n\n\n\n<div class=\"wp-block-image\"><figure class=\"aligncenter size-large\"><img data-recalc-dims=\"1\" loading=\"lazy\" decoding=\"async\" width=\"768\" height=\"613\" src=\"https:\/\/i0.wp.com\/bd-chroniques.be\/wp-content\/uploads\/2020\/08\/omni3.jpg?resize=768%2C613&#038;ssl=1\" alt=\"\" class=\"wp-image-5225\" srcset=\"https:\/\/i0.wp.com\/bd-chroniques.be\/wp-content\/uploads\/2020\/08\/omni3.jpg?w=882&amp;ssl=1 882w, https:\/\/i0.wp.com\/bd-chroniques.be\/wp-content\/uploads\/2020\/08\/omni3.jpg?resize=300%2C239&amp;ssl=1 300w, https:\/\/i0.wp.com\/bd-chroniques.be\/wp-content\/uploads\/2020\/08\/omni3.jpg?resize=768%2C613&amp;ssl=1 768w\" sizes=\"auto, (max-width: 768px) 100vw, 768px\" \/><figcaption>Les Omniscients 1 \u00a9 Le Lombard<\/figcaption><\/figure><\/div>\n\n\n\n<p>s\u2019identifier, mais avoir envie de cr\u00e9er des liens d\u2019amiti\u00e9. A ce titre, Dugomier r\u00e9ussit \u00e0 faire de la virtualit\u00e9 la plus imaginative une fen\u00eatre qui s\u2019ouvre aussi \u00e0 la r\u00e9alit\u00e9 des rapports humains. Pour que les lecteurs, quel que soit leur \u00e2ge, aiment ce qu\u2019il nous raconte, il faut d\u2019abord que lui, et sa dessinatrice, aiment les personnages qu\u2019ils cr\u00e9ent. Des personnages entiers, tous diff\u00e9rents les uns des autres, tous identifiables. Et c\u2019est par l\u00e0 aussi que le travail de construction d\u2019un sc\u00e9nario de bande dessin\u00e9e peut s\u2019apparenter \u00e0 celui d\u2019une \u00e9criture comme chez King, ou Ray par exemple\u2026<\/p>\n\n\n\n<figure class=\"wp-block-audio\"><audio controls src=\"https:\/\/bd-chroniques.be\/wp-content\/uploads\/2020\/08\/omnipersonnages.mp3\"><\/audio><figcaption>Vincent Dugomier : les personnages<\/figcaption><\/figure>\n\n\n\n<p>J\u2019ai beaucoup parl\u00e9 du sc\u00e9nario, estimant depuis toujours que si la bande dessin\u00e9e, c\u2019\u00e9tait d\u2019abord et essentiellement du dessin, ce dessin n\u2019a de sens qu\u2019\u00e0 partir du moment o\u00f9 il raconte une histoire int\u00e9ressante, passionnante.<\/p>\n\n\n\n<div class=\"wp-block-image\"><figure class=\"aligncenter size-large is-resized\"><img data-recalc-dims=\"1\" loading=\"lazy\" decoding=\"async\" src=\"https:\/\/i0.wp.com\/bd-chroniques.be\/wp-content\/uploads\/2020\/08\/omni5.jpg?resize=664%2C878&#038;ssl=1\" alt=\"\" class=\"wp-image-5226\" width=\"664\" height=\"878\" srcset=\"https:\/\/i0.wp.com\/bd-chroniques.be\/wp-content\/uploads\/2020\/08\/omni5.jpg?w=400&amp;ssl=1 400w, https:\/\/i0.wp.com\/bd-chroniques.be\/wp-content\/uploads\/2020\/08\/omni5.jpg?resize=227%2C300&amp;ssl=1 227w\" sizes=\"auto, (max-width: 664px) 100vw, 664px\" \/><figcaption>Les Omniscients 1 \u00a9 Le Lombard<\/figcaption><\/figure><\/div>\n\n\n\n<p>C\u2019est le cas ici. Et le dessin de Renata Castellani est un dessin qui refuse les prouesses graphiques, les grandes envol\u00e9es lyriques, les cadrages d\u00e9mesur\u00e9s. On peut, je pense, parler de bd classique, dans sa forme. Mais avec une efficacit\u00e9 \u00e9vidente, le dessin de Castellani r\u00e9ussit l\u2019amalgame entre un style europ\u00e9en traditionnel et une apparence ici et l\u00e0 \u00e0 l\u2019asiatique. Il en r\u00e9sulte une approche extr\u00eamement ais\u00e9e de cet album, tant par des adolescents que par leurs parents\u2026<\/p>\n\n\n\n<p>Il en va de m\u00eame pour la couleur de Bekaert qui n\u2019\u00e9crase rien des ambiances que le dessin de Castellani cr\u00e9e de page en page, et qui devient un \u00e9l\u00e9ment de cette ambiance sans effet sp\u00e9cial\u2026<\/p>\n\n\n\n<figure class=\"wp-block-audio\"><audio controls src=\"https:\/\/bd-chroniques.be\/wp-content\/uploads\/2020\/08\/omnicouleurdessin.mp3\"><\/audio><figcaption>Vincent Dugomier : le travail de Renata Castellani et de Beno\u00eet Bekaert<\/figcaption><\/figure>\n\n\n\n<p>Avec ces \u00ab Omniscients \u00bb, on se trouve en pr\u00e9sence d\u2019un trio d\u2019auteurs (un quatuor m\u00eame si on prend en compte l\u2019id\u00e9e originale de Stephen Desberg) en osmose, tous travaillant dans le m\u00eame sens : cr\u00e9er un album qui parle \u00e0 tout le monde, le faire sans ostentation, avec plaisir, et donner l\u2019envie aux lecteurs, la derni\u00e8re page tourn\u00e9e, de vite, vite pouvoir lire la suite de ce r\u00e9cit fabuleux (au premier sens du terme !) !<\/p>\n\n\n\n<p><strong>Jacques Schra\u00fbwen<\/strong><\/p>\n\n\n\n<p><strong>Les Omniscients (dessin : Renata Castellani \u2013 sc\u00e9nario : Vincent Dugomier, d\u2019apr\u00e8s une id\u00e9e originale de Stephen Desberg \u2013 couleurs : Beno\u00eet Bekaert \u2013 \u00e9diteur : Le Lombard \u2013 64 pages \u2013 avril 2020)<\/strong><\/p>\n\n\n\n<div class=\"wp-block-image\"><figure class=\"aligncenter size-large\"><img data-recalc-dims=\"1\" loading=\"lazy\" decoding=\"async\" width=\"768\" height=\"768\" src=\"https:\/\/i0.wp.com\/bd-chroniques.be\/wp-content\/uploads\/2020\/08\/omnidugo.jpg?resize=768%2C768&#038;ssl=1\" alt=\"\" class=\"wp-image-5227\" srcset=\"https:\/\/i0.wp.com\/bd-chroniques.be\/wp-content\/uploads\/2020\/08\/omnidugo.jpg?w=800&amp;ssl=1 800w, https:\/\/i0.wp.com\/bd-chroniques.be\/wp-content\/uploads\/2020\/08\/omnidugo.jpg?resize=300%2C300&amp;ssl=1 300w, https:\/\/i0.wp.com\/bd-chroniques.be\/wp-content\/uploads\/2020\/08\/omnidugo.jpg?resize=150%2C150&amp;ssl=1 150w, https:\/\/i0.wp.com\/bd-chroniques.be\/wp-content\/uploads\/2020\/08\/omnidugo.jpg?resize=768%2C768&amp;ssl=1 768w\" sizes=\"auto, (max-width: 768px) 100vw, 768px\" \/><figcaption>Vincent Dugomier<\/figcaption><\/figure><\/div>\n\n\n\n<p><\/p>\n","protected":false},"excerpt":{"rendered":"<p>Imaginez la rencontre entre l\u2019univers de Marvel et celui du \u00ab \u00e7a \u00bb de Stephen King. Et vous d\u00e9couvrirez un album passionnant, intelligent, tous publics, sans effets sp\u00e9ciaux, mais avec beaucoup d\u2019humanit\u00e9 ! A une \u00e9poque o\u00f9 la bande dessin\u00e9e se cherche de plus en plus des alibis \u00e9litistes, en ces moments o\u00f9 l\u2019intellectualisme des [&hellip;]<\/p>\n","protected":false},"author":1,"featured_media":5216,"comment_status":"open","ping_status":"open","sticky":false,"template":"","format":"standard","meta":{"jetpack_post_was_ever_published":false,"_jetpack_newsletter_access":"","_jetpack_dont_email_post_to_subs":false,"_jetpack_newsletter_tier_id":0,"_jetpack_memberships_contains_paywalled_content":false,"_jetpack_memberships_contains_paid_content":false,"footnotes":"","jetpack_publicize_message":"","jetpack_publicize_feature_enabled":true,"jetpack_social_post_already_shared":true,"jetpack_social_options":{"image_generator_settings":{"template":"highway","default_image_id":0,"font":"","enabled":false},"version":2}},"categories":[23,26],"tags":[],"class_list":["post-5215","post","type-post","status-publish","format-standard","has-post-thumbnail","hentry","category-bd-de-m-a-r","category-o"],"jetpack_publicize_connections":[],"jetpack_featured_media_url":"https:\/\/i0.wp.com\/bd-chroniques.be\/wp-content\/uploads\/2020\/08\/omni0.jpg?fit=655%2C870&ssl=1","jetpack_shortlink":"https:\/\/wp.me\/p8dqsu-1m7","jetpack_likes_enabled":true,"jetpack_sharing_enabled":true,"_links":{"self":[{"href":"https:\/\/bd-chroniques.be\/index.php\/wp-json\/wp\/v2\/posts\/5215","targetHints":{"allow":["GET"]}}],"collection":[{"href":"https:\/\/bd-chroniques.be\/index.php\/wp-json\/wp\/v2\/posts"}],"about":[{"href":"https:\/\/bd-chroniques.be\/index.php\/wp-json\/wp\/v2\/types\/post"}],"author":[{"embeddable":true,"href":"https:\/\/bd-chroniques.be\/index.php\/wp-json\/wp\/v2\/users\/1"}],"replies":[{"embeddable":true,"href":"https:\/\/bd-chroniques.be\/index.php\/wp-json\/wp\/v2\/comments?post=5215"}],"version-history":[{"count":1,"href":"https:\/\/bd-chroniques.be\/index.php\/wp-json\/wp\/v2\/posts\/5215\/revisions"}],"predecessor-version":[{"id":5228,"href":"https:\/\/bd-chroniques.be\/index.php\/wp-json\/wp\/v2\/posts\/5215\/revisions\/5228"}],"wp:featuredmedia":[{"embeddable":true,"href":"https:\/\/bd-chroniques.be\/index.php\/wp-json\/wp\/v2\/media\/5216"}],"wp:attachment":[{"href":"https:\/\/bd-chroniques.be\/index.php\/wp-json\/wp\/v2\/media?parent=5215"}],"wp:term":[{"taxonomy":"category","embeddable":true,"href":"https:\/\/bd-chroniques.be\/index.php\/wp-json\/wp\/v2\/categories?post=5215"},{"taxonomy":"post_tag","embeddable":true,"href":"https:\/\/bd-chroniques.be\/index.php\/wp-json\/wp\/v2\/tags?post=5215"}],"curies":[{"name":"wp","href":"https:\/\/api.w.org\/{rel}","templated":true}]}}