{"id":5379,"date":"2020-10-10T08:30:00","date_gmt":"2020-10-10T06:30:00","guid":{"rendered":"https:\/\/bd-chroniques.be\/?p=5379"},"modified":"2020-10-09T11:26:40","modified_gmt":"2020-10-09T09:26:40","slug":"larbre-a-palabres","status":"publish","type":"post","link":"https:\/\/bd-chroniques.be\/index.php\/2020\/10\/10\/larbre-a-palabres\/","title":{"rendered":"L\u2019Arbre \u00e0 Palabres"},"content":{"rendered":"\n<p>Remedium, fort de ses exp\u00e9riences humaines, de ses convictions, de ses engagements militants, nous offre toujours des livres qui, \u00e0 partir du r\u00e9el, nous emm\u00e8nent vers des approches soci\u00e9tales importantes, essentielles m\u00eame.<\/p>\n\n\n\n<div class=\"wp-block-image\"><figure class=\"aligncenter size-large is-resized\"><img data-recalc-dims=\"1\" loading=\"lazy\" decoding=\"async\" src=\"https:\/\/i0.wp.com\/bd-chroniques.be\/wp-content\/uploads\/2020\/10\/palabres0.jpg?resize=631%2C830&#038;ssl=1\" alt=\"\" class=\"wp-image-5380\" width=\"631\" height=\"830\" srcset=\"https:\/\/i0.wp.com\/bd-chroniques.be\/wp-content\/uploads\/2020\/10\/palabres0.jpg?w=400&amp;ssl=1 400w, https:\/\/i0.wp.com\/bd-chroniques.be\/wp-content\/uploads\/2020\/10\/palabres0.jpg?resize=228%2C300&amp;ssl=1 228w\" sizes=\"auto, (max-width: 631px) 100vw, 631px\" \/><figcaption>L&rsquo;Arbre \u00e0 palabres \u00a9 Des ronds dans l&rsquo;eau<\/figcaption><\/figure><\/div>\n\n\n\n<p>C\u2019est encore le cas aujourd\u2019hui, avec un livre qui s\u2019\u00e9loigne de l\u2019univers de la bande dessin\u00e9e et s\u2019adresse \u00e0 un public jeune, \u00e0 l\u2019enfance de tout \u00e9merveillement et, donc, de toute r\u00e9flexion. Un livre r\u00e9alis\u00e9 avec la collaboration d\u2019Amnesty International.<\/p>\n\n\n\n<p>Au centre d\u2019un village africain tr\u00f4ne un arbre autour duquel on parle, on se raconte, on \u00e9coute, on vit.<\/p>\n\n\n\n<div class=\"wp-block-image\"><figure class=\"aligncenter size-large\"><img data-recalc-dims=\"1\" loading=\"lazy\" decoding=\"async\" width=\"768\" height=\"506\" src=\"https:\/\/i0.wp.com\/bd-chroniques.be\/wp-content\/uploads\/2020\/10\/palabres1.jpg?resize=768%2C506&#038;ssl=1\" alt=\"\" class=\"wp-image-5381\" srcset=\"https:\/\/i0.wp.com\/bd-chroniques.be\/wp-content\/uploads\/2020\/10\/palabres1-scaled.jpg?resize=1024%2C675&amp;ssl=1 1024w, https:\/\/i0.wp.com\/bd-chroniques.be\/wp-content\/uploads\/2020\/10\/palabres1-scaled.jpg?resize=300%2C198&amp;ssl=1 300w, https:\/\/i0.wp.com\/bd-chroniques.be\/wp-content\/uploads\/2020\/10\/palabres1-scaled.jpg?resize=768%2C506&amp;ssl=1 768w, https:\/\/i0.wp.com\/bd-chroniques.be\/wp-content\/uploads\/2020\/10\/palabres1-scaled.jpg?resize=1536%2C1013&amp;ssl=1 1536w, https:\/\/i0.wp.com\/bd-chroniques.be\/wp-content\/uploads\/2020\/10\/palabres1-scaled.jpg?resize=2048%2C1350&amp;ssl=1 2048w, https:\/\/i0.wp.com\/bd-chroniques.be\/wp-content\/uploads\/2020\/10\/palabres1-scaled.jpg?w=2304&amp;ssl=1 2304w\" sizes=\"auto, (max-width: 768px) 100vw, 768px\" \/><figcaption>L&rsquo;Arbre \u00e0 palabres \u00a9 Des ronds dans l&rsquo;eau<\/figcaption><\/figure><\/div>\n\n\n\n<p>L\u2019intol\u00e9rance est l\u2019apanage de l\u2019homme, et cet arbre \u00e0 palabres, narrateur de ce livre, doit \u00eatre d\u00e9truit par des guerriers venus d\u2019ailleurs. Il s\u2019agit \u00ab d\u2019emp\u00eacher les griots de parler, les enfants de jouer, les anciens d\u2019enseigner, les plus jeunes de comprendre \u00bb.<\/p>\n\n\n\n<div class=\"wp-block-image\"><figure class=\"aligncenter size-large\"><img data-recalc-dims=\"1\" loading=\"lazy\" decoding=\"async\" width=\"768\" height=\"506\" src=\"https:\/\/i0.wp.com\/bd-chroniques.be\/wp-content\/uploads\/2020\/10\/palabres2.jpg?resize=768%2C506&#038;ssl=1\" alt=\"\" class=\"wp-image-5382\" srcset=\"https:\/\/i0.wp.com\/bd-chroniques.be\/wp-content\/uploads\/2020\/10\/palabres2-scaled.jpg?resize=1024%2C675&amp;ssl=1 1024w, https:\/\/i0.wp.com\/bd-chroniques.be\/wp-content\/uploads\/2020\/10\/palabres2-scaled.jpg?resize=300%2C198&amp;ssl=1 300w, https:\/\/i0.wp.com\/bd-chroniques.be\/wp-content\/uploads\/2020\/10\/palabres2-scaled.jpg?resize=768%2C506&amp;ssl=1 768w, https:\/\/i0.wp.com\/bd-chroniques.be\/wp-content\/uploads\/2020\/10\/palabres2-scaled.jpg?resize=1536%2C1013&amp;ssl=1 1536w, https:\/\/i0.wp.com\/bd-chroniques.be\/wp-content\/uploads\/2020\/10\/palabres2-scaled.jpg?resize=2048%2C1350&amp;ssl=1 2048w, https:\/\/i0.wp.com\/bd-chroniques.be\/wp-content\/uploads\/2020\/10\/palabres2-scaled.jpg?w=2304&amp;ssl=1 2304w\" sizes=\"auto, (max-width: 768px) 100vw, 768px\" \/><figcaption>L&rsquo;Arbre \u00e0 palabres \u00a9 Des ronds dans l&rsquo;eau<\/figcaption><\/figure><\/div>\n\n\n\n<p>Mais la vie et la nature sont plus forts que l\u2019incommensurable b\u00eatise de ceux qui, au nom d\u2019une foi, d\u2019une id\u00e9ologie, pensent poss\u00e9der la seule v\u00e9rit\u00e9. Et autour d\u2019une nouvelle pousse, les palabres reprennent, et le temps de vivre vient apr\u00e8s celui de mourir et de tuer\u2026<\/p>\n\n\n\n<p>Le propos est s\u00e9rieux. Le traitement, lui, est d\u2019une belle simplicit\u00e9, graphique et litt\u00e9raire.<\/p>\n\n\n\n<div class=\"wp-block-image\"><figure class=\"aligncenter size-large\"><img data-recalc-dims=\"1\" loading=\"lazy\" decoding=\"async\" width=\"768\" height=\"1006\" src=\"https:\/\/i0.wp.com\/bd-chroniques.be\/wp-content\/uploads\/2020\/10\/palabres3.jpg?resize=768%2C1006&#038;ssl=1\" alt=\"\" class=\"wp-image-5383\" srcset=\"https:\/\/i0.wp.com\/bd-chroniques.be\/wp-content\/uploads\/2020\/10\/palabres3.jpg?resize=782%2C1024&amp;ssl=1 782w, https:\/\/i0.wp.com\/bd-chroniques.be\/wp-content\/uploads\/2020\/10\/palabres3.jpg?resize=229%2C300&amp;ssl=1 229w, https:\/\/i0.wp.com\/bd-chroniques.be\/wp-content\/uploads\/2020\/10\/palabres3.jpg?resize=768%2C1006&amp;ssl=1 768w, https:\/\/i0.wp.com\/bd-chroniques.be\/wp-content\/uploads\/2020\/10\/palabres3.jpg?resize=1173%2C1536&amp;ssl=1 1173w, https:\/\/i0.wp.com\/bd-chroniques.be\/wp-content\/uploads\/2020\/10\/palabres3.jpg?w=1400&amp;ssl=1 1400w\" sizes=\"auto, (max-width: 768px) 100vw, 768px\" \/><figcaption>L&rsquo;Arbre \u00e0 palabres \u00a9 Des ronds dans l&rsquo;eau<\/figcaption><\/figure><\/div>\n\n\n\n<p>Remedium nous raconte son histoire, sans se presser, avec des phrases simples, avec des dessins imm\u00e9diats, des perspectives courtes, des expressions ais\u00e9ment reconnaissables. Et, ce faisant, il prouve que les livres pour enfants, les livres \u00e0 leur lire, \u00e0 leur faire lire, peuvent (et doivent\u2026) se nourrir de r\u00eave et d\u2019intelligence\u2026 donc, de po\u00e9sie !<\/p>\n\n\n\n<p><strong>Jacques Schra\u00fbwen<\/strong><\/p>\n\n\n\n<p><strong>Auteur : Remedium \u2013 \u00e9diteur : Des ronds dans l\u2019O jeunesse<\/strong><\/p>\n","protected":false},"excerpt":{"rendered":"<p>Remedium, fort de ses exp\u00e9riences humaines, de ses convictions, de ses engagements militants, nous offre toujours des livres qui, \u00e0 partir du r\u00e9el, nous emm\u00e8nent vers des approches soci\u00e9tales importantes, essentielles m\u00eame. C\u2019est encore le cas aujourd\u2019hui, avec un livre qui s\u2019\u00e9loigne de l\u2019univers de la bande dessin\u00e9e et s\u2019adresse \u00e0 un public jeune, \u00e0 [&hellip;]<\/p>\n","protected":false},"author":1,"featured_media":5380,"comment_status":"open","ping_status":"open","sticky":false,"template":"","format":"standard","meta":{"jetpack_post_was_ever_published":false,"_jetpack_newsletter_access":"","_jetpack_dont_email_post_to_subs":false,"_jetpack_newsletter_tier_id":0,"_jetpack_memberships_contains_paywalled_content":false,"_jetpack_memberships_contains_paid_content":false,"footnotes":"","jetpack_publicize_message":"","jetpack_publicize_feature_enabled":true,"jetpack_social_post_already_shared":true,"jetpack_social_options":{"image_generator_settings":{"template":"highway","default_image_id":0,"font":"","enabled":false},"version":2}},"categories":[42],"tags":[],"class_list":["post-5379","post","type-post","status-publish","format-standard","has-post-thumbnail","hentry","category-livres-pour-enfants"],"jetpack_publicize_connections":[],"jetpack_featured_media_url":"https:\/\/i0.wp.com\/bd-chroniques.be\/wp-content\/uploads\/2020\/10\/palabres0.jpg?fit=400%2C526&ssl=1","jetpack_shortlink":"https:\/\/wp.me\/p8dqsu-1oL","jetpack_likes_enabled":true,"jetpack_sharing_enabled":true,"_links":{"self":[{"href":"https:\/\/bd-chroniques.be\/index.php\/wp-json\/wp\/v2\/posts\/5379","targetHints":{"allow":["GET"]}}],"collection":[{"href":"https:\/\/bd-chroniques.be\/index.php\/wp-json\/wp\/v2\/posts"}],"about":[{"href":"https:\/\/bd-chroniques.be\/index.php\/wp-json\/wp\/v2\/types\/post"}],"author":[{"embeddable":true,"href":"https:\/\/bd-chroniques.be\/index.php\/wp-json\/wp\/v2\/users\/1"}],"replies":[{"embeddable":true,"href":"https:\/\/bd-chroniques.be\/index.php\/wp-json\/wp\/v2\/comments?post=5379"}],"version-history":[{"count":1,"href":"https:\/\/bd-chroniques.be\/index.php\/wp-json\/wp\/v2\/posts\/5379\/revisions"}],"predecessor-version":[{"id":5384,"href":"https:\/\/bd-chroniques.be\/index.php\/wp-json\/wp\/v2\/posts\/5379\/revisions\/5384"}],"wp:featuredmedia":[{"embeddable":true,"href":"https:\/\/bd-chroniques.be\/index.php\/wp-json\/wp\/v2\/media\/5380"}],"wp:attachment":[{"href":"https:\/\/bd-chroniques.be\/index.php\/wp-json\/wp\/v2\/media?parent=5379"}],"wp:term":[{"taxonomy":"category","embeddable":true,"href":"https:\/\/bd-chroniques.be\/index.php\/wp-json\/wp\/v2\/categories?post=5379"},{"taxonomy":"post_tag","embeddable":true,"href":"https:\/\/bd-chroniques.be\/index.php\/wp-json\/wp\/v2\/tags?post=5379"}],"curies":[{"name":"wp","href":"https:\/\/api.w.org\/{rel}","templated":true}]}}