{"id":5640,"date":"2020-12-10T13:00:00","date_gmt":"2020-12-10T12:00:00","guid":{"rendered":"https:\/\/bd-chroniques.be\/?p=5640"},"modified":"2020-12-10T11:33:28","modified_gmt":"2020-12-10T10:33:28","slug":"contes-de-noel-et-jojo-deux-albums-dupuis-a-mettre-sous-le-sapin","status":"publish","type":"post","link":"https:\/\/bd-chroniques.be\/index.php\/2020\/12\/10\/contes-de-noel-et-jojo-deux-albums-dupuis-a-mettre-sous-le-sapin\/","title":{"rendered":"Contes de No\u00ebl et Jojo : deux albums Dupuis \u00e0 mettre sous le sapin !"},"content":{"rendered":"\n<p>M\u00eame si No\u00ebl, cette ann\u00e9e, aura une triste saveur, n\u2019oubliez surtout pas de vivre, de vouloir \u00eatre heureux, de vouloir rendre heureux\u2026 Et donc d\u2019offrir \u00e0 ceux que vous aimez, en le leur disant, des moments de plaisir et de po\u00e9sie.<\/p>\n\n\n\n<div class=\"wp-block-image\"><figure class=\"aligncenter size-large\"><img data-recalc-dims=\"1\" loading=\"lazy\" decoding=\"async\" width=\"768\" height=\"576\" src=\"https:\/\/i0.wp.com\/bd-chroniques.be\/wp-content\/uploads\/2020\/12\/collage-3.jpg?resize=768%2C576&#038;ssl=1\" alt=\"\" class=\"wp-image-5641\" srcset=\"https:\/\/i0.wp.com\/bd-chroniques.be\/wp-content\/uploads\/2020\/12\/collage-3-scaled.jpg?resize=1024%2C768&amp;ssl=1 1024w, https:\/\/i0.wp.com\/bd-chroniques.be\/wp-content\/uploads\/2020\/12\/collage-3-scaled.jpg?resize=300%2C225&amp;ssl=1 300w, https:\/\/i0.wp.com\/bd-chroniques.be\/wp-content\/uploads\/2020\/12\/collage-3-scaled.jpg?resize=768%2C576&amp;ssl=1 768w, https:\/\/i0.wp.com\/bd-chroniques.be\/wp-content\/uploads\/2020\/12\/collage-3-scaled.jpg?resize=1536%2C1152&amp;ssl=1 1536w, https:\/\/i0.wp.com\/bd-chroniques.be\/wp-content\/uploads\/2020\/12\/collage-3-scaled.jpg?resize=2048%2C1536&amp;ssl=1 2048w, https:\/\/i0.wp.com\/bd-chroniques.be\/wp-content\/uploads\/2020\/12\/collage-3-scaled.jpg?w=2304&amp;ssl=1 2304w\" sizes=\"auto, (max-width: 768px) 100vw, 768px\" \/><\/figure><\/div>\n\n\n\n<h3 class=\"has-text-align-center wp-block-heading\">Contes De No\u00ebl du Journal Spirou (1955-1969) <\/h3>\n\n\n\n<p class=\"has-text-align-center\"><strong>(\u00e9ditions Dupuis \u2013 240 pages \u2013 novembre 2020)<\/strong><\/p>\n\n\n\n<p>La nostalgie, ce n\u2019est pas juger le pr\u00e9sent en exclusive fonction des pass\u00e9s que nous avons v\u00e9cus et qui nous enchant\u00e9s. La nostalgie, c\u2019est avoir de la m\u00e9moire, simplement, et de faire de cette m\u00e9moire un \u00e9l\u00e9ment actif de nos quotidiens, de nos \u00e9merveillements.<\/p>\n\n\n\n<p>Se souvenir\u2026<\/p>\n\n\n\n<p>A une semaine de No\u00ebl, oui, se souvenir des num\u00e9ros sp\u00e9ciaux du journal de Spirou, du magazine Tintin, de la revue Pilote, aussi\u2026<\/p>\n\n\n\n<div class=\"wp-block-image\"><figure class=\"aligncenter size-large is-resized\"><img data-recalc-dims=\"1\" loading=\"lazy\" decoding=\"async\" src=\"https:\/\/i0.wp.com\/bd-chroniques.be\/wp-content\/uploads\/2020\/12\/noel2.jpg?resize=652%2C898&#038;ssl=1\" alt=\"\" class=\"wp-image-5642\" width=\"652\" height=\"898\" srcset=\"https:\/\/i0.wp.com\/bd-chroniques.be\/wp-content\/uploads\/2020\/12\/noel2.jpg?w=400&amp;ssl=1 400w, https:\/\/i0.wp.com\/bd-chroniques.be\/wp-content\/uploads\/2020\/12\/noel2.jpg?resize=218%2C300&amp;ssl=1 218w\" sizes=\"auto, (max-width: 652px) 100vw, 652px\" \/><figcaption>Contes de No\u00ebl \u00a9 Dupuis<\/figcaption><\/figure><\/div>\n\n\n\n<p>Le souvenir du plaisir pris \u00e0 feuilleter vite, tr\u00e8s vite, sans s\u2019attarder, les pages du magazine, pour se cr\u00e9er d\u00e9j\u00e0 des envies devant tous les r\u00e9cits de circonstance, qui n\u2019\u00e9taient pas, oh merveille, \u00ab \u00e0 suivre \u00bb.<\/p>\n\n\n\n<p>Ah, les contes de No\u00ebl de notre enfance, de nos enfances ai-je m\u00eame envie de dire, tant il est vrai qu\u2019au fil du temps l\u2019enfance et ses souvenances se font plurielles\u2026<\/p>\n\n\n\n<p>Je n\u2019ai pas oubli\u00e9 ces sensations devant un livre \u00ab normal \u00bb, les \u00ab Contes de ma M\u00e8re l\u2019Oye \u00bb, ni devant ces petites histoires qui \u00e9maillaient les revues \u00ab pour enfants \u00bb que je d\u00e9vorais.<\/p>\n\n\n\n<p>Alors, ne boudons pas notre plaisir, de boudez pas le v\u00f4tre, et (re)plongez-vous dans ces pages d\u2019un temps ancien qui vous feront, gentiment, retomber dans des \u00e2ges qui ne meurent jamais. Mais avec votre regard d\u2019aujourd\u2019hui sur les auteurs de ces contes dessin\u00e9s, qui sont devenus des grands, des tr\u00e8s grands du neuvi\u00e8me art.<\/p>\n\n\n\n<p>Je ne vais bien entendu tous vous les citer, mais quel plaisir, croyez-moi, de voir les bons sentiments de la f\u00eate de la nativit\u00e9 illustr\u00e9s par ces ma\u00eetres de la bande dessin\u00e9e que sont Franquin, Jij\u00e9, Paape, MItacq, Will, Tillieux ! Et de retrouver aussi des artistes qu\u2019il serait temps de remettre en bonne place dans l\u2019Histoire majuscule de la BD : Godard, Salv\u00e9rius, Berck, et l\u2019immense Hausman.<\/p>\n\n\n\n<div class=\"wp-block-image\"><figure class=\"aligncenter size-large is-resized\"><img data-recalc-dims=\"1\" loading=\"lazy\" decoding=\"async\" src=\"https:\/\/i0.wp.com\/bd-chroniques.be\/wp-content\/uploads\/2020\/12\/noel3.jpg?resize=637%2C877&#038;ssl=1\" alt=\"\" class=\"wp-image-5643\" width=\"637\" height=\"877\" srcset=\"https:\/\/i0.wp.com\/bd-chroniques.be\/wp-content\/uploads\/2020\/12\/noel3.jpg?w=400&amp;ssl=1 400w, https:\/\/i0.wp.com\/bd-chroniques.be\/wp-content\/uploads\/2020\/12\/noel3.jpg?resize=218%2C300&amp;ssl=1 218w\" sizes=\"auto, (max-width: 637px) 100vw, 637px\" \/><figcaption>Contes de No\u00ebl \u00a9 Dupuis<\/figcaption><\/figure><\/div>\n\n\n\n<p>Les ann\u00e9es couvertes par ce livre qui vient \u00e0 son heure nous permettent ainsi d\u2019avoir un panorama assez complet de ce que fut l\u2019aventure \u00e9ditoriale de Spirou dans une bonne partie des trente glorieuses.<\/p>\n\n\n\n<p>Les bons sentiments sont pass\u00e9s de mode, para\u00eet-il, puisque nous voici dans une soci\u00e9t\u00e9 de plus en plus virtuelle, dans laquelle, derri\u00e8re le mot \u00ab solidarit\u00e9 \u00bb, on met tout et n\u2019importe quoi.<\/p>\n\n\n\n<p>Alors, oui, cela fait du bien, immens\u00e9ment, de les retrouver, ces sentiments, ces sensations, et de se rappeler que la magie, celle de No\u00ebl, celle de l\u2019enfance, nous l\u2019avons toutes et tous au fond de nous. Si nous le voulons bien !<\/p>\n\n\n\n<h3 class=\"has-text-align-center wp-block-heading\">Jojo : Int\u00e9grale 4 : 2004-2010 <\/h3>\n\n\n\n<p class=\"has-text-align-center\"><strong>(auteur : Geerts \u2013 \u00e9ditions Dupuis \u2013 312 pages \u2013 octobre 2020)<\/strong><\/p>\n\n\n\n<p>Andr\u00e9 Geerts est mort en 2010 \u00e0 l\u2019\u00e2ge de 55 ans. En une trentaine d\u2019ann\u00e9es de carri\u00e8re, il n\u2019a certes pas r\u00e9volutionn\u00e9 le neuvi\u00e8me art. Il a fait bien plus : il a \u0153uvr\u00e9 dans la continuit\u00e9 des r\u00e9cits qui, certainement, ont enchant\u00e9 son enfance, pour cr\u00e9er, adulte, des personnages tendres, attendrissants, terriblement humains, m\u00e9lancoliques et po\u00e9tiques.<\/p>\n\n\n\n<div class=\"wp-block-image\"><figure class=\"aligncenter size-large\"><img data-recalc-dims=\"1\" loading=\"lazy\" decoding=\"async\" width=\"729\" height=\"1024\" src=\"https:\/\/i0.wp.com\/bd-chroniques.be\/wp-content\/uploads\/2020\/12\/noel5.jpg?resize=729%2C1024&#038;ssl=1\" alt=\"\" class=\"wp-image-5644\" srcset=\"https:\/\/i0.wp.com\/bd-chroniques.be\/wp-content\/uploads\/2020\/12\/noel5.jpg?resize=729%2C1024&amp;ssl=1 729w, https:\/\/i0.wp.com\/bd-chroniques.be\/wp-content\/uploads\/2020\/12\/noel5.jpg?resize=214%2C300&amp;ssl=1 214w, https:\/\/i0.wp.com\/bd-chroniques.be\/wp-content\/uploads\/2020\/12\/noel5.jpg?resize=768%2C1079&amp;ssl=1 768w, https:\/\/i0.wp.com\/bd-chroniques.be\/wp-content\/uploads\/2020\/12\/noel5.jpg?w=800&amp;ssl=1 800w\" sizes=\"auto, (max-width: 729px) 100vw, 729px\" \/><figcaption>Jojo \u00a9 Dupuis<\/figcaption><\/figure><\/div>\n\n\n\n<p>Oui, Jojo, ce gamin qui vit avec sa grand-m\u00e8re, qui voit de temps en temps son p\u00e8re aussi gosse que lui, cet enfant est \u00e0 lui tout seul la souvenance de toutes nos enfances. Il est la po\u00e9sie qui fut n\u00f4tre et que l\u2019\u00e2ge adulte a, bien souvent, estomp\u00e9e.<\/p>\n\n\n\n<p>Jojo, ce sont les 400 coups, mais sans penser \u00e0 mal, la vie scolaire, les amiti\u00e9s des jeux, la campagne et ses \u00e9blouissements, mais aussi les peurs, face \u00e0 la vieillesse qu\u2019on voit s\u2019installer chez ceux qu\u2019on aime, face \u00e0 des r\u00e9alit\u00e9s qui, soudain, nous mettent en face de nos l\u00e2chet\u00e9s, de nos courages, de nos fuites, de nos combats.<\/p>\n\n\n\n<p>Tout cela, oui, c\u2019est l\u2019enfance, la n\u00f4tre\u2026 Celle de ce gamin qui vit, sur papier, dans l\u2019incontestable filiation des personnages de Semp\u00e9.<\/p>\n\n\n\n<p>Geerts, c\u2019\u00e9tait un dessinateur lumineux, capable de rendre souriant un paysage urbain dans lequel passent des voitures \u00e0 tout vitesse, et ce par la seule magie d\u2019une mise en sc\u00e8ne graphique qui place au centre de toute la narration les personnages.<\/p>\n\n\n\n<div class=\"wp-block-image\"><figure class=\"aligncenter size-large is-resized\"><img data-recalc-dims=\"1\" loading=\"lazy\" decoding=\"async\" src=\"https:\/\/i0.wp.com\/bd-chroniques.be\/wp-content\/uploads\/2020\/12\/noel6.jpg?resize=655%2C901&#038;ssl=1\" alt=\"\" class=\"wp-image-5645\" width=\"655\" height=\"901\" srcset=\"https:\/\/i0.wp.com\/bd-chroniques.be\/wp-content\/uploads\/2020\/12\/noel6.jpg?w=360&amp;ssl=1 360w, https:\/\/i0.wp.com\/bd-chroniques.be\/wp-content\/uploads\/2020\/12\/noel6.jpg?resize=218%2C300&amp;ssl=1 218w\" sizes=\"auto, (max-width: 655px) 100vw, 655px\" \/><figcaption>Jojo \u00a9 Dupuis<\/figcaption><\/figure><\/div>\n\n\n\n<p>Geerts, c\u2019\u00e9tait un raconteur d\u2019histoires simples et, de ce fait, essentielles.<\/p>\n\n\n\n<p>Dans ce dernier tome de l\u2019int\u00e9grale qui lui est consacr\u00e9e, on retrouve (ou d\u00e9couvre) les cinq derniers albums de Jojo. Avec l\u2019extraordinaire et \u00e9mouvant dernier chapitre de son \u0153uvre majeure : \u00ab Mamy Blues \u00bb. La grand-m\u00e8re de Jojo, Mamy, du haut de ses 69 ans, a un malaise\u2026 Et c\u2019est la r\u00e9v\u00e9lation, pour l\u2019enfant turbulent qu\u2019est son petit-fils, de l\u2019inexorable finalit\u00e9 de la vie.<\/p>\n\n\n\n<p>Il faut lire Jojo, il faut le relire, le faire lire, le faire d\u00e9couvrir par les ados d\u2019aujourd\u2019hui.<\/p>\n\n\n\n<p>Il faut ne pas oublier des auteurs comme Andr\u00e9 Geerts, qui ont donn\u00e9 \u00e0 la bd populaire et traditionnelle ses plus belles lettres de noblesse !<\/p>\n\n\n\n<p><strong>Jacques Schra\u00fbwen<\/strong><\/p>\n","protected":false},"excerpt":{"rendered":"<p>M\u00eame si No\u00ebl, cette ann\u00e9e, aura une triste saveur, n\u2019oubliez surtout pas de vivre, de vouloir \u00eatre heureux, de vouloir rendre heureux\u2026 Et donc d\u2019offrir \u00e0 ceux que vous aimez, en le leur disant, des moments de plaisir et de po\u00e9sie. Contes De No\u00ebl du Journal Spirou (1955-1969) (\u00e9ditions Dupuis \u2013 240 pages \u2013 novembre [&hellip;]<\/p>\n","protected":false},"author":1,"featured_media":5641,"comment_status":"open","ping_status":"open","sticky":false,"template":"","format":"standard","meta":{"jetpack_post_was_ever_published":false,"_jetpack_newsletter_access":"","_jetpack_dont_email_post_to_subs":false,"_jetpack_newsletter_tier_id":0,"_jetpack_memberships_contains_paywalled_content":false,"_jetpack_memberships_contains_paid_content":false,"footnotes":"","jetpack_publicize_message":"","jetpack_publicize_feature_enabled":true,"jetpack_social_post_already_shared":true,"jetpack_social_options":{"image_generator_settings":{"template":"highway","default_image_id":0,"font":"","enabled":false},"version":2}},"categories":[18,33],"tags":[],"class_list":["post-5640","post","type-post","status-publish","format-standard","has-post-thumbnail","hentry","category-c","category-j"],"jetpack_publicize_connections":[],"jetpack_featured_media_url":"https:\/\/i0.wp.com\/bd-chroniques.be\/wp-content\/uploads\/2020\/12\/collage-3-scaled.jpg?fit=2560%2C1920&ssl=1","jetpack_shortlink":"https:\/\/wp.me\/p8dqsu-1sY","jetpack_likes_enabled":true,"jetpack_sharing_enabled":true,"_links":{"self":[{"href":"https:\/\/bd-chroniques.be\/index.php\/wp-json\/wp\/v2\/posts\/5640","targetHints":{"allow":["GET"]}}],"collection":[{"href":"https:\/\/bd-chroniques.be\/index.php\/wp-json\/wp\/v2\/posts"}],"about":[{"href":"https:\/\/bd-chroniques.be\/index.php\/wp-json\/wp\/v2\/types\/post"}],"author":[{"embeddable":true,"href":"https:\/\/bd-chroniques.be\/index.php\/wp-json\/wp\/v2\/users\/1"}],"replies":[{"embeddable":true,"href":"https:\/\/bd-chroniques.be\/index.php\/wp-json\/wp\/v2\/comments?post=5640"}],"version-history":[{"count":1,"href":"https:\/\/bd-chroniques.be\/index.php\/wp-json\/wp\/v2\/posts\/5640\/revisions"}],"predecessor-version":[{"id":5646,"href":"https:\/\/bd-chroniques.be\/index.php\/wp-json\/wp\/v2\/posts\/5640\/revisions\/5646"}],"wp:featuredmedia":[{"embeddable":true,"href":"https:\/\/bd-chroniques.be\/index.php\/wp-json\/wp\/v2\/media\/5641"}],"wp:attachment":[{"href":"https:\/\/bd-chroniques.be\/index.php\/wp-json\/wp\/v2\/media?parent=5640"}],"wp:term":[{"taxonomy":"category","embeddable":true,"href":"https:\/\/bd-chroniques.be\/index.php\/wp-json\/wp\/v2\/categories?post=5640"},{"taxonomy":"post_tag","embeddable":true,"href":"https:\/\/bd-chroniques.be\/index.php\/wp-json\/wp\/v2\/tags?post=5640"}],"curies":[{"name":"wp","href":"https:\/\/api.w.org\/{rel}","templated":true}]}}