{"id":565,"date":"2017-04-11T09:54:16","date_gmt":"2017-04-11T07:54:16","guid":{"rendered":"http:\/\/bd-chroniques.be\/?p=565"},"modified":"2017-04-11T09:54:16","modified_gmt":"2017-04-11T07:54:16","slug":"les-voyages-dulysse","status":"publish","type":"post","link":"https:\/\/bd-chroniques.be\/index.php\/2017\/04\/11\/les-voyages-dulysse\/","title":{"rendered":"Les Voyages D&rsquo;Ulysse"},"content":{"rendered":"<div class=\"col-xs-12 col-md-8 pull-left rtbf-article-main__content\">\n<div class=\"rtbf-paragraph\">\n<p>La bande dessin\u00e9e a ses chefs d\u2019\u0153uvre\u2026 En voici un, graphique et litt\u00e9raire, rythm\u00e9 par trois auteurs qui suivent, chacun \u00e0 sa mani\u00e8re, les traces de celui qui fut peut-\u00eatre l\u2019inventeur du roman d\u2019aventures, Hom\u00e8re\u2026<\/p>\n<\/div>\n<div class=\"rtbf-paragraph rs_skip rs_preserve\"><\/div>\n<div class=\"rtbf-paragraph  clearfix\">\n<figure class=\"www-media custom_large www-media--last js-gallery-figure\"><a id=\"image-9069628\" class=\"www-media-fullscreen js-gallery-image\" href=\"https:\/\/i0.wp.com\/ds1.static.rtbf.be\/article\/image\/1240x800\/4\/c\/3\/07ae8736a16101ed8d21919f6feaa38c-1491821695.jpg?ssl=1\" target=\"_blank\" data-id=\"9069628\"> <img data-recalc-dims=\"1\" decoding=\"async\" class=\"img-responsive www-img-full   lazyloaded\" title=\"Les voyages d'Ulysse\" src=\"https:\/\/i0.wp.com\/ds1.static.rtbf.be\/article\/image\/370xAuto\/4\/c\/3\/07ae8736a16101ed8d21919f6feaa38c-1491821695.jpg?w=768&#038;ssl=1\" sizes=\"(min-width: 1200px) calc(992px*0.66), (min-width: 992px) 66vw, 100vw\" srcset=\"https:\/\/ds1.static.rtbf.be\/article\/image\/370xAuto\/4\/c\/3\/07ae8736a16101ed8d21919f6feaa38c-1491821695.jpg 370w,https:\/\/ds1.static.rtbf.be\/article\/image\/770xAuto\/4\/c\/3\/07ae8736a16101ed8d21919f6feaa38c-1491821695.jpg 770w,https:\/\/ds1.static.rtbf.be\/article\/image\/1248xAuto\/4\/c\/3\/07ae8736a16101ed8d21919f6feaa38c-1491821695.jpg 1248w\" alt=\"Les voyages d'Ulysse\" data-sizes=\"(min-width: 1200px) calc(992px*0.66), (min-width: 992px) 66vw, 100vw\" data-srcset=\"https:\/\/ds1.static.rtbf.be\/article\/image\/370xAuto\/4\/c\/3\/07ae8736a16101ed8d21919f6feaa38c-1491821695.jpg 370w,https:\/\/ds1.static.rtbf.be\/article\/image\/770xAuto\/4\/c\/3\/07ae8736a16101ed8d21919f6feaa38c-1491821695.jpg 770w,https:\/\/ds1.static.rtbf.be\/article\/image\/1248xAuto\/4\/c\/3\/07ae8736a16101ed8d21919f6feaa38c-1491821695.jpg 1248w\" \/> <i class=\"ico ico-circle ico-stack-2x www-media-enlarge__bg\"><\/i> <i class=\"ico ico-expand ico-stack-1x ico-inverse www-media-enlarge__icon\"><\/i> <\/a><figcaption class=\"www-media-caption\"><em><span class=\"www-media-caption__text\">Les voyages d&rsquo;Ulysse &#8211; \u00a9 Daniel Maghen<\/span><\/em><\/figcaption><\/figure>\n<p>D\u2019une part, il y a Jules Toulet, un peintre sans gloire, qui recherche la femme qu\u2019il a aim\u00e9e. D\u2019autre part, il y a la capitaine d\u2019un bateau au nom plus que symbolique, l\u2019Odysseus, la belle Salom\u00e9, \u00e0 la recherche, elle d\u2019un peintre au nom de Amm\u00f4n Kasacz.<\/p>\n<p>En cette fin de dix-neuvi\u00e8me si\u00e8cle, ces deux destins vont se croiser, se rencontrer, se confondre m\u00eame, le temps d\u2019une aventure v\u00e9cue sur mer et sur terre, dans l\u2019univers de la r\u00e9alit\u00e9 la plus sordide et de l\u2019art le plus flamboyant. Une aventure dont la trame se r\u00e9v\u00e8le \u00eatre celle du l\u00e9gendaire Ulysse et ses qu\u00eates\u2026 Une aventure au cours de laquelle vont se m\u00ealer d\u2019autres destins, d\u2019autres destin\u00e9es, faites de rencontres ou de souvenances partag\u00e9es.<\/p>\n<\/div>\n<div class=\"rtbf-paragraph  clearfix\">\n<figure class=\"www-media custom_large www-media--last js-gallery-figure\"><a id=\"image-9069629\" class=\"www-media-fullscreen js-gallery-image\" href=\"https:\/\/i0.wp.com\/ds1.static.rtbf.be\/article\/image\/1240x800\/9\/b\/4\/432a5cf430562ee93117e39539c943bf-1491821850.jpg?ssl=1\" target=\"_blank\" data-id=\"9069629\"> <img data-recalc-dims=\"1\" decoding=\"async\" class=\"img-responsive www-img-full   lazyloaded\" title=\"Les voyages d'Ulysse\" src=\"https:\/\/i0.wp.com\/ds1.static.rtbf.be\/article\/image\/370xAuto\/9\/b\/4\/432a5cf430562ee93117e39539c943bf-1491821850.jpg?w=768&#038;ssl=1\" sizes=\"(min-width: 1200px) calc(992px*0.66), (min-width: 992px) 66vw, 100vw\" srcset=\"https:\/\/ds1.static.rtbf.be\/article\/image\/370xAuto\/9\/b\/4\/432a5cf430562ee93117e39539c943bf-1491821850.jpg 370w,https:\/\/ds1.static.rtbf.be\/article\/image\/770xAuto\/9\/b\/4\/432a5cf430562ee93117e39539c943bf-1491821850.jpg 770w,https:\/\/ds1.static.rtbf.be\/article\/image\/1248xAuto\/9\/b\/4\/432a5cf430562ee93117e39539c943bf-1491821850.jpg 1248w\" alt=\"Les voyages d'Ulysse\" data-sizes=\"(min-width: 1200px) calc(992px*0.66), (min-width: 992px) 66vw, 100vw\" data-srcset=\"https:\/\/ds1.static.rtbf.be\/article\/image\/370xAuto\/9\/b\/4\/432a5cf430562ee93117e39539c943bf-1491821850.jpg 370w,https:\/\/ds1.static.rtbf.be\/article\/image\/770xAuto\/9\/b\/4\/432a5cf430562ee93117e39539c943bf-1491821850.jpg 770w,https:\/\/ds1.static.rtbf.be\/article\/image\/1248xAuto\/9\/b\/4\/432a5cf430562ee93117e39539c943bf-1491821850.jpg 1248w\" \/> <i class=\"ico ico-circle ico-stack-2x www-media-enlarge__bg\"><\/i> <i class=\"ico ico-expand ico-stack-1x ico-inverse www-media-enlarge__icon\"><\/i> <\/a><figcaption class=\"www-media-caption\"><em><span class=\"www-media-caption__text\">Les voyages d&rsquo;Ulysse &#8211; \u00a9 Daniel Maghen<\/span><\/em><\/figcaption><\/figure>\n<p>Emmanuel Lepage a d\u00e9j\u00e0 \u00e0 son actif quelques livres essentiels dans l\u2019\u00e9volution de la bande dessin\u00e9e : \u00a0\u00bb Muchacho \u00ab\u00a0, bien entendu, mais aussi \u00a0\u00bb Printemps \u00e0 Tchernobyl \u00ab\u00a0, envo\u00fbtant reportage dessin\u00e9, ou encore \u00a0\u00bb La Lune est Blanche \u00ab\u00a0, relatant une mission scientifique en Antarctique.<\/p>\n<p>Parti d\u2019un univers bd nourri de tradition, le parcours d\u2019Emmanuel Lepage s\u2019est vite orient\u00e9 vers un nouveau style narratif. Sa mani\u00e8re de raconter des histoires, de s\u2019y enfouir, est proche sans cesse de la r\u00e9flexion \u00e0 la fois sur notre monde, sur sa propre existence d\u2019auteur, sur la n\u00e9cessit\u00e9 de l\u2019art, et sur l\u2019Humain \u00e0 garder, avec force, au centre de tout propos litt\u00e9raire ou graphique.<\/p>\n<p>Emmanuel Lepage, c\u2019est aussi un dessinateur \u00e9poustouflant de beaut\u00e9, m\u00eame dans la repr\u00e9sentation de l\u2019horreur, un auteur de bd, certes, mais qui pratique, dans chaque planche, une esp\u00e8ce de construction qu\u2019on pourrait qualifier d\u2019illustrative. Et l\u00e0, il se r\u00e9v\u00e8le dans la continuit\u00e9 de Pierre Joubert, de Ren\u00e9 Follet, de tous ces dessinateurs qui, en leur temps, ont choisi de se mettre au service d\u2019\u0153uvres litt\u00e9raires de toutes sortes.<\/p>\n<p>Et dans ce livre-ci, riche de quelque 270 pages, il se retrouve, \u00e0 sa mani\u00e8re, sur les chemins de ses pr\u00e9d\u00e9cesseurs, puisque c\u2019est dans l\u2019\u0153uvre d\u2019Hom\u00e8re, sans cesse en filigrane, qu\u2019il se plonge.<\/p>\n<p>Avec l\u2019aide de Sophie Michel, il offre un cadre superbe aux mots d\u2019Hom\u00e8re, mais aussi \u00e0 ceux de ses personnages qui, tous, ressemblent aux trois auteurs de ce livre. Et dont quelques phrases m\u00e9ritent d&rsquo;\u00eatre dites et redites&#8230;<\/p>\n<p>\u00a0\u00bb Tout ce qui est donn\u00e9 est suffisant. \u00a0\u00bb<\/p>\n<p>\u00a0\u00bb Apprendre le silence. \u00a0\u00bb<\/p>\n<p>\u00a0\u00bb La cr\u00e9ation n\u2019est que solitude aride. \u00a0\u00bb<\/p>\n<p>C\u2019est l\u2019art, dans le sens le plus large possible du terme, qui est finalement le pivot de cet album. Et la phrase qui est mise dans la bouche de Salom\u00e9 pourrait \u00eatre mise en exergue d\u00e8s la couverture : \u00a0\u00bb Il nous r\u00e9v\u00e9lait les couleurs et nous portions un autre regard sur ce qui nous entourait \u00ab\u00a0.<\/p>\n<p>&nbsp;<\/p>\n<\/div>\n<div class=\"rtbf-paragraph  clearfix\">\n<figure class=\"www-media custom_large www-media--last js-gallery-figure\"><a id=\"image-9069630\" class=\"www-media-fullscreen js-gallery-image\" href=\"https:\/\/i0.wp.com\/ds1.static.rtbf.be\/article\/image\/1240x800\/2\/6\/2\/cc9779a6319e3143ae73ed11f7f0a34f-1491821950.jpg?ssl=1\" target=\"_blank\" data-id=\"9069630\"> <img data-recalc-dims=\"1\" decoding=\"async\" class=\"img-responsive www-img-full   lazyloaded\" title=\"L.es voyages d'Ulysse\" src=\"https:\/\/i0.wp.com\/ds1.static.rtbf.be\/article\/image\/370xAuto\/2\/6\/2\/cc9779a6319e3143ae73ed11f7f0a34f-1491821950.jpg?w=768&#038;ssl=1\" sizes=\"(min-width: 1200px) calc(992px*0.66), (min-width: 992px) 66vw, 100vw\" srcset=\"https:\/\/ds1.static.rtbf.be\/article\/image\/370xAuto\/2\/6\/2\/cc9779a6319e3143ae73ed11f7f0a34f-1491821950.jpg 370w,https:\/\/ds1.static.rtbf.be\/article\/image\/770xAuto\/2\/6\/2\/cc9779a6319e3143ae73ed11f7f0a34f-1491821950.jpg 770w,https:\/\/ds1.static.rtbf.be\/article\/image\/1248xAuto\/2\/6\/2\/cc9779a6319e3143ae73ed11f7f0a34f-1491821950.jpg 1248w\" alt=\"L.es voyages d'Ulysse\" data-sizes=\"(min-width: 1200px) calc(992px*0.66), (min-width: 992px) 66vw, 100vw\" data-srcset=\"https:\/\/ds1.static.rtbf.be\/article\/image\/370xAuto\/2\/6\/2\/cc9779a6319e3143ae73ed11f7f0a34f-1491821950.jpg 370w,https:\/\/ds1.static.rtbf.be\/article\/image\/770xAuto\/2\/6\/2\/cc9779a6319e3143ae73ed11f7f0a34f-1491821950.jpg 770w,https:\/\/ds1.static.rtbf.be\/article\/image\/1248xAuto\/2\/6\/2\/cc9779a6319e3143ae73ed11f7f0a34f-1491821950.jpg 1248w\" \/> <\/a><figcaption class=\"www-media-caption\"><em><span class=\"www-media-caption__text\">Les voyages d&rsquo;Ulysse &#8211; \u00a9 Daniel Maghen<\/span><\/em><\/figcaption><\/figure>\n<p>Et \u00e0 travers cet art, cette peinture, Emmanuel Lepage a voulu rendre hommage \u00e0 un dessinateur humble, dont le talent, pourtant, est un des plus importants qui soient dans l\u2019histoire du neuvi\u00e8me art. C\u2019est R\u00e9n\u00e9 Follet qui signe toutes les \u0153uvres, esquisses, dessins, tableaux, du peintre que Salom\u00e9 recherche dans ces \u00a0\u00bb Voyages d\u2019Ulysse \u00ab\u00a0. Il en r\u00e9sulte un face \u00e0 face pictural absolument \u00e9tonnant, un face \u00e0 face dans lequel chacun des deux auteurs, Jules\/Lepage et Amm\u00f4n\/Follet font assaut de prouesse et d\u2019inventivit\u00e9, non pas pour \u00e9blouir gratuitement, mais pour accompagner un r\u00e9cit qui emm\u00e8ne ses h\u00e9ros et ses lecteurs sur les mers d\u00e9cha\u00een\u00e9es de l\u2019amour, du non-conformisme, de la qu\u00eate initiatique, de la \u00a0\u00bb diff\u00e9rence \u00ab\u00a0. Ces \u00a0\u00bb Voyages d\u2019Ulysse \u00a0\u00bb tout en symbolisme de mots et de lieux, nous parlent ainsi de d\u00e9part et de retour, d\u2019enfance, de mort, de cruaut\u00e9, de destins qui, pour confondus qu\u2019ils puissent appara\u00eetre, sont de toute fa\u00e7on, condamn\u00e9s \u00e0 se s\u00e9parer.<\/p>\n<p>Ces Voyages sont ceux de l\u2019art, oui, de la pudeur, m\u00eame quand il s\u2019agit de d\u00e9crire la passion amoureuse entre deux femmes ou l\u2019innommable d\u2019un bordel, et ils nous disent que l\u2019homme ne peut \u00eatre lui-m\u00eame qu\u2019en trouvant sa propre divinit\u00e9, que cette derni\u00e8re ne peut exister qu\u2019\u00e0 travers l\u2019art, et que sans muse, sans mod\u00e8le, sans relation amoureuse, donc, aucun acte artistique n\u2019est possible.<\/p>\n<\/div>\n<div class=\"rtbf-paragraph  clearfix\">\n<p>F\u00e9minisme, homosexualit\u00e9, litt\u00e9rature, peinture, la mer en berceau de toute aventure, l\u2019importance de l\u2019\u00e9crit, les dialogues entre mille pass\u00e9s et mille pr\u00e9sents, la m\u00e9moire et l\u2019oubli, le d\u00e9c\u00e8s et la rupture : les th\u00e8mes abord\u00e9s dans ce livre sont nombreux, et pourtant la lecture de cet album n\u2019est jamais pesante, que du contraire !<\/p>\n<p>Je parlais, en d\u00e9but de chronique, d\u2019un chef-d\u2019\u0153uvre, et croyez-moi, c\u2019est vraiment le cas ! Emmanuel Lepage, \u00e0 lui seul, est d\u00e9j\u00e0 un auteur au talent absolument exceptionnel. Mais avec le sens litt\u00e9raire de Sophie Michel et de Sophie Michel, et avec le jeu de miroir que lui tend Follet, il parvient \u00e0 cr\u00e9er un livre dans lequel la cr\u00e9ation, justement, est la seule \u00e9chappatoire dans un univers aux impitoyables d\u00e9rives.<\/p>\n<p>Paru il y a quelques mois d\u00e9j\u00e0, ces \u00a0\u00bb Voyages d\u2019Ulysse \u00a0\u00bb se doivent, v\u00e9ritablement, de se trouver dans toutes les biblioth\u00e8ques des amoureux du neuvi\u00e8me art !<\/p>\n<p>&nbsp;<\/p>\n<p><strong>Jacques Schra\u00fbwen<\/strong><\/p>\n<p><strong>Les Voyages D\u2019Ulysse (dessin : Emmanuel Lepage et Ren\u00e9 Follet \u2013 sc\u00e9nario : Sophie Michel \u2013 \u00e9diteur : Daniel Maghen)<\/strong><\/p>\n<\/div>\n<\/div>\n","protected":false},"excerpt":{"rendered":"<p>La bande dessin\u00e9e a ses chefs d\u2019\u0153uvre\u2026 En voici un, graphique et litt\u00e9raire, rythm\u00e9 par trois auteurs qui suivent, chacun \u00e0 sa mani\u00e8re, les traces de celui qui fut peut-\u00eatre l\u2019inventeur du roman d\u2019aventures, Hom\u00e8re\u2026 Les voyages d&rsquo;Ulysse &#8211; \u00a9 Daniel Maghen D\u2019une part, il y a Jules Toulet, un peintre sans gloire, qui recherche [&hellip;]<\/p>\n","protected":false},"author":1,"featured_media":566,"comment_status":"open","ping_status":"open","sticky":false,"template":"","format":"standard","meta":{"jetpack_post_was_ever_published":false,"_jetpack_newsletter_access":"","_jetpack_dont_email_post_to_subs":false,"_jetpack_newsletter_tier_id":0,"_jetpack_memberships_contains_paywalled_content":false,"_jetpack_memberships_contains_paid_content":false,"footnotes":"","jetpack_publicize_message":"","jetpack_publicize_feature_enabled":true,"jetpack_social_post_already_shared":true,"jetpack_social_options":{"image_generator_settings":{"template":"highway","default_image_id":0,"font":"","enabled":false},"version":2}},"categories":[3,10],"tags":[],"class_list":["post-565","post","type-post","status-publish","format-standard","has-post-thumbnail","hentry","category-bd-de-s-a-z","category-v"],"jetpack_publicize_connections":[],"jetpack_featured_media_url":"https:\/\/i0.wp.com\/bd-chroniques.be\/wp-content\/uploads\/2017\/04\/6fcc29dd5a36eb7739b215e9197b1462-1491821576.jpg?fit=1248%2C701&ssl=1","jetpack_shortlink":"https:\/\/wp.me\/p8dqsu-97","jetpack_likes_enabled":true,"jetpack_sharing_enabled":true,"_links":{"self":[{"href":"https:\/\/bd-chroniques.be\/index.php\/wp-json\/wp\/v2\/posts\/565","targetHints":{"allow":["GET"]}}],"collection":[{"href":"https:\/\/bd-chroniques.be\/index.php\/wp-json\/wp\/v2\/posts"}],"about":[{"href":"https:\/\/bd-chroniques.be\/index.php\/wp-json\/wp\/v2\/types\/post"}],"author":[{"embeddable":true,"href":"https:\/\/bd-chroniques.be\/index.php\/wp-json\/wp\/v2\/users\/1"}],"replies":[{"embeddable":true,"href":"https:\/\/bd-chroniques.be\/index.php\/wp-json\/wp\/v2\/comments?post=565"}],"version-history":[{"count":1,"href":"https:\/\/bd-chroniques.be\/index.php\/wp-json\/wp\/v2\/posts\/565\/revisions"}],"predecessor-version":[{"id":567,"href":"https:\/\/bd-chroniques.be\/index.php\/wp-json\/wp\/v2\/posts\/565\/revisions\/567"}],"wp:featuredmedia":[{"embeddable":true,"href":"https:\/\/bd-chroniques.be\/index.php\/wp-json\/wp\/v2\/media\/566"}],"wp:attachment":[{"href":"https:\/\/bd-chroniques.be\/index.php\/wp-json\/wp\/v2\/media?parent=565"}],"wp:term":[{"taxonomy":"category","embeddable":true,"href":"https:\/\/bd-chroniques.be\/index.php\/wp-json\/wp\/v2\/categories?post=565"},{"taxonomy":"post_tag","embeddable":true,"href":"https:\/\/bd-chroniques.be\/index.php\/wp-json\/wp\/v2\/tags?post=565"}],"curies":[{"name":"wp","href":"https:\/\/api.w.org\/{rel}","templated":true}]}}