{"id":5691,"date":"2020-12-19T08:30:00","date_gmt":"2020-12-19T07:30:00","guid":{"rendered":"https:\/\/bd-chroniques.be\/?p=5691"},"modified":"2020-12-22T10:45:36","modified_gmt":"2020-12-22T09:45:36","slug":"pierre-tombal-et-le-covid","status":"publish","type":"post","link":"https:\/\/bd-chroniques.be\/index.php\/2020\/12\/19\/pierre-tombal-et-le-covid\/","title":{"rendered":"Pierre Tombal et le Covid"},"content":{"rendered":"\n<p>Des dessins au jour le jour, pendant ce qu\u2019on peut appeler le premier confinement et son d\u00e9confinement. Le regard d\u2019un artiste au gr\u00e9 de ses convictions, mais avec humour, toujours, m\u00eame tr\u00e8s noir !<\/p>\n\n\n\n<div class=\"wp-block-image\"><figure class=\"aligncenter size-large\"><img data-recalc-dims=\"1\" loading=\"lazy\" decoding=\"async\" width=\"768\" height=\"1020\" src=\"https:\/\/i0.wp.com\/bd-chroniques.be\/wp-content\/uploads\/2020\/12\/tombal0.jpg?resize=768%2C1020&#038;ssl=1\" alt=\"\" class=\"wp-image-5692\" srcset=\"https:\/\/i0.wp.com\/bd-chroniques.be\/wp-content\/uploads\/2020\/12\/tombal0.jpg?resize=771%2C1024&amp;ssl=1 771w, https:\/\/i0.wp.com\/bd-chroniques.be\/wp-content\/uploads\/2020\/12\/tombal0.jpg?resize=226%2C300&amp;ssl=1 226w, https:\/\/i0.wp.com\/bd-chroniques.be\/wp-content\/uploads\/2020\/12\/tombal0.jpg?resize=768%2C1020&amp;ssl=1 768w, https:\/\/i0.wp.com\/bd-chroniques.be\/wp-content\/uploads\/2020\/12\/tombal0.jpg?w=952&amp;ssl=1 952w\" sizes=\"auto, (max-width: 768px) 100vw, 768px\" \/><figcaption>Petites chroniques illustr\u00e9es du temps du Covid selon Pierre Tombal \u00a9 BlackWhite<\/figcaption><\/figure><\/div>\n\n\n\n<p>J\u2019ai d\u00e9j\u00e0 rencontr\u00e9 quelques fois Marc Hardy. Avec lui, on a parl\u00e9 de son m\u00e9tier, bien \u00e9videmment, de \u00ab Pierre Tombal \u00bb, une s\u00e9rie populaire malgr\u00e9 le fond grave, finalement, de son propos. On a parl\u00e9 de sa vie, des souffrances qui furent siennes au fil des ann\u00e9es, de son expo dans laquelle j\u2019ai d\u00e9couvert son talent r\u00e9aliste autour de Bob Morane, on a parl\u00e9 de Ren\u00e9 Hausman, de la rencontre avec ses lecteurs, essence m\u00eame de son m\u00e9tier me disait-il. On a parl\u00e9 de l\u2019importance du mot \u00ab populaire \u00bb dans l\u2019histoire du neuvi\u00e8me art, dans sa propre histoire de cr\u00e9ateur aussi.<\/p>\n\n\n\n<div class=\"wp-block-image\"><figure class=\"aligncenter size-large\"><img data-recalc-dims=\"1\" loading=\"lazy\" decoding=\"async\" width=\"768\" height=\"1021\" src=\"https:\/\/i0.wp.com\/bd-chroniques.be\/wp-content\/uploads\/2020\/12\/tombal1.jpg?resize=768%2C1021&#038;ssl=1\" alt=\"\" class=\"wp-image-5693\" srcset=\"https:\/\/i0.wp.com\/bd-chroniques.be\/wp-content\/uploads\/2020\/12\/tombal1.jpg?resize=770%2C1024&amp;ssl=1 770w, https:\/\/i0.wp.com\/bd-chroniques.be\/wp-content\/uploads\/2020\/12\/tombal1.jpg?resize=226%2C300&amp;ssl=1 226w, https:\/\/i0.wp.com\/bd-chroniques.be\/wp-content\/uploads\/2020\/12\/tombal1.jpg?resize=768%2C1021&amp;ssl=1 768w, https:\/\/i0.wp.com\/bd-chroniques.be\/wp-content\/uploads\/2020\/12\/tombal1.jpg?w=1131&amp;ssl=1 1131w\" sizes=\"auto, (max-width: 768px) 100vw, 768px\" \/><figcaption>Petites chroniques illustr\u00e9es du temps du Covid selon Pierre Tombal \u00a9 BlackWhite<\/figcaption><\/figure><\/div>\n\n\n\n<p>Le connaissant, connaissant un petit peu des \u00e9preuves qu\u2019il a v\u00e9cues, il \u00e9tait normal qu\u2019il se sente extr\u00eamement concern\u00e9 par le coronavirus et ses gestions de jour en jour.<\/p>\n\n\n\n<p>Le r\u00e9sultat de ce \u00ab travail \u00bb d\u2019observateur, de \u00ab sociologue d\u00e9cal\u00e9 \u00bb, le voici donc r\u00e9uni en un album de quelque 128 pages.<\/p>\n\n\n\n<p>Un album \u00e9tonnant, \u00e0 bien des points de vue.<\/p>\n\n\n\n<div class=\"wp-block-image\"><figure class=\"aligncenter size-large\"><img data-recalc-dims=\"1\" loading=\"lazy\" decoding=\"async\" width=\"768\" height=\"990\" src=\"https:\/\/i0.wp.com\/bd-chroniques.be\/wp-content\/uploads\/2020\/12\/tombal2.jpg?resize=768%2C990&#038;ssl=1\" alt=\"\" class=\"wp-image-5694\" srcset=\"https:\/\/i0.wp.com\/bd-chroniques.be\/wp-content\/uploads\/2020\/12\/tombal2.jpg?resize=794%2C1024&amp;ssl=1 794w, https:\/\/i0.wp.com\/bd-chroniques.be\/wp-content\/uploads\/2020\/12\/tombal2.jpg?resize=233%2C300&amp;ssl=1 233w, https:\/\/i0.wp.com\/bd-chroniques.be\/wp-content\/uploads\/2020\/12\/tombal2.jpg?resize=768%2C990&amp;ssl=1 768w, https:\/\/i0.wp.com\/bd-chroniques.be\/wp-content\/uploads\/2020\/12\/tombal2.jpg?w=1040&amp;ssl=1 1040w\" sizes=\"auto, (max-width: 768px) 100vw, 768px\" \/><figcaption>Petites chroniques illustr\u00e9es du temps du Covid selon Pierre Tombal \u00a9 BlackWhite<\/figcaption><\/figure><\/div>\n\n\n\n<p>Un album engag\u00e9, en tout cas, aux c\u00f4t\u00e9s des experts de tout poil qui influent depuis des mois sur le quotidien des Belges.<\/p>\n\n\n\n<p>Disons-le tout de suite, je suis loin d\u2019\u00eatre en accord avec toutes les convictions de Marc Hardy et tous les appels qu\u2019il fait, de page en page, pour que se respectent des mesures qu\u2019il consid\u00e8re essentielles. Mais cette diff\u00e9rence de vue est normale, naturelle, souhaitable m\u00eame. Je ne veux pas, et lui non plus, j\u2019en suis certain, vivre dans un monde o\u00f9 tout le monde aurait le m\u00eame regard, o\u00f9 tout le monde devrait, finalement, avoir le m\u00eame v\u00e9cu.<\/p>\n\n\n\n<p>Et ce qui est vraiment \u00e9tonnant, dans ce livre, c\u2019est l\u2019aspect presque schizophr\u00e9nique qu\u2019il rev\u00eat.<\/p>\n\n\n\n<div class=\"wp-block-image\"><figure class=\"aligncenter size-large\"><img data-recalc-dims=\"1\" loading=\"lazy\" decoding=\"async\" width=\"758\" height=\"1024\" src=\"https:\/\/i0.wp.com\/bd-chroniques.be\/wp-content\/uploads\/2020\/12\/tombal3.jpg?resize=758%2C1024&#038;ssl=1\" alt=\"\" class=\"wp-image-5695\" srcset=\"https:\/\/i0.wp.com\/bd-chroniques.be\/wp-content\/uploads\/2020\/12\/tombal3.jpg?resize=758%2C1024&amp;ssl=1 758w, https:\/\/i0.wp.com\/bd-chroniques.be\/wp-content\/uploads\/2020\/12\/tombal3.jpg?resize=222%2C300&amp;ssl=1 222w, https:\/\/i0.wp.com\/bd-chroniques.be\/wp-content\/uploads\/2020\/12\/tombal3.jpg?resize=768%2C1037&amp;ssl=1 768w, https:\/\/i0.wp.com\/bd-chroniques.be\/wp-content\/uploads\/2020\/12\/tombal3.jpg?w=1073&amp;ssl=1 1073w\" sizes=\"auto, (max-width: 758px) 100vw, 758px\" \/><figcaption>Petites chroniques illustr\u00e9es du temps du Covid selon Pierre Tombal \u00a9 BlackWhite<\/figcaption><\/figure><\/div>\n\n\n\n<p>D\u2019un c\u00f4t\u00e9, il y a les dessins, \u00e0 l\u2019humour sombre, des dessins souvent politiquement incorrects, des dessins qui parviennent \u00e0 m\u00ealer \u00e0 l\u2019horreur de la mort les sourires d\u2019un d\u00e9sespoir teint\u00e9 d\u2019\u00e9rotisme. Des dessins souvent rapides, comme cr\u00e9\u00e9s dans l\u2019urgence, pour que lui d\u2019abord, ses lecteurs ensuite, n\u2019oublient jamais qu\u2019ils sont humains, et que l\u2019humanit\u00e9 est aussi affaire de plaisir, de d\u00e9sir, de r\u00eaves. Et de tristesses, comme cette page sur laquelle Marc Hardy nous parle, avec une belle po\u00e9sie et une superbe retenue, du d\u00e9c\u00e8s de sa maman.<\/p>\n\n\n\n<div class=\"wp-block-image\"><figure class=\"aligncenter size-large is-resized\"><img data-recalc-dims=\"1\" loading=\"lazy\" decoding=\"async\" src=\"https:\/\/i0.wp.com\/bd-chroniques.be\/wp-content\/uploads\/2020\/12\/tombal4.jpg?resize=706%2C659&#038;ssl=1\" alt=\"\" class=\"wp-image-5696\" width=\"706\" height=\"659\" srcset=\"https:\/\/i0.wp.com\/bd-chroniques.be\/wp-content\/uploads\/2020\/12\/tombal4.jpg?w=440&amp;ssl=1 440w, https:\/\/i0.wp.com\/bd-chroniques.be\/wp-content\/uploads\/2020\/12\/tombal4.jpg?resize=300%2C280&amp;ssl=1 300w\" sizes=\"auto, (max-width: 706px) 100vw, 706px\" \/><figcaption>Petites chroniques illustr\u00e9es du temps du Covid selon Pierre Tombal \u00a9 BlackWhite<\/figcaption><\/figure><\/div>\n\n\n\n<p>Et puis, de l\u2019autre c\u00f4t\u00e9, il y a les commentaires, souvent copi\u00e9s tels quels des r\u00e9actions eues sur facebook. Et l\u00e0, on se trouve dans un autre regard, un regard totalement politiquement correct, un regard artiste dans lequel, de dessin en dessin, on sent s\u2019installer chez Hardy une peur qui prend de plus en plus de place. Il y a des appels \u00e0 la culpabilisation, m\u00eame s\u2019il s\u2019en cache, des \u00ab autres \u00bb, de ceux qui \u00ab ne respectent pas les ordres \u00bb\u2026 Mais, en m\u00eame temps, il y a des remarques, ici et l\u00e0, qui montrent que Marc Hardy, comme tout artiste, m\u00eame touch\u00e9 au plus profond de lui-m\u00eame, est un homme qui a besoin du doute pour exister, et cr\u00e9er. Il d\u00e9finit ainsi ses dessins comme \u00e9tant \u00ab l\u2019\u00e9ph\u00e9m\u00e8re reflet d\u2019une \u00e9motion \u00bb. Il se pose la question aussi de \u00ab la vie apr\u00e8s la vie, et de la vie sans la vie \u00bb\u2026<\/p>\n\n\n\n<div class=\"wp-block-image\"><figure class=\"aligncenter size-large is-resized\"><img data-recalc-dims=\"1\" loading=\"lazy\" decoding=\"async\" src=\"https:\/\/i0.wp.com\/bd-chroniques.be\/wp-content\/uploads\/2020\/12\/tombal5.jpg?resize=729%2C552&#038;ssl=1\" alt=\"\" class=\"wp-image-5697\" width=\"729\" height=\"552\" srcset=\"https:\/\/i0.wp.com\/bd-chroniques.be\/wp-content\/uploads\/2020\/12\/tombal5.jpg?w=440&amp;ssl=1 440w, https:\/\/i0.wp.com\/bd-chroniques.be\/wp-content\/uploads\/2020\/12\/tombal5.jpg?resize=300%2C227&amp;ssl=1 300w\" sizes=\"auto, (max-width: 729px) 100vw, 729px\" \/><figcaption>Petites chroniques illustr\u00e9es du temps du Covid selon Pierre Tombal \u00a9 BlackWhite<\/figcaption><\/figure><\/div>\n\n\n\n<p>Au travers de ses positions, de ses dessins d\u2019abord et avant tout, Marc Hardy s\u2019int\u00e9resse, en s\u2019interrogeant, au sens du mot libert\u00e9, \u00e0 ce qui est vraiment essentiel pour l\u2019\u00eatre humain, l\u2019\u00e9cologie, l\u2019\u00e9conomie ?&#8230; Il se pose la question, et nous la pose en m\u00eame temps, de savoir ce que sont, aujourd\u2019hui, pendant cette pand\u00e9mie, les valeurs de la vie qu\u2019il nous reste \u00e0 revendiquer\u2026<\/p>\n\n\n\n<p>Je pense, honn\u00eatement, que les commentaires dans ce livre sont quelque peu superflus. Certes, ils sont comme des t\u00eates de chapitre. Mais la force de cet album, ce sont les dessins\u2026 Ce sont aussi, dans ces dessins, les pauses que Marc Hardy a faites, comme pour rappeler qu\u2019au-del\u00e0 de l\u2019humour, il y a la sensation, l\u2019\u00e9rotisme grivois, une forme l\u00e9g\u00e8re de po\u00e9sie. Lolo et Sucette sont pr\u00e9sentes, tout comme bien d\u2019autres jeunes femmes accortes et tr\u00e8s peu v\u00eatues.<\/p>\n\n\n\n<div class=\"wp-block-image\"><figure class=\"aligncenter size-large is-resized\"><img data-recalc-dims=\"1\" loading=\"lazy\" decoding=\"async\" src=\"https:\/\/i0.wp.com\/bd-chroniques.be\/wp-content\/uploads\/2020\/12\/tombal6.jpg?resize=623%2C844&#038;ssl=1\" alt=\"\" class=\"wp-image-5698\" width=\"623\" height=\"844\" srcset=\"https:\/\/i0.wp.com\/bd-chroniques.be\/wp-content\/uploads\/2020\/12\/tombal6.jpg?w=310&amp;ssl=1 310w, https:\/\/i0.wp.com\/bd-chroniques.be\/wp-content\/uploads\/2020\/12\/tombal6.jpg?resize=221%2C300&amp;ssl=1 221w\" sizes=\"auto, (max-width: 623px) 100vw, 623px\" \/><figcaption>Petites chroniques illustr\u00e9es du temps du Covid selon Pierre Tombal \u00a9 BlackWhite<\/figcaption><\/figure><\/div>\n\n\n\n<p>Cr\u00e9er n\u2019est-il pas finalement, toujours, une fa\u00e7on d\u2019exorciser le pr\u00e9sent ?<\/p>\n\n\n\n<p>Exorcisez-le en vous plongeant dans ce livre qui vient \u00e0 son heure et qui est le miroir d\u2019un artiste, tout compte fait, plus que d\u2019une \u00e9poque\u2026<\/p>\n\n\n\n<p><strong>Jacques Schra\u00fbwen<\/strong><\/p>\n\n\n\n<p><strong>Petites chroniques illustr\u00e9es du temps du Covid selon Pierre Tombal (auteur : Marc Hardy \u2013 \u00e9diteur : Black and White \u2013 d\u00e9cembre 2020 \u2013 128 pages)<\/strong><\/p>\n","protected":false},"excerpt":{"rendered":"<p>Des dessins au jour le jour, pendant ce qu\u2019on peut appeler le premier confinement et son d\u00e9confinement. Le regard d\u2019un artiste au gr\u00e9 de ses convictions, mais avec humour, toujours, m\u00eame tr\u00e8s noir ! J\u2019ai d\u00e9j\u00e0 rencontr\u00e9 quelques fois Marc Hardy. Avec lui, on a parl\u00e9 de son m\u00e9tier, bien \u00e9videmment, de \u00ab Pierre Tombal [&hellip;]<\/p>\n","protected":false},"author":1,"featured_media":5692,"comment_status":"open","ping_status":"open","sticky":false,"template":"","format":"standard","meta":{"jetpack_post_was_ever_published":false,"_jetpack_newsletter_access":"","_jetpack_dont_email_post_to_subs":false,"_jetpack_newsletter_tier_id":0,"_jetpack_memberships_contains_paywalled_content":false,"_jetpack_memberships_contains_paid_content":false,"footnotes":"","jetpack_publicize_message":"","jetpack_publicize_feature_enabled":true,"jetpack_social_post_already_shared":true,"jetpack_social_options":{"image_generator_settings":{"template":"highway","default_image_id":0,"font":"","enabled":false},"version":2}},"categories":[23,27],"tags":[],"class_list":["post-5691","post","type-post","status-publish","format-standard","has-post-thumbnail","hentry","category-bd-de-m-a-r","category-p"],"jetpack_publicize_connections":[],"jetpack_featured_media_url":"https:\/\/i0.wp.com\/bd-chroniques.be\/wp-content\/uploads\/2020\/12\/tombal0.jpg?fit=952%2C1264&ssl=1","jetpack_shortlink":"https:\/\/wp.me\/p8dqsu-1tN","jetpack_likes_enabled":true,"jetpack_sharing_enabled":true,"_links":{"self":[{"href":"https:\/\/bd-chroniques.be\/index.php\/wp-json\/wp\/v2\/posts\/5691","targetHints":{"allow":["GET"]}}],"collection":[{"href":"https:\/\/bd-chroniques.be\/index.php\/wp-json\/wp\/v2\/posts"}],"about":[{"href":"https:\/\/bd-chroniques.be\/index.php\/wp-json\/wp\/v2\/types\/post"}],"author":[{"embeddable":true,"href":"https:\/\/bd-chroniques.be\/index.php\/wp-json\/wp\/v2\/users\/1"}],"replies":[{"embeddable":true,"href":"https:\/\/bd-chroniques.be\/index.php\/wp-json\/wp\/v2\/comments?post=5691"}],"version-history":[{"count":2,"href":"https:\/\/bd-chroniques.be\/index.php\/wp-json\/wp\/v2\/posts\/5691\/revisions"}],"predecessor-version":[{"id":5703,"href":"https:\/\/bd-chroniques.be\/index.php\/wp-json\/wp\/v2\/posts\/5691\/revisions\/5703"}],"wp:featuredmedia":[{"embeddable":true,"href":"https:\/\/bd-chroniques.be\/index.php\/wp-json\/wp\/v2\/media\/5692"}],"wp:attachment":[{"href":"https:\/\/bd-chroniques.be\/index.php\/wp-json\/wp\/v2\/media?parent=5691"}],"wp:term":[{"taxonomy":"category","embeddable":true,"href":"https:\/\/bd-chroniques.be\/index.php\/wp-json\/wp\/v2\/categories?post=5691"},{"taxonomy":"post_tag","embeddable":true,"href":"https:\/\/bd-chroniques.be\/index.php\/wp-json\/wp\/v2\/tags?post=5691"}],"curies":[{"name":"wp","href":"https:\/\/api.w.org\/{rel}","templated":true}]}}