{"id":5917,"date":"2021-02-14T12:20:29","date_gmt":"2021-02-14T11:20:29","guid":{"rendered":"https:\/\/bd-chroniques.be\/?p=5917"},"modified":"2021-02-14T12:20:29","modified_gmt":"2021-02-14T11:20:29","slug":"bruxelles-ville-de-la-bande-dessinee-trois-expositions-a-voir","status":"publish","type":"post","link":"https:\/\/bd-chroniques.be\/index.php\/2021\/02\/14\/bruxelles-ville-de-la-bande-dessinee-trois-expositions-a-voir\/","title":{"rendered":"Bruxelles, ville de la bande dessin\u00e9e : trois expositions \u00e0 voir !"},"content":{"rendered":"\n<p>Puisque la Belgique est le pays, dit-on, de la bande dessin\u00e9e, puisque Bruxelles en est la capitale, puisque la culture est de nos jours foul\u00e9e aux pieds par des pouvoirs qui se veulent absolus, aimons ces lieux qui sont encore ouverts et qui nous permettent de nous \u00e9vader de dessin en dessin, de d\u00e9couverte en d\u00e9couverte !<\/p>\n\n\n\n<div class=\"wp-block-image\"><figure class=\"aligncenter size-large\"><img data-recalc-dims=\"1\" loading=\"lazy\" decoding=\"async\" width=\"768\" height=\"576\" src=\"https:\/\/i0.wp.com\/bd-chroniques.be\/wp-content\/uploads\/2021\/02\/collage-1.jpg?resize=768%2C576&#038;ssl=1\" alt=\"\" class=\"wp-image-5918\" srcset=\"https:\/\/i0.wp.com\/bd-chroniques.be\/wp-content\/uploads\/2021\/02\/collage-1-scaled.jpg?resize=1024%2C768&amp;ssl=1 1024w, https:\/\/i0.wp.com\/bd-chroniques.be\/wp-content\/uploads\/2021\/02\/collage-1-scaled.jpg?resize=300%2C225&amp;ssl=1 300w, https:\/\/i0.wp.com\/bd-chroniques.be\/wp-content\/uploads\/2021\/02\/collage-1-scaled.jpg?resize=768%2C576&amp;ssl=1 768w, https:\/\/i0.wp.com\/bd-chroniques.be\/wp-content\/uploads\/2021\/02\/collage-1-scaled.jpg?resize=1536%2C1152&amp;ssl=1 1536w, https:\/\/i0.wp.com\/bd-chroniques.be\/wp-content\/uploads\/2021\/02\/collage-1-scaled.jpg?resize=2048%2C1536&amp;ssl=1 2048w, https:\/\/i0.wp.com\/bd-chroniques.be\/wp-content\/uploads\/2021\/02\/collage-1-scaled.jpg?w=2304&amp;ssl=1 2304w\" sizes=\"auto, (max-width: 768px) 100vw, 768px\" \/><\/figure><\/div>\n\n\n\n<h3 class=\"wp-block-heading\">Galerie Champaka : r\u00e9trospective \u00ab Guy Lefranc \u00bb par le dessinateur R\u00e9gric jusqu\u2019au 27 f\u00e9vrier 2021<\/h3>\n\n\n\n<p>C\u2019est en 1952 que Jacques Martin a cr\u00e9\u00e9, dans le journal de Tintin, le personnage de Guy Lefranc, un journaliste aventurier vivant dans ces ann\u00e9es 50 qui restent encore marqu\u00e9es profond\u00e9ment par la guerre 40-45, et d\u00e9j\u00e0 anxieuses de voir se profiler une nouvelle guerre que l\u2019on a dit froide.<\/p>\n\n\n\n<div class=\"wp-block-image\"><figure class=\"aligncenter size-large\"><img data-recalc-dims=\"1\" loading=\"lazy\" decoding=\"async\" width=\"721\" height=\"1024\" src=\"https:\/\/i0.wp.com\/bd-chroniques.be\/wp-content\/uploads\/2021\/02\/REGRIC-01.jpg?resize=721%2C1024&#038;ssl=1\" alt=\"\" class=\"wp-image-5919\" srcset=\"https:\/\/i0.wp.com\/bd-chroniques.be\/wp-content\/uploads\/2021\/02\/REGRIC-01-scaled.jpg?resize=721%2C1024&amp;ssl=1 721w, https:\/\/i0.wp.com\/bd-chroniques.be\/wp-content\/uploads\/2021\/02\/REGRIC-01-scaled.jpg?resize=211%2C300&amp;ssl=1 211w, https:\/\/i0.wp.com\/bd-chroniques.be\/wp-content\/uploads\/2021\/02\/REGRIC-01-scaled.jpg?resize=768%2C1091&amp;ssl=1 768w, https:\/\/i0.wp.com\/bd-chroniques.be\/wp-content\/uploads\/2021\/02\/REGRIC-01-scaled.jpg?resize=1081%2C1536&amp;ssl=1 1081w, https:\/\/i0.wp.com\/bd-chroniques.be\/wp-content\/uploads\/2021\/02\/REGRIC-01-scaled.jpg?resize=1441%2C2048&amp;ssl=1 1441w, https:\/\/i0.wp.com\/bd-chroniques.be\/wp-content\/uploads\/2021\/02\/REGRIC-01-scaled.jpg?w=1801&amp;ssl=1 1801w, https:\/\/i0.wp.com\/bd-chroniques.be\/wp-content\/uploads\/2021\/02\/REGRIC-01-scaled.jpg?w=1536&amp;ssl=1 1536w\" sizes=\"auto, (max-width: 721px) 100vw, 721px\" \/><figcaption>Lefranc \u00a9 Regric<\/figcaption><\/figure><\/div>\n\n\n\n<p>D\u00e8s le d\u00e9part de cette s\u00e9rie, il s\u2019est agi de mettre en sc\u00e8ne un personnage qui doit beaucoup \u00e0 Valhardi, un h\u00e9ros pur et dur, ben pensant, dans l\u2019air du temps. C\u2019\u00e9tait de la bande dessin\u00e9e r\u00e9aliste dans le style \u00e9vident de la ligne claire ch\u00e8re \u00e0 Herg\u00e9, ombre tut\u00e9laire du magazine Tintin.<\/p>\n\n\n\n<p>Ce personnage ne s\u2019est pas \u00e9teint avec son cr\u00e9ateur, et diff\u00e9rents auteurs se sont attel\u00e9s \u00e0 ce que perdurent ses aventures qui le voient affronter des m\u00e9chants plus vrais que nature !<\/p>\n\n\n\n<p>Depuis, 2009, c\u2019est R\u00e9gric qui, essentiellement, a repris le flambeau. La caract\u00e9ristique premi\u00e8re de son travail, c\u2019est \u00e9videmment de rester fid\u00e8le au trait comme au contenu de cette s\u00e9rie, de dessiner de fa\u00e7on classique des r\u00e9cits classiques eux aussi.<\/p>\n\n\n\n<div class=\"wp-block-image\"><figure class=\"aligncenter size-large\"><img data-recalc-dims=\"1\" loading=\"lazy\" decoding=\"async\" width=\"735\" height=\"1024\" src=\"https:\/\/i0.wp.com\/bd-chroniques.be\/wp-content\/uploads\/2021\/02\/REGRIC-06.jpg?resize=735%2C1024&#038;ssl=1\" alt=\"\" class=\"wp-image-5920\" srcset=\"https:\/\/i0.wp.com\/bd-chroniques.be\/wp-content\/uploads\/2021\/02\/REGRIC-06-scaled.jpg?resize=735%2C1024&amp;ssl=1 735w, https:\/\/i0.wp.com\/bd-chroniques.be\/wp-content\/uploads\/2021\/02\/REGRIC-06-scaled.jpg?resize=215%2C300&amp;ssl=1 215w, https:\/\/i0.wp.com\/bd-chroniques.be\/wp-content\/uploads\/2021\/02\/REGRIC-06-scaled.jpg?resize=768%2C1070&amp;ssl=1 768w, https:\/\/i0.wp.com\/bd-chroniques.be\/wp-content\/uploads\/2021\/02\/REGRIC-06-scaled.jpg?resize=1103%2C1536&amp;ssl=1 1103w, https:\/\/i0.wp.com\/bd-chroniques.be\/wp-content\/uploads\/2021\/02\/REGRIC-06-scaled.jpg?resize=1470%2C2048&amp;ssl=1 1470w, https:\/\/i0.wp.com\/bd-chroniques.be\/wp-content\/uploads\/2021\/02\/REGRIC-06-scaled.jpg?w=1838&amp;ssl=1 1838w, https:\/\/i0.wp.com\/bd-chroniques.be\/wp-content\/uploads\/2021\/02\/REGRIC-06-scaled.jpg?w=1536&amp;ssl=1 1536w\" sizes=\"auto, (max-width: 735px) 100vw, 735px\" \/><figcaption>Lefranc \u00a9 Regric<\/figcaption><\/figure><\/div>\n\n\n\n<p>Et c\u2019est son travail, minutieux, tout au long de sept de ses albums, que je vous propose de d\u00e9couvrir aux cimaises de la galerie Champaka. J\u2019aime assez, personnellement, la mani\u00e8re dont R\u00e9gric parvient \u00e0 ne pas faire uniquement du copier-coller, mais, tout au contraire, \u00e0 travailler avec d\u00e9licatesse sur les noirs et les blancs, sur les mouvements, sur les expressions. Et c\u2019est tout cela qui est \u00e0 d\u00e9couvrir \u00e0 la rue Ernestd Allard, \u00e0 Bruxelles, jusqu\u2019au 27 f\u00e9vrier prochain.<\/p>\n\n\n\n<p><a href=\"http:\/\/www.galeriechampaka.com\/\" target=\"_blank\" rel=\"noreferrer noopener\">http:\/\/www.galeriechampaka.com\/<\/a><\/p>\n\n\n\n<h3 class=\"wp-block-heading\">Galerie Huberty &amp; Breyne : Ira Dei, par Ronan Toulhoat, jusqu\u2019au 27 f\u00e9vrier 2021<\/h3>\n\n\n\n<p>Ira Dei, c\u2019est une s\u00e9rie historique qui nous immerge dans une Moyen-\u00c2ge violent, brutal, aux conflits incessants, aux alliances improbables. C\u2019est aujourd\u2019hui un quatri\u00e8me tome qui nous dresse le portrait \u00e0 la fois d\u2019un onzi\u00e8me si\u00e8cle qui ne correspond pas vraiment \u00e0 l\u2019image qu\u2019on s\u2019en fait et \u00e0 la fois de personnages entiers, puissants, ambigus\u2026<\/p>\n\n\n\n<div class=\"wp-block-image\"><figure class=\"aligncenter size-large\"><img data-recalc-dims=\"1\" loading=\"lazy\" decoding=\"async\" width=\"768\" height=\"269\" src=\"https:\/\/i0.wp.com\/bd-chroniques.be\/wp-content\/uploads\/2021\/02\/TOULHOAT-IraDei-LaTraque-Dessin-25x71-34370-LD.jpg?resize=768%2C269&#038;ssl=1\" alt=\"\" class=\"wp-image-5921\" srcset=\"https:\/\/i0.wp.com\/bd-chroniques.be\/wp-content\/uploads\/2021\/02\/TOULHOAT-IraDei-LaTraque-Dessin-25x71-34370-LD-scaled.jpg?resize=1024%2C359&amp;ssl=1 1024w, https:\/\/i0.wp.com\/bd-chroniques.be\/wp-content\/uploads\/2021\/02\/TOULHOAT-IraDei-LaTraque-Dessin-25x71-34370-LD-scaled.jpg?resize=300%2C105&amp;ssl=1 300w, https:\/\/i0.wp.com\/bd-chroniques.be\/wp-content\/uploads\/2021\/02\/TOULHOAT-IraDei-LaTraque-Dessin-25x71-34370-LD-scaled.jpg?resize=768%2C269&amp;ssl=1 768w, https:\/\/i0.wp.com\/bd-chroniques.be\/wp-content\/uploads\/2021\/02\/TOULHOAT-IraDei-LaTraque-Dessin-25x71-34370-LD-scaled.jpg?resize=1536%2C539&amp;ssl=1 1536w, https:\/\/i0.wp.com\/bd-chroniques.be\/wp-content\/uploads\/2021\/02\/TOULHOAT-IraDei-LaTraque-Dessin-25x71-34370-LD-scaled.jpg?resize=2048%2C719&amp;ssl=1 2048w, https:\/\/i0.wp.com\/bd-chroniques.be\/wp-content\/uploads\/2021\/02\/TOULHOAT-IraDei-LaTraque-Dessin-25x71-34370-LD-scaled.jpg?w=2304&amp;ssl=1 2304w\" sizes=\"auto, (max-width: 768px) 100vw, 768px\" \/><figcaption>Ira Dei \u00a9 Ronan Toulhoat<\/figcaption><\/figure><\/div>\n\n\n\n<p>Je ferai prochainement, ici, une chronique compl\u00e8te consacr\u00e9e \u00e0 ce livre, avec interview du sc\u00e9nariste Vincent Brugeas.<\/p>\n\n\n\n<div class=\"wp-block-image\"><figure class=\"aligncenter size-large\"><img data-recalc-dims=\"1\" loading=\"lazy\" decoding=\"async\" width=\"714\" height=\"1024\" src=\"https:\/\/i0.wp.com\/bd-chroniques.be\/wp-content\/uploads\/2021\/02\/TOULHOAT-SansTitre4-395x235-34441-LD.jpg?resize=714%2C1024&#038;ssl=1\" alt=\"\" class=\"wp-image-5922\" srcset=\"https:\/\/i0.wp.com\/bd-chroniques.be\/wp-content\/uploads\/2021\/02\/TOULHOAT-SansTitre4-395x235-34441-LD.jpg?resize=714%2C1024&amp;ssl=1 714w, https:\/\/i0.wp.com\/bd-chroniques.be\/wp-content\/uploads\/2021\/02\/TOULHOAT-SansTitre4-395x235-34441-LD.jpg?resize=209%2C300&amp;ssl=1 209w, https:\/\/i0.wp.com\/bd-chroniques.be\/wp-content\/uploads\/2021\/02\/TOULHOAT-SansTitre4-395x235-34441-LD.jpg?resize=768%2C1101&amp;ssl=1 768w, https:\/\/i0.wp.com\/bd-chroniques.be\/wp-content\/uploads\/2021\/02\/TOULHOAT-SansTitre4-395x235-34441-LD.jpg?resize=1072%2C1536&amp;ssl=1 1072w, https:\/\/i0.wp.com\/bd-chroniques.be\/wp-content\/uploads\/2021\/02\/TOULHOAT-SansTitre4-395x235-34441-LD.jpg?resize=1429%2C2048&amp;ssl=1 1429w, https:\/\/i0.wp.com\/bd-chroniques.be\/wp-content\/uploads\/2021\/02\/TOULHOAT-SansTitre4-395x235-34441-LD.jpg?w=1646&amp;ssl=1 1646w, https:\/\/i0.wp.com\/bd-chroniques.be\/wp-content\/uploads\/2021\/02\/TOULHOAT-SansTitre4-395x235-34441-LD.jpg?w=1536&amp;ssl=1 1536w\" sizes=\"auto, (max-width: 714px) 100vw, 714px\" \/><figcaption>Ira Dei \u00a9 Ronan Toulhoat<\/figcaption><\/figure><\/div>\n\n\n\n<p>Mais aujourd\u2019hui, je vous invite \u00e0 aller d\u00e9couvrir le travail \u00e9poustouflant du dessinateur, dans la galerie Huberty &amp; Breyne, \u00e0 la place du Ch\u00e2telain. Vous ne pourrez qu\u2019\u00eatre \u00e9blouis par le talent de cet auteur qui a une ma\u00eetrise du Noir et Blanc et de la lumi\u00e8re, et qui, en illustrations ou en planches enti\u00e8res, parvient \u00e0 rendre vivants, presque palpables les mouvements, dans ce qu\u2019ils peuvent avoir de plus d\u00e9mesur\u00e9.<\/p>\n\n\n\n<p><a href=\"https:\/\/www.hubertybreyne.com\/fr\/expositions\/en-cours\" target=\"_blank\" rel=\"noreferrer noopener\">https:\/\/www.hubertybreyne.com\/fr\/expositions\/en-cours<\/a><\/p>\n\n\n\n<h3 class=\"wp-block-heading\">Galerie Huberty &amp; Breyne : Bob et Bobette de Willy Vandersteen jusqu\u2019au 20 mars 2021<\/h3>\n\n\n\n<p>Cette exposition \u00e0 laquelle je vous convie aujourd\u2019hui ne retrace pas du tout toute l\u2019\u00e9tendue de l\u2019\u0153uvre de Vandersteen qui a quand m\u00eame cr\u00e9\u00e9 d\u2019autres s\u00e9ries qui ne manquent pas d\u2019int\u00e9r\u00eat : Bessy, Robert et Bertrand, Le Chevalier Rouge, le Prince Riri, et les excellentes Frasques de monsieur Guignon.<\/p>\n\n\n\n<div class=\"wp-block-image\"><figure class=\"aligncenter size-large\"><img data-recalc-dims=\"1\" loading=\"lazy\" decoding=\"async\" width=\"740\" height=\"1024\" src=\"https:\/\/i0.wp.com\/bd-chroniques.be\/wp-content\/uploads\/2021\/02\/BOB1.jpg?resize=740%2C1024&#038;ssl=1\" alt=\"\" class=\"wp-image-5923\" srcset=\"https:\/\/i0.wp.com\/bd-chroniques.be\/wp-content\/uploads\/2021\/02\/BOB1.jpg?resize=740%2C1024&amp;ssl=1 740w, https:\/\/i0.wp.com\/bd-chroniques.be\/wp-content\/uploads\/2021\/02\/BOB1.jpg?resize=217%2C300&amp;ssl=1 217w, https:\/\/i0.wp.com\/bd-chroniques.be\/wp-content\/uploads\/2021\/02\/BOB1.jpg?resize=768%2C1063&amp;ssl=1 768w, https:\/\/i0.wp.com\/bd-chroniques.be\/wp-content\/uploads\/2021\/02\/BOB1.jpg?resize=1110%2C1536&amp;ssl=1 1110w, https:\/\/i0.wp.com\/bd-chroniques.be\/wp-content\/uploads\/2021\/02\/BOB1.jpg?resize=1480%2C2048&amp;ssl=1 1480w, https:\/\/i0.wp.com\/bd-chroniques.be\/wp-content\/uploads\/2021\/02\/BOB1.jpg?w=1571&amp;ssl=1 1571w\" sizes=\"auto, (max-width: 740px) 100vw, 740px\" \/><figcaption>Bob et Bobette \u00a9 Willy Vandersteen<\/figcaption><\/figure><\/div>\n\n\n\n<p>Elle ne nous montre qu\u2019une p\u00e9riode pr\u00e9cise des aventures de Bob et Bobette, celle des ann\u00e9es 1960, avec des planches originales de quelques livres qui ont continu\u00e9, apr\u00e8s l\u2019\u00e9poque Tintin, \u00e0 prouver tout l\u2019\u00e9clectisme de Vandersteen, dans ses th\u00e8mes comme dans l\u2019\u00e9volution de son dessin : Le Sampan myst\u00e9rieux, Trognika ch\u00e9rie, L\u2019\u0152uf bourdonnant, entre autres, nous livrent ainsi les secrets de leur cr\u00e9ation.<\/p>\n\n\n\n<div class=\"wp-block-image\"><figure class=\"aligncenter size-large\"><img data-recalc-dims=\"1\" loading=\"lazy\" decoding=\"async\" width=\"768\" height=\"491\" src=\"https:\/\/i0.wp.com\/bd-chroniques.be\/wp-content\/uploads\/2021\/02\/IMG_0065.jpg?resize=768%2C491&#038;ssl=1\" alt=\"\" class=\"wp-image-5924\" srcset=\"https:\/\/i0.wp.com\/bd-chroniques.be\/wp-content\/uploads\/2021\/02\/IMG_0065.jpg?resize=1024%2C655&amp;ssl=1 1024w, https:\/\/i0.wp.com\/bd-chroniques.be\/wp-content\/uploads\/2021\/02\/IMG_0065.jpg?resize=300%2C192&amp;ssl=1 300w, https:\/\/i0.wp.com\/bd-chroniques.be\/wp-content\/uploads\/2021\/02\/IMG_0065.jpg?resize=768%2C492&amp;ssl=1 768w, https:\/\/i0.wp.com\/bd-chroniques.be\/wp-content\/uploads\/2021\/02\/IMG_0065.jpg?resize=1536%2C983&amp;ssl=1 1536w, https:\/\/i0.wp.com\/bd-chroniques.be\/wp-content\/uploads\/2021\/02\/IMG_0065.jpg?resize=2048%2C1311&amp;ssl=1 2048w, https:\/\/i0.wp.com\/bd-chroniques.be\/wp-content\/uploads\/2021\/02\/IMG_0065.jpg?w=2304&amp;ssl=1 2304w\" sizes=\"auto, (max-width: 768px) 100vw, 768px\" \/><figcaption>Bob et Bobette \u00a9 Willy Vandersteen<\/figcaption><\/figure><\/div>\n\n\n\n<p>Et c\u2019est une exposition sans appr\u00eats que l\u2019on peut visiter \u00e0 la Place du Ch\u00e2telain \u00e0 Bruxelles. Trois objets embl\u00e9matiques de l\u2019univers de Bob et Bobette font un pendant tranquille aux planches accroch\u00e9es aux cimaises de la galerie, et cette exposition est comme une petite fl\u00e2nerie amus\u00e9e et amusante dans l\u2019imaginaire dessin\u00e9 d\u2019un artiste qui reste un embl\u00e8me de la culture belge de langue flamande. Bob et Bobette, ce sont des centaines d\u2019albums, tous ou presque construits comme des fables contemporaines, m\u00eame quand Vandersteen emm\u00e8ne ses h\u00e9ros dans d\u2019autres \u00e9poques gr\u00e2ce \u00e0 la machine du professeur Barabas. Des fables, avec des morales\u2026 De la bd tous publics\u2026<\/p>\n\n\n\n<p><strong>Jacques Schra\u00fbwen<\/strong><\/p>\n","protected":false},"excerpt":{"rendered":"<p>Puisque la Belgique est le pays, dit-on, de la bande dessin\u00e9e, puisque Bruxelles en est la capitale, puisque la culture est de nos jours foul\u00e9e aux pieds par des pouvoirs qui se veulent absolus, aimons ces lieux qui sont encore ouverts et qui nous permettent de nous \u00e9vader de dessin en dessin, de d\u00e9couverte en [&hellip;]<\/p>\n","protected":false},"author":1,"featured_media":0,"comment_status":"open","ping_status":"open","sticky":false,"template":"","format":"standard","meta":{"jetpack_post_was_ever_published":false,"_jetpack_newsletter_access":"","_jetpack_dont_email_post_to_subs":false,"_jetpack_newsletter_tier_id":0,"_jetpack_memberships_contains_paywalled_content":false,"_jetpack_memberships_contains_paid_content":false,"footnotes":"","jetpack_publicize_message":"","jetpack_publicize_feature_enabled":true,"jetpack_social_post_already_shared":true,"jetpack_social_options":{"image_generator_settings":{"template":"highway","default_image_id":0,"font":"","enabled":false},"version":2}},"categories":[37],"tags":[],"class_list":["post-5917","post","type-post","status-publish","format-standard","hentry","category-evenements"],"jetpack_publicize_connections":[],"jetpack_featured_media_url":"","jetpack_shortlink":"https:\/\/wp.me\/p8dqsu-1xr","jetpack_likes_enabled":true,"jetpack_sharing_enabled":true,"_links":{"self":[{"href":"https:\/\/bd-chroniques.be\/index.php\/wp-json\/wp\/v2\/posts\/5917","targetHints":{"allow":["GET"]}}],"collection":[{"href":"https:\/\/bd-chroniques.be\/index.php\/wp-json\/wp\/v2\/posts"}],"about":[{"href":"https:\/\/bd-chroniques.be\/index.php\/wp-json\/wp\/v2\/types\/post"}],"author":[{"embeddable":true,"href":"https:\/\/bd-chroniques.be\/index.php\/wp-json\/wp\/v2\/users\/1"}],"replies":[{"embeddable":true,"href":"https:\/\/bd-chroniques.be\/index.php\/wp-json\/wp\/v2\/comments?post=5917"}],"version-history":[{"count":2,"href":"https:\/\/bd-chroniques.be\/index.php\/wp-json\/wp\/v2\/posts\/5917\/revisions"}],"predecessor-version":[{"id":5926,"href":"https:\/\/bd-chroniques.be\/index.php\/wp-json\/wp\/v2\/posts\/5917\/revisions\/5926"}],"wp:attachment":[{"href":"https:\/\/bd-chroniques.be\/index.php\/wp-json\/wp\/v2\/media?parent=5917"}],"wp:term":[{"taxonomy":"category","embeddable":true,"href":"https:\/\/bd-chroniques.be\/index.php\/wp-json\/wp\/v2\/categories?post=5917"},{"taxonomy":"post_tag","embeddable":true,"href":"https:\/\/bd-chroniques.be\/index.php\/wp-json\/wp\/v2\/tags?post=5917"}],"curies":[{"name":"wp","href":"https:\/\/api.w.org\/{rel}","templated":true}]}}