{"id":6927,"date":"2021-11-02T12:25:04","date_gmt":"2021-11-02T11:25:04","guid":{"rendered":"https:\/\/bd-chroniques.be\/?p=6927"},"modified":"2021-11-02T12:25:04","modified_gmt":"2021-11-02T11:25:04","slug":"pierre-kroll-deux-livres-ancres-dans-lactualite","status":"publish","type":"post","link":"https:\/\/bd-chroniques.be\/index.php\/2021\/11\/02\/pierre-kroll-deux-livres-ancres-dans-lactualite\/","title":{"rendered":"Pierre Kroll : deux livres ancr\u00e9s dans l\u2019actualit\u00e9"},"content":{"rendered":"\n<p>Chaque ann\u00e9e, lorsque s\u2019envolent les feuilles mortes, Pierre Kroll s\u2019amuse \u00e0 revenir sur son travail de toute une ann\u00e9e. Avec, pour 2021, un album suppl\u00e9mentaire concernant la retraite annonc\u00e9e de l\u2019Allemande Angela Merkel.<\/p>\n\n\n\n<h4 class=\"has-text-align-center wp-block-heading\">Angela 2005 2021 <\/h4>\n\n\n\n<h4 class=\"has-text-align-center wp-block-heading\">(auteur : Pierre Kroll \u2013 \u00e9diteur : Kennes \u2013 120 pages)<\/h4>\n\n\n\n<div class=\"wp-block-image\"><figure class=\"aligncenter size-large\"><img data-recalc-dims=\"1\" loading=\"lazy\" decoding=\"async\" width=\"768\" height=\"768\" src=\"https:\/\/i0.wp.com\/bd-chroniques.be\/wp-content\/uploads\/2021\/11\/rtb1.jpg?resize=768%2C768&#038;ssl=1\" alt=\"\" class=\"wp-image-6928\" srcset=\"https:\/\/i0.wp.com\/bd-chroniques.be\/wp-content\/uploads\/2021\/11\/rtb1.jpg?resize=1024%2C1024&amp;ssl=1 1024w, https:\/\/i0.wp.com\/bd-chroniques.be\/wp-content\/uploads\/2021\/11\/rtb1.jpg?resize=300%2C300&amp;ssl=1 300w, https:\/\/i0.wp.com\/bd-chroniques.be\/wp-content\/uploads\/2021\/11\/rtb1.jpg?resize=150%2C150&amp;ssl=1 150w, https:\/\/i0.wp.com\/bd-chroniques.be\/wp-content\/uploads\/2021\/11\/rtb1.jpg?resize=768%2C768&amp;ssl=1 768w, https:\/\/i0.wp.com\/bd-chroniques.be\/wp-content\/uploads\/2021\/11\/rtb1.jpg?resize=1536%2C1536&amp;ssl=1 1536w, https:\/\/i0.wp.com\/bd-chroniques.be\/wp-content\/uploads\/2021\/11\/rtb1.jpg?resize=2048%2C2048&amp;ssl=1 2048w\" sizes=\"auto, (max-width: 768px) 100vw, 768px\" \/><figcaption>Angela 2005 &#8211; 2021 \u00a9 Kennes<\/figcaption><\/figure><\/div>\n\n\n\n<p>Angela Merkel s\u2019en va\u2026 Et, avec elle, ce sont quelque 16 ans de vie europ\u00e9enne qui se rangent au rayon des souvenances.<\/p>\n\n\n\n<p>On ne peut nier que cette femme politique, issue de l\u2019Allemagne de l\u2019Est, a marqu\u00e9 l\u2019Histoire Europ\u00e9enne de sa pr\u00e9sence, de son pouvoir, de son id\u00e9ologie politique.<\/p>\n\n\n\n<div class=\"wp-block-image\"><figure class=\"aligncenter size-large is-resized\"><img data-recalc-dims=\"1\" loading=\"lazy\" decoding=\"async\" src=\"https:\/\/i0.wp.com\/bd-chroniques.be\/wp-content\/uploads\/2021\/11\/rtb4.jpg?resize=768%2C642&#038;ssl=1\" alt=\"\" class=\"wp-image-6937\" width=\"768\" height=\"642\" srcset=\"https:\/\/i0.wp.com\/bd-chroniques.be\/wp-content\/uploads\/2021\/11\/rtb4.jpg?resize=1024%2C857&amp;ssl=1 1024w, https:\/\/i0.wp.com\/bd-chroniques.be\/wp-content\/uploads\/2021\/11\/rtb4.jpg?resize=300%2C251&amp;ssl=1 300w, https:\/\/i0.wp.com\/bd-chroniques.be\/wp-content\/uploads\/2021\/11\/rtb4.jpg?resize=768%2C643&amp;ssl=1 768w, https:\/\/i0.wp.com\/bd-chroniques.be\/wp-content\/uploads\/2021\/11\/rtb4.jpg?w=1400&amp;ssl=1 1400w\" sizes=\"auto, (max-width: 768px) 100vw, 768px\" \/><figcaption> Angela 2005 &#8211; 2021 \u00a9 Kennes <\/figcaption><\/figure><\/div>\n\n\n\n<p>Et Pierre Kroll s\u2019est amus\u00e9 \u00e0 faire une compilation subjective des dessins qu\u2019il a consacr\u00e9e \u00e0 cette femme forte de l\u2019unit\u00e9 (ou de la d\u00e9sunion ?) europ\u00e9enne.<\/p>\n\n\n\n<figure class=\"wp-block-audio\"><audio controls src=\"https:\/\/bd-chroniques.be\/wp-content\/uploads\/2021\/11\/krolllivre.mp3\"><\/audio><figcaption> Pierre Kroll : une compilation <\/figcaption><\/figure>\n\n\n\n<p>Mis bout \u00e0 bout, dans l\u2019ordre chronologique de leur parution dans la presse, ces dessins nous racontent une femme d\u2019Etat, certes, mais, aussi, en m\u00eame temps, ils nous racontent l\u2019Europe\u2026<\/p>\n\n\n\n<div class=\"wp-block-image\"><figure class=\"aligncenter size-full\"><img data-recalc-dims=\"1\" loading=\"lazy\" decoding=\"async\" width=\"605\" height=\"533\" src=\"https:\/\/i0.wp.com\/bd-chroniques.be\/wp-content\/uploads\/2021\/11\/rtb5.jpg?resize=605%2C533&#038;ssl=1\" alt=\"\" class=\"wp-image-6938\" srcset=\"https:\/\/i0.wp.com\/bd-chroniques.be\/wp-content\/uploads\/2021\/11\/rtb5.jpg?w=605&amp;ssl=1 605w, https:\/\/i0.wp.com\/bd-chroniques.be\/wp-content\/uploads\/2021\/11\/rtb5.jpg?resize=300%2C264&amp;ssl=1 300w\" sizes=\"auto, (max-width: 605px) 100vw, 605px\" \/><figcaption> Angela 2005 &#8211; 2021 \u00a9 Kennes <\/figcaption><\/figure><\/div>\n\n\n\n<p>Et, pour que ce r\u00e9cit ait un sens, pour qu\u2019il soit un portrait non seulement d\u2019une femme mais du monde dans lequel elle a \u00ab op\u00e9r\u00e9 \u00bb, Kroll a ressenti le besoin d\u2019agr\u00e9menter cette suite graphique de quelques textes, qu\u2019il est important de lire. D\u2019abord parce qu\u2019ils replacent les dessins dans leur contexte historique, ensuite parce que ces commentaires sont aussi ceux d\u2019un auteur vis-\u00e0-vis de son seul travail.<\/p>\n\n\n\n<figure class=\"wp-block-audio\"><audio controls src=\"https:\/\/bd-chroniques.be\/wp-content\/uploads\/2021\/11\/krolltexte.mp3\"><\/audio><figcaption> Pierre Kroll : le texte <\/figcaption><\/figure>\n\n\n\n<p>Kroll nous montre notre monde, avec humour, sans occulter la r\u00e9alit\u00e9 d\u2019un pouvoir qui parfois, semble absolu. Le pouvoir d\u2019une femme\u2026 Un pouvoir que les dessins de Kroll n\u2019occultent en rien, tout en y ajoutant aussi ce que furent, pendant ces seize ans, les l\u00e2chet\u00e9s europ\u00e9ennes, donc les l\u00e2chet\u00e9s de Merkel et de ses \u00ab consorts \u00bb nombreux et, finalement, eux, interchangeables !<\/p>\n\n\n\n<figure class=\"wp-block-audio\"><audio controls src=\"https:\/\/bd-chroniques.be\/wp-content\/uploads\/2021\/11\/krollpouvoir.mp3\"><\/audio><figcaption> Pierre Kroll : le pouvoir <\/figcaption><\/figure>\n\n\n\n<p>Ce qui est frappant dans ce livre, c\u2019est l\u2019impertinence de l\u2019auteur\u2026 Pas sa m\u00e9chancet\u00e9, non, mais son plaisir, en des instantan\u00e9s graphiques, \u00e0 \u00e9gratigner une femme qui, sans aucun doute, a dirig\u00e9 r\u00e9ellement l\u2019Europe.<\/p>\n\n\n\n<p>Ce livre, en fait, c\u2019est une visite touristique et humoristique dans une institution pleine de remous (Gr\u00e8ce, Brexit, Italie, France), une visite qui n\u2019emp\u00eache pas la r\u00e9flexion\u2026<\/p>\n\n\n\n<div class=\"wp-block-image\"><figure class=\"aligncenter size-full\"><img data-recalc-dims=\"1\" loading=\"lazy\" decoding=\"async\" width=\"768\" height=\"585\" src=\"https:\/\/i0.wp.com\/bd-chroniques.be\/wp-content\/uploads\/2021\/11\/rtb6.jpg?resize=768%2C585&#038;ssl=1\" alt=\"\" class=\"wp-image-6939\" srcset=\"https:\/\/i0.wp.com\/bd-chroniques.be\/wp-content\/uploads\/2021\/11\/rtb6.jpg?w=879&amp;ssl=1 879w, https:\/\/i0.wp.com\/bd-chroniques.be\/wp-content\/uploads\/2021\/11\/rtb6.jpg?resize=300%2C228&amp;ssl=1 300w, https:\/\/i0.wp.com\/bd-chroniques.be\/wp-content\/uploads\/2021\/11\/rtb6.jpg?resize=768%2C585&amp;ssl=1 768w\" sizes=\"auto, (max-width: 768px) 100vw, 768px\" \/><figcaption> Angela 2005 &#8211; 2021 \u00a9 Kennes <\/figcaption><\/figure><\/div>\n\n\n\n<p>Parce que c\u2019est cela aussi, l\u2019int\u00e9r\u00eat de cette mise en perspective : permettre au lecteur, au spectateur, de pouvoir aller plus loin que la seule communication officielle. Et la force de Kroll, outre sa fa\u00e7on d\u2019\u00eatre toujours tr\u00e8s proche de l\u2019actualit\u00e9, c\u2019est en effet, cette impertinence\u2026 Le plaisir qu\u2019l prend \u00e0 d\u00e9passer les seules limites de l\u2019info\u2026 M\u00eame quand il prend plaisir \u00e0 d\u00e9nuder la chanceli\u00e8re !<\/p>\n\n\n\n<figure class=\"wp-block-audio\"><audio controls src=\"https:\/\/bd-chroniques.be\/wp-content\/uploads\/2021\/11\/krollnue.mp3\"><\/audio><figcaption> Pierre Kroll : Merkel d\u00e9nud\u00e9e <\/figcaption><\/figure>\n\n\n\n<h4 class=\"has-text-align-center wp-block-heading\">Piq\u00fbres de rappel <\/h4>\n\n\n\n<h4 class=\"has-text-align-center wp-block-heading\">(auteur : Pierre Kroll \u2013 \u00e9diteur : Les Ar\u00e8nes \u2013 octobre 2021)<\/h4>\n\n\n\n<div class=\"wp-block-image\"><figure class=\"aligncenter size-large\"><img data-recalc-dims=\"1\" loading=\"lazy\" decoding=\"async\" width=\"768\" height=\"587\" src=\"https:\/\/i0.wp.com\/bd-chroniques.be\/wp-content\/uploads\/2021\/11\/rtb2.jpg?resize=768%2C587&#038;ssl=1\" alt=\"\" class=\"wp-image-6936\" srcset=\"https:\/\/i0.wp.com\/bd-chroniques.be\/wp-content\/uploads\/2021\/11\/rtb2.jpg?resize=1024%2C782&amp;ssl=1 1024w, https:\/\/i0.wp.com\/bd-chroniques.be\/wp-content\/uploads\/2021\/11\/rtb2.jpg?resize=300%2C229&amp;ssl=1 300w, https:\/\/i0.wp.com\/bd-chroniques.be\/wp-content\/uploads\/2021\/11\/rtb2.jpg?resize=768%2C587&amp;ssl=1 768w, https:\/\/i0.wp.com\/bd-chroniques.be\/wp-content\/uploads\/2021\/11\/rtb2.jpg?w=1440&amp;ssl=1 1440w\" sizes=\"auto, (max-width: 768px) 100vw, 768px\" \/><figcaption>Piq\u00fbres de rappel \u00a9 Les Ar\u00e8nes<\/figcaption><\/figure><\/div>\n\n\n\n<p>Ce livre-ci s\u2019inscrit dans la tradition d\u00e9j\u00e0 bien ancr\u00e9e des parutions de fin d\u2019ann\u00e9e de Pierre Kroll. La surprise ne vient pas, donc, des dessins publi\u00e9s dans ce livre, mais dans le choix que Kroll a d\u00e9cid\u00e9 d\u2019op\u00e9rer dans ces dessins.<\/p>\n\n\n\n<p>Dessinateur de presse, Pierre Kroll, comme ses confr\u00e8res, travaille en parall\u00e8le des journalistes.<\/p>\n\n\n\n<div class=\"wp-block-image\"><figure class=\"aligncenter size-large is-resized\"><img data-recalc-dims=\"1\" loading=\"lazy\" decoding=\"async\" src=\"https:\/\/i0.wp.com\/bd-chroniques.be\/wp-content\/uploads\/2021\/11\/rtb8.jpg?resize=768%2C656&#038;ssl=1\" alt=\"\" class=\"wp-image-6940\" width=\"768\" height=\"656\" srcset=\"https:\/\/i0.wp.com\/bd-chroniques.be\/wp-content\/uploads\/2021\/11\/rtb8.jpg?resize=1024%2C876&amp;ssl=1 1024w, https:\/\/i0.wp.com\/bd-chroniques.be\/wp-content\/uploads\/2021\/11\/rtb8.jpg?resize=300%2C257&amp;ssl=1 300w, https:\/\/i0.wp.com\/bd-chroniques.be\/wp-content\/uploads\/2021\/11\/rtb8.jpg?resize=768%2C657&amp;ssl=1 768w, https:\/\/i0.wp.com\/bd-chroniques.be\/wp-content\/uploads\/2021\/11\/rtb8.jpg?w=1440&amp;ssl=1 1440w\" sizes=\"auto, (max-width: 768px) 100vw, 768px\" \/><figcaption> Piq\u00fbres de rappel \u00a9 Les Ar\u00e8nes <\/figcaption><\/figure><\/div>\n\n\n\n<p>Cela dit, le dessin de presse s\u2019apparente-t-il \u00e0 du journalisme ? Oui, puisqu\u2019il s\u2019inscrit v\u00e9ritablement dans la construction d\u2019un journal, d\u2019une revue. Non, parce que le dessinateur se doit de pr\u00e9senter un regard personnel, donc empreint de subjectivit\u00e9, sur un fait d\u2019actualit\u00e9. A ce titre, on peut dire que le dessin de presse est une forme graphique d\u2019un travail d\u2019\u00e9ditorialiste.<\/p>\n\n\n\n<figure class=\"wp-block-audio\"><audio controls src=\"https:\/\/bd-chroniques.be\/wp-content\/uploads\/2021\/11\/krolldessindepresse.mp3\"><\/audio><figcaption> Pierre Kroll : Merkel d\u00e9nud\u00e9e <\/figcaption><\/figure>\n\n\n\n<p>Ce qui est frappant, ainsi, dans une \u00e9poque comme la n\u00f4tre o\u00f9 le \u00ab politiquement correct \u00bb prend de plus en plus de place dans le quotidien de tout un chacun, c\u2019est que Pierre Kroll ne se contente pas, loin s\u2019en faut, de se faire l\u2019\u00e9cho des discours officiels.<\/p>\n\n\n\n<div class=\"wp-block-image\"><figure class=\"aligncenter size-full\"><img data-recalc-dims=\"1\" loading=\"lazy\" decoding=\"async\" width=\"716\" height=\"669\" src=\"https:\/\/i0.wp.com\/bd-chroniques.be\/wp-content\/uploads\/2021\/11\/rtb9.jpg?resize=716%2C669&#038;ssl=1\" alt=\"\" class=\"wp-image-6941\" srcset=\"https:\/\/i0.wp.com\/bd-chroniques.be\/wp-content\/uploads\/2021\/11\/rtb9.jpg?w=716&amp;ssl=1 716w, https:\/\/i0.wp.com\/bd-chroniques.be\/wp-content\/uploads\/2021\/11\/rtb9.jpg?resize=300%2C280&amp;ssl=1 300w\" sizes=\"auto, (max-width: 716px) 100vw, 716px\" \/><figcaption> Piq\u00fbres de rappel \u00a9 Les Ar\u00e8nes <\/figcaption><\/figure><\/div>\n\n\n\n<p>Le dessinateur de presse, au-del\u00e0 du seul aspect journalistique de son approche de l\u2019actualit\u00e9, a donc une marge de man\u0153uvre qu\u2019on pourrait assimiler \u00e0 une vraie libert\u00e9\u2026 Une libert\u00e9 qui, malgr\u00e9 tout, a toujours des limites !<\/p>\n\n\n\n<figure class=\"wp-block-audio\"><audio controls src=\"https:\/\/bd-chroniques.be\/wp-content\/uploads\/2021\/11\/krollliberte.mp3\"><\/audio><figcaption> Pierre Kroll : la libert\u00e9 <\/figcaption><\/figure>\n\n\n\n<p>Ce \u00ab Piq\u00fbres de rappel \u00bb, \u00e9videmment, parle essentiellement du covid et de la fa\u00e7on dont le monde politique l\u2019a ( ???) g\u00e9r\u00e9\u2026 De la mani\u00e8re, aussi, dont la population l\u2019a subi, et a subi bon gr\u00e9, mal gr\u00e9 les mille et uns d\u00e9crets et diktats du pouvoir politique.<\/p>\n\n\n\n<div class=\"wp-block-image\"><figure class=\"aligncenter size-full is-resized\"><img data-recalc-dims=\"1\" loading=\"lazy\" decoding=\"async\" src=\"https:\/\/i0.wp.com\/bd-chroniques.be\/wp-content\/uploads\/2021\/11\/rtb10.jpg?resize=756%2C426&#038;ssl=1\" alt=\"\" class=\"wp-image-6942\" width=\"756\" height=\"426\" srcset=\"https:\/\/i0.wp.com\/bd-chroniques.be\/wp-content\/uploads\/2021\/11\/rtb10.jpg?w=856&amp;ssl=1 856w, https:\/\/i0.wp.com\/bd-chroniques.be\/wp-content\/uploads\/2021\/11\/rtb10.jpg?resize=300%2C169&amp;ssl=1 300w, https:\/\/i0.wp.com\/bd-chroniques.be\/wp-content\/uploads\/2021\/11\/rtb10.jpg?resize=768%2C432&amp;ssl=1 768w\" sizes=\"auto, (max-width: 756px) 100vw, 756px\" \/><figcaption> Piq\u00fbres de rappel \u00a9 Les Ar\u00e8nes <\/figcaption><\/figure><\/div>\n\n\n\n<p>Et un des talents de Pierre Kroll, c\u2019est d\u2019\u00eatre \u00e0 l\u2019\u00e9coute, d\u2019\u00eatre un observateur et, d\u00e8s lors, de laisser ses personnages, ses \u00ab petits mickeys \u00bb, parler eux-m\u00eames de leurs convictions. Je n\u2019irais pas jusqu\u2019\u00e0 dire, bien entendu, que Kroll \u00e9vite ainsi de \u00ab prendre position \u00bb, de dire ce que sont ses convictions personnelles ! Mais il fait l\u00e0, \u00e0 mon humble avis, une v\u00e9ritable approche journalistique que ses coll\u00e8gues, les \u00ab vrais \u00bb journalistes font, il faut bien le reconna\u00eetre, de moins en moins souvent : laisser la parole \u00e0 tout le monde, laisser s\u2019exprimer tous les avis, avec des pistes de jugements, avec, surtout, des fen\u00eatres ainsi grandes ouvertes sur des paysages dans lesquels le dialogue et l\u2019analyse sont possibles\u2026<\/p>\n\n\n\n<div class=\"wp-block-image\"><figure class=\"aligncenter size-full\"><img data-recalc-dims=\"1\" loading=\"lazy\" decoding=\"async\" width=\"744\" height=\"669\" src=\"https:\/\/i0.wp.com\/bd-chroniques.be\/wp-content\/uploads\/2021\/11\/rtb11.jpg?resize=744%2C669&#038;ssl=1\" alt=\"\" class=\"wp-image-6943\" srcset=\"https:\/\/i0.wp.com\/bd-chroniques.be\/wp-content\/uploads\/2021\/11\/rtb11.jpg?w=744&amp;ssl=1 744w, https:\/\/i0.wp.com\/bd-chroniques.be\/wp-content\/uploads\/2021\/11\/rtb11.jpg?resize=300%2C270&amp;ssl=1 300w\" sizes=\"auto, (max-width: 744px) 100vw, 744px\" \/><figcaption> Piq\u00fbres de rappel \u00a9 Les Ar\u00e8nes <\/figcaption><\/figure><\/div>\n\n\n\n<p>C\u2019est cela, la d\u00e9mocratie, \u00e9galement\u2026<\/p>\n\n\n\n<p>Et Pierre Kroll nous montre l\u2019importance d\u2019un dessin de presse qui, non inf\u00e9od\u00e9, se doit, aujourd\u2019hui plus qu\u2019hier encore, de nous faire sourire, de nous faire r\u00e9fl\u00e9chir !&#8230;<\/p>\n\n\n\n<p><strong>Jacques Schra\u00fbwen<\/strong><\/p>\n\n\n\n<div class=\"wp-block-image\"><figure class=\"aligncenter size-large is-resized\"><img data-recalc-dims=\"1\" loading=\"lazy\" decoding=\"async\" src=\"https:\/\/i0.wp.com\/bd-chroniques.be\/wp-content\/uploads\/2021\/11\/rtb7.jpg?resize=757%2C881&#038;ssl=1\" alt=\"\" class=\"wp-image-6944\" width=\"757\" height=\"881\" srcset=\"https:\/\/i0.wp.com\/bd-chroniques.be\/wp-content\/uploads\/2021\/11\/rtb7.jpg?resize=879%2C1024&amp;ssl=1 879w, https:\/\/i0.wp.com\/bd-chroniques.be\/wp-content\/uploads\/2021\/11\/rtb7.jpg?resize=258%2C300&amp;ssl=1 258w, https:\/\/i0.wp.com\/bd-chroniques.be\/wp-content\/uploads\/2021\/11\/rtb7.jpg?resize=768%2C894&amp;ssl=1 768w, https:\/\/i0.wp.com\/bd-chroniques.be\/wp-content\/uploads\/2021\/11\/rtb7.jpg?w=979&amp;ssl=1 979w\" sizes=\"auto, (max-width: 757px) 100vw, 757px\" \/><figcaption>Pierre Kroll \u00a9 DYOD<\/figcaption><\/figure><\/div>\n\n\n\n<p><\/p>\n","protected":false},"excerpt":{"rendered":"<p>Chaque ann\u00e9e, lorsque s\u2019envolent les feuilles mortes, Pierre Kroll s\u2019amuse \u00e0 revenir sur son travail de toute une ann\u00e9e. Avec, pour 2021, un album suppl\u00e9mentaire concernant la retraite annonc\u00e9e de l\u2019Allemande Angela Merkel. Angela 2005 2021 (auteur : Pierre Kroll \u2013 \u00e9diteur : Kennes \u2013 120 pages) Angela Merkel s\u2019en va\u2026 Et, avec elle, ce [&hellip;]<\/p>\n","protected":false},"author":1,"featured_media":6929,"comment_status":"open","ping_status":"open","sticky":false,"template":"","format":"standard","meta":{"jetpack_post_was_ever_published":false,"_jetpack_newsletter_access":"","_jetpack_dont_email_post_to_subs":false,"_jetpack_newsletter_tier_id":0,"_jetpack_memberships_contains_paywalled_content":false,"_jetpack_memberships_contains_paid_content":false,"footnotes":"","jetpack_publicize_message":"","jetpack_publicize_feature_enabled":true,"jetpack_social_post_already_shared":true,"jetpack_social_options":{"image_generator_settings":{"template":"highway","default_image_id":0,"font":"","enabled":false},"version":2}},"categories":[22,34],"tags":[],"class_list":["post-6927","post","type-post","status-publish","format-standard","has-post-thumbnail","hentry","category-bd-de-g-a-l","category-k"],"jetpack_publicize_connections":[],"jetpack_featured_media_url":"https:\/\/i0.wp.com\/bd-chroniques.be\/wp-content\/uploads\/2021\/11\/collage-4-scaled.jpg?fit=2560%2C1920&ssl=1","jetpack_shortlink":"https:\/\/wp.me\/p8dqsu-1NJ","jetpack_likes_enabled":true,"jetpack_sharing_enabled":true,"_links":{"self":[{"href":"https:\/\/bd-chroniques.be\/index.php\/wp-json\/wp\/v2\/posts\/6927","targetHints":{"allow":["GET"]}}],"collection":[{"href":"https:\/\/bd-chroniques.be\/index.php\/wp-json\/wp\/v2\/posts"}],"about":[{"href":"https:\/\/bd-chroniques.be\/index.php\/wp-json\/wp\/v2\/types\/post"}],"author":[{"embeddable":true,"href":"https:\/\/bd-chroniques.be\/index.php\/wp-json\/wp\/v2\/users\/1"}],"replies":[{"embeddable":true,"href":"https:\/\/bd-chroniques.be\/index.php\/wp-json\/wp\/v2\/comments?post=6927"}],"version-history":[{"count":1,"href":"https:\/\/bd-chroniques.be\/index.php\/wp-json\/wp\/v2\/posts\/6927\/revisions"}],"predecessor-version":[{"id":6945,"href":"https:\/\/bd-chroniques.be\/index.php\/wp-json\/wp\/v2\/posts\/6927\/revisions\/6945"}],"wp:featuredmedia":[{"embeddable":true,"href":"https:\/\/bd-chroniques.be\/index.php\/wp-json\/wp\/v2\/media\/6929"}],"wp:attachment":[{"href":"https:\/\/bd-chroniques.be\/index.php\/wp-json\/wp\/v2\/media?parent=6927"}],"wp:term":[{"taxonomy":"category","embeddable":true,"href":"https:\/\/bd-chroniques.be\/index.php\/wp-json\/wp\/v2\/categories?post=6927"},{"taxonomy":"post_tag","embeddable":true,"href":"https:\/\/bd-chroniques.be\/index.php\/wp-json\/wp\/v2\/tags?post=6927"}],"curies":[{"name":"wp","href":"https:\/\/api.w.org\/{rel}","templated":true}]}}