{"id":6946,"date":"2021-11-05T08:30:00","date_gmt":"2021-11-05T07:30:00","guid":{"rendered":"https:\/\/bd-chroniques.be\/?p=6946"},"modified":"2021-11-04T19:02:27","modified_gmt":"2021-11-04T18:02:27","slug":"how-i-live-now-et-feroce","status":"publish","type":"post","link":"https:\/\/bd-chroniques.be\/index.php\/2021\/11\/05\/how-i-live-now-et-feroce\/","title":{"rendered":"\u00ab How i live now \u00bb et \u00ab F\u00e9roce \u00bb"},"content":{"rendered":"\n<h5 class=\"wp-block-heading\">Deux conseils lectures, deux excellents livres de chez Gl\u00e9nat !<\/h5>\n\n\n\n<p>Ce sont deux univers tr\u00e8s diff\u00e9rents l\u2019un de l\u2019autre que je vous invite \u00e0 d\u00e9couvrir. Deux univers, cependant, qui, chacun \u00e0 sa mani\u00e8re, se r\u00e9v\u00e8le \u00eatre le reflet, aussi, de nos quotidiens\u2026 A lire, \u00e0 faire lire !<\/p>\n\n\n\n<h4 class=\"has-text-align-center wp-block-heading\">How I Live Now <\/h4>\n\n\n\n<h5 class=\"has-text-align-center wp-block-heading\">(dessin et couleur : Christine Circosta \u2013 sc\u00e9nario : Lylian d\u2019apr\u00e8s Meg Rosoff \u2013 \u00e9diteur : Gl\u00e9nat \u2013 144 pages \u2013 septembre 2021)<\/h5>\n\n\n\n<div class=\"wp-block-image\"><figure class=\"aligncenter size-full is-resized\"><img data-recalc-dims=\"1\" loading=\"lazy\" decoding=\"async\" src=\"https:\/\/i0.wp.com\/bd-chroniques.be\/wp-content\/uploads\/2021\/11\/031101.jpg?resize=573%2C778&#038;ssl=1\" alt=\"\" class=\"wp-image-6947\" width=\"573\" height=\"778\" srcset=\"https:\/\/i0.wp.com\/bd-chroniques.be\/wp-content\/uploads\/2021\/11\/031101.jpg?w=479&amp;ssl=1 479w, https:\/\/i0.wp.com\/bd-chroniques.be\/wp-content\/uploads\/2021\/11\/031101.jpg?resize=221%2C300&amp;ssl=1 221w\" sizes=\"auto, (max-width: 573px) 100vw, 573px\" \/><figcaption>How I Live Now \u00a9 Gl\u00e9nat<\/figcaption><\/figure><\/div>\n\n\n\n<p>Une guerre s\u2019annonce\u2026 On en parle, on en a peur.<\/p>\n\n\n\n<p>Le p\u00e8re d\u2019Elisabeth, une adolescente r\u00e9volt\u00e9e, d\u00e9cide de lui faire quitter les Etats-Unis et de l\u2019envoyer chez une tante, dans la province anglaise.<\/p>\n\n\n\n<p>Seulement voil\u00e0 : la guerre arrive, la guerre pend le pouvoir, la guerre devient l\u2019horizon quotidien de tout un chacun, et ce de chaque c\u00f4t\u00e9 de l\u2019Atlantique.<\/p>\n\n\n\n<p>N\u2019allez pas croire, cependant, que ce livre va vous raconter ce qui l\u2019a \u00e9t\u00e9 des milliers et des milliers de fois, avec plus ou moins de talent : la vie d\u2019un groupe de personnes au creux d\u2019un pays en guerre !<\/p>\n\n\n\n<div class=\"wp-block-image\"><figure class=\"aligncenter size-large is-resized\"><img data-recalc-dims=\"1\" loading=\"lazy\" decoding=\"async\" src=\"https:\/\/i0.wp.com\/bd-chroniques.be\/wp-content\/uploads\/2021\/11\/031103.jpg?resize=553%2C378&#038;ssl=1\" alt=\"\" class=\"wp-image-6954\" width=\"553\" height=\"378\" srcset=\"https:\/\/i0.wp.com\/bd-chroniques.be\/wp-content\/uploads\/2021\/11\/031103.jpg?resize=300%2C206&amp;ssl=1 300w, https:\/\/i0.wp.com\/bd-chroniques.be\/wp-content\/uploads\/2021\/11\/031103.jpg?zoom=2&amp;resize=553%2C378&amp;ssl=1 1106w\" sizes=\"auto, (max-width: 553px) 100vw, 553px\" \/><figcaption> How I Live Now \u00a9 Gl\u00e9nat <\/figcaption><\/figure><\/div>\n\n\n\n<p>Non, cette guerre n\u2019est, finalement, qu\u2019un \u00e9l\u00e9ment du d\u00e9cor, un \u00e9l\u00e9ment essentiel, certes, mais dont on n\u2019aper\u00e7oit, au fil des pages, que tr\u00e8s peu la r\u00e9alit\u00e9.<\/p>\n\n\n\n<p>Je l\u2019avoue, je n\u2019ai pas lu le roman originel, ni vu le film qui en a \u00e9t\u00e9 tir\u00e9 en 2014.<\/p>\n\n\n\n<p>Je n\u2019ai lu que cette bande dessin\u00e9e, et j\u2019ai \u00e9t\u00e9 \u00e9bloui par ce livre, par sa construction, par son dessin, par sa couleur.<\/p>\n\n\n\n<p>Ce qui a int\u00e9ress\u00e9 les auteurs, je le disais, ce n\u2019est pas cette troisi\u00e8me guerre mondiale qui sert de fond d\u2019\u00e9cran. Ce que nous raconte ce livre, v\u00e9ritable roman graphique, ce sont plusieurs histoires essentiellement humaines et quotidiennes, au travers de portraits rapproch\u00e9s, de paysages, d\u2019activit\u00e9s, de r\u00eaves et de luttes communs. Oui, c\u2019est un livre de personnages et d\u2019\u00e9motions, tout simplement !<\/p>\n\n\n\n<div class=\"wp-block-image\"><figure class=\"aligncenter size-large is-resized\"><img data-recalc-dims=\"1\" loading=\"lazy\" decoding=\"async\" src=\"https:\/\/i0.wp.com\/bd-chroniques.be\/wp-content\/uploads\/2021\/11\/031104.jpg?resize=586%2C778&#038;ssl=1\" alt=\"\" class=\"wp-image-6953\" width=\"586\" height=\"778\" srcset=\"https:\/\/i0.wp.com\/bd-chroniques.be\/wp-content\/uploads\/2021\/11\/031104.jpg?resize=771%2C1024&amp;ssl=1 771w, https:\/\/i0.wp.com\/bd-chroniques.be\/wp-content\/uploads\/2021\/11\/031104.jpg?resize=226%2C300&amp;ssl=1 226w, https:\/\/i0.wp.com\/bd-chroniques.be\/wp-content\/uploads\/2021\/11\/031104.jpg?resize=768%2C1020&amp;ssl=1 768w, https:\/\/i0.wp.com\/bd-chroniques.be\/wp-content\/uploads\/2021\/11\/031104.jpg?resize=1157%2C1536&amp;ssl=1 1157w, https:\/\/i0.wp.com\/bd-chroniques.be\/wp-content\/uploads\/2021\/11\/031104.jpg?resize=1542%2C2048&amp;ssl=1 1542w, https:\/\/i0.wp.com\/bd-chroniques.be\/wp-content\/uploads\/2021\/11\/031104.jpg?w=1928&amp;ssl=1 1928w\" sizes=\"auto, (max-width: 586px) 100vw, 586px\" \/><figcaption> How I Live Now \u00a9 Gl\u00e9nat <\/figcaption><\/figure><\/div>\n\n\n\n<p>Il y a Elisabeth, en conflit avec son p\u00e8re apr\u00e8s la mort de sa m\u00e8re. Il y a son anorexie esquiss\u00e9e dans le r\u00e9cit mais intervenant, sans aucun doute, dans ses attitudes, dans ses r\u00e9actions. Elisabeth, qui se fait appeler Daisy et qui va trouver, dans cette famille britannique, des rep\u00e8res qui lui manquaient. Elisabeth qui va se sentir grande s\u0153ur responsable pour Piper. Elisabeth qui, du haut de ses quinze ans, va d\u00e9couvrir l\u2019amour, celui qu\u2019on dit romantique et celui qu\u2019on sait charnel, avec son cousin Edmond, adolescent lui aussi\u2026 Elisabeth qui se d\u00e9couvre ainsi un sens de la famille avec ses quatre cousins.<\/p>\n\n\n\n<p>Aux c\u00f4t\u00e9s d\u2019Elisabeth et de sa famille, il y a les autres\u2026 Des militaires, entre autres, qui am\u00e8nent avec eux la peur, le besoin d\u2019engagement pour un des cousins d\u2019Elisabeth, la s\u00e9paration, le travail obligatoire, la fuite, enfin, pour recr\u00e9er, utopiquement, le cocon familial dans lequel Elisabeth le sait, le sent, r\u00e9side leur seule chance \u00e0 tous les cinq de se restaurer \u00e0 eux-m\u00eames.<\/p>\n\n\n\n<p>Est-ce un livre, en d\u00e9finitive, sur l\u2019adolescence ?<\/p>\n\n\n\n<p>Je pense bien plus qu\u2019il s\u2019agit un roman dessin\u00e9 qui nous parle, avec plusieurs angles de vue, de la vie, de ses \u00e2ges, de cette n\u00e9cessit\u00e9 que tout un chacun a de vieillir, de \u00ab grandir \u00bb, quelles que soient les circonstances environnantes. Les \u00e2ges, oui, et la perte des r\u00eaves pour s\u2019en cr\u00e9er d\u2019autres, et les l\u00e2chet\u00e9s et les courages.<\/p>\n\n\n\n<p>C\u2019est un livre sur les \u00e9motions, qui sont de douceur ou de douleur, de nostalgie ou d\u2019esp\u00e9rance, de d\u00e9parts et de retrouvailles.<\/p>\n\n\n\n<div class=\"wp-block-image\"><figure class=\"aligncenter size-full is-resized\"><img data-recalc-dims=\"1\" loading=\"lazy\" decoding=\"async\" src=\"https:\/\/i0.wp.com\/bd-chroniques.be\/wp-content\/uploads\/2021\/11\/031105.jpg?resize=582%2C802&#038;ssl=1\" alt=\"\" class=\"wp-image-6950\" width=\"582\" height=\"802\" srcset=\"https:\/\/i0.wp.com\/bd-chroniques.be\/wp-content\/uploads\/2021\/11\/031105.jpg?w=500&amp;ssl=1 500w, https:\/\/i0.wp.com\/bd-chroniques.be\/wp-content\/uploads\/2021\/11\/031105.jpg?resize=218%2C300&amp;ssl=1 218w\" sizes=\"auto, (max-width: 582px) 100vw, 582px\" \/><figcaption> How I Live Now \u00a9 Gl\u00e9nat <\/figcaption><\/figure><\/div>\n\n\n\n<p>La narration est lin\u00e9aire\u2026 Et trait\u00e9e de bout en bout \u00e0 la hauteur de l\u2019h\u00e9ro\u00efne, Elisabeth. Ne sommes-nous pas toutes et tous, en fait, les seuls h\u00e9ros de nos existences ? Elisabeth n\u2019en prend conscience que progressivement, et le sc\u00e9nario suit, avec une lenteur qui n\u2018a rien de pesant, cette \u00e9volution.<\/p>\n\n\n\n<p>Le dessin et la couleur sont les interpr\u00e8tes premiers de ces \u00e9motions qui nous sont cont\u00e9es. La couleur nous restitue les sensations v\u00e9cues par les diff\u00e9rents protagonistes, elle est aussi porteuse de beaut\u00e9, celle de la nature, celle des saisons qui passent, celle d\u2019une forme d\u2019autarcie tranquille. Mais cette couleur peut aussi, ici et l\u00e0, se faire violente, dans la description graphique des tueries de la guerre par exemple.<\/p>\n\n\n\n<p>Ce n\u2019est pas un livre \u00ab feel good \u00bb, ce genre tellement \u00e0 la mode en ces temps pour le moins perturb\u00e9s. C\u2019est un livre intelligent, c\u2019est un live humain, c\u2019est un livre qui nous replonge, \u00e0 sa mani\u00e8re, dans nos propres adolescences, donc dans nos propres \u00e9blouissements et nos propres premi\u00e8res amours.<\/p>\n\n\n\n<h4 class=\"has-text-align-center wp-block-heading\">Feroce : 1. Ta\u00efga de Sang <\/h4>\n\n\n\n<h5 class=\"has-text-align-center wp-block-heading\">(dessin : Alex Macho \u2013 sc\u00e9nario : Gregorio Murso Harriet \u2013 couleur : Garluk Aguirre \u2013 \u00e9diteur : Gl\u00e9nat \u2013 56 pages \u2013 septembre 2021)<\/h5>\n\n\n\n<div class=\"wp-block-image\"><figure class=\"aligncenter size-full\"><img data-recalc-dims=\"1\" loading=\"lazy\" decoding=\"async\" width=\"600\" height=\"800\" src=\"https:\/\/i0.wp.com\/bd-chroniques.be\/wp-content\/uploads\/2021\/11\/031102.jpeg?resize=600%2C800&#038;ssl=1\" alt=\"\" class=\"wp-image-6949\" srcset=\"https:\/\/i0.wp.com\/bd-chroniques.be\/wp-content\/uploads\/2021\/11\/031102.jpeg?w=600&amp;ssl=1 600w, https:\/\/i0.wp.com\/bd-chroniques.be\/wp-content\/uploads\/2021\/11\/031102.jpeg?resize=225%2C300&amp;ssl=1 225w\" sizes=\"auto, (max-width: 600px) 100vw, 600px\" \/><figcaption>F\u00e9roce 1 \u00a9 Gl\u00e9nat<\/figcaption><\/figure><\/div>\n\n\n\n<p>Dans ce premier volume d\u2019un diptyque, la nature est \u00e9galement omnipr\u00e9sente.<\/p>\n\n\n\n<p>Mais il s\u2019agit d\u2019une nature plus sauvage, celle des profondeurs de la Russie, pr\u00e8s des fronti\u00e8res de la Chine et de la Cor\u00e9e.<\/p>\n\n\n\n<p>La guerre dont on parle dans ce livre est insidieuse, \u00e9conomique, elle attente au patrimoine naturel d\u2019un pays, la Russie, d\u2019un continent, de la faune et de la flore\u2026<\/p>\n\n\n\n<p>Dans ce livre, les personnages sont nombreux.<\/p>\n\n\n\n<p>On y trouve des ouvriers qui, perdus dans la Ta\u00efga, abattent les arbres en sachant qu\u2019ils le font hors des lois existantes. Il y a des membres des brigades foresti\u00e8res, cens\u00e9s veiller \u00e0 ce qu\u2019aucune infraction n\u2019ait lieu, il y a des \u00e9cologistes qui viennent, avec l\u2019aide du centre pour la protection du tigre de l\u2019Amour, r\u00e9aliser un film sur cet animal mythique et en voie de disparition.<\/p>\n\n\n\n<div class=\"wp-block-image\"><figure class=\"aligncenter size-full is-resized\"><img data-recalc-dims=\"1\" loading=\"lazy\" decoding=\"async\" src=\"https:\/\/i0.wp.com\/bd-chroniques.be\/wp-content\/uploads\/2021\/11\/031106.jpg?resize=531%2C706&#038;ssl=1\" alt=\"\" class=\"wp-image-6957\" width=\"531\" height=\"706\" srcset=\"https:\/\/i0.wp.com\/bd-chroniques.be\/wp-content\/uploads\/2021\/11\/031106.jpg?w=400&amp;ssl=1 400w, https:\/\/i0.wp.com\/bd-chroniques.be\/wp-content\/uploads\/2021\/11\/031106.jpg?resize=226%2C300&amp;ssl=1 226w\" sizes=\"auto, (max-width: 531px) 100vw, 531px\" \/><figcaption> F\u00e9roce 1 \u00a9 Gl\u00e9nat <\/figcaption><\/figure><\/div>\n\n\n\n<p>Il y a un mafieux russe qui veut se venger d\u2019une r\u00e9alisatrice \u00e9colo, Sabine K\u00f6ditz.<\/p>\n\n\n\n<p>Il y a une femme d\u2019affaire chinoise, mafieuse elle aussi.<\/p>\n\n\n\n<p>Et puis, il y a ce tigre, f\u00e9roce, bless\u00e9, et qui provoque le d\u00e9part en chasse de l\u2019esprit de la for\u00eat, l\u2019Amba\u2026<\/p>\n\n\n\n<p>C\u2019est vrai que ce livre nous donne pas mal d\u2019informations extr\u00eamement s\u00e9rieuses, quant \u00e0 cette d\u00e9forestation sur le continent europ\u00e9en encore plus grave et importante que celle dont on parle que le continent am\u00e9ricain, quant \u00e0 l\u2019omnipr\u00e9sence manipulatrice et mercantile de l\u2019homme au sein d\u2019une nature qui, pour ne pas se d\u00e9sagr\u00e9ger, va devoir se venger\u2026<\/p>\n\n\n\n<p>Parce que c\u2019est sans doute l\u00e0 que se situe le vrai point de gravit\u00e9 de ce livre : au-del\u00e0 de la violence, de la mort, de la trahison, de l\u2019amour, du courage, de la l\u00e2chet\u00e9, des conflits familiaux, c\u2019est la vengeance qui, peu \u00e0 peu, envahit tout, les femmes, les hommes, et la nature.<\/p>\n\n\n\n<div class=\"wp-block-image\"><figure class=\"aligncenter size-full is-resized\"><img data-recalc-dims=\"1\" loading=\"lazy\" decoding=\"async\" src=\"https:\/\/i0.wp.com\/bd-chroniques.be\/wp-content\/uploads\/2021\/11\/031107-2.jpg?resize=596%2C793&#038;ssl=1\" alt=\"\" class=\"wp-image-6955\" width=\"596\" height=\"793\" srcset=\"https:\/\/i0.wp.com\/bd-chroniques.be\/wp-content\/uploads\/2021\/11\/031107-2.jpg?w=400&amp;ssl=1 400w, https:\/\/i0.wp.com\/bd-chroniques.be\/wp-content\/uploads\/2021\/11\/031107-2.jpg?resize=226%2C300&amp;ssl=1 226w\" sizes=\"auto, (max-width: 596px) 100vw, 596px\" \/><figcaption> F\u00e9roce 1 \u00a9 Gl\u00e9nat <\/figcaption><\/figure><\/div>\n\n\n\n<p>L\u2019intelligence des auteurs est d\u2019avoir choisi les codes d\u2019une \u00ab aventure \u00bb pour nous livrer leur regard sur une r\u00e9alit\u00e9 dont les m\u00e9dias ne parlent pas. Il est tellement plus facile de condamner sur un bout de papier les actes d\u2019un Pr\u00e9sident sud-am\u00e9ricain que de se dresser contre un voisin imposant ! Et, puisque ce livre nous offre sa f\u00e9rocit\u00e9 en un r\u00e9cit entra\u00eenant, sa lecture en est agr\u00e9able\u2026 passionnante\u2026 Gr\u00e2ce, donc, au sc\u00e9nario sans temps mort, quelque peu \u00e9clat\u00e9, de Gregorio Muro Harriet.<\/p>\n\n\n\n<p>Il faut dire aussi que le dessin r\u00e9aliste de l\u2019Espagnol Alex Macho fait preuve d\u2019une virtuosit\u00e9 \u00e9vidente et particuli\u00e8rement efficace, visuellement parlant, et ce d\u00e8s la couverture de cet album.<\/p>\n\n\n\n<div class=\"wp-block-image\"><figure class=\"aligncenter size-full is-resized\"><img data-recalc-dims=\"1\" loading=\"lazy\" decoding=\"async\" src=\"https:\/\/i0.wp.com\/bd-chroniques.be\/wp-content\/uploads\/2021\/11\/031108.jpg?resize=575%2C765&#038;ssl=1\" alt=\"\" class=\"wp-image-6956\" width=\"575\" height=\"765\" srcset=\"https:\/\/i0.wp.com\/bd-chroniques.be\/wp-content\/uploads\/2021\/11\/031108.jpg?w=400&amp;ssl=1 400w, https:\/\/i0.wp.com\/bd-chroniques.be\/wp-content\/uploads\/2021\/11\/031108.jpg?resize=226%2C300&amp;ssl=1 226w\" sizes=\"auto, (max-width: 575px) 100vw, 575px\" \/><figcaption> F\u00e9roce 1 \u00a9 Gl\u00e9nat <\/figcaption><\/figure><\/div>\n\n\n\n<p>Il faut dire aussi que la couleur, due \u00e0 Garluk Aguirre, fait merveille dans la pr\u00e9sence, presque tangible, du froid, de la neige, des paysages embrum\u00e9s, des actes humains perdus dans le brouillard.<\/p>\n\n\n\n<p>Dans ce premier tome, tout est mis en place, avec vivacit\u00e9.<\/p>\n\n\n\n<p>Tous les rouages de la trag\u00e9die sont l\u00e0\u2026 Et j\u2019ose esp\u00e9rer qu\u2019ils seront \u00e0 la hauteur de mes envies dans le prochain volume !<\/p>\n\n\n\n<p><strong>Jacques Schra\u00fbwen<\/strong><\/p>\n","protected":false},"excerpt":{"rendered":"<p>Deux conseils lectures, deux excellents livres de chez Gl\u00e9nat ! Ce sont deux univers tr\u00e8s diff\u00e9rents l\u2019un de l\u2019autre que je vous invite \u00e0 d\u00e9couvrir. Deux univers, cependant, qui, chacun \u00e0 sa mani\u00e8re, se r\u00e9v\u00e8le \u00eatre le reflet, aussi, de nos quotidiens\u2026 A lire, \u00e0 faire lire ! How I Live Now (dessin et couleur [&hellip;]<\/p>\n","protected":false},"author":1,"featured_media":6948,"comment_status":"open","ping_status":"open","sticky":false,"template":"","format":"standard","meta":{"jetpack_post_was_ever_published":false,"_jetpack_newsletter_access":"","_jetpack_dont_email_post_to_subs":false,"_jetpack_newsletter_tier_id":0,"_jetpack_memberships_contains_paywalled_content":false,"_jetpack_memberships_contains_paid_content":false,"footnotes":"","jetpack_publicize_message":"","jetpack_publicize_feature_enabled":true,"jetpack_social_post_already_shared":true,"jetpack_social_options":{"image_generator_settings":{"template":"highway","default_image_id":0,"font":"","enabled":false},"version":2}},"categories":[21,31],"tags":[],"class_list":["post-6946","post","type-post","status-publish","format-standard","has-post-thumbnail","hentry","category-f","category-h"],"jetpack_publicize_connections":[],"jetpack_featured_media_url":"https:\/\/i0.wp.com\/bd-chroniques.be\/wp-content\/uploads\/2021\/11\/collage-5-scaled.jpg?fit=2560%2C1920&ssl=1","jetpack_shortlink":"https:\/\/wp.me\/p8dqsu-1O2","jetpack_likes_enabled":true,"jetpack_sharing_enabled":true,"_links":{"self":[{"href":"https:\/\/bd-chroniques.be\/index.php\/wp-json\/wp\/v2\/posts\/6946","targetHints":{"allow":["GET"]}}],"collection":[{"href":"https:\/\/bd-chroniques.be\/index.php\/wp-json\/wp\/v2\/posts"}],"about":[{"href":"https:\/\/bd-chroniques.be\/index.php\/wp-json\/wp\/v2\/types\/post"}],"author":[{"embeddable":true,"href":"https:\/\/bd-chroniques.be\/index.php\/wp-json\/wp\/v2\/users\/1"}],"replies":[{"embeddable":true,"href":"https:\/\/bd-chroniques.be\/index.php\/wp-json\/wp\/v2\/comments?post=6946"}],"version-history":[{"count":1,"href":"https:\/\/bd-chroniques.be\/index.php\/wp-json\/wp\/v2\/posts\/6946\/revisions"}],"predecessor-version":[{"id":6958,"href":"https:\/\/bd-chroniques.be\/index.php\/wp-json\/wp\/v2\/posts\/6946\/revisions\/6958"}],"wp:featuredmedia":[{"embeddable":true,"href":"https:\/\/bd-chroniques.be\/index.php\/wp-json\/wp\/v2\/media\/6948"}],"wp:attachment":[{"href":"https:\/\/bd-chroniques.be\/index.php\/wp-json\/wp\/v2\/media?parent=6946"}],"wp:term":[{"taxonomy":"category","embeddable":true,"href":"https:\/\/bd-chroniques.be\/index.php\/wp-json\/wp\/v2\/categories?post=6946"},{"taxonomy":"post_tag","embeddable":true,"href":"https:\/\/bd-chroniques.be\/index.php\/wp-json\/wp\/v2\/tags?post=6946"}],"curies":[{"name":"wp","href":"https:\/\/api.w.org\/{rel}","templated":true}]}}