{"id":7127,"date":"2022-01-02T11:17:21","date_gmt":"2022-01-02T10:17:21","guid":{"rendered":"https:\/\/bd-chroniques.be\/?p=7127"},"modified":"2022-01-02T11:17:21","modified_gmt":"2022-01-02T10:17:21","slug":"un-8-jour-au-musee-avec-les-bidochon","status":"publish","type":"post","link":"https:\/\/bd-chroniques.be\/index.php\/2022\/01\/02\/un-8-jour-au-musee-avec-les-bidochon\/","title":{"rendered":"Un 8\u00b0 jour au mus\u00e9e avec Les Bidochon"},"content":{"rendered":"\n<p>Lorsqu\u2019ils se coupent des gens qui vivent des quotidiens que l\u2019on ose parfois dire \u00ab simples \u00bb, l\u2019art et la culture perdent toute chair\u2026 Avec Binet, la peinture, la \u00ab grande \u00bb, retrouve, sous le regard de ses Bidochon, une pr\u00e9sence essentielle !<\/p>\n\n\n\n<div class=\"wp-block-image\"><figure class=\"aligncenter size-full\"><img data-recalc-dims=\"1\" loading=\"lazy\" decoding=\"async\" width=\"768\" height=\"794\" src=\"https:\/\/i0.wp.com\/bd-chroniques.be\/wp-content\/uploads\/2022\/01\/bido1.jpg?resize=768%2C794&#038;ssl=1\" alt=\"\" class=\"wp-image-7128\" srcset=\"https:\/\/i0.wp.com\/bd-chroniques.be\/wp-content\/uploads\/2022\/01\/bido1.jpg?w=773&amp;ssl=1 773w, https:\/\/i0.wp.com\/bd-chroniques.be\/wp-content\/uploads\/2022\/01\/bido1.jpg?resize=290%2C300&amp;ssl=1 290w, https:\/\/i0.wp.com\/bd-chroniques.be\/wp-content\/uploads\/2022\/01\/bido1.jpg?resize=768%2C794&amp;ssl=1 768w\" sizes=\"auto, (max-width: 768px) 100vw, 768px\" \/><figcaption>Un 8\u00b0 jour au mus\u00e9e avec Les Bidochon \u00a9 Dargaud<\/figcaption><\/figure><\/div>\n\n\n\n<p>Je parle de regard, oui. Aucun tableau n\u2019existe dans l\u2019obscurit\u00e9 totale, sauf lorsqu\u2019il n\u2019est plus qu\u2019un investissement qu\u2019on cache dans un coffre-fort. Et tous les regards se transforment en id\u00e9es, en mots ensuite, et ce sont ces mots qui donnent vie, r\u00e9ellement, \u00e0 une \u0153uvre d\u2019art. M\u00eame, et surtout sans doute, lorsque ces mots sont terre-\u00e0-terre, loin des c\u00e9nacles officiels usant de phrases pompeuses.<\/p>\n\n\n\n<p>Je vous propose donc de vous plonger dans l\u2019art, la peinture, en compagnie de deux guides qui n\u2019ont pas la langue dans la poche ! Raymonde et Robert Bidochon, les h\u00e9ros beaufs de Binet, se \u00ab cultivent \u00bb, pour la huiti\u00e8me fois d\u00e9j\u00e0, et nous livrent, en face de quelques tableaux, connus ou pas, leurs r\u00e9flexions. Des r\u00e9flexions temp\u00e9r\u00e9es, ensuite, par deux vrais analystes de l\u2019art pictural, Pierre Lac\u00f4te et Patrick Ramade.<\/p>\n\n\n\n<div class=\"wp-block-image\"><figure class=\"aligncenter size-large\"><img data-recalc-dims=\"1\" loading=\"lazy\" decoding=\"async\" width=\"768\" height=\"576\" src=\"https:\/\/i0.wp.com\/bd-chroniques.be\/wp-content\/uploads\/2022\/01\/collage.jpg?resize=768%2C576&#038;ssl=1\" alt=\"\" class=\"wp-image-7129\" srcset=\"https:\/\/i0.wp.com\/bd-chroniques.be\/wp-content\/uploads\/2022\/01\/collage-scaled.jpg?resize=1024%2C768&amp;ssl=1 1024w, https:\/\/i0.wp.com\/bd-chroniques.be\/wp-content\/uploads\/2022\/01\/collage-scaled.jpg?resize=300%2C225&amp;ssl=1 300w, https:\/\/i0.wp.com\/bd-chroniques.be\/wp-content\/uploads\/2022\/01\/collage-scaled.jpg?resize=768%2C576&amp;ssl=1 768w, https:\/\/i0.wp.com\/bd-chroniques.be\/wp-content\/uploads\/2022\/01\/collage-scaled.jpg?resize=1536%2C1152&amp;ssl=1 1536w, https:\/\/i0.wp.com\/bd-chroniques.be\/wp-content\/uploads\/2022\/01\/collage-scaled.jpg?resize=2048%2C1536&amp;ssl=1 2048w, https:\/\/i0.wp.com\/bd-chroniques.be\/wp-content\/uploads\/2022\/01\/collage-scaled.jpg?w=2304&amp;ssl=1 2304w\" sizes=\"auto, (max-width: 768px) 100vw, 768px\" \/><figcaption>  Un 8\u00b0 jour au mus\u00e9e avec Les Bidochon \u00a9 Dargaud <\/figcaption><\/figure><\/div>\n\n\n\n<p>Notre couple dessin\u00e9 s\u2019arr\u00eate devant une vingtaine de tableaux, et c\u2019est, \u00e0 chaque fois, de leur part, une remarque, une appr\u00e9ciation. Et le plaisir, c\u2019est que ces propos, basiques certes, sont en m\u00eame temps marqu\u00e9s du sceau du bon sens\u2026 Visiter un mus\u00e9e, nous a dit Raymonde dans l\u2019album pr\u00e9c\u00e9dent, c\u2019est comme faire un grand voyage. Oui, lui r\u00e9pond Robert, mais sans les valises \u00e0 porter. Le ton est donn\u00e9, et tout est \u00e0 l\u2019avenant !<\/p>\n\n\n\n<p>Ce couple se r\u00e9v\u00e8le, en fait, des visiteurs mod\u00e8les, parce que ce qui les int\u00e9resse, c\u2019est le tableau, la peinture, pas le nom du peintre ni sa renomm\u00e9e. Ils n\u2019ont pas de jugements de valeur, mais des sensations qu\u2019ils expriment. Comme par exemple en face d\u2019un tableau non figuratif, \u00ab les voies abandonn\u00e9es \u00bb de Victor Brauner, dans lequel Raymonde voit \u00ab une grenouille qui embrasse un poisson, un serpent qui essaie de manger une pomme qui est dans le ventre de quelqu\u2019un et une femme avec des nattes qui regarde par la fen\u00eatre \u00bb.<\/p>\n\n\n\n<div class=\"wp-block-image\"><figure class=\"aligncenter size-large\"><img data-recalc-dims=\"1\" loading=\"lazy\" decoding=\"async\" width=\"768\" height=\"576\" src=\"https:\/\/i0.wp.com\/bd-chroniques.be\/wp-content\/uploads\/2022\/01\/collage1.jpg?resize=768%2C576&#038;ssl=1\" alt=\"\" class=\"wp-image-7130\" srcset=\"https:\/\/i0.wp.com\/bd-chroniques.be\/wp-content\/uploads\/2022\/01\/collage1-scaled.jpg?resize=1024%2C768&amp;ssl=1 1024w, https:\/\/i0.wp.com\/bd-chroniques.be\/wp-content\/uploads\/2022\/01\/collage1-scaled.jpg?resize=300%2C225&amp;ssl=1 300w, https:\/\/i0.wp.com\/bd-chroniques.be\/wp-content\/uploads\/2022\/01\/collage1-scaled.jpg?resize=768%2C576&amp;ssl=1 768w, https:\/\/i0.wp.com\/bd-chroniques.be\/wp-content\/uploads\/2022\/01\/collage1-scaled.jpg?resize=1536%2C1152&amp;ssl=1 1536w, https:\/\/i0.wp.com\/bd-chroniques.be\/wp-content\/uploads\/2022\/01\/collage1-scaled.jpg?resize=2048%2C1536&amp;ssl=1 2048w, https:\/\/i0.wp.com\/bd-chroniques.be\/wp-content\/uploads\/2022\/01\/collage1-scaled.jpg?w=2304&amp;ssl=1 2304w\" sizes=\"auto, (max-width: 768px) 100vw, 768px\" \/><figcaption>  Un 8\u00b0 jour au mus\u00e9e avec Les Bidochon \u00a9 Dargaud <\/figcaption><\/figure><\/div>\n\n\n\n<p>C\u2019est un livre d\u2019humour, mais pas uniquement\u2026 D\u2019abord parce qu\u2019il y a \u00e0 chaque fois deux pages \u00ab s\u00e9rieuses \u00bb qui replacent les tableaux et leurs auteurs dans le contexte historique et humain de l\u2019\u00e9poque de leur cr\u00e9ation. Ensuite, parce que, avec leurs r\u00e9flexions simples, les Bidochon d\u00e9passent la simple \u0153uvre qu\u2019ils ont<\/p>\n\n\n\n<p>en face d\u2019eux pour se raconter des histoires, ne s\u2019int\u00e9resser qu\u2019\u00e0 un d\u00e9tail qui, tout compte fait, est peut-\u00eatre aussi le vrai centre d\u2019int\u00e9r\u00eat du tableau, comme devant la \u00ab Jeune fille au poids d\u2019horloge \u00bb, de Paula Becker, tableau pour lequel Robert ne comprend pas pourquoi le peintre n\u2019a pas laiss\u00e9 l\u2019horloge enti\u00e8re, ce qui aurait permis au mod\u00e8le de ne pas s\u2019ennuyer en suivant les trajets des aiguilles\u2026<\/p>\n\n\n\n<div class=\"wp-block-image\"><figure class=\"aligncenter size-large\"><img data-recalc-dims=\"1\" loading=\"lazy\" decoding=\"async\" width=\"768\" height=\"576\" src=\"https:\/\/i0.wp.com\/bd-chroniques.be\/wp-content\/uploads\/2022\/01\/collage2.jpg?resize=768%2C576&#038;ssl=1\" alt=\"\" class=\"wp-image-7131\" srcset=\"https:\/\/i0.wp.com\/bd-chroniques.be\/wp-content\/uploads\/2022\/01\/collage2-scaled.jpg?resize=1024%2C768&amp;ssl=1 1024w, https:\/\/i0.wp.com\/bd-chroniques.be\/wp-content\/uploads\/2022\/01\/collage2-scaled.jpg?resize=300%2C225&amp;ssl=1 300w, https:\/\/i0.wp.com\/bd-chroniques.be\/wp-content\/uploads\/2022\/01\/collage2-scaled.jpg?resize=768%2C576&amp;ssl=1 768w, https:\/\/i0.wp.com\/bd-chroniques.be\/wp-content\/uploads\/2022\/01\/collage2-scaled.jpg?resize=1536%2C1152&amp;ssl=1 1536w, https:\/\/i0.wp.com\/bd-chroniques.be\/wp-content\/uploads\/2022\/01\/collage2-scaled.jpg?resize=2048%2C1536&amp;ssl=1 2048w, https:\/\/i0.wp.com\/bd-chroniques.be\/wp-content\/uploads\/2022\/01\/collage2-scaled.jpg?w=2304&amp;ssl=1 2304w\" sizes=\"auto, (max-width: 768px) 100vw, 768px\" \/><figcaption> Un 8\u00b0 jour au mus\u00e9e avec Les Bidochon \u00a9 Dargaud<\/figcaption><\/figure><\/div>\n\n\n\n<p>C\u2019est cela, aussi, qui fait toute l\u2019intelligence de cette s\u00e9rie : au-del\u00e0 du c\u00f4t\u00e9 \u00ab beauf \u00bb assum\u00e9 des Bidochon, ils font \u00e0 leur tour \u0153uvre d\u2019art en interpr\u00e9tant, \u00e0 l\u2019aune de leurs r\u00e9alit\u00e9s, les tableaux qu\u2019on leur pr\u00e9sente !<\/p>\n\n\n\n<p>A l\u2019heure, donc, o\u00f9 les acteurs culturels officiels oublient qu\u2019ils ne sont rien sans le public et ne se veulent plus que \u00ab bons \u00e9l\u00e8ves \u00bb, le bon sens provocateur de Binet et de ses Bidochon fait bien plaisir ! Plongez-vous dans ce huiti\u00e8me opus, v\u00e9ritablement objet de culture, sans masque, et avec le sourire !<\/p>\n\n\n\n<p><strong>Jacques Schra\u00fbwen<\/strong><\/p>\n\n\n\n<p><strong>Un 8\u00b0 jour au mus\u00e9e avec Les Bidochon (auteurs : Binet, Ramade, Lac\u00f4te \u2013 \u00e9diteur : Dargaud \u2013 85 pages \u2013 d\u00e9cembre 2021)<\/strong><\/p>\n","protected":false},"excerpt":{"rendered":"<p>Lorsqu\u2019ils se coupent des gens qui vivent des quotidiens que l\u2019on ose parfois dire \u00ab simples \u00bb, l\u2019art et la culture perdent toute chair\u2026 Avec Binet, la peinture, la \u00ab grande \u00bb, retrouve, sous le regard de ses Bidochon, une pr\u00e9sence essentielle ! Je parle de regard, oui. Aucun tableau n\u2019existe dans l\u2019obscurit\u00e9 totale, sauf [&hellip;]<\/p>\n","protected":false},"author":1,"featured_media":7128,"comment_status":"open","ping_status":"open","sticky":false,"template":"","format":"standard","meta":{"jetpack_post_was_ever_published":false,"_jetpack_newsletter_access":"","_jetpack_dont_email_post_to_subs":false,"_jetpack_newsletter_tier_id":0,"_jetpack_memberships_contains_paywalled_content":false,"_jetpack_memberships_contains_paid_content":false,"footnotes":"","jetpack_publicize_message":"","jetpack_publicize_feature_enabled":true,"jetpack_social_post_already_shared":true,"jetpack_social_options":{"image_generator_settings":{"template":"highway","default_image_id":0,"font":"","enabled":false},"version":2}},"categories":[17,14],"tags":[],"class_list":["post-7127","post","type-post","status-publish","format-standard","has-post-thumbnail","hentry","category-b","category-bd-de-a-a-f"],"jetpack_publicize_connections":[],"jetpack_featured_media_url":"https:\/\/i0.wp.com\/bd-chroniques.be\/wp-content\/uploads\/2022\/01\/bido1.jpg?fit=773%2C799&ssl=1","jetpack_shortlink":"https:\/\/wp.me\/p8dqsu-1QX","jetpack_likes_enabled":true,"jetpack_sharing_enabled":true,"_links":{"self":[{"href":"https:\/\/bd-chroniques.be\/index.php\/wp-json\/wp\/v2\/posts\/7127","targetHints":{"allow":["GET"]}}],"collection":[{"href":"https:\/\/bd-chroniques.be\/index.php\/wp-json\/wp\/v2\/posts"}],"about":[{"href":"https:\/\/bd-chroniques.be\/index.php\/wp-json\/wp\/v2\/types\/post"}],"author":[{"embeddable":true,"href":"https:\/\/bd-chroniques.be\/index.php\/wp-json\/wp\/v2\/users\/1"}],"replies":[{"embeddable":true,"href":"https:\/\/bd-chroniques.be\/index.php\/wp-json\/wp\/v2\/comments?post=7127"}],"version-history":[{"count":1,"href":"https:\/\/bd-chroniques.be\/index.php\/wp-json\/wp\/v2\/posts\/7127\/revisions"}],"predecessor-version":[{"id":7132,"href":"https:\/\/bd-chroniques.be\/index.php\/wp-json\/wp\/v2\/posts\/7127\/revisions\/7132"}],"wp:featuredmedia":[{"embeddable":true,"href":"https:\/\/bd-chroniques.be\/index.php\/wp-json\/wp\/v2\/media\/7128"}],"wp:attachment":[{"href":"https:\/\/bd-chroniques.be\/index.php\/wp-json\/wp\/v2\/media?parent=7127"}],"wp:term":[{"taxonomy":"category","embeddable":true,"href":"https:\/\/bd-chroniques.be\/index.php\/wp-json\/wp\/v2\/categories?post=7127"},{"taxonomy":"post_tag","embeddable":true,"href":"https:\/\/bd-chroniques.be\/index.php\/wp-json\/wp\/v2\/tags?post=7127"}],"curies":[{"name":"wp","href":"https:\/\/api.w.org\/{rel}","templated":true}]}}