{"id":718,"date":"2017-05-28T10:08:06","date_gmt":"2017-05-28T08:08:06","guid":{"rendered":"http:\/\/bd-chroniques.be\/?p=718"},"modified":"2017-05-28T10:08:06","modified_gmt":"2017-05-28T08:08:06","slug":"ter-1-letranger-un-album-une-exposition-jusquen-octobre-une-interview","status":"publish","type":"post","link":"https:\/\/bd-chroniques.be\/index.php\/2017\/05\/28\/ter-1-letranger-un-album-une-exposition-jusquen-octobre-une-interview\/","title":{"rendered":"Ter : 1- l&rsquo;\u00e9tranger \u2013 un album, une exposition jusqu&rsquo;en octobre, une interview"},"content":{"rendered":"<div class=\"rtbf-paragraph\">\n<p>De la science-fiction solide pour une nouvelle s\u00e9rie passionnante : un album somptueux et une belle exposition consacr\u00e9e \u00e0 un dessinateur au talent passionn\u00e9 !<\/p>\n<\/div>\n<div class=\"rtbf-paragraph  clearfix\">\n<figure class=\"www-media custom_large www-media--last js-gallery-figure\"><a id=\"image-9106031\" class=\"www-media-fullscreen js-gallery-image\" href=\"https:\/\/i0.wp.com\/ds1.static.rtbf.be\/article\/image\/1240x800\/c\/c\/5\/f04aaac54e15812570cc195b59a7c5c2-1495883946.jpg?ssl=1\" target=\"_blank\" rel=\"noopener noreferrer\" data-id=\"9106031\"><img data-recalc-dims=\"1\" decoding=\"async\" class=\"img-responsive www-img-full   lazyloaded\" title=\"Ter\" src=\"https:\/\/i0.wp.com\/ds1.static.rtbf.be\/article\/image\/370xAuto\/c\/c\/5\/f04aaac54e15812570cc195b59a7c5c2-1495883946.jpg?w=768&#038;ssl=1\" sizes=\"(min-width: 1200px) calc(992px*0.66), (min-width: 992px) 66vw, 100vw\" srcset=\"https:\/\/ds1.static.rtbf.be\/article\/image\/370xAuto\/c\/c\/5\/f04aaac54e15812570cc195b59a7c5c2-1495883946.jpg 370w,https:\/\/ds1.static.rtbf.be\/article\/image\/770xAuto\/c\/c\/5\/f04aaac54e15812570cc195b59a7c5c2-1495883946.jpg 770w,https:\/\/ds1.static.rtbf.be\/article\/image\/1248xAuto\/c\/c\/5\/f04aaac54e15812570cc195b59a7c5c2-1495883946.jpg 1248w\" alt=\"Ter\" data-sizes=\"(min-width: 1200px) calc(992px*0.66), (min-width: 992px) 66vw, 100vw\" data-srcset=\"https:\/\/ds1.static.rtbf.be\/article\/image\/370xAuto\/c\/c\/5\/f04aaac54e15812570cc195b59a7c5c2-1495883946.jpg 370w,https:\/\/ds1.static.rtbf.be\/article\/image\/770xAuto\/c\/c\/5\/f04aaac54e15812570cc195b59a7c5c2-1495883946.jpg 770w,https:\/\/ds1.static.rtbf.be\/article\/image\/1248xAuto\/c\/c\/5\/f04aaac54e15812570cc195b59a7c5c2-1495883946.jpg 1248w\" \/><i class=\"ico ico-circle ico-stack-2x www-media-enlarge__bg\"><\/i><i class=\"ico ico-expand ico-stack-1x ico-inverse www-media-enlarge__icon\"><\/i><\/a><figcaption class=\"www-media-caption\"><em><span class=\"www-media-caption__text\">Ter &#8211; \u00a9 Emmanuelle Klein<\/span><\/em><\/figcaption><figcaption class=\"www-media-caption\"><\/figcaption><figcaption class=\"www-media-caption\"><\/figcaption><\/figure>\n<p>Au sc\u00e9nario, Rodolphe, un vieux routier du neuvi\u00e8me art extr\u00eamement prolifique, puisque c\u2019est \u00e0 la fin des ann\u00e9es 80 qu\u2019il a d\u00e9but\u00e9 dans ce m\u00e9tier. C\u2019est dire qu\u2019il sait ce que c\u2019est que raconter une histoire avec efficacit\u00e9\u2026<\/p>\n<p>Au dessin, un jeune auteur suisse, Christophe Dubois.<\/p>\n<p>Et \u00e0 l\u2019\u00e9dition, un homme Daniel Maghen, amoureux de la bd, galeriste, et qui n\u2019\u00e9dite que des livres de tr\u00e8s grande qualit\u00e9 graphique, comme ceux de Prugne ou de l\u2019exceptionnel Lepage\u2026<\/p>\n<p>Au total, un livre de science-fiction absolument passionnant !<\/p>\n<p>Un livre dont les planches originales sont expos\u00e9es, jusqu\u2019au 8 octobre, dans un lieu prestigieux, le Centre Belge de la Bande Dessin\u00e9e, \u00e0 Bruxelles. Un lieu dans lequel les dessins de Christophe Dubois ont totalement leur place.<\/p>\n<p>M\u00eame s\u2019il n\u2019a qu\u2019une carri\u00e8re assez courte encore dans l\u2019univers de la bd, Christophe Dubois se r\u00e9v\u00e8le \u00eatre un dessinateur r\u00e9aliste exceptionnel ! Ses planches sont des petits bijoux, avec des angles de vue qui permettent vraiment de plonger dans un univers qui, totalement fictionnel, fait cependant mille et une r\u00e9f\u00e9rence, dans le texte comme dans le graphisme, au monde qui est le n\u00f4tre. Et l\u2019exposition montre avec talent que dessin et texte sont en v\u00e9ritable osmose dans ce livre\u2026<\/p>\n<p>Un bel hommage, donc, que cette exposition, \u00e0 un auteur, certes, mais aussi \u00e0 un \u00e9diteur engag\u00e9 dans la d\u00e9fense du neuvi\u00e8me art.<\/p>\n<p>&nbsp;<\/p>\n<h6 class=\"audio-player__title\">Rodolphe: Daniel Maghen \u00e9diteur<\/h6>\n<audio class=\"wp-audio-shortcode\" id=\"audio-718-1\" preload=\"none\" style=\"width: 100%;\" controls=\"controls\"><source type=\"audio\/mpeg\" src=\"http:\/\/bd-chroniques.be\/wp-content\/uploads\/2017\/05\/6GMyeVodf8.mp3?_=1\" \/><a href=\"http:\/\/bd-chroniques.be\/wp-content\/uploads\/2017\/05\/6GMyeVodf8.mp3\">http:\/\/bd-chroniques.be\/wp-content\/uploads\/2017\/05\/6GMyeVodf8.mp3<\/a><\/audio>\n<p>&nbsp;<\/p>\n<div class=\"rtbf-article-main__audio\"><\/div>\n<\/div>\n<div class=\"rtbf-paragraph  clearfix\">\n<figure class=\"www-media custom_large www-media--last js-gallery-figure\"><a id=\"image-9106032\" class=\"www-media-fullscreen js-gallery-image\" href=\"https:\/\/i0.wp.com\/ds1.static.rtbf.be\/article\/image\/1240x800\/5\/f\/1\/fac87149190b095e362f1f4cff0379c4-1495884101.jpg?ssl=1\" target=\"_blank\" rel=\"noopener noreferrer\" data-id=\"9106032\"><img data-recalc-dims=\"1\" decoding=\"async\" class=\"img-responsive www-img-full   lazyloaded\" title=\"Ter\" src=\"https:\/\/i0.wp.com\/ds1.static.rtbf.be\/article\/image\/370xAuto\/5\/f\/1\/fac87149190b095e362f1f4cff0379c4-1495884101.jpg?w=768&#038;ssl=1\" sizes=\"(min-width: 1200px) calc(992px*0.66), (min-width: 992px) 66vw, 100vw\" srcset=\"https:\/\/ds1.static.rtbf.be\/article\/image\/370xAuto\/5\/f\/1\/fac87149190b095e362f1f4cff0379c4-1495884101.jpg 370w,https:\/\/ds1.static.rtbf.be\/article\/image\/770xAuto\/5\/f\/1\/fac87149190b095e362f1f4cff0379c4-1495884101.jpg 770w,https:\/\/ds1.static.rtbf.be\/article\/image\/1248xAuto\/5\/f\/1\/fac87149190b095e362f1f4cff0379c4-1495884101.jpg 1248w\" alt=\"Ter\" data-sizes=\"(min-width: 1200px) calc(992px*0.66), (min-width: 992px) 66vw, 100vw\" data-srcset=\"https:\/\/ds1.static.rtbf.be\/article\/image\/370xAuto\/5\/f\/1\/fac87149190b095e362f1f4cff0379c4-1495884101.jpg 370w,https:\/\/ds1.static.rtbf.be\/article\/image\/770xAuto\/5\/f\/1\/fac87149190b095e362f1f4cff0379c4-1495884101.jpg 770w,https:\/\/ds1.static.rtbf.be\/article\/image\/1248xAuto\/5\/f\/1\/fac87149190b095e362f1f4cff0379c4-1495884101.jpg 1248w\" \/><\/a><figcaption class=\"www-media-caption\"><em><span class=\"www-media-caption__text\">Ter &#8211; \u00a9 Editions Daniel Maghen<\/span><\/em><\/figcaption><figcaption class=\"www-media-caption\"><\/figcaption><\/figure>\n<p>En un lieu ind\u00e9finissable, il y a une cit\u00e9. Il y a la ville du haut, occup\u00e9e par les \u00a0\u00bb coll\u00e8ges \u00a0\u00bb et les ma\u00eetres de la religion\u2026<\/p>\n<p>Il y a la ville du bas, peupl\u00e9e des gens \u00ab\u00a0normaux\u00a0\u00bb.<\/p>\n<p>Parmi eux, il y a Pip qui gagne sa vie en pillant les tombes. Et, dans une de ces tombes, il d\u00e9couvre un jeune homme nu, sans m\u00e9moire et sans langage.<\/p>\n<p>Il le ram\u00e8ne chez lui et, l\u00e0, cet inconnu, rapidement, apprend \u00e0 parler, \u00e0 communiquer, \u00e0 \u00e9crire. Et, surtout il se r\u00e9v\u00e8le capable de r\u00e9parer tous les objets \u00e9tranges recueillis, au cours de ses rapines, par Pip : un grille-pain, par exemple, mais aussi un objet qui attire sur lui l\u2019attention des gens de la ville du haut ! Un objet qui diffuse, en 3d, des images qui parlent d\u2019une guerre et d\u2019un holocauste, de deux tours jumelles d\u00e9truites, de la disparition d\u2019un tableau intitul\u00e9 la Joconde.<\/p>\n<p>Et c\u2019est ainsi que ce livre, premier d\u2019une s\u00e9rie, s\u2019ouvre \u00e0 des r\u00e9flexions qui d\u00e9passent le simple r\u00e9cit.<\/p>\n<p>On parle de langage, comme seul lien possible, finalement, entre les \u00eatres vivants, on y parle aussi de m\u00e9moire, cette facult\u00e9 que l\u2019homme a de se restaurer \u00e0 lui-m\u00eame gr\u00e2ce \u00e0 ses mille v\u00e9cus.<\/p>\n<p>On s\u2019ouvre aussi \u00e0 des r\u00e9flexions sur le r\u00f4le du pouvoir, sur la pr\u00e9sence de la foi, quelle que soit la forme qu\u2019elle puisse prendre, dans le monde de demain comme dans celui d\u2019aujourd\u2019hui d\u2019ailleurs. Rodolphe aime cr\u00e9er des ponts entre l\u2019imaginaire et le r\u00e9el, qu\u2019il appartient au lecteur, en d\u00e9finitive, d\u2019emprunter ou pas.<\/p>\n<p>On y parle \u00e9galement, avec une belle impudeur, d\u2019une toute autre m\u00e9moire, une m\u00e9moire qui devient langage silencieux : la m\u00e9moire du corps, la m\u00e9moire des chairs. Parce que ce livre se construit aussi, narrativement, autour du sentiment amoureux, au sens large du terme.<\/p>\n<\/div>\n<p>&nbsp;<\/p>\n<h6 class=\"audio-player__title\">Rodolphe: le langage<\/h6>\n<audio class=\"wp-audio-shortcode\" id=\"audio-718-2\" preload=\"none\" style=\"width: 100%;\" controls=\"controls\"><source type=\"audio\/mpeg\" src=\"http:\/\/bd-chroniques.be\/wp-content\/uploads\/2017\/05\/D8VlDsV2xk.mp3?_=2\" \/><a href=\"http:\/\/bd-chroniques.be\/wp-content\/uploads\/2017\/05\/D8VlDsV2xk.mp3\">http:\/\/bd-chroniques.be\/wp-content\/uploads\/2017\/05\/D8VlDsV2xk.mp3<\/a><\/audio>\n<p>&nbsp;<\/p>\n<h6 class=\"audio-player__title\">Rodolphe: le personnage central<\/h6>\n<audio class=\"wp-audio-shortcode\" id=\"audio-718-3\" preload=\"none\" style=\"width: 100%;\" controls=\"controls\"><source type=\"audio\/mpeg\" src=\"http:\/\/bd-chroniques.be\/wp-content\/uploads\/2017\/05\/UhoSGDkym7.mp3?_=3\" \/><a href=\"http:\/\/bd-chroniques.be\/wp-content\/uploads\/2017\/05\/UhoSGDkym7.mp3\">http:\/\/bd-chroniques.be\/wp-content\/uploads\/2017\/05\/UhoSGDkym7.mp3<\/a><\/audio>\n<p>&nbsp;<\/p>\n<p>&nbsp;<\/p>\n<div class=\"rtbf-paragraph  clearfix\">\n<figure class=\"www-media custom_large www-media--last js-gallery-figure\"><a id=\"image-9106033\" class=\"www-media-fullscreen js-gallery-image\" href=\"https:\/\/i0.wp.com\/ds1.static.rtbf.be\/article\/image\/1240x800\/4\/8\/d\/3d452bc6eefb0f9bd27a08a3f6170572-1495884233.png?ssl=1\" target=\"_blank\" rel=\"noopener noreferrer\" data-id=\"9106033\"><img data-recalc-dims=\"1\" decoding=\"async\" class=\"img-responsive www-img-full   lazyloaded\" title=\"Ter\" src=\"https:\/\/i0.wp.com\/ds1.static.rtbf.be\/article\/image\/370xAuto\/4\/8\/d\/3d452bc6eefb0f9bd27a08a3f6170572-1495884233.png?w=768&#038;ssl=1\" sizes=\"(min-width: 1200px) calc(992px*0.66), (min-width: 992px) 66vw, 100vw\" srcset=\"https:\/\/ds1.static.rtbf.be\/article\/image\/370xAuto\/4\/8\/d\/3d452bc6eefb0f9bd27a08a3f6170572-1495884233.png 370w,https:\/\/ds1.static.rtbf.be\/article\/image\/770xAuto\/4\/8\/d\/3d452bc6eefb0f9bd27a08a3f6170572-1495884233.png 770w,https:\/\/ds1.static.rtbf.be\/article\/image\/1248xAuto\/4\/8\/d\/3d452bc6eefb0f9bd27a08a3f6170572-1495884233.png 1248w\" alt=\"Ter\" data-sizes=\"(min-width: 1200px) calc(992px*0.66), (min-width: 992px) 66vw, 100vw\" data-srcset=\"https:\/\/ds1.static.rtbf.be\/article\/image\/370xAuto\/4\/8\/d\/3d452bc6eefb0f9bd27a08a3f6170572-1495884233.png 370w,https:\/\/ds1.static.rtbf.be\/article\/image\/770xAuto\/4\/8\/d\/3d452bc6eefb0f9bd27a08a3f6170572-1495884233.png 770w,https:\/\/ds1.static.rtbf.be\/article\/image\/1248xAuto\/4\/8\/d\/3d452bc6eefb0f9bd27a08a3f6170572-1495884233.png 1248w\" \/><\/a><figcaption class=\"www-media-caption\"><em><span class=\"www-media-caption__text\">Ter &#8211; \u00a9 Editions Daniel Maghen<\/span><\/em><\/figcaption><figcaption class=\"www-media-caption\"><\/figcaption><\/figure>\n<p>Le sc\u00e9nario de Rodolphe est d\u2019une narration sans d\u00e9faut, et le lecteur ne se perd jamais en route, malgr\u00e9 les diff\u00e9rents r\u00e9cits parall\u00e8les que le sc\u00e9nariste met en sc\u00e8ne. Les personnages sont nombreux, et chacun poss\u00e8de une v\u00e9ritable existence, tant au travers des dialogues que de la fa\u00e7on dont le dessinateur, Christophe Dubois, se les approprie.<\/p>\n<p>Et ce sc\u00e9nario prend vie gr\u00e2ce au dessin, \u00e9videmment. Il y a ici et l\u00e0, dans le graphisme de Christophe Dubois, des r\u00e9miniscences d\u2019acad\u00e9misme, il y a aussi des r\u00e9f\u00e9rences, dans quelques cases, \u00e0 quelques grands dessinateurs r\u00e9alistes, comme Manara voire m\u00eame Pratt\u2026<\/p>\n<p>Il y a aussi, dans le dessin, un plaisir \u00e0 cr\u00e9er un univers que le lecteur croit sans cesse reconna\u00eetre, et qu\u2019il ne comprend vraiment qu\u2019\u00e0 la toute derni\u00e8re page\u2026 Il est amusant, alors, et passionnant, de revenir en arri\u00e8re, de se balader de planche en planche pour y d\u00e9nicher tous les signes palpables de cet univers que Dubois y avait plac\u00e9s et qu\u2019on n\u2019avait pas vraiment remarqu\u00e9s !<\/p>\n<p>R\u00e9aliste, ce dessin n\u2019est cependant jamais fig\u00e9, loin s\u2019en faut, et dans certaines constructions, dans certaines perspectives, Dubois aime s\u2019aventurer dans des constructions qui font mieux qu\u2019accompagner le r\u00e9cit de Rodolphe, qui le d\u00e9mesurent\u2026<\/p>\n<\/div>\n<h6 class=\"audio-player__title\"><\/h6>\n<h6 class=\"audio-player__title\">Christophe Dubois et Rodolphe: le dessin<\/h6>\n<audio class=\"wp-audio-shortcode\" id=\"audio-718-4\" preload=\"none\" style=\"width: 100%;\" controls=\"controls\"><source type=\"audio\/mpeg\" src=\"http:\/\/bd-chroniques.be\/wp-content\/uploads\/2017\/05\/CezhmO4b08.mp3?_=4\" \/><a href=\"http:\/\/bd-chroniques.be\/wp-content\/uploads\/2017\/05\/CezhmO4b08.mp3\">http:\/\/bd-chroniques.be\/wp-content\/uploads\/2017\/05\/CezhmO4b08.mp3<\/a><\/audio>\n<h6 class=\"audio-player__title\"><\/h6>\n<h6 class=\"audio-player__title\">Christophe Dubois et Rodolphe: le r\u00e9alisme<\/h6>\n<audio class=\"wp-audio-shortcode\" id=\"audio-718-5\" preload=\"none\" style=\"width: 100%;\" controls=\"controls\"><source type=\"audio\/mpeg\" src=\"http:\/\/bd-chroniques.be\/wp-content\/uploads\/2017\/05\/pNC5yVIFVM.mp3?_=5\" \/><a href=\"http:\/\/bd-chroniques.be\/wp-content\/uploads\/2017\/05\/pNC5yVIFVM.mp3\">http:\/\/bd-chroniques.be\/wp-content\/uploads\/2017\/05\/pNC5yVIFVM.mp3<\/a><\/audio>\n<p>&nbsp;<\/p>\n<div class=\"rtbf-paragraph  clearfix\">\n<figure class=\"www-media custom_large www-media--last js-gallery-figure\"><a id=\"image-9106034\" class=\"www-media-fullscreen js-gallery-image\" href=\"https:\/\/i0.wp.com\/ds1.static.rtbf.be\/article\/image\/1240x800\/8\/4\/f\/9d187679734be98ff5d3c096c6b0f782-1495884347.jpg?ssl=1\" target=\"_blank\" rel=\"noopener noreferrer\" data-id=\"9106034\"><img data-recalc-dims=\"1\" decoding=\"async\" class=\"img-responsive www-img-full   lazyloaded\" title=\"Ter\" src=\"https:\/\/i0.wp.com\/ds1.static.rtbf.be\/article\/image\/370xAuto\/8\/4\/f\/9d187679734be98ff5d3c096c6b0f782-1495884347.jpg?w=768&#038;ssl=1\" sizes=\"(min-width: 1200px) calc(992px*0.66), (min-width: 992px) 66vw, 100vw\" srcset=\"https:\/\/ds1.static.rtbf.be\/article\/image\/370xAuto\/8\/4\/f\/9d187679734be98ff5d3c096c6b0f782-1495884347.jpg 370w,https:\/\/ds1.static.rtbf.be\/article\/image\/770xAuto\/8\/4\/f\/9d187679734be98ff5d3c096c6b0f782-1495884347.jpg 770w,https:\/\/ds1.static.rtbf.be\/article\/image\/1248xAuto\/8\/4\/f\/9d187679734be98ff5d3c096c6b0f782-1495884347.jpg 1248w\" alt=\"Ter\" data-sizes=\"(min-width: 1200px) calc(992px*0.66), (min-width: 992px) 66vw, 100vw\" data-srcset=\"https:\/\/ds1.static.rtbf.be\/article\/image\/370xAuto\/8\/4\/f\/9d187679734be98ff5d3c096c6b0f782-1495884347.jpg 370w,https:\/\/ds1.static.rtbf.be\/article\/image\/770xAuto\/8\/4\/f\/9d187679734be98ff5d3c096c6b0f782-1495884347.jpg 770w,https:\/\/ds1.static.rtbf.be\/article\/image\/1248xAuto\/8\/4\/f\/9d187679734be98ff5d3c096c6b0f782-1495884347.jpg 1248w\" \/><i class=\"ico ico-circle ico-stack-2x www-media-enlarge__bg\"><\/i><i class=\"ico ico-expand ico-stack-1x ico-inverse www-media-enlarge__icon\"><\/i><\/a><figcaption class=\"www-media-caption\"><em><span class=\"www-media-caption__text\">Ter &#8211; \u00a9 Editions Daniel Maghen<\/span><\/em><\/figcaption><figcaption class=\"www-media-caption\"><\/figcaption><figcaption class=\"www-media-caption\"><\/figcaption><\/figure>\n<p>Un des \u00e9l\u00e9ments importants dans ce livre, un \u00e9l\u00e9ment qui participe pleinement \u00e0 sa r\u00e9ussite, c\u2019est l\u2019utilisation que Dubois y fait de la couleur. La lumi\u00e8re change, \u00e9volue, de page en page, de case en case m\u00eame, parfois, et avec elle changent \u00e9galement les couleurs, leurs pr\u00e9sences, parfois presque diaphanes, parfois d\u2019une \u00e9paisseur sombre.<\/p>\n<p>C\u2019est peut-\u00eatre encore plus \u00a0\u00bb palpable \u00a0\u00bb dans les quelques sc\u00e8nes \u00e9rotiques qui, restant po\u00e9tiques, n\u2019en demeurent pas moins extr\u00eamement charnelles. Dans la repr\u00e9sentation des corps amoureux, Christophe Dubois prend un incontestable plaisir, partag\u00e9 par tous ses lecteurs (et lectrices)\u2026<\/p>\n<p>&nbsp;<\/p>\n<h6 class=\"audio-player__title\">Christophe Dubois: la couleur<\/h6>\n<audio class=\"wp-audio-shortcode\" id=\"audio-718-6\" preload=\"none\" style=\"width: 100%;\" controls=\"controls\"><source type=\"audio\/mpeg\" src=\"http:\/\/bd-chroniques.be\/wp-content\/uploads\/2017\/05\/lY99KcdT2e.mp3?_=6\" \/><a href=\"http:\/\/bd-chroniques.be\/wp-content\/uploads\/2017\/05\/lY99KcdT2e.mp3\">http:\/\/bd-chroniques.be\/wp-content\/uploads\/2017\/05\/lY99KcdT2e.mp3<\/a><\/audio>\n<h6 class=\"audio-player__title\"><\/h6>\n<h6 class=\"audio-player__title\">Christophe Dubois: l&rsquo;\u00e9rotisme<\/h6>\n<audio class=\"wp-audio-shortcode\" id=\"audio-718-7\" preload=\"none\" style=\"width: 100%;\" controls=\"controls\"><source type=\"audio\/mpeg\" src=\"http:\/\/bd-chroniques.be\/wp-content\/uploads\/2017\/05\/F9HpBSbbAM.mp3?_=7\" \/><a href=\"http:\/\/bd-chroniques.be\/wp-content\/uploads\/2017\/05\/F9HpBSbbAM.mp3\">http:\/\/bd-chroniques.be\/wp-content\/uploads\/2017\/05\/F9HpBSbbAM.mp3<\/a><\/audio>\n<div class=\"rtbf-article-main__audio\"><\/div>\n<div class=\"rtbf-article-main__audio\"><\/div>\n<\/div>\n<div class=\"rtbf-paragraph  clearfix\">\n<p>Je l\u2019ai d\u00e9j\u00e0 dit, je le redis : Daniel Maghen est un \u00e9diteur qui ne publie que des auteurs qui appartiennent pleinement au Neuvi\u00e8me Art.<\/p>\n<p>Et c\u2019est encore le cas avec Ter, croyez-moi\u2026 Vous ne pourrez d\u2019ailleurs que vous en rendre compte par vous-m\u00eames en allant voir l\u2019exposition consacr\u00e9e \u00e0 ce livre !<\/p>\n<p>&nbsp;<\/p>\n<p><strong>Jacques Schra\u00fbwen<\/strong><\/p>\n<p><strong>Ter : 1- l\u2019\u00e9tranger (dessin : Christophe Dubois \u2013 sc\u00e9nario : Rodolphe \u2013 \u00e9diteur : DM Daniel Maghen)<\/strong><\/p>\n<p><em><strong>Exposition au <a title=\"cbbd\" href=\"https:\/\/www.cbbd.be\/fr\/expositions\/la-gallery\/ter-l-etranger-de-rodolphe-et-christophe-dubois\" target=\"_blank\" rel=\"noopener noreferrer\">Centre Belge de la Bande Dessin\u00e9e<\/a> jusqu\u2019au 8 octobre 2017<\/strong><\/em><\/p>\n<\/div>\n","protected":false},"excerpt":{"rendered":"<p>De la science-fiction solide pour une nouvelle s\u00e9rie passionnante : un album somptueux et une belle exposition consacr\u00e9e \u00e0 un dessinateur au talent passionn\u00e9 ! Ter &#8211; \u00a9 Emmanuelle Klein Au sc\u00e9nario, Rodolphe, un vieux routier du neuvi\u00e8me art extr\u00eamement prolifique, puisque c\u2019est \u00e0 la fin des ann\u00e9es 80 qu\u2019il a d\u00e9but\u00e9 dans ce m\u00e9tier. [&hellip;]<\/p>\n","protected":false},"author":1,"featured_media":719,"comment_status":"open","ping_status":"open","sticky":false,"template":"","format":"standard","meta":{"jetpack_post_was_ever_published":false,"_jetpack_newsletter_access":"","_jetpack_dont_email_post_to_subs":false,"_jetpack_newsletter_tier_id":0,"_jetpack_memberships_contains_paywalled_content":false,"_jetpack_memberships_contains_paid_content":false,"footnotes":"","jetpack_publicize_message":"","jetpack_publicize_feature_enabled":true,"jetpack_social_post_already_shared":true,"jetpack_social_options":{"image_generator_settings":{"template":"highway","default_image_id":0,"font":"","enabled":false},"version":2}},"categories":[3,37,8],"tags":[],"class_list":["post-718","post","type-post","status-publish","format-standard","has-post-thumbnail","hentry","category-bd-de-s-a-z","category-evenements","category-t"],"jetpack_publicize_connections":[],"jetpack_featured_media_url":"https:\/\/i0.wp.com\/bd-chroniques.be\/wp-content\/uploads\/2017\/05\/7aa26dd14aae9d3f4d010707a05db108-1495883751.jpg?fit=1248%2C701&ssl=1","jetpack_shortlink":"https:\/\/wp.me\/p8dqsu-bA","jetpack_likes_enabled":true,"jetpack_sharing_enabled":true,"_links":{"self":[{"href":"https:\/\/bd-chroniques.be\/index.php\/wp-json\/wp\/v2\/posts\/718","targetHints":{"allow":["GET"]}}],"collection":[{"href":"https:\/\/bd-chroniques.be\/index.php\/wp-json\/wp\/v2\/posts"}],"about":[{"href":"https:\/\/bd-chroniques.be\/index.php\/wp-json\/wp\/v2\/types\/post"}],"author":[{"embeddable":true,"href":"https:\/\/bd-chroniques.be\/index.php\/wp-json\/wp\/v2\/users\/1"}],"replies":[{"embeddable":true,"href":"https:\/\/bd-chroniques.be\/index.php\/wp-json\/wp\/v2\/comments?post=718"}],"version-history":[{"count":1,"href":"https:\/\/bd-chroniques.be\/index.php\/wp-json\/wp\/v2\/posts\/718\/revisions"}],"predecessor-version":[{"id":727,"href":"https:\/\/bd-chroniques.be\/index.php\/wp-json\/wp\/v2\/posts\/718\/revisions\/727"}],"wp:featuredmedia":[{"embeddable":true,"href":"https:\/\/bd-chroniques.be\/index.php\/wp-json\/wp\/v2\/media\/719"}],"wp:attachment":[{"href":"https:\/\/bd-chroniques.be\/index.php\/wp-json\/wp\/v2\/media?parent=718"}],"wp:term":[{"taxonomy":"category","embeddable":true,"href":"https:\/\/bd-chroniques.be\/index.php\/wp-json\/wp\/v2\/categories?post=718"},{"taxonomy":"post_tag","embeddable":true,"href":"https:\/\/bd-chroniques.be\/index.php\/wp-json\/wp\/v2\/tags?post=718"}],"curies":[{"name":"wp","href":"https:\/\/api.w.org\/{rel}","templated":true}]}}