{"id":7277,"date":"2022-03-04T12:44:01","date_gmt":"2022-03-04T11:44:01","guid":{"rendered":"https:\/\/bd-chroniques.be\/?p=7277"},"modified":"2022-03-04T13:51:08","modified_gmt":"2022-03-04T12:51:08","slug":"peut-on-aimer-la-bande-dessinee-et-ne-pas-aimer-tintin-2","status":"publish","type":"post","link":"https:\/\/bd-chroniques.be\/index.php\/2022\/03\/04\/peut-on-aimer-la-bande-dessinee-et-ne-pas-aimer-tintin-2\/","title":{"rendered":"Peut-on aimer la bande dessin\u00e9e et ne pas aimer Tintin\u00a0?"},"content":{"rendered":"\n<p><\/p>\n\n\n\n<p>L\u2019univers d\u2019Herg\u00e9 est un monde extr\u00eamement codifi\u00e9, tant au niveau du graphisme que de la narration. C\u2019est d\u2019ailleurs aussi ce qui en fait la qualit\u00e9, ce qui a permis et permet encore aux ex\u00e9g\u00e8tes de briller tout au long de leurs toujours nombreuses analyses.<\/p>\n\n\n\n<p><\/p>\n\n\n\n<p>Personnellement, je me suis toujours senti mal \u00e0 l\u2019aise dans un monde dont les fronti\u00e8res sont trac\u00e9es d\u2019\u00e9ternit\u00e9 et pour les si\u00e8cles des si\u00e8cles&nbsp;!<\/p>\n\n\n\n<p>Voil\u00e0 pourquoi je continue aujourd\u2019hui \u00e0 vous inviter \u00e0 mon <strong><u>ab\u00e9c\u00e9daire amoureux et subjectif de la bande dessin\u00e9e, dans un ordre alphab\u00e9tique n\u00e9 de l\u2019anarchie de ma m\u00e9moire&nbsp;!<\/u><\/strong><\/p>\n\n\n\n<p>La litt\u00e9rature polici\u00e8re a \u00e9t\u00e9 pendant tr\u00e8s longtemps rel\u00e9gu\u00e9e au rayon des \u0153uvres sans grand int\u00e9r\u00eat, \u00e0 classer dans le domaine de la litt\u00e9rature de gare\u2026 <\/p>\n\n\n\n<div class=\"wp-block-image\"><figure class=\"aligncenter size-full\"><img data-recalc-dims=\"1\" loading=\"lazy\" decoding=\"async\" width=\"700\" height=\"692\" src=\"https:\/\/i0.wp.com\/bd-chroniques.be\/wp-content\/uploads\/2022\/03\/641-1.jpg?resize=700%2C692&#038;ssl=1\" alt=\"\" class=\"wp-image-7289\" srcset=\"https:\/\/i0.wp.com\/bd-chroniques.be\/wp-content\/uploads\/2022\/03\/641-1.jpg?w=700&amp;ssl=1 700w, https:\/\/i0.wp.com\/bd-chroniques.be\/wp-content\/uploads\/2022\/03\/641-1.jpg?resize=300%2C297&amp;ssl=1 300w\" sizes=\"auto, (max-width: 700px) 100vw, 700px\" \/><figcaption>\u00a9 Tardi<\/figcaption><\/figure><\/div>\n\n\n\n<p>Heureusement que cet ostracisme culturel n\u2019existe plus vraiment&nbsp;! Une aventure polici\u00e8re, c\u2019est l\u2019occasion pour un auteur de cr\u00e9er un microcosme qui peut d\u00e9passer les limites du seul r\u00e9cit. Un \u00ab&nbsp;polar&nbsp;\u00bb, c\u2019est un canevas dans lequel la trag\u00e9die, dans son acceptation antique, peut s\u2019inscrire et prendre vie. La trag\u00e9die, oui, puisque les bons livres policiers nous renvoient toujours \u00e0 une image de nos propres d\u00e9lires, de nos propres angoisses, et des r\u00e9alit\u00e9s qui nous entourent. <\/p>\n\n\n\n<div class=\"wp-block-image\"><figure class=\"aligncenter\"><img data-recalc-dims=\"1\" decoding=\"async\" src=\"https:\/\/i0.wp.com\/ec56229aec51f1baff1d-185c3068e22352c56024573e929788ff.ssl.cf1.rackcdn.com\/attachments\/large\/6\/4\/9\/008419649.jpg?w=768&#038;ssl=1\" alt=\"\"\/><figcaption>\u00a9 Robert Laffont<\/figcaption><\/figure><\/div>\n\n\n\n<p>Et mon alphabet me conduit \u00e0 la <strong><u>lettre M.<\/u><\/strong><\/p>\n\n\n\n<p>M comme <strong>L\u00e9o Malet, <\/strong>\u00e9crivain extraordinaire qui a cr\u00e9\u00e9 le personnage d\u00e9cal\u00e9 et d\u00e9sesp\u00e9r\u00e9 de <strong>Nestor Burma<\/strong>. Un personnage que le cin\u00e9ma a voulu s\u2019approprier en ne r\u00e9ussissant qu\u2019\u00e0 produire quelques tristes navets. Un personnage que le neuvi\u00e8me art a r\u00e9ussi \u00e0 magnifier au travers d\u2019une rencontre totalement r\u00e9ussie entre Malet, l\u2019\u00e9crivain, son univers et Jacques Tardi, un des dessinateurs les plus importants dans ce qu\u2019est l\u2019Histoire de la bande dessin\u00e9e. Un dessinateur qui a donn\u00e9 vie \u00e0 l\u2019image que les lecteurs de Malet (dont je faisais partie) avaient de Nestor Burma.<\/p>\n\n\n\n<p>Mais L\u00e9o Malet, ce fut aussi un po\u00e8te surr\u00e9aliste, ce fut un anarchiste, \u00e9galement, avec une \u00ab\u00a0<strong>Trilogie noire\u00a0\u00bb<\/strong> sombre, d\u00e9sesp\u00e9rante, nous d\u00e9crivant des existences vou\u00e9es \u00e0 l\u2019\u00e9chec et \u00e0 la mort par un dieu hasard indestructible. Une adaptation en fut faite \u00e9galement en BD, avec un sc\u00e9nario de B<strong>onifay<\/strong> fid\u00e8le aux romans, avec un dessin de <strong>Daoudi<\/strong>, r\u00e9aliste sans tape-\u00e0-l\u2019\u0153il et particuli\u00e8rement efficace. \u00c0 red\u00e9couvrir\u2026 Chez Casterman, comme pour Nestor Burma. <\/p>\n\n\n\n<div class=\"wp-block-image\"><figure class=\"aligncenter size-full\"><img data-recalc-dims=\"1\" loading=\"lazy\" decoding=\"async\" width=\"650\" height=\"867\" src=\"https:\/\/i0.wp.com\/bd-chroniques.be\/wp-content\/uploads\/2022\/03\/642-1.jpg?resize=650%2C867&#038;ssl=1\" alt=\"\" class=\"wp-image-7284\" srcset=\"https:\/\/i0.wp.com\/bd-chroniques.be\/wp-content\/uploads\/2022\/03\/642-1.jpg?w=650&amp;ssl=1 650w, https:\/\/i0.wp.com\/bd-chroniques.be\/wp-content\/uploads\/2022\/03\/642-1.jpg?resize=225%2C300&amp;ssl=1 225w\" sizes=\"auto, (max-width: 650px) 100vw, 650px\" \/><figcaption>\u00a9 Casterman<\/figcaption><\/figure><\/div>\n\n\n\n<p>La souvenance est ce qu\u2019elle est, hasardeuse\u2026 Et elle me m\u00e8ne maintenant \u00e0 la <strong><u>lettre C<\/u><\/strong>, avec un autre h\u00e9ros incontournable du spleen et de l\u2019anti-h\u00e9ro\u00efsme, le sublime <strong>Canardo<\/strong>, d\u00fb \u00e0 <strong>Beno\u00eet Sokal<\/strong>, chez Casterman (apr\u00e8s Pepperland) \u00e9galement\u2026 De la BD \u00abanthropomorphe&nbsp;\u00bb qui permettait \u00e0 son auteur de d\u00e9noncer toutes les absurdit\u00e9s d\u2019une soci\u00e9t\u00e9 aux bourgeoisies et aux politiques unies dans une lutte sans merci contre l\u2019individu et ses libert\u00e9s. <\/p>\n\n\n\n<div class=\"wp-block-image\"><figure class=\"aligncenter size-full\"><img data-recalc-dims=\"1\" loading=\"lazy\" decoding=\"async\" width=\"340\" height=\"456\" src=\"https:\/\/i0.wp.com\/bd-chroniques.be\/wp-content\/uploads\/2022\/03\/643-1.jpg?resize=340%2C456&#038;ssl=1\" alt=\"\" class=\"wp-image-7285\" srcset=\"https:\/\/i0.wp.com\/bd-chroniques.be\/wp-content\/uploads\/2022\/03\/643-1.jpg?w=340&amp;ssl=1 340w, https:\/\/i0.wp.com\/bd-chroniques.be\/wp-content\/uploads\/2022\/03\/643-1.jpg?resize=224%2C300&amp;ssl=1 224w\" sizes=\"auto, (max-width: 340px) 100vw, 340px\" \/><figcaption>copyright casterman<\/figcaption><\/figure><\/div>\n\n\n\n<p>Dans les m\u00e9andres de cette lettre C, je retrouve \u00e9galement un auteur dont l\u2019hyperr\u00e9alisme noir et blanc m\u00e9langeait le sens du r\u00e9cit explos\u00e9 et de l\u2019illustration somptueuse. Je veux parler de <strong>Jean-Claude Claeys<\/strong>. Il n\u2019a, je pense, qu\u2019une dizaine d\u2019albums \u00e0 son actif, mais quels albums&nbsp;! Le graphisme y \u00e9tait ma\u00eetre absolu pour des histoires qui m\u00ealaient avec plus que du talent tous les ingr\u00e9dients du polar \u00e0 l\u2019am\u00e9ricaine&nbsp;! Magnum Song est \u00e0 relire, \u00e0 red\u00e9couvrir, croyez-moi&nbsp;! <\/p>\n\n\n\n<p><\/p>\n\n\n\n<div class=\"wp-block-image\"><figure class=\"aligncenter size-full\"><img data-recalc-dims=\"1\" loading=\"lazy\" decoding=\"async\" width=\"650\" height=\"869\" src=\"https:\/\/i0.wp.com\/bd-chroniques.be\/wp-content\/uploads\/2022\/03\/644-1.jpg?resize=650%2C869&#038;ssl=1\" alt=\"\" class=\"wp-image-7286\" srcset=\"https:\/\/i0.wp.com\/bd-chroniques.be\/wp-content\/uploads\/2022\/03\/644-1.jpg?w=650&amp;ssl=1 650w, https:\/\/i0.wp.com\/bd-chroniques.be\/wp-content\/uploads\/2022\/03\/644-1.jpg?resize=224%2C300&amp;ssl=1 224w\" sizes=\"auto, (max-width: 650px) 100vw, 650px\" \/><figcaption>\u00a9 Claeys<\/figcaption><\/figure><\/div>\n\n\n\n<p>Et toujours dans cette lettre \u00f4 combien prolixe, je me dois \u00e9galement de m\u2019arr\u00eater \u00e0 un personnage certes plus traditionnel, celui d\u2019un flic \u00e0 la Maigret, mais trait\u00e9 avec une sorte de distanciation acerbe. Je veux parler du <strong>Commissaire Raffini<\/strong>, une s\u00e9rie due \u00e0 <strong>Rodolphe<\/strong> au sc\u00e9nario et <strong>Ferrandez<\/strong> d\u2019abord, <strong>Maucler<\/strong> ensuite au dessin. Une s\u00e9rie qui n\u2019a pas r\u00e9ellement trouv\u00e9 son public et s\u2019est ainsi balad\u00e9e d\u2019\u00e9diteur en \u00e9diteur\u2026 Pourtant, quel beau personnage que ce commissaire, qu\u2019on peut rattacher tout autant \u00e0 Simenon qu\u2019\u00e0 Mankell ou Vargas&nbsp;! <\/p>\n\n\n\n<div class=\"wp-block-image\"><figure class=\"aligncenter size-full\"><img data-recalc-dims=\"1\" loading=\"lazy\" decoding=\"async\" width=\"400\" height=\"503\" src=\"https:\/\/i0.wp.com\/bd-chroniques.be\/wp-content\/uploads\/2022\/03\/645-1.jpg?resize=400%2C503&#038;ssl=1\" alt=\"\" class=\"wp-image-7287\" srcset=\"https:\/\/i0.wp.com\/bd-chroniques.be\/wp-content\/uploads\/2022\/03\/645-1.jpg?w=400&amp;ssl=1 400w, https:\/\/i0.wp.com\/bd-chroniques.be\/wp-content\/uploads\/2022\/03\/645-1.jpg?resize=239%2C300&amp;ssl=1 239w\" sizes=\"auto, (max-width: 400px) 100vw, 400px\" \/><figcaption>\u00a9 Humano\u00efdes associ\u00e9s<\/figcaption><\/figure><\/div>\n\n\n\n<p>Prendre le temps, en lisant, de s\u2019\u00e9carter des sentiers battus, c\u2019est un peu ce que font les \u00e9crivains et les dessinateurs lorsqu\u2019ils abordent le \u00ab&nbsp;polar&nbsp;\u00bb\u2026 C\u2019est ce que je vous souhaite de faire, en vous plongeant dans ces quelques livres qui, \u00e9trangement, datent tous des ann\u00e9es 80\u2026<\/p>\n\n\n\n<p><strong>Jacques et Josiane Schra\u00fbwen<\/strong><\/p>\n","protected":false},"excerpt":{"rendered":"<p>L\u2019univers d\u2019Herg\u00e9 est un monde extr\u00eamement codifi\u00e9, tant au niveau du graphisme que de la narration. C\u2019est d\u2019ailleurs aussi ce qui en fait la qualit\u00e9, ce qui a permis et permet encore aux ex\u00e9g\u00e8tes de briller tout au long de leurs toujours nombreuses analyses. Personnellement, je me suis toujours senti mal \u00e0 l\u2019aise dans un [&hellip;]<\/p>\n","protected":false},"author":1,"featured_media":7289,"comment_status":"open","ping_status":"open","sticky":false,"template":"","format":"standard","meta":{"jetpack_post_was_ever_published":false,"_jetpack_newsletter_access":"","_jetpack_dont_email_post_to_subs":false,"_jetpack_newsletter_tier_id":0,"_jetpack_memberships_contains_paywalled_content":false,"_jetpack_memberships_contains_paid_content":false,"footnotes":"","jetpack_publicize_message":"","jetpack_publicize_feature_enabled":true,"jetpack_social_post_already_shared":true,"jetpack_social_options":{"image_generator_settings":{"template":"highway","default_image_id":0,"font":"","enabled":false},"version":2}},"categories":[23,27],"tags":[],"class_list":["post-7277","post","type-post","status-publish","format-standard","has-post-thumbnail","hentry","category-bd-de-m-a-r","category-p"],"jetpack_publicize_connections":[],"jetpack_featured_media_url":"https:\/\/i0.wp.com\/bd-chroniques.be\/wp-content\/uploads\/2022\/03\/641-1.jpg?fit=700%2C692&ssl=1","jetpack_shortlink":"https:\/\/wp.me\/p8dqsu-1Tn","jetpack_likes_enabled":true,"jetpack_sharing_enabled":true,"_links":{"self":[{"href":"https:\/\/bd-chroniques.be\/index.php\/wp-json\/wp\/v2\/posts\/7277","targetHints":{"allow":["GET"]}}],"collection":[{"href":"https:\/\/bd-chroniques.be\/index.php\/wp-json\/wp\/v2\/posts"}],"about":[{"href":"https:\/\/bd-chroniques.be\/index.php\/wp-json\/wp\/v2\/types\/post"}],"author":[{"embeddable":true,"href":"https:\/\/bd-chroniques.be\/index.php\/wp-json\/wp\/v2\/users\/1"}],"replies":[{"embeddable":true,"href":"https:\/\/bd-chroniques.be\/index.php\/wp-json\/wp\/v2\/comments?post=7277"}],"version-history":[{"count":6,"href":"https:\/\/bd-chroniques.be\/index.php\/wp-json\/wp\/v2\/posts\/7277\/revisions"}],"predecessor-version":[{"id":7293,"href":"https:\/\/bd-chroniques.be\/index.php\/wp-json\/wp\/v2\/posts\/7277\/revisions\/7293"}],"wp:featuredmedia":[{"embeddable":true,"href":"https:\/\/bd-chroniques.be\/index.php\/wp-json\/wp\/v2\/media\/7289"}],"wp:attachment":[{"href":"https:\/\/bd-chroniques.be\/index.php\/wp-json\/wp\/v2\/media?parent=7277"}],"wp:term":[{"taxonomy":"category","embeddable":true,"href":"https:\/\/bd-chroniques.be\/index.php\/wp-json\/wp\/v2\/categories?post=7277"},{"taxonomy":"post_tag","embeddable":true,"href":"https:\/\/bd-chroniques.be\/index.php\/wp-json\/wp\/v2\/tags?post=7277"}],"curies":[{"name":"wp","href":"https:\/\/api.w.org\/{rel}","templated":true}]}}