{"id":7303,"date":"2022-03-10T10:32:57","date_gmt":"2022-03-10T09:32:57","guid":{"rendered":"https:\/\/bd-chroniques.be\/?p=7303"},"modified":"2022-03-10T10:32:57","modified_gmt":"2022-03-10T09:32:57","slug":"aupres-de-mon-arbre-un-titre-inspire-par-brassens-pour-un-livre-a-ne-pas-rater","status":"publish","type":"post","link":"https:\/\/bd-chroniques.be\/index.php\/2022\/03\/10\/aupres-de-mon-arbre-un-titre-inspire-par-brassens-pour-un-livre-a-ne-pas-rater\/","title":{"rendered":"Aupr\u00e8s De Mon Arbre \u2013 un titre inspir\u00e9 par Brassens pour un livre \u00e0 ne pas rater\u00a0!"},"content":{"rendered":"\n<p>Les arbres sont des compagnons immobiles de nos quotidiens\u2026 Pas seulement en for\u00eat, mais sur les chemins campagnards, dans les villages et les cit\u00e9s, dans les jardins citadins. Ce sont eux les h\u00e9ros essentiels de ce livre\u00a0!<\/p>\n\n\n\n<p>Non, je ne vais pas ici vous faire un discours \u00e9cologique pompeux, ne vous en faites pas&nbsp;!<\/p>\n\n\n\n<p>D\u2019ailleurs, qu\u2019est-ce que l\u2019\u00e9cologie&nbsp;?<\/p>\n\n\n\n<p>Quand on cherche la d\u00e9finition de ce mot, la premi\u00e8re que l\u2019on trouve d\u00e9finit une science s\u2019attachant \u00e0 l\u2019\u00e9tude des \u00eatres vivants. La deuxi\u00e8me d\u00e9finition nous parle d\u2019un \u00e9quilibre entre l\u2019homme et ce qui l\u2019entoure, mais avec une dangereuse d\u00e9rive, puisqu\u2019elle parle de \u00ab&nbsp;doctrine&nbsp;\u00bb. Quant \u00e0 la troisi\u00e8me d\u00e9finition, elle est la d\u00e9rive ultime, puisqu\u2019elle d\u00e9finit une id\u00e9ologie politique aux formes, reconnaissons-le, de plus en plus autoritaristes et de moins en moins d\u00e9mocratiques\u2026<\/p>\n\n\n\n<p>Je souscris pleinement, \u00e9videmment, \u00e0 la premi\u00e8re d\u00e9finition\u2026<\/p>\n\n\n\n<p>La deuxi\u00e8me correspond, sans aucun aspect doctrinaire heureusement, au contenu de ce livre-ci&nbsp;: un livre qui nous parle de tout ce qui, au plus proche de nous, les arbres, participe \u00e0 l\u2019\u00e9quilibre entre l\u2019humain et son environnement naturel. Et j\u2019y souscris tout aussi sereinement&nbsp;!<\/p>\n\n\n\n<p>Quant \u00e0 la politique, elle n\u2019a (plus) rien \u00e0 faire avec l\u2019humanisme, ni m\u00eame avec l\u2018intelligence\u00a0! <\/p>\n\n\n\n<div class=\"wp-block-image\"><figure class=\"aligncenter size-full\"><img data-recalc-dims=\"1\" loading=\"lazy\" decoding=\"async\" width=\"768\" height=\"768\" src=\"https:\/\/i0.wp.com\/bd-chroniques.be\/wp-content\/uploads\/2022\/03\/arbre2.jpg?resize=768%2C768&#038;ssl=1\" alt=\"\" class=\"wp-image-7305\" srcset=\"https:\/\/i0.wp.com\/bd-chroniques.be\/wp-content\/uploads\/2022\/03\/arbre2.jpg?w=800&amp;ssl=1 800w, https:\/\/i0.wp.com\/bd-chroniques.be\/wp-content\/uploads\/2022\/03\/arbre2.jpg?resize=300%2C300&amp;ssl=1 300w, https:\/\/i0.wp.com\/bd-chroniques.be\/wp-content\/uploads\/2022\/03\/arbre2.jpg?resize=150%2C150&amp;ssl=1 150w, https:\/\/i0.wp.com\/bd-chroniques.be\/wp-content\/uploads\/2022\/03\/arbre2.jpg?resize=768%2C768&amp;ssl=1 768w\" sizes=\"auto, (max-width: 768px) 100vw, 768px\" \/><figcaption>copyright ernst<\/figcaption><\/figure><\/div>\n\n\n\n<p>Donc, revenons-en \u00e0 cet album.<\/p>\n\n\n\n<p>Comme le disait Brassens, il ne faut jamais s\u2019\u00e9loigner de son arbre\u2026 Il faut le regarder, le voir, le sentir vivre.<\/p>\n\n\n\n<p>Et c\u2019est ce que nous offre ce livre, au travers d\u2019un personnage, <strong>Jo la Genette<\/strong>, qui, de page en page, nous fait d\u00e9couvrir la beaut\u00e9 des arbres, d\u2019une part, leur vari\u00e9t\u00e9, mais aussi tout ce que cette beaut\u00e9 cache de vie, d\u2019esp\u00e9rance de vie, de diversit\u00e9 grouillante, d\u2019existence, tout simplement, autonome, solidaire, des mots desquels il nous restera toujours beaucoup \u00e0 apprendre et \u00e0 esp\u00e9rer\u2026 <\/p>\n\n\n\n<div class=\"wp-block-image\"><figure class=\"aligncenter size-full\"><img data-recalc-dims=\"1\" loading=\"lazy\" decoding=\"async\" width=\"400\" height=\"284\" src=\"https:\/\/i0.wp.com\/bd-chroniques.be\/wp-content\/uploads\/2022\/03\/arbre3.jpg?resize=400%2C284&#038;ssl=1\" alt=\"\" class=\"wp-image-7306\" srcset=\"https:\/\/i0.wp.com\/bd-chroniques.be\/wp-content\/uploads\/2022\/03\/arbre3.jpg?w=400&amp;ssl=1 400w, https:\/\/i0.wp.com\/bd-chroniques.be\/wp-content\/uploads\/2022\/03\/arbre3.jpg?resize=300%2C213&amp;ssl=1 300w\" sizes=\"auto, (max-width: 400px) 100vw, 400px\" \/><figcaption>copyright ernst<\/figcaption><\/figure><\/div>\n\n\n\n<p>Certes, ce livre est ouvertement et volontairement destin\u00e9 \u00e0 sensibiliser une jeune g\u00e9n\u00e9ration plus souvent sensible \u00e0 la virtualit\u00e9 imm\u00e9diate qu\u2019\u00e0 la r\u00e9alit\u00e9 tangible\u2026 On peut parler, bien \u00e9videmment, d\u2019une sorte de vulgarisation scientifique, tant il est vrai qu\u2019on y apprend des tas de choses\u2026 Saviez-vous, par exemple, que dans une haie, centr\u00e9e par un arbre, on trouve des oiseaux, des mammif\u00e8res, des insectes, des dizaines d\u2019esp\u00e8ces d\u2019araign\u00e9es, et m\u00eame des reptiles&nbsp;?<\/p>\n\n\n\n<p>Parce que, au-del\u00e0 ce l\u2019arbre, c\u2019est tout un univers naturel que nous approchons, lecteurs curieux, tout au long de ce livre. On y parle des haies, on y parle aussi de l\u2019importance d\u2019un paysage, pour la diversit\u00e9 naturelle autant que pour le regard qui s\u2019y pose, on y parle du langage des arbres entre eux, de racine \u00e0 racine, on y parle du bois et de ses mille utilit\u00e9s journali\u00e8res, on y parle des fondations de Venise\u2026 <\/p>\n\n\n\n<div class=\"wp-block-image\"><figure class=\"aligncenter size-full\"><img data-recalc-dims=\"1\" loading=\"lazy\" decoding=\"async\" width=\"400\" height=\"284\" src=\"https:\/\/i0.wp.com\/bd-chroniques.be\/wp-content\/uploads\/2022\/03\/arbre4.jpg?resize=400%2C284&#038;ssl=1\" alt=\"\" class=\"wp-image-7307\" srcset=\"https:\/\/i0.wp.com\/bd-chroniques.be\/wp-content\/uploads\/2022\/03\/arbre4.jpg?w=400&amp;ssl=1 400w, https:\/\/i0.wp.com\/bd-chroniques.be\/wp-content\/uploads\/2022\/03\/arbre4.jpg?resize=300%2C213&amp;ssl=1 300w\" sizes=\"auto, (max-width: 400px) 100vw, 400px\" \/><figcaption>copyright ernst<\/figcaption><\/figure><\/div>\n\n\n\n<p>Et on le fait simplement, avec humour, aussi\u2026<\/p>\n\n\n\n<p>Gr\u00e2ce aux dessins d\u2019illustration, dus un auteur de bande dessin\u00e9e auquel on doit la s\u00e9rie la plus importante, humainement parlant, de ces vingt derni\u00e8res ann\u00e9es (au moins\u2026), \u00ab&nbsp;<strong>Boule \u00e0 z\u00e9ro<\/strong>&nbsp;\u00bb (avec l\u2019excellent sc\u00e9nariste <strong>Zidrou<\/strong>). <strong>Serge Ernst<\/strong> est un dessinateur engag\u00e9, \u00e0 sa mani\u00e8re, et depuis bien longtemps, depuis ses fameux \u00ab&nbsp;<strong>Clin d\u2019\u0153il<\/strong>&nbsp;\u00bb des ann\u00e9es 70.<\/p>\n\n\n\n<p>Engag\u00e9 non politis\u00e9\u2026<\/p>\n\n\n\n<p>Engag\u00e9, avec Boule \u00e0 z\u00e9ro, pour faire sourire les enfants hospitalis\u00e9s\u2026<\/p>\n\n\n\n<p>Engag\u00e9 aujourd\u2019hui pour montrer la richesse la plus imm\u00e9diate qui n\u2019appartient \u00e0 personne, et donc \u00e0 tout le monde, la nature, les animaux, les arbres, omnipr\u00e9sents pour qui sait encore ouvrir les yeux, pour qui veut encore \u00e9clairer ses regards.<\/p>\n\n\n\n<p>Ce livre n\u2019est pas distribu\u00e9 en masse\u2026 Il est le fruit d\u2019un travail passionn\u00e9 de quelques auteurs, et d\u2019un dessinateur motiv\u00e9 par son sujet, et parvenant, sans avoir l\u2019air d\u2019y toucher, \u00e0 faire de l\u2019humour la plus belle des armes de l\u2019intelligence\u2026<\/p>\n\n\n\n<p>Ce livre est donc vendu sur les sites de l\u2019\u00e9diteur\u00a0: <a href=\"http:\/\/www.ap32.fr\">www.ap32.fr<\/a> et <a href=\"http:\/\/www.jolagenette.com\">www.jolagenette.com<\/a> si vous le voulez avec une d\u00e9dicace de Serge Ernst. <\/p>\n\n\n\n<div class=\"wp-block-image\"><figure class=\"aligncenter size-full\"><img data-recalc-dims=\"1\" loading=\"lazy\" decoding=\"async\" width=\"400\" height=\"284\" src=\"https:\/\/i0.wp.com\/bd-chroniques.be\/wp-content\/uploads\/2022\/03\/arbre5.jpg?resize=400%2C284&#038;ssl=1\" alt=\"\" class=\"wp-image-7308\" srcset=\"https:\/\/i0.wp.com\/bd-chroniques.be\/wp-content\/uploads\/2022\/03\/arbre5.jpg?w=400&amp;ssl=1 400w, https:\/\/i0.wp.com\/bd-chroniques.be\/wp-content\/uploads\/2022\/03\/arbre5.jpg?resize=300%2C213&amp;ssl=1 300w\" sizes=\"auto, (max-width: 400px) 100vw, 400px\" \/><figcaption>copyright ernst<\/figcaption><\/figure><\/div>\n\n\n\n<p><strong>Jacques et Josiane Schra\u00fbwen<\/strong><\/p>\n\n\n\n<p><strong>Aupr\u00e8s De Mon Arbre (illustrateur&nbsp;: Serge Ernst \u2013 \u00e9diteur&nbsp;: arbre et paysage 32 \u2013 109 pages &#8211; <a href=\"http:\/\/www.ap32.fr\">www.ap32.fr<\/a> et <a href=\"http:\/\/www.jolagenette.com\">www.jolagenette.com<\/a> si vous le voulez avec une d\u00e9dicace de Serge Ernst.)<\/strong><\/p>\n","protected":false},"excerpt":{"rendered":"<p>Les arbres sont des compagnons immobiles de nos quotidiens\u2026 Pas seulement en for\u00eat, mais sur les chemins campagnards, dans les villages et les cit\u00e9s, dans les jardins citadins. Ce sont eux les h\u00e9ros essentiels de ce livre\u00a0! Non, je ne vais pas ici vous faire un discours \u00e9cologique pompeux, ne vous en faites pas&nbsp;! D\u2019ailleurs, [&hellip;]<\/p>\n","protected":false},"author":1,"featured_media":7304,"comment_status":"open","ping_status":"open","sticky":false,"template":"","format":"standard","meta":{"jetpack_post_was_ever_published":false,"_jetpack_newsletter_access":"","_jetpack_dont_email_post_to_subs":false,"_jetpack_newsletter_tier_id":0,"_jetpack_memberships_contains_paywalled_content":false,"_jetpack_memberships_contains_paid_content":false,"footnotes":"","jetpack_publicize_message":"","jetpack_publicize_feature_enabled":true,"jetpack_social_post_already_shared":true,"jetpack_social_options":{"image_generator_settings":{"template":"highway","default_image_id":0,"font":"","enabled":false},"version":2}},"categories":[16,14],"tags":[],"class_list":["post-7303","post","type-post","status-publish","format-standard","has-post-thumbnail","hentry","category-a","category-bd-de-a-a-f"],"jetpack_publicize_connections":[],"jetpack_featured_media_url":"https:\/\/i0.wp.com\/bd-chroniques.be\/wp-content\/uploads\/2022\/03\/arbre1.jpg?fit=2205%2C2560&ssl=1","jetpack_shortlink":"https:\/\/wp.me\/p8dqsu-1TN","jetpack_likes_enabled":true,"jetpack_sharing_enabled":true,"_links":{"self":[{"href":"https:\/\/bd-chroniques.be\/index.php\/wp-json\/wp\/v2\/posts\/7303","targetHints":{"allow":["GET"]}}],"collection":[{"href":"https:\/\/bd-chroniques.be\/index.php\/wp-json\/wp\/v2\/posts"}],"about":[{"href":"https:\/\/bd-chroniques.be\/index.php\/wp-json\/wp\/v2\/types\/post"}],"author":[{"embeddable":true,"href":"https:\/\/bd-chroniques.be\/index.php\/wp-json\/wp\/v2\/users\/1"}],"replies":[{"embeddable":true,"href":"https:\/\/bd-chroniques.be\/index.php\/wp-json\/wp\/v2\/comments?post=7303"}],"version-history":[{"count":1,"href":"https:\/\/bd-chroniques.be\/index.php\/wp-json\/wp\/v2\/posts\/7303\/revisions"}],"predecessor-version":[{"id":7309,"href":"https:\/\/bd-chroniques.be\/index.php\/wp-json\/wp\/v2\/posts\/7303\/revisions\/7309"}],"wp:featuredmedia":[{"embeddable":true,"href":"https:\/\/bd-chroniques.be\/index.php\/wp-json\/wp\/v2\/media\/7304"}],"wp:attachment":[{"href":"https:\/\/bd-chroniques.be\/index.php\/wp-json\/wp\/v2\/media?parent=7303"}],"wp:term":[{"taxonomy":"category","embeddable":true,"href":"https:\/\/bd-chroniques.be\/index.php\/wp-json\/wp\/v2\/categories?post=7303"},{"taxonomy":"post_tag","embeddable":true,"href":"https:\/\/bd-chroniques.be\/index.php\/wp-json\/wp\/v2\/tags?post=7303"}],"curies":[{"name":"wp","href":"https:\/\/api.w.org\/{rel}","templated":true}]}}