{"id":7363,"date":"2022-04-07T11:06:06","date_gmt":"2022-04-07T09:06:06","guid":{"rendered":"https:\/\/bd-chroniques.be\/?p=7363"},"modified":"2022-04-07T11:06:06","modified_gmt":"2022-04-07T09:06:06","slug":"le-poids-des-heros","status":"publish","type":"post","link":"https:\/\/bd-chroniques.be\/index.php\/2022\/04\/07\/le-poids-des-heros\/","title":{"rendered":"Le Poids Des H\u00e9ros"},"content":{"rendered":"\n<p>Au travers d\u2019un quotidien simple, normal, un livre qui nous parle de ce qui fut et de ce qui continue \u00e0 nous construire, au-del\u00e0 des g\u00e9n\u00e9rations et du temps in\u00e9luctable. <\/p>\n\n\n\n<div class=\"wp-block-image\"><figure class=\"aligncenter size-full\"><img data-recalc-dims=\"1\" loading=\"lazy\" decoding=\"async\" width=\"664\" height=\"376\" src=\"https:\/\/i0.wp.com\/bd-chroniques.be\/wp-content\/uploads\/2022\/04\/sala2.jpg?resize=664%2C376&#038;ssl=1\" alt=\"\" class=\"wp-image-7365\" srcset=\"https:\/\/i0.wp.com\/bd-chroniques.be\/wp-content\/uploads\/2022\/04\/sala2.jpg?w=664&amp;ssl=1 664w, https:\/\/i0.wp.com\/bd-chroniques.be\/wp-content\/uploads\/2022\/04\/sala2.jpg?resize=300%2C170&amp;ssl=1 300w\" sizes=\"auto, (max-width: 664px) 100vw, 664px\" \/><figcaption>copyright casterman<\/figcaption><\/figure><\/div>\n\n\n\n<p>Il est de ces \u0153uvres artistiques, livres, bandes dessin\u00e9es, films, qu\u2019il est impossible de r\u00e9sumer. Tout au plus peut-on parler d\u2019une th\u00e9matique dans les films de Kurosawa ou Bergman, d\u2019une musique des mots et leurs sourires chez L\u00e9autaud ou Miller, mais raconter ce qu\u2019ils nous offrent tient de la gageure vou\u00e9e \u00e0 l\u2019\u00e9chec.<\/p>\n\n\n\n<p>Il en va de m\u00eame pour cet album de <strong>David Sala<\/strong>, tant s\u2019y m\u00ealent, au gr\u00e9 des souvenances, mille et une digressions qui nous deviennent, lecteurs, comme des miroirs de nos propres pass\u00e9s. <\/p>\n\n\n\n<div class=\"wp-block-image\"><figure class=\"aligncenter size-full\"><img data-recalc-dims=\"1\" loading=\"lazy\" decoding=\"async\" width=\"692\" height=\"945\" src=\"https:\/\/i0.wp.com\/bd-chroniques.be\/wp-content\/uploads\/2022\/04\/sala3.jpg?resize=692%2C945&#038;ssl=1\" alt=\"\" class=\"wp-image-7366\" srcset=\"https:\/\/i0.wp.com\/bd-chroniques.be\/wp-content\/uploads\/2022\/04\/sala3.jpg?w=692&amp;ssl=1 692w, https:\/\/i0.wp.com\/bd-chroniques.be\/wp-content\/uploads\/2022\/04\/sala3.jpg?resize=220%2C300&amp;ssl=1 220w\" sizes=\"auto, (max-width: 692px) 100vw, 692px\" \/><figcaption>copyright casterman<\/figcaption><\/figure><\/div>\n\n\n\n<p>Un enfant \u00e9coute ses parents et leurs amis parler de son grand-p\u00e8re Antonio, h\u00e9ros des guerres d\u2019Espagne et 40-45. Silencieux, cet enfant se laisse envahir par des images d\u2019un pass\u00e9 qu\u2019il ne conna\u00eet pas mais qu\u2019il se doit de s\u2019approprier.<\/p>\n\n\n\n<p>Et puis, \u00e0 partir de ce point de d\u00e9part, le temps passe\u2026 Lentement\u2026 Tranquillement\u2026 Douloureusement.<\/p>\n\n\n\n<p>Le r\u00e9cit suit la ligne du temps au travers de la m\u00e9moire de cet enfant, David, une m\u00e9moire \u00e9parse comme le sont toutes les m\u00e9moires, une m\u00e9moire qui se nourrit de tous les souvenirs crois\u00e9s. Et se m\u00e9langent ainsi, en un album autobiographique sans nostalgie, des destins, des habitudes, des sourires, des larmes, des amours, des amiti\u00e9s, une famille. <\/p>\n\n\n\n<div class=\"wp-block-image\"><figure class=\"aligncenter size-large\"><img data-recalc-dims=\"1\" loading=\"lazy\" decoding=\"async\" width=\"768\" height=\"1024\" src=\"https:\/\/i0.wp.com\/bd-chroniques.be\/wp-content\/uploads\/2022\/04\/sala4.jpg?resize=768%2C1024&#038;ssl=1\" alt=\"\" class=\"wp-image-7367\" srcset=\"https:\/\/i0.wp.com\/bd-chroniques.be\/wp-content\/uploads\/2022\/04\/sala4.jpg?resize=768%2C1024&amp;ssl=1 768w, https:\/\/i0.wp.com\/bd-chroniques.be\/wp-content\/uploads\/2022\/04\/sala4.jpg?resize=225%2C300&amp;ssl=1 225w, https:\/\/i0.wp.com\/bd-chroniques.be\/wp-content\/uploads\/2022\/04\/sala4.jpg?w=838&amp;ssl=1 838w\" sizes=\"auto, (max-width: 768px) 100vw, 768px\" \/><figcaption>copyright casterman<\/figcaption><\/figure><\/div>\n\n\n\n<p>On suit cet enfant au fil des ann\u00e9es, jusqu\u2019au tout d\u00e9but de l\u2019adolescence. Ensuite, David Sala fait l\u2019impasse de son existence adolescente pour continuer \u00e0 se dire, \u00e0 se montrer, \u00e0 se r\u00e9v\u00e9ler au long de ses apprentissages d\u2019adulte, de sa passion pour le dessin, le noir et blanc, d\u2019abord, la couleur ensuite. Et il le fait avec une \u00e9vidente pudeur respectueuse \u00e0 la fois des gestes pass\u00e9s que des sentiments et sensations qui les accompagnent. Avec une lucidit\u00e9 aussi qui na\u00eet de cette enfance jamais oubli\u00e9e, et qui lui fait dire, lorsqu\u2019il quitte l\u2019antre familial\u00a0: \u00ab\u00a0Je vois des \u00eatres et des certitudes s\u2019\u00e9crouler\u00a0\u00bb. <\/p>\n\n\n\n<div class=\"wp-block-image\"><figure class=\"aligncenter size-full\"><img data-recalc-dims=\"1\" loading=\"lazy\" decoding=\"async\" width=\"768\" height=\"1024\" src=\"https:\/\/i0.wp.com\/bd-chroniques.be\/wp-content\/uploads\/2022\/04\/sala5.jpg?resize=768%2C1024&#038;ssl=1\" alt=\"\" class=\"wp-image-7368\" srcset=\"https:\/\/i0.wp.com\/bd-chroniques.be\/wp-content\/uploads\/2022\/04\/sala5.jpg?w=768&amp;ssl=1 768w, https:\/\/i0.wp.com\/bd-chroniques.be\/wp-content\/uploads\/2022\/04\/sala5.jpg?resize=225%2C300&amp;ssl=1 225w\" sizes=\"auto, (max-width: 768px) 100vw, 768px\" \/><figcaption>copyright casterman<\/figcaption><\/figure><\/div>\n\n\n\n<p>S\u2019il fallait trouver une trame g\u00e9n\u00e9rale \u00e0 ce livre superbe, je pense qu\u2019un mot peut la d\u00e9finir&nbsp;: le quotidien\u2026 Cela n\u2019emp\u00eache en rien l\u2019onirisme, l\u2019imaginaire, toujours au travers des yeux de cet enfant, mais ce ne sont l\u00e0 que des ailleurs qui se gravent profond\u00e9ment dans l\u2019\u00e9volution d\u2019une existence.<\/p>\n\n\n\n<p>En dessinant les couleurs de la m\u00e9moire, David Sala se pose, et nous pose, une question essentielle sans doute, de plus en plus essentielle certainement&nbsp;: est-ce possible, humainement, de vivre, debout, intelligemment, sans m\u00e9moire de la guerre, de toutes les guerres&nbsp;?<\/p>\n\n\n\n<p>Le grand-p\u00e8re Antonio, dans une r\u00eaverie du gamin David, s\u2019adresse \u00e0 lui et \u00e0 nous en m\u00eame temps\u00a0: \u00ab\u00a0Tu ne dois pas oublier mes souffrances. Tu seras fort de \u00e7a, mon petit-fils\u00a0\u00bb. <\/p>\n\n\n\n<div class=\"wp-block-image\"><figure class=\"aligncenter size-full\"><img data-recalc-dims=\"1\" loading=\"lazy\" decoding=\"async\" width=\"720\" height=\"999\" src=\"https:\/\/i0.wp.com\/bd-chroniques.be\/wp-content\/uploads\/2022\/04\/sala6.jpg?resize=720%2C999&#038;ssl=1\" alt=\"\" class=\"wp-image-7369\" srcset=\"https:\/\/i0.wp.com\/bd-chroniques.be\/wp-content\/uploads\/2022\/04\/sala6.jpg?w=720&amp;ssl=1 720w, https:\/\/i0.wp.com\/bd-chroniques.be\/wp-content\/uploads\/2022\/04\/sala6.jpg?resize=216%2C300&amp;ssl=1 216w\" sizes=\"auto, (max-width: 720px) 100vw, 720px\" \/><figcaption>copyright Casterman<\/figcaption><\/figure><\/div>\n\n\n\n<p>La souffrance et la douleur sont sans cesse pr\u00e9sentes dans ce livre, c\u2019est vrai. Les cauchemars de l\u2019enfance, les horreurs du quotidien et l\u2019inacceptable d\u2019un pass\u00e9, tout cela forme un paysage qui devient fondamentalement humain, humaniste.<\/p>\n\n\n\n<p>Mais ces douleurs racont\u00e9es, montr\u00e9es, sont toutes fonci\u00e8rement personnelles, et les appr\u00e9hender, dans leurs diff\u00e9rences, c\u2019est en d\u00e9finitive accepter de vivre.<\/p>\n\n\n\n<p>Et ces souffrances n\u2019emp\u00eachent en rien \u00e0 ce que le tableau de sa vie que nous tend David Sala resplendisse aussi de joies, fulgurantes ou s\u2019\u00e9tirant au long des ann\u00e9es.<\/p>\n\n\n\n<p>Comme je le disais, ce livre est extraordinairement quotidien, dans les dialogues de tous les jours comme dans les d\u00e9cors, dans les jeux d\u2019enfants ou d\u2019adultes, damiers devenant les perspectives r\u00e9p\u00e9t\u00e9es d\u2019une narration \u00e0 la fois graphique et picturale. <\/p>\n\n\n\n<div class=\"wp-block-image\"><figure class=\"aligncenter size-full\"><img data-recalc-dims=\"1\" loading=\"lazy\" decoding=\"async\" width=\"640\" height=\"254\" src=\"https:\/\/i0.wp.com\/bd-chroniques.be\/wp-content\/uploads\/2022\/04\/sala7.jpg?resize=640%2C254&#038;ssl=1\" alt=\"\" class=\"wp-image-7370\" srcset=\"https:\/\/i0.wp.com\/bd-chroniques.be\/wp-content\/uploads\/2022\/04\/sala7.jpg?w=640&amp;ssl=1 640w, https:\/\/i0.wp.com\/bd-chroniques.be\/wp-content\/uploads\/2022\/04\/sala7.jpg?resize=300%2C119&amp;ssl=1 300w\" sizes=\"auto, (max-width: 640px) 100vw, 640px\" \/><figcaption>copyright casterman<\/figcaption><\/figure><\/div>\n\n\n\n<p>Les ann\u00e9es 70 sont l\u00e0, \u00e0 chaque page\u2026 Avec les radios libres, les cassetophones, Brassens et l\u2019anarchie, le premier film en 3D \u00e0 la t\u00e9l\u00e9vision, l\u2019humour parfois \u00e9pais autour de la table du repas, c\u2019est le r\u00e9el, m\u00eame r\u00e9invent\u00e9 par un certain onirisme, qui est le seul moteur du r\u00e9cit\u2026<\/p>\n\n\n\n<p>Le talent de David Sala, raconteur, dessinateur et coloriste, explose litt\u00e9ralement \u00e0 chaque page de ce livre. Avec une mise en sc\u00e8ne parfois th\u00e9\u00e2trale dans l\u2019illustration des souvenirs de la guerre d\u2019Espagne, avec un dessin pratiquement expressionniste quand il s\u2019agit de rendre compte des sensations et des \u00e9motions d\u2019un gamin qui imagine ce qu\u2019\u00e9taient en 40-45 les forteresses de la mort, avec des r\u00e9f\u00e9rences assum\u00e9es et superbes \u00e0 des peintres qui, tous, r\u00e9ussirent \u00e0 faire se fondre le r\u00e9el et l\u2019imaginaire (Magritte, Klimt, le Douanier Rousseau, Picasso, Munch, Bacon\u2026), David Sala nous plonge litt\u00e9ralement dans son existence et, sans moralisation aucune, il nous pousse \u00e0 penser \u00e0 nos propres vies, \u00e0 nos propres quotidiens\u2026 A nos propres h\u00e9ros\u00a0! <\/p>\n\n\n\n<figure class=\"wp-block-image size-large\"><img data-recalc-dims=\"1\" loading=\"lazy\" decoding=\"async\" width=\"768\" height=\"1024\" src=\"https:\/\/i0.wp.com\/bd-chroniques.be\/wp-content\/uploads\/2022\/04\/sala8.jpeg?resize=768%2C1024&#038;ssl=1\" alt=\"\" class=\"wp-image-7371\" srcset=\"https:\/\/i0.wp.com\/bd-chroniques.be\/wp-content\/uploads\/2022\/04\/sala8.jpeg?resize=768%2C1024&amp;ssl=1 768w, https:\/\/i0.wp.com\/bd-chroniques.be\/wp-content\/uploads\/2022\/04\/sala8.jpeg?resize=225%2C300&amp;ssl=1 225w, https:\/\/i0.wp.com\/bd-chroniques.be\/wp-content\/uploads\/2022\/04\/sala8.jpeg?w=891&amp;ssl=1 891w\" sizes=\"auto, (max-width: 768px) 100vw, 768px\" \/><figcaption>copyright casterman<\/figcaption><\/figure>\n\n\n\n<p>En mettant des mots et des dessins sur la vie au jour le jour comme sur l\u2019indicible, David Sala fait \u0153uvre importante. Ce livre est un livre d\u2019art, \u00e9galement, et les couleurs de David Sala, d\u2019une \u00e9tendue immense, sont indissociables de ses dessins comme de ses mots.<\/p>\n\n\n\n<p>Livre de m\u00e9moire, livre ancr\u00e9 cependant aussi dans le pr\u00e9sent, cet album nous montre le ressenti que peut provoquer le mot \u00ab&nbsp;h\u00e9ro\u00efsme&nbsp;\u00bb dans la t\u00eate d\u2019un enfant, d\u2019abord, dans la vie adulte d\u2019un artiste ensuite.<\/p>\n\n\n\n<p>C\u2019est un livre de m\u00e9moire, assur\u00e9ment\u2026 C\u2019est aussi un livre profond\u00e9ment libre, qui joue avec les codes du r\u00e9cit, de la bd, du r\u00eave\u2026 Un livre libre, oui, et je mets ici en exergue de cette v\u00e9rit\u00e9 une phrase de ce \u00ab\u00a0Poids des h\u00e9ros\u00a0\u00bb\u00a0: \u00ab\u00a0Notre libert\u00e9, c\u2019est d\u2019abord d\u2019apprendre \u00e0 d\u00e9sob\u00e9ir\u00a0\u00bb. <\/p>\n\n\n\n<div class=\"wp-block-image\"><figure class=\"aligncenter size-large\"><img data-recalc-dims=\"1\" loading=\"lazy\" decoding=\"async\" width=\"768\" height=\"1024\" src=\"https:\/\/i0.wp.com\/bd-chroniques.be\/wp-content\/uploads\/2022\/04\/sala9-1.jpeg?resize=768%2C1024&#038;ssl=1\" alt=\"\" class=\"wp-image-7373\" srcset=\"https:\/\/i0.wp.com\/bd-chroniques.be\/wp-content\/uploads\/2022\/04\/sala9-1.jpeg?resize=768%2C1024&amp;ssl=1 768w, https:\/\/i0.wp.com\/bd-chroniques.be\/wp-content\/uploads\/2022\/04\/sala9-1.jpeg?resize=225%2C300&amp;ssl=1 225w, https:\/\/i0.wp.com\/bd-chroniques.be\/wp-content\/uploads\/2022\/04\/sala9-1.jpeg?w=891&amp;ssl=1 891w\" sizes=\"auto, (max-width: 768px) 100vw, 768px\" \/><figcaption>copyright casterman<\/figcaption><\/figure><\/div>\n\n\n\n<p>Et j&rsquo;ai eu le plaisir de rencontrer David Sala&#8230; Pour une interview \u00e0 b\u00e2tons rompus que je vous invite \u00e0 \u00e9couter, tout de suite&#8230; <\/p>\n\n\n\n<figure class=\"wp-block-audio\"><audio controls src=\"https:\/\/bd-chroniques.be\/wp-content\/uploads\/2022\/04\/sala-2.mp3\"><\/audio><\/figure>\n\n\n\n<p><strong>Jacques et Josiane Schra\u00fbwen<\/strong><\/p>\n\n\n\n<p><strong>Le poids Des H\u00e9ros (auteur&nbsp;: David Sala \u2013 \u00e9diteur&nbsp;: Casterman \u2013 janvier 2022 \u2013 184 pages)<\/strong><\/p>\n","protected":false},"excerpt":{"rendered":"<p>Au travers d\u2019un quotidien simple, normal, un livre qui nous parle de ce qui fut et de ce qui continue \u00e0 nous construire, au-del\u00e0 des g\u00e9n\u00e9rations et du temps in\u00e9luctable. Il est de ces \u0153uvres artistiques, livres, bandes dessin\u00e9es, films, qu\u2019il est impossible de r\u00e9sumer. Tout au plus peut-on parler d\u2019une th\u00e9matique dans les films [&hellip;]<\/p>\n","protected":false},"author":1,"featured_media":7364,"comment_status":"open","ping_status":"open","sticky":false,"template":"","format":"standard","meta":{"jetpack_post_was_ever_published":false,"_jetpack_newsletter_access":"","_jetpack_dont_email_post_to_subs":false,"_jetpack_newsletter_tier_id":0,"_jetpack_memberships_contains_paywalled_content":false,"_jetpack_memberships_contains_paid_content":false,"footnotes":"","jetpack_publicize_message":"","jetpack_publicize_feature_enabled":true,"jetpack_social_post_already_shared":true,"jetpack_social_options":{"image_generator_settings":{"template":"highway","default_image_id":0,"font":"","enabled":false},"version":2}},"categories":[23,27],"tags":[],"class_list":["post-7363","post","type-post","status-publish","format-standard","has-post-thumbnail","hentry","category-bd-de-m-a-r","category-p"],"jetpack_publicize_connections":[],"jetpack_featured_media_url":"https:\/\/i0.wp.com\/bd-chroniques.be\/wp-content\/uploads\/2022\/04\/sala1.jpg?fit=870%2C489&ssl=1","jetpack_shortlink":"https:\/\/wp.me\/p8dqsu-1UL","jetpack_likes_enabled":true,"jetpack_sharing_enabled":true,"_links":{"self":[{"href":"https:\/\/bd-chroniques.be\/index.php\/wp-json\/wp\/v2\/posts\/7363","targetHints":{"allow":["GET"]}}],"collection":[{"href":"https:\/\/bd-chroniques.be\/index.php\/wp-json\/wp\/v2\/posts"}],"about":[{"href":"https:\/\/bd-chroniques.be\/index.php\/wp-json\/wp\/v2\/types\/post"}],"author":[{"embeddable":true,"href":"https:\/\/bd-chroniques.be\/index.php\/wp-json\/wp\/v2\/users\/1"}],"replies":[{"embeddable":true,"href":"https:\/\/bd-chroniques.be\/index.php\/wp-json\/wp\/v2\/comments?post=7363"}],"version-history":[{"count":2,"href":"https:\/\/bd-chroniques.be\/index.php\/wp-json\/wp\/v2\/posts\/7363\/revisions"}],"predecessor-version":[{"id":7376,"href":"https:\/\/bd-chroniques.be\/index.php\/wp-json\/wp\/v2\/posts\/7363\/revisions\/7376"}],"wp:featuredmedia":[{"embeddable":true,"href":"https:\/\/bd-chroniques.be\/index.php\/wp-json\/wp\/v2\/media\/7364"}],"wp:attachment":[{"href":"https:\/\/bd-chroniques.be\/index.php\/wp-json\/wp\/v2\/media?parent=7363"}],"wp:term":[{"taxonomy":"category","embeddable":true,"href":"https:\/\/bd-chroniques.be\/index.php\/wp-json\/wp\/v2\/categories?post=7363"},{"taxonomy":"post_tag","embeddable":true,"href":"https:\/\/bd-chroniques.be\/index.php\/wp-json\/wp\/v2\/tags?post=7363"}],"curies":[{"name":"wp","href":"https:\/\/api.w.org\/{rel}","templated":true}]}}