{"id":768,"date":"2017-06-19T11:48:22","date_gmt":"2017-06-19T09:48:22","guid":{"rendered":"http:\/\/bd-chroniques.be\/?p=768"},"modified":"2017-06-19T11:48:22","modified_gmt":"2017-06-19T09:48:22","slug":"h-g-wells-en-bd-la-machine-a-explorer-le-temps","status":"publish","type":"post","link":"https:\/\/bd-chroniques.be\/index.php\/2017\/06\/19\/h-g-wells-en-bd-la-machine-a-explorer-le-temps\/","title":{"rendered":"H.G. Wells en BD : La Machine \u00e0 explorer le Temps"},"content":{"rendered":"<div class=\"rtbf-paragraph\">\n<p>Les \u00e9ditions Gl\u00e9nat aiment les s\u00e9ries th\u00e9matiques, depuis longtemps d\u00e9j\u00e0. Et c\u2019est une r\u00e9ussite avec cette collection consacr\u00e9e \u00e0 l\u2019adaptation de l\u2019\u0153uvre de H.G. Wells. Avec Mathieu Moreau,un jeune dessinateur, qui a r\u00e9pondu \u00e0 nos questions&#8230;<\/p>\n<\/div>\n<div class=\"rtbf-paragraph  clearfix\">\n<figure class=\"www-media custom_large www-media--last js-gallery-figure\"><a id=\"image-9111828\" class=\"www-media-fullscreen js-gallery-image\" href=\"https:\/\/i0.wp.com\/ds1.static.rtbf.be\/article\/image\/1240x800\/1\/8\/c\/d09e3f1a806a7d7fa9df7f2f5f11387d-1496477340.jpg?ssl=1\" target=\"_blank\" rel=\"noopener\" data-id=\"9111828\"><img data-recalc-dims=\"1\" decoding=\"async\" class=\"img-responsive www-img-full  lazyloaded\" title=\"La machine \u00e0 explorer le temps\" src=\"https:\/\/i0.wp.com\/ds1.static.rtbf.be\/article\/image\/370xAuto\/1\/8\/c\/d09e3f1a806a7d7fa9df7f2f5f11387d-1496477340.jpg?w=768&#038;ssl=1\" sizes=\"(min-width: 1200px) calc(992px*0.66), (min-width: 992px) 66vw, 100vw\" srcset=\"https:\/\/ds1.static.rtbf.be\/article\/image\/370xAuto\/1\/8\/c\/d09e3f1a806a7d7fa9df7f2f5f11387d-1496477340.jpg 370w,https:\/\/ds1.static.rtbf.be\/article\/image\/770xAuto\/1\/8\/c\/d09e3f1a806a7d7fa9df7f2f5f11387d-1496477340.jpg 770w,https:\/\/ds1.static.rtbf.be\/article\/image\/1248xAuto\/1\/8\/c\/d09e3f1a806a7d7fa9df7f2f5f11387d-1496477340.jpg 1248w\" alt=\"La machine \u00e0 explorer le temps\" data-sizes=\"(min-width: 1200px) calc(992px*0.66), (min-width: 992px) 66vw, 100vw\" data-srcset=\"https:\/\/ds1.static.rtbf.be\/article\/image\/370xAuto\/1\/8\/c\/d09e3f1a806a7d7fa9df7f2f5f11387d-1496477340.jpg 370w,https:\/\/ds1.static.rtbf.be\/article\/image\/770xAuto\/1\/8\/c\/d09e3f1a806a7d7fa9df7f2f5f11387d-1496477340.jpg 770w,https:\/\/ds1.static.rtbf.be\/article\/image\/1248xAuto\/1\/8\/c\/d09e3f1a806a7d7fa9df7f2f5f11387d-1496477340.jpg 1248w\" \/><i class=\"ico ico-circle ico-stack-2x www-media-enlarge__bg\"><\/i><i class=\"ico ico-expand ico-stack-1x ico-inverse www-media-enlarge__icon\"><\/i><\/a><figcaption class=\"www-media-caption\"><em><span class=\"www-media-caption__text\">La machine \u00e0 explorer le temps &#8211; \u00a9 Gl\u00e9nat<\/span><\/em><\/figcaption><\/figure>\n<p>&nbsp;<\/p>\n<p>Plusieurs albums de cette collection se retrouvent d\u00e9j\u00e0 sur les \u00e9tals de votre libraire pr\u00e9f\u00e9r\u00e9. Et m\u00eame si tous m&rsquo;ont plu, chacun \u00e0 sa mani\u00e8re, chacun ayant son propre style graphique, celui qui a le plus retenu\u00a0mon attention, c\u2019est l\u2019adaptation de ce merveilleux livre de science-fiction qu\u2019\u00e0 commis Wells il y a bien longtemps, \u00a0\u00bb La Machine \u00e0 explorer le temps \u00ab\u00a0, un livre passionnant qui a influenc\u00e9 pendant des dizaines et des dizaines d\u2019ann\u00e9es toute la litt\u00e9rature sf et fantastique mondiale.<\/p>\n<p>L\u2019histoire, certes, est connue de tout le monde, et elle a \u00e9t\u00e9 bien des fois adapt\u00e9e au cin\u00e9ma, avec plus ou moins de succ\u00e8s, de qualit\u00e9 ou de r\u00e9ussite: un scientifique, dans une Angleterre victorienne, a invent\u00e9 une machine qui lui permet d\u2019aller se promener dans les m\u00e9andres du temps.<\/p>\n<p>Il y a l\u00e0 l\u2019illustration litt\u00e9raire d\u2019un des mythes essentiels de l\u2019humanit\u00e9 : d\u2019o\u00f9 sommes-nous n\u00e9s et, surtout, vers quels horizons nous dirigent nos pas ? Conna\u00eetre le pass\u00e9 permettra-t-il de rendre le futur plus souriant ?<\/p>\n<p>Ainsi, au-del\u00e0 du r\u00e9cit d\u2019aventures imaginaires, c\u2019est \u00e0 des th\u00e8mes profond\u00e9ment humains et humanistes que Wells s\u2019est attach\u00e9 dans ce livre. Des th\u00e8mes qui ne perdent rien de leur force et de leur int\u00e9r\u00eat dans cette adaptation en bd, due aux talents conjugu\u00e9s de <strong>Dobb<\/strong>s, un sc\u00e9nariste qui sait d\u00e9couper une histoire pour la rendre sans cesse passionnante, et de <strong>Mathieu Moreau<\/strong>, un jeune dessinateur qui a aim\u00e9 construire ses planches un peu \u00e0 la fa\u00e7on des illustrations du dix-neuvi\u00e8me si\u00e8cle, qui adore jouer dans ses pages\u00a0avec la sym\u00e9trie, et dont les couleurs accompagnent vraiment l\u2019histoire racont\u00e9e.<\/p>\n<p>Dans le monde futur o\u00f9 le h\u00e9ros va se retrouver, la s\u00e9curit\u00e9 et l\u2019aisance ont fait des ravages extr\u00eames dans l\u2019\u00e2me humaine. La r\u00e9volte, la n\u00e9cessit\u00e9 de ne pas suivre des voies toutes trac\u00e9es, tout cela n\u2019est m\u00eame pas interdit, mais simplement n\u2019existe plus. Et m\u00eame si le personnage central, d\u2019abord et avant tout scientifique, se refuse \u00e0 tout jugement, il ne peut que constater que l\u2019intelligence humaine, \u00e0 force de s\u00e9curitarisme, s\u2019est suicid\u00e9e\u2026 Et qu\u2019aucune intelligence n\u2019est possible dans un univers o\u00f9 il n\u2019y a ni changement, ni m\u00eame d\u00e9sir de changement !<\/p>\n<p>Et \u00e0 ce titre-l\u00e0, force est de reconna\u00eetre que des ponts existent d\u00e9j\u00e0 entre les cauchemars de Wells et les r\u00e9alit\u00e9s que notre soci\u00e9t\u00e9 est en train de cr\u00e9er !&#8230;<\/p>\n<p>&nbsp;<\/p>\n<h6 class=\"audio-player__title\">Mathieu Moreau, le dessinateur<\/h6>\n<audio class=\"wp-audio-shortcode\" id=\"audio-768-1\" preload=\"none\" style=\"width: 100%;\" controls=\"controls\"><source type=\"audio\/mpeg\" src=\"http:\/\/bd-chroniques.be\/wp-content\/uploads\/2017\/06\/MXUgdP6S9d.mp3?_=1\" \/><a href=\"http:\/\/bd-chroniques.be\/wp-content\/uploads\/2017\/06\/MXUgdP6S9d.mp3\">http:\/\/bd-chroniques.be\/wp-content\/uploads\/2017\/06\/MXUgdP6S9d.mp3<\/a><\/audio>\n<div class=\"rtbf-article-main__embed js-embed-audio\"><\/div>\n<\/div>\n<div class=\"rtbf-paragraph  clearfix\">\n<figure class=\"www-media custom_large www-media--last js-gallery-figure\"><a id=\"image-9111829\" class=\"www-media-fullscreen js-gallery-image\" href=\"https:\/\/i0.wp.com\/ds1.static.rtbf.be\/article\/image\/1240x800\/9\/7\/2\/f93296c75ed3eb274ba93713585dc47e-1496477436.jpg?ssl=1\" target=\"_blank\" rel=\"noopener\" data-id=\"9111829\"><img data-recalc-dims=\"1\" decoding=\"async\" class=\"img-responsive www-img-full  lazyloaded\" title=\"La machine \u00e0 explorer le temps\" src=\"https:\/\/i0.wp.com\/ds1.static.rtbf.be\/article\/image\/370xAuto\/9\/7\/2\/f93296c75ed3eb274ba93713585dc47e-1496477436.jpg?w=768&#038;ssl=1\" sizes=\"(min-width: 1200px) calc(992px*0.66), (min-width: 992px) 66vw, 100vw\" srcset=\"https:\/\/ds1.static.rtbf.be\/article\/image\/370xAuto\/9\/7\/2\/f93296c75ed3eb274ba93713585dc47e-1496477436.jpg 370w,https:\/\/ds1.static.rtbf.be\/article\/image\/770xAuto\/9\/7\/2\/f93296c75ed3eb274ba93713585dc47e-1496477436.jpg 770w,https:\/\/ds1.static.rtbf.be\/article\/image\/1248xAuto\/9\/7\/2\/f93296c75ed3eb274ba93713585dc47e-1496477436.jpg 1248w\" alt=\"La machine \u00e0 explorer le temps\" data-sizes=\"(min-width: 1200px) calc(992px*0.66), (min-width: 992px) 66vw, 100vw\" data-srcset=\"https:\/\/ds1.static.rtbf.be\/article\/image\/370xAuto\/9\/7\/2\/f93296c75ed3eb274ba93713585dc47e-1496477436.jpg 370w,https:\/\/ds1.static.rtbf.be\/article\/image\/770xAuto\/9\/7\/2\/f93296c75ed3eb274ba93713585dc47e-1496477436.jpg 770w,https:\/\/ds1.static.rtbf.be\/article\/image\/1248xAuto\/9\/7\/2\/f93296c75ed3eb274ba93713585dc47e-1496477436.jpg 1248w\" \/><i class=\"ico ico-circle ico-stack-2x www-media-enlarge__bg\"><\/i><i class=\"ico ico-expand ico-stack-1x ico-inverse www-media-enlarge__icon\"><\/i><\/a><figcaption class=\"www-media-caption\"><em><span class=\"www-media-caption__text\">La machine \u00e0 explorer le temps &#8211; \u00a9 Gl\u00e9nat<\/span><\/em><\/figcaption><\/figure>\n<p>&nbsp;<\/p>\n<p>La bande dessin\u00e9e se doit, me semble-t-il, de ne jamais oublier d\u2019o\u00f9 elle vient, tout comme le h\u00e9ros de cette machine \u00e0 explorer le temps\u2026 Et\u00a0 j\u2019aime que l\u2019\u00e9clectisme dont se nourrit le neuvi\u00e8me art laisse la porte ouverte, aussi, \u00e0 des r\u00e9cits charpent\u00e9s classiquement, \u00e0 des hommages, \u00e9galement, \u00e0 ce qui a fait l\u2019histoire de notre culture.<\/p>\n<p>Et c\u2019est bien le cas dans cette collection \u00a0\u00bb H.G. Wells \u00a0\u00bb qui nous replonge, avec qualit\u00e9, dans des imaginaires qui, tout compte fait, n\u2019ont strictement rien de d\u00e9suet !<\/p>\n<p>&nbsp;<\/p>\n<p><strong>Jacques Schra\u00fbwen<\/strong><\/p>\n<p><strong>H.G. Wells en BD : La Machine \u00e0 explorer le Temps (sc\u00e9nario : Dobbs \u2013 dessin : Mathieu Moreau \u2013 \u00e9diteur : Gl\u00e9nat)<\/strong><\/p>\n<\/div>\n","protected":false},"excerpt":{"rendered":"<p>Les \u00e9ditions Gl\u00e9nat aiment les s\u00e9ries th\u00e9matiques, depuis longtemps d\u00e9j\u00e0. Et c\u2019est une r\u00e9ussite avec cette collection consacr\u00e9e \u00e0 l\u2019adaptation de l\u2019\u0153uvre de H.G. Wells. Avec Mathieu Moreau,un jeune dessinateur, qui a r\u00e9pondu \u00e0 nos questions&#8230; La machine \u00e0 explorer le temps &#8211; \u00a9 Gl\u00e9nat &nbsp; Plusieurs albums de cette collection se retrouvent d\u00e9j\u00e0 sur [&hellip;]<\/p>\n","protected":false},"author":1,"featured_media":769,"comment_status":"open","ping_status":"open","sticky":false,"template":"","format":"standard","meta":{"jetpack_post_was_ever_published":false,"_jetpack_newsletter_access":"","_jetpack_dont_email_post_to_subs":false,"_jetpack_newsletter_tier_id":0,"_jetpack_memberships_contains_paywalled_content":false,"_jetpack_memberships_contains_paid_content":false,"footnotes":"","jetpack_publicize_message":"","jetpack_publicize_feature_enabled":true,"jetpack_social_post_already_shared":true,"jetpack_social_options":{"image_generator_settings":{"template":"highway","default_image_id":0,"font":"","enabled":false},"version":2}},"categories":[23,24],"tags":[],"class_list":["post-768","post","type-post","status-publish","format-standard","has-post-thumbnail","hentry","category-bd-de-m-a-r","category-m"],"jetpack_publicize_connections":[],"jetpack_featured_media_url":"https:\/\/i0.wp.com\/bd-chroniques.be\/wp-content\/uploads\/2017\/06\/72f18a2e1ee8b75e9440723a9917fc73-1496477067.jpg?fit=1248%2C701&ssl=1","jetpack_shortlink":"https:\/\/wp.me\/p8dqsu-co","jetpack_likes_enabled":true,"jetpack_sharing_enabled":true,"_links":{"self":[{"href":"https:\/\/bd-chroniques.be\/index.php\/wp-json\/wp\/v2\/posts\/768","targetHints":{"allow":["GET"]}}],"collection":[{"href":"https:\/\/bd-chroniques.be\/index.php\/wp-json\/wp\/v2\/posts"}],"about":[{"href":"https:\/\/bd-chroniques.be\/index.php\/wp-json\/wp\/v2\/types\/post"}],"author":[{"embeddable":true,"href":"https:\/\/bd-chroniques.be\/index.php\/wp-json\/wp\/v2\/users\/1"}],"replies":[{"embeddable":true,"href":"https:\/\/bd-chroniques.be\/index.php\/wp-json\/wp\/v2\/comments?post=768"}],"version-history":[{"count":1,"href":"https:\/\/bd-chroniques.be\/index.php\/wp-json\/wp\/v2\/posts\/768\/revisions"}],"predecessor-version":[{"id":771,"href":"https:\/\/bd-chroniques.be\/index.php\/wp-json\/wp\/v2\/posts\/768\/revisions\/771"}],"wp:featuredmedia":[{"embeddable":true,"href":"https:\/\/bd-chroniques.be\/index.php\/wp-json\/wp\/v2\/media\/769"}],"wp:attachment":[{"href":"https:\/\/bd-chroniques.be\/index.php\/wp-json\/wp\/v2\/media?parent=768"}],"wp:term":[{"taxonomy":"category","embeddable":true,"href":"https:\/\/bd-chroniques.be\/index.php\/wp-json\/wp\/v2\/categories?post=768"},{"taxonomy":"post_tag","embeddable":true,"href":"https:\/\/bd-chroniques.be\/index.php\/wp-json\/wp\/v2\/tags?post=768"}],"curies":[{"name":"wp","href":"https:\/\/api.w.org\/{rel}","templated":true}]}}