{"id":7697,"date":"2022-10-21T10:42:41","date_gmt":"2022-10-21T08:42:41","guid":{"rendered":"https:\/\/bd-chroniques.be\/?p=7697"},"modified":"2022-10-21T10:42:41","modified_gmt":"2022-10-21T08:42:41","slug":"guerre-louis-ferdinand-celine","status":"publish","type":"post","link":"https:\/\/bd-chroniques.be\/index.php\/2022\/10\/21\/guerre-louis-ferdinand-celine\/","title":{"rendered":"Guerre \u2013 Louis-Ferdinand C\u00e9line"},"content":{"rendered":"\n<p>Eh oui, pour une fois, je m\u2019\u00e9loigne de la bande dessin\u00e9e\u2026 Mes lectures n\u2019ont rien de \u00ab\u00a0sectaire\u00a0\u00bb\u00a0! Et je n\u2019oublie pas, en m\u00eame temps, que c\u2019est gr\u00e2ce \u00e0 Tardi que j\u2019ai d\u00e9couvert il y a bien longtemps toute la puissance de C\u00e9line\u00a0! Et depuis, d\u2019autres auteurs de bd se sont enfouis dans son \u0153uvre, comme Terpant et Dufaux\u2026 <\/p>\n\n\n<div class=\"wp-block-image\">\n<figure class=\"aligncenter size-large\"><img data-recalc-dims=\"1\" loading=\"lazy\" decoding=\"async\" width=\"768\" height=\"1016\" src=\"https:\/\/i0.wp.com\/bd-chroniques.be\/wp-content\/uploads\/2022\/10\/tardiassaut.jpg?resize=768%2C1016&#038;ssl=1\" alt=\"\" class=\"wp-image-7699\" srcset=\"https:\/\/i0.wp.com\/bd-chroniques.be\/wp-content\/uploads\/2022\/10\/tardiassaut-scaled.jpg?resize=774%2C1024&amp;ssl=1 774w, https:\/\/i0.wp.com\/bd-chroniques.be\/wp-content\/uploads\/2022\/10\/tardiassaut-scaled.jpg?resize=227%2C300&amp;ssl=1 227w, https:\/\/i0.wp.com\/bd-chroniques.be\/wp-content\/uploads\/2022\/10\/tardiassaut-scaled.jpg?resize=768%2C1015&amp;ssl=1 768w, https:\/\/i0.wp.com\/bd-chroniques.be\/wp-content\/uploads\/2022\/10\/tardiassaut-scaled.jpg?resize=1162%2C1536&amp;ssl=1 1162w, https:\/\/i0.wp.com\/bd-chroniques.be\/wp-content\/uploads\/2022\/10\/tardiassaut-scaled.jpg?resize=1549%2C2048&amp;ssl=1 1549w, https:\/\/i0.wp.com\/bd-chroniques.be\/wp-content\/uploads\/2022\/10\/tardiassaut-scaled.jpg?w=1936&amp;ssl=1 1936w\" sizes=\"auto, (max-width: 768px) 100vw, 768px\" \/><figcaption>copyright Tardi<\/figcaption><\/figure>\n<\/div>\n\n\n<p>Ce qui a \u00e9t\u00e9 \u00ab&nbsp;sectaire&nbsp;\u00bb, par contre, ce sont les \u00e9v\u00e9nements qui ont emp\u00each\u00e9 ce livre, \u00ab&nbsp;Guerre&nbsp;\u00bb, ainsi que ceux qui vont suivre, de voir le jour\u2026<\/p>\n\n\n\n<p>Ce qui est sectaire, c\u2019est la triste routine doctrinaire de ceux qui voudraient que tout soit noir ou blanc, sans nuances, ni dans les mots ni dans les id\u00e9es.<\/p>\n\n\n\n<p>Loin de moi l\u2019envie de pol\u00e9miquer avec ces penseurs s\u00fbrs de leur sacro-sainte raison, dans la lign\u00e9e de ces \u00e9crivains qui, \u00e0 l\u2019instar de Sartre (dont j\u2019aime pas mal de livres\u2026), \u00e9taient pr\u00eats \u00e0 voir mourir tous les tra\u00eetres \u00e0 une patrie dont ils s\u2019occupaient peu pendant qu\u2019elle \u00e9tait occup\u00e9e\u2026 Je pense que c\u2019est au Flore que Sartre \u00ab\u00a0r\u00e9sistait\u00a0\u00bb\u2026 <\/p>\n\n\n<div class=\"wp-block-image\">\n<figure class=\"aligncenter size-full\"><img data-recalc-dims=\"1\" loading=\"lazy\" decoding=\"async\" width=\"730\" height=\"486\" src=\"https:\/\/i0.wp.com\/bd-chroniques.be\/wp-content\/uploads\/2022\/10\/celine2.jpg?resize=730%2C486&#038;ssl=1\" alt=\"\" class=\"wp-image-7700\" srcset=\"https:\/\/i0.wp.com\/bd-chroniques.be\/wp-content\/uploads\/2022\/10\/celine2.jpg?w=730&amp;ssl=1 730w, https:\/\/i0.wp.com\/bd-chroniques.be\/wp-content\/uploads\/2022\/10\/celine2.jpg?resize=300%2C200&amp;ssl=1 300w\" sizes=\"auto, (max-width: 730px) 100vw, 730px\" \/><figcaption>copyright nrf<\/figcaption><\/figure>\n<\/div>\n\n\n<p>Foin de toute pol\u00e9mique, donc&nbsp;!<\/p>\n\n\n\n<p>D\u2019ailleurs, je n\u2019ai rien d\u2019un de ces \u00ab&nbsp;sp\u00e9cialistes&nbsp;\u00bb de tout poil qui ont fleuri \u00e0 la r\u00e9v\u00e9lation des \u00ab&nbsp;nouveaux&nbsp;\u00bb anciens livres de L.F. C\u00e9line&nbsp;! Je ne suis qu\u2019un lecteur, et je revendique comme seul moteur \u00e0 mes chroniques la passion et le \u00ab&nbsp;coup de c\u0153ur&nbsp;\u00bb\u2026<\/p>\n\n\n\n<p>Et pour parler de ces \u00e9crits \u00ab&nbsp;retrouv\u00e9s&nbsp;\u00bb de C\u00e9line, voici une anecdote qui, finalement, donne raison aux jugements plus ou moins violents de C\u00e9line (et d\u2019autres, comme L\u00e9autaud, ou Sternberg, ou m\u00eame B\u00e9alu, entre autres) sur l\u2019\u00e9tat de notre soci\u00e9t\u00e9.<\/p>\n\n\n\n<p>Je me rends, il y a quelques jours, dans une grande librairie. Je cherche dans les rayons, sans le trouver, \u00ab\u00a0Londres\u00a0\u00bb deuxi\u00e8me volet des \u00e9crits retrouv\u00e9s de Destouches.<\/p>\n\n\n\n<p>Je m\u2019adresse donc \u00e0 la libraire, et je lui demande de me commander ce livre.<\/p>\n\n\n\n<p>Elle fouille dans son ordinateur, me demande le titre, je le donne, le nom de l\u2019auteur, je r\u00e9ponds \u00ab\u00a0C\u00e9line\u00a0\u00bb. Elle l\u00e8ve les yeux, vraiment surprise, et me dit \u00ab\u00a0C\u00e9line Dion a \u00e9crit un livre sur Londres\u00a0?&#8230; Je ne le savais pas\u2026\u00a0\u00bb<\/p>\n\n\n\n<p>Ce r\u00e9cit n\u2019a rien d\u2019imaginaire, malheureusement\u00a0!<\/p>\n\n\n<div class=\"wp-block-image\">\n<figure class=\"aligncenter size-full\"><img data-recalc-dims=\"1\" loading=\"lazy\" decoding=\"async\" width=\"768\" height=\"432\" src=\"https:\/\/i0.wp.com\/bd-chroniques.be\/wp-content\/uploads\/2022\/10\/CELINE3.jpg?resize=768%2C432&#038;ssl=1\" alt=\"\" class=\"wp-image-7701\" srcset=\"https:\/\/i0.wp.com\/bd-chroniques.be\/wp-content\/uploads\/2022\/10\/CELINE3.jpg?w=864&amp;ssl=1 864w, https:\/\/i0.wp.com\/bd-chroniques.be\/wp-content\/uploads\/2022\/10\/CELINE3.jpg?resize=300%2C169&amp;ssl=1 300w, https:\/\/i0.wp.com\/bd-chroniques.be\/wp-content\/uploads\/2022\/10\/CELINE3.jpg?resize=768%2C432&amp;ssl=1 768w\" sizes=\"auto, (max-width: 768px) 100vw, 768px\" \/><figcaption>L.F. C\u00e9line<\/figcaption><\/figure>\n<\/div>\n\n\n<p>Ce qui n\u2019a rien d\u2019imaginaire non plus, c\u2019est la vraie pr\u00e9sence de Louis-Ferdinand C\u00e9line dans ce livre d\u2019une \u00e9trange puissance.<\/p>\n\n\n\n<p>Etrange, oui, parce qu\u2019on y d\u00e9couvre, en comparant son rythme, sa logorrh\u00e9e, ici par rapport \u00e0 ses livres \u00ab&nbsp;officiels&nbsp;\u00bb, toute la somme de travail qui \u00e9tait la sienne pour arriver \u00e0 une sorte de perfection dans le langage et ses formes, l\u2019\u00e9criture et ses silences, le dialogue et sa personnification.<\/p>\n\n\n\n<p>Dans Guerre, avouons-le, les premi\u00e8res pages manquent de ce souffle\u2026 On y sent, oui, un manque de travail\u2026 On a la m\u00eame sensation, ici et l\u00e0, au fil des pages. Et puis, \u00e0 d\u2019autres endroits, au contraire, on a la certitude que C\u00e9line s\u2019est attard\u00e9 au feu des phrases, \u00e0 la diarrh\u00e9e des mots. Je vais laisser aux ex\u00e9g\u00e8tes de tout poil le soin de r\u00e9pertorier les feuillets travaill\u00e9s des autres, chacun ses plaisirs\u00a0!<\/p>\n\n\n<div class=\"wp-block-image\">\n<figure class=\"aligncenter size-large\"><img data-recalc-dims=\"1\" loading=\"lazy\" decoding=\"async\" width=\"768\" height=\"432\" src=\"https:\/\/i0.wp.com\/bd-chroniques.be\/wp-content\/uploads\/2022\/10\/CELINE4.jpg?resize=768%2C432&#038;ssl=1\" alt=\"\" class=\"wp-image-7702\" srcset=\"https:\/\/i0.wp.com\/bd-chroniques.be\/wp-content\/uploads\/2022\/10\/CELINE4.jpg?resize=1024%2C576&amp;ssl=1 1024w, https:\/\/i0.wp.com\/bd-chroniques.be\/wp-content\/uploads\/2022\/10\/CELINE4.jpg?resize=300%2C169&amp;ssl=1 300w, https:\/\/i0.wp.com\/bd-chroniques.be\/wp-content\/uploads\/2022\/10\/CELINE4.jpg?resize=768%2C432&amp;ssl=1 768w, https:\/\/i0.wp.com\/bd-chroniques.be\/wp-content\/uploads\/2022\/10\/CELINE4.jpg?w=1280&amp;ssl=1 1280w\" sizes=\"auto, (max-width: 768px) 100vw, 768px\" \/><figcaption>copyright nrf<\/figcaption><\/figure>\n<\/div>\n\n\n<p>Et mon plaisir a \u00e9t\u00e9 de retrouver un \u00e9crivain somptueux, un \u00e9crivain de folie et d\u2019humanit\u00e9, de pauvret\u00e9 et de douleurs, de lyrisme et de pornographie.<\/p>\n\n\n\n<p>Il y en a peu (y en a-t-il encore, d\u2019ailleurs\u00a0?), des \u00e9crivains dans lesquels, lecteurs, on s\u2019enfouit comme emport\u00e9s par une lame de fond, une lame de son, un orage de cris, un geyser d\u2019\u00e9motions triviales et profond\u00e9ment humaines.<\/p>\n\n\n\n<p>C\u00e9line est de ceux-l\u00e0.<\/p>\n\n\n\n<p>Tous les reproches qu\u2019on peut lui faire, qu\u2019on lui a faits et qu\u2019on continue \u00e0 lui faire ici et l\u00e0, sont \u00ab&nbsp;politiquement&nbsp;\u00bb justifi\u00e9s, c\u2019est vrai. Mais aucun de ces reproches ne touche \u00e0 la seule qualit\u00e9 dont C\u00e9line s\u2019est targu\u00e9 tout au long de sa vie&nbsp;: le style\u2026<\/p>\n\n\n\n<p>Le style, c\u2019est vrai\u2026 Mais aussi le fond\u00a0! La guerre de 14-18, qui fut une des \u00ab\u00a0obsessions\u00a0\u00bb de C\u00e9line, tant par ce qu\u2019elle fut, ce qu\u2019elle LUI fut, que par les cons\u00e9quences qu\u2019elle eut, sur lui, sur le monde, sur les gens, cette guerre est l\u2019\u00e9l\u00e9ment central et moteur de ce livre. Mais une guerre lointaine, en quelque sorte, une guerre qu\u2019on entend, toute proche, mais dont on n\u2019a connaissance des horreurs totales que par les souvenirs du protagoniste principal, le narrateur, C\u00e9line donc, et les mots, les mots qu\u2019il met dans tous les autres personnages, ombres d\u2019une horreur qui transforme jusqu\u2019au ciel printanier et en fait un fouillis de haines incontr\u00f4l\u00e9es, incontr\u00f4lables.<\/p>\n\n\n<div class=\"wp-block-image\">\n<figure class=\"aligncenter size-large\"><img data-recalc-dims=\"1\" loading=\"lazy\" decoding=\"async\" width=\"724\" height=\"1024\" src=\"https:\/\/i0.wp.com\/bd-chroniques.be\/wp-content\/uploads\/2022\/10\/CELINE5.jpg?resize=724%2C1024&#038;ssl=1\" alt=\"\" class=\"wp-image-7703\" srcset=\"https:\/\/i0.wp.com\/bd-chroniques.be\/wp-content\/uploads\/2022\/10\/CELINE5.jpg?resize=724%2C1024&amp;ssl=1 724w, https:\/\/i0.wp.com\/bd-chroniques.be\/wp-content\/uploads\/2022\/10\/CELINE5.jpg?resize=212%2C300&amp;ssl=1 212w, https:\/\/i0.wp.com\/bd-chroniques.be\/wp-content\/uploads\/2022\/10\/CELINE5.jpg?resize=768%2C1087&amp;ssl=1 768w, https:\/\/i0.wp.com\/bd-chroniques.be\/wp-content\/uploads\/2022\/10\/CELINE5.jpg?resize=1085%2C1536&amp;ssl=1 1085w, https:\/\/i0.wp.com\/bd-chroniques.be\/wp-content\/uploads\/2022\/10\/CELINE5.jpg?resize=1447%2C2048&amp;ssl=1 1447w, https:\/\/i0.wp.com\/bd-chroniques.be\/wp-content\/uploads\/2022\/10\/CELINE5.jpg?w=1809&amp;ssl=1 1809w, https:\/\/i0.wp.com\/bd-chroniques.be\/wp-content\/uploads\/2022\/10\/CELINE5.jpg?w=1536&amp;ssl=1 1536w\" sizes=\"auto, (max-width: 724px) 100vw, 724px\" \/><figcaption>copyright futuropolis<\/figcaption><\/figure>\n<\/div>\n\n\n<p>Certes, C\u00e9line n\u2019a jamais \u00e9t\u00e9 humaniste, et certainement pas dans ce \u00ab&nbsp;Guerre&nbsp;\u00bb.<\/p>\n\n\n\n<p>M\u00e9decin, il \u00e9crit comme un l\u00e9giste un peu fou pourrait diss\u00e9quer un corps qu\u2019il conna\u00eet\u2026 A la r\u00e9alit\u00e9 de l\u2019inacceptable se superpose ainsi l\u2019\u00e9trange po\u00e9sie plus qu\u2019\u00e9rotique de la souvenance.<\/p>\n\n\n\n<p>\u00ab&nbsp;Guerre&nbsp;\u00bb est un livre dont on sent qu\u2019il n\u2019est pas abouti\u2026 Mais c\u2019est l\u00e0 aussi sa force, que de nous restituer ainsi un \u00e9crivain attisant les braises de son \u00e9criture \u00e0 la d\u00e9mesure de ses imaginaires n\u00e9s toujours de ses seules m\u00e9moires\u2026<\/p>\n\n\n\n<p>\u00ab&nbsp;Guerre&nbsp;\u00bb est un livre \u00e0 lire, sans aucun doute possible, un livre dans lequel se perdre, au rythme d\u2019une musique \u00e0 aucune autre pareille.<\/p>\n\n\n\n<p><strong>Jacques et Josiane Schra\u00fbwen<\/strong><\/p>\n\n\n\n<p><strong>Guerre (auteur\u00a0: Louis Ferdinand C\u00e9line \u2013 \u00e9diteur\u00a0: Gallimard \u2013 avril 2022)<\/strong><\/p>\n","protected":false},"excerpt":{"rendered":"<p>Eh oui, pour une fois, je m\u2019\u00e9loigne de la bande dessin\u00e9e\u2026 Mes lectures n\u2019ont rien de \u00ab\u00a0sectaire\u00a0\u00bb\u00a0! Et je n\u2019oublie pas, en m\u00eame temps, que c\u2019est gr\u00e2ce \u00e0 Tardi que j\u2019ai d\u00e9couvert il y a bien longtemps toute la puissance de C\u00e9line\u00a0! Et depuis, d\u2019autres auteurs de bd se sont enfouis dans son \u0153uvre, comme [&hellip;]<\/p>\n","protected":false},"author":1,"featured_media":7698,"comment_status":"open","ping_status":"open","sticky":false,"template":"","format":"standard","meta":{"jetpack_post_was_ever_published":false,"_jetpack_newsletter_access":"","_jetpack_dont_email_post_to_subs":false,"_jetpack_newsletter_tier_id":0,"_jetpack_memberships_contains_paywalled_content":false,"_jetpack_memberships_contains_paid_content":false,"footnotes":"","jetpack_publicize_message":"","jetpack_publicize_feature_enabled":true,"jetpack_social_post_already_shared":true,"jetpack_social_options":{"image_generator_settings":{"template":"highway","default_image_id":0,"font":"","enabled":false},"version":2}},"categories":[43],"tags":[],"class_list":["post-7697","post","type-post","status-publish","format-standard","has-post-thumbnail","hentry","category-romans"],"jetpack_publicize_connections":[],"jetpack_featured_media_url":"https:\/\/i0.wp.com\/bd-chroniques.be\/wp-content\/uploads\/2022\/10\/celine1.jpg?fit=1300%2C1913&ssl=1","jetpack_shortlink":"https:\/\/wp.me\/p8dqsu-209","jetpack_likes_enabled":true,"jetpack_sharing_enabled":true,"_links":{"self":[{"href":"https:\/\/bd-chroniques.be\/index.php\/wp-json\/wp\/v2\/posts\/7697","targetHints":{"allow":["GET"]}}],"collection":[{"href":"https:\/\/bd-chroniques.be\/index.php\/wp-json\/wp\/v2\/posts"}],"about":[{"href":"https:\/\/bd-chroniques.be\/index.php\/wp-json\/wp\/v2\/types\/post"}],"author":[{"embeddable":true,"href":"https:\/\/bd-chroniques.be\/index.php\/wp-json\/wp\/v2\/users\/1"}],"replies":[{"embeddable":true,"href":"https:\/\/bd-chroniques.be\/index.php\/wp-json\/wp\/v2\/comments?post=7697"}],"version-history":[{"count":1,"href":"https:\/\/bd-chroniques.be\/index.php\/wp-json\/wp\/v2\/posts\/7697\/revisions"}],"predecessor-version":[{"id":7704,"href":"https:\/\/bd-chroniques.be\/index.php\/wp-json\/wp\/v2\/posts\/7697\/revisions\/7704"}],"wp:featuredmedia":[{"embeddable":true,"href":"https:\/\/bd-chroniques.be\/index.php\/wp-json\/wp\/v2\/media\/7698"}],"wp:attachment":[{"href":"https:\/\/bd-chroniques.be\/index.php\/wp-json\/wp\/v2\/media?parent=7697"}],"wp:term":[{"taxonomy":"category","embeddable":true,"href":"https:\/\/bd-chroniques.be\/index.php\/wp-json\/wp\/v2\/categories?post=7697"},{"taxonomy":"post_tag","embeddable":true,"href":"https:\/\/bd-chroniques.be\/index.php\/wp-json\/wp\/v2\/tags?post=7697"}],"curies":[{"name":"wp","href":"https:\/\/api.w.org\/{rel}","templated":true}]}}