{"id":7816,"date":"2022-12-02T15:53:44","date_gmt":"2022-12-02T14:53:44","guid":{"rendered":"https:\/\/bd-chroniques.be\/?p=7816"},"modified":"2022-12-02T15:53:44","modified_gmt":"2022-12-02T14:53:44","slug":"mylene-demongeot","status":"publish","type":"post","link":"https:\/\/bd-chroniques.be\/index.php\/2022\/12\/02\/mylene-demongeot\/","title":{"rendered":"Myl\u00e8ne Demongeot"},"content":{"rendered":"\n<p>Une actrice qui dispara\u00eet, c\u2019est toujours une partie de notre pass\u00e9 qui s\u2019efface quelque peu. Avec Myl\u00e8ne Demongeot, c\u2019est une part de l\u2019histoire du cin\u00e9ma et de la bande dessin\u00e9e qui, tout au contraire, me revient en m\u00e9moire.<\/p>\n\n\n<div class=\"wp-block-image\">\n<figure class=\"aligncenter size-large\"><img data-recalc-dims=\"1\" loading=\"lazy\" decoding=\"async\" width=\"740\" height=\"1024\" src=\"https:\/\/i0.wp.com\/bd-chroniques.be\/wp-content\/uploads\/2022\/12\/image.png?resize=740%2C1024&#038;ssl=1\" alt=\"\" class=\"wp-image-7818\" srcset=\"https:\/\/i0.wp.com\/bd-chroniques.be\/wp-content\/uploads\/2022\/12\/image.png?resize=740%2C1024&amp;ssl=1 740w, https:\/\/i0.wp.com\/bd-chroniques.be\/wp-content\/uploads\/2022\/12\/image.png?resize=217%2C300&amp;ssl=1 217w, https:\/\/i0.wp.com\/bd-chroniques.be\/wp-content\/uploads\/2022\/12\/image.png?resize=768%2C1062&amp;ssl=1 768w, https:\/\/i0.wp.com\/bd-chroniques.be\/wp-content\/uploads\/2022\/12\/image.png?w=770&amp;ssl=1 770w\" sizes=\"auto, (max-width: 740px) 100vw, 740px\" \/><figcaption class=\"wp-element-caption\">copyright dupuis<\/figcaption><\/figure>\n<\/div>\n\n\n<p>J\u2019ai eu le plaisir, il n\u2019y a pas d\u2019autre mot, de la rencontrer, il y a sept ans\u2026<\/p>\n\n\n\n<p>C\u2019\u00e9tait \u00e0 l\u2019occasion de l\u2019adaptation d\u2019un de ses livres par Claire Bouilhac et Catel Muller, \u00ab&nbsp;Adieu Kharkov&nbsp;\u00bb.<\/p>\n\n\n\n<p>Un nom de ville qui, aujourd\u2019hui, r\u00e9sonne tr\u00e8s diff\u00e9remment\u2026<\/p>\n\n\n<div class=\"wp-block-image\">\n<figure class=\"aligncenter size-large\"><img data-recalc-dims=\"1\" loading=\"lazy\" decoding=\"async\" width=\"746\" height=\"1024\" src=\"https:\/\/i0.wp.com\/bd-chroniques.be\/wp-content\/uploads\/2022\/12\/image-1.png?resize=746%2C1024&#038;ssl=1\" alt=\"\" class=\"wp-image-7819\" srcset=\"https:\/\/i0.wp.com\/bd-chroniques.be\/wp-content\/uploads\/2022\/12\/image-1.png?resize=746%2C1024&amp;ssl=1 746w, https:\/\/i0.wp.com\/bd-chroniques.be\/wp-content\/uploads\/2022\/12\/image-1.png?resize=219%2C300&amp;ssl=1 219w, https:\/\/i0.wp.com\/bd-chroniques.be\/wp-content\/uploads\/2022\/12\/image-1.png?resize=768%2C1054&amp;ssl=1 768w, https:\/\/i0.wp.com\/bd-chroniques.be\/wp-content\/uploads\/2022\/12\/image-1.png?w=770&amp;ssl=1 770w\" sizes=\"auto, (max-width: 746px) 100vw, 746px\" \/><figcaption class=\"wp-element-caption\">copyright dupuis<\/figcaption><\/figure>\n<\/div>\n\n\n<p>Je me souviens parfaitement de notre rencontre. J\u2019\u00e9tais intimid\u00e9 de me retrouver en face de cette com\u00e9dienne qui avait \u00e9t\u00e9 aussi la belle-fille de Georges Simenon. J\u2019avais peur de faire face \u00e0 une ic\u00f4ne\u2026 Il n\u2019en a rien \u00e9t\u00e9\u2026 Myl\u00e8ne Demongeot, en compagnie des deux autrices de la bd, a \u00e9t\u00e9 d\u2019une gentillesse exceptionnelle, sans appr\u00eat, d\u2019une simplicit\u00e9 souriante.<\/p>\n\n\n\n<p>J\u2019avais fait de cette rencontre une chronique, avec plusieurs sons de Myl\u00e8ne Demongeot, pour le site culturel de la rtbf.<\/p>\n\n\n<div class=\"wp-block-image\">\n<figure class=\"aligncenter size-full\"><img data-recalc-dims=\"1\" loading=\"lazy\" decoding=\"async\" width=\"768\" height=\"249\" src=\"https:\/\/i0.wp.com\/bd-chroniques.be\/wp-content\/uploads\/2022\/12\/image-2.png?resize=768%2C249&#038;ssl=1\" alt=\"\" class=\"wp-image-7820\" srcset=\"https:\/\/i0.wp.com\/bd-chroniques.be\/wp-content\/uploads\/2022\/12\/image-2.png?w=770&amp;ssl=1 770w, https:\/\/i0.wp.com\/bd-chroniques.be\/wp-content\/uploads\/2022\/12\/image-2.png?resize=300%2C97&amp;ssl=1 300w, https:\/\/i0.wp.com\/bd-chroniques.be\/wp-content\/uploads\/2022\/12\/image-2.png?resize=768%2C250&amp;ssl=1 768w\" sizes=\"auto, (max-width: 768px) 100vw, 768px\" \/><figcaption class=\"wp-element-caption\">copyright dupuis<\/figcaption><\/figure>\n<\/div>\n\n\n<p>Je vous en communique ici le lien. Malheureusement, pour des raisons qui me sont inconnues, les sons ont disparu de ma chronique\u2026<\/p>\n\n\n\n<p>Mais je tenais, malgr\u00e9 tout, \u00e0 lui rendre hommage et, au-del\u00e0 de tous les au-del\u00e0, \u00e0 la remercier pour cette rencontre\u2026 \u00ab\u00a0<a href=\"https:\/\/www.rtbf.be\/article\/adieu-kharkov-9166096\" target=\"_blank\" rel=\"noreferrer noopener\">Adieu Kharkov\u00a0<\/a>\u00bb, adieu madame Demongeot\u2026<\/p>\n\n\n\n<p><strong>Jacques et Josiane Schra\u00fbwen<\/strong> <\/p>\n\n\n<div class=\"wp-block-image\">\n<figure class=\"aligncenter size-full\"><img data-recalc-dims=\"1\" loading=\"lazy\" decoding=\"async\" width=\"768\" height=\"432\" src=\"https:\/\/i0.wp.com\/bd-chroniques.be\/wp-content\/uploads\/2022\/12\/image-3.png?resize=768%2C432&#038;ssl=1\" alt=\"\" class=\"wp-image-7822\" srcset=\"https:\/\/i0.wp.com\/bd-chroniques.be\/wp-content\/uploads\/2022\/12\/image-3.png?w=770&amp;ssl=1 770w, https:\/\/i0.wp.com\/bd-chroniques.be\/wp-content\/uploads\/2022\/12\/image-3.png?resize=300%2C169&amp;ssl=1 300w, https:\/\/i0.wp.com\/bd-chroniques.be\/wp-content\/uploads\/2022\/12\/image-3.png?resize=768%2C432&amp;ssl=1 768w\" sizes=\"auto, (max-width: 768px) 100vw, 768px\" \/><figcaption class=\"wp-element-caption\">copyright Jacques Schra\u00fbwen<\/figcaption><\/figure>\n<\/div>","protected":false},"excerpt":{"rendered":"<p>Une actrice qui dispara\u00eet, c\u2019est toujours une partie de notre pass\u00e9 qui s\u2019efface quelque peu. Avec Myl\u00e8ne Demongeot, c\u2019est une part de l\u2019histoire du cin\u00e9ma et de la bande dessin\u00e9e qui, tout au contraire, me revient en m\u00e9moire. J\u2019ai eu le plaisir, il n\u2019y a pas d\u2019autre mot, de la rencontrer, il y a sept [&hellip;]<\/p>\n","protected":false},"author":1,"featured_media":7817,"comment_status":"open","ping_status":"open","sticky":false,"template":"","format":"standard","meta":{"jetpack_post_was_ever_published":false,"_jetpack_newsletter_access":"","_jetpack_dont_email_post_to_subs":false,"_jetpack_newsletter_tier_id":0,"_jetpack_memberships_contains_paywalled_content":false,"_jetpack_memberships_contains_paid_content":false,"footnotes":"","jetpack_publicize_message":"","jetpack_publicize_feature_enabled":true,"jetpack_social_post_already_shared":true,"jetpack_social_options":{"image_generator_settings":{"template":"highway","default_image_id":0,"font":"","enabled":false},"version":2}},"categories":[1],"tags":[],"class_list":["post-7816","post","type-post","status-publish","format-standard","has-post-thumbnail","hentry","category-hommages-2"],"jetpack_publicize_connections":[],"jetpack_featured_media_url":"https:\/\/i0.wp.com\/bd-chroniques.be\/wp-content\/uploads\/2022\/12\/demongeot.jpg?fit=770%2C433&ssl=1","jetpack_shortlink":"https:\/\/wp.me\/p8dqsu-224","jetpack_likes_enabled":true,"jetpack_sharing_enabled":true,"_links":{"self":[{"href":"https:\/\/bd-chroniques.be\/index.php\/wp-json\/wp\/v2\/posts\/7816","targetHints":{"allow":["GET"]}}],"collection":[{"href":"https:\/\/bd-chroniques.be\/index.php\/wp-json\/wp\/v2\/posts"}],"about":[{"href":"https:\/\/bd-chroniques.be\/index.php\/wp-json\/wp\/v2\/types\/post"}],"author":[{"embeddable":true,"href":"https:\/\/bd-chroniques.be\/index.php\/wp-json\/wp\/v2\/users\/1"}],"replies":[{"embeddable":true,"href":"https:\/\/bd-chroniques.be\/index.php\/wp-json\/wp\/v2\/comments?post=7816"}],"version-history":[{"count":2,"href":"https:\/\/bd-chroniques.be\/index.php\/wp-json\/wp\/v2\/posts\/7816\/revisions"}],"predecessor-version":[{"id":7823,"href":"https:\/\/bd-chroniques.be\/index.php\/wp-json\/wp\/v2\/posts\/7816\/revisions\/7823"}],"wp:featuredmedia":[{"embeddable":true,"href":"https:\/\/bd-chroniques.be\/index.php\/wp-json\/wp\/v2\/media\/7817"}],"wp:attachment":[{"href":"https:\/\/bd-chroniques.be\/index.php\/wp-json\/wp\/v2\/media?parent=7816"}],"wp:term":[{"taxonomy":"category","embeddable":true,"href":"https:\/\/bd-chroniques.be\/index.php\/wp-json\/wp\/v2\/categories?post=7816"},{"taxonomy":"post_tag","embeddable":true,"href":"https:\/\/bd-chroniques.be\/index.php\/wp-json\/wp\/v2\/tags?post=7816"}],"curies":[{"name":"wp","href":"https:\/\/api.w.org\/{rel}","templated":true}]}}