{"id":7870,"date":"2023-01-20T08:50:07","date_gmt":"2023-01-20T07:50:07","guid":{"rendered":"https:\/\/bd-chroniques.be\/?p=7870"},"modified":"2023-01-20T09:34:58","modified_gmt":"2023-01-20T08:34:58","slug":"cache-cache-mortel-a-brehat-meurtres-dans-lile-aux-fleurs","status":"publish","type":"post","link":"https:\/\/bd-chroniques.be\/index.php\/2023\/01\/20\/cache-cache-mortel-a-brehat-meurtres-dans-lile-aux-fleurs\/","title":{"rendered":"Cache-cache Mortel \u00e0 Br\u00e9hat \u2013 Meurtres dans l\u2019\u00eele aux fleurs\u2026"},"content":{"rendered":"\n<p>\u2026 et une enqu\u00eate men\u00e9e par une commissaire bien typ\u00e9e&nbsp;!<\/p>\n\n\n<div class=\"wp-block-image\">\n<figure class=\"aligncenter size-full\"><img data-recalc-dims=\"1\" loading=\"lazy\" decoding=\"async\" width=\"768\" height=\"384\" src=\"https:\/\/i0.wp.com\/bd-chroniques.be\/wp-content\/uploads\/2023\/01\/brehat1.jpg?resize=768%2C384&#038;ssl=1\" alt=\"\" class=\"wp-image-7872\" srcset=\"https:\/\/i0.wp.com\/bd-chroniques.be\/wp-content\/uploads\/2023\/01\/brehat1.jpg?w=980&amp;ssl=1 980w, https:\/\/i0.wp.com\/bd-chroniques.be\/wp-content\/uploads\/2023\/01\/brehat1.jpg?resize=300%2C150&amp;ssl=1 300w, https:\/\/i0.wp.com\/bd-chroniques.be\/wp-content\/uploads\/2023\/01\/brehat1.jpg?resize=768%2C384&amp;ssl=1 768w\" sizes=\"auto, (max-width: 768px) 100vw, 768px\" \/><figcaption class=\"wp-element-caption\">copyright vents d&rsquo;ouest<\/figcaption><\/figure>\n<\/div>\n\n\n<p>Une famille, le mari, sa femme enceinte et leur fils, viennent passer des vacances sur une des \u00eeles les plus connues de Bretagne. Mais le repos esp\u00e9r\u00e9 n\u2019est pas au rendez-vous, puisque, dans la maison luxueuse qui jouxte celle qu\u2019ils ont lou\u00e9e, un cadavre est trouv\u00e9 dans la piscine. Un cadavre qui dispara\u00eet pendant le transport vers le port et la navette conduisant au continent. Et commence alors, pour la commissaire Le Ploec\u2019h, une enqu\u00eate difficile\u2026<\/p>\n\n\n<div class=\"wp-block-image\">\n<figure class=\"aligncenter size-full\"><img data-recalc-dims=\"1\" loading=\"lazy\" decoding=\"async\" width=\"757\" height=\"1007\" src=\"https:\/\/i0.wp.com\/bd-chroniques.be\/wp-content\/uploads\/2023\/01\/brehat2.jpg?resize=757%2C1007&#038;ssl=1\" alt=\"\" class=\"wp-image-7873\" srcset=\"https:\/\/i0.wp.com\/bd-chroniques.be\/wp-content\/uploads\/2023\/01\/brehat2.jpg?w=757&amp;ssl=1 757w, https:\/\/i0.wp.com\/bd-chroniques.be\/wp-content\/uploads\/2023\/01\/brehat2.jpg?resize=226%2C300&amp;ssl=1 226w\" sizes=\"auto, (max-width: 757px) 100vw, 757px\" \/><figcaption class=\"wp-element-caption\">copyright Vents d&rsquo;ouest<\/figcaption><\/figure>\n<\/div>\n\n\n<p>Souvenirs personnels&#8230; <\/p>\n\n\n\n<p>Nos premi\u00e8res vacances nous ont men\u00e9s, mon \u00e9pouse et moi, il y a bien longtemps, en Bretagne. Un pays, un vrai, celui de Glenmor avant Stivell, celui de Servat avant Leroy, un pays fier de son pass\u00e9, de ses beaut\u00e9s, de sa culture, de son pr\u00e9sent.<\/p>\n\n\n\n<p>Nous y sommes, en famille ou rien qu\u2019\u00e0 deux, retourn\u00e9s plusieurs fois.<\/p>\n\n\n\n<p>Et, bien \u00e9videmment, nos p\u00e9r\u00e9grinations nous ont conduits sur l\u2019\u00eele de Br\u00e9hat que, pi\u00e9tons \u00e9blouis, nous avons d\u00e9couverte \u00e0 notre rythme.<\/p>\n\n\n<div class=\"wp-block-image\">\n<figure class=\"aligncenter size-full\"><img data-recalc-dims=\"1\" loading=\"lazy\" decoding=\"async\" width=\"759\" height=\"1002\" src=\"https:\/\/i0.wp.com\/bd-chroniques.be\/wp-content\/uploads\/2023\/01\/brehat3.jpg?resize=759%2C1002&#038;ssl=1\" alt=\"\" class=\"wp-image-7874\" srcset=\"https:\/\/i0.wp.com\/bd-chroniques.be\/wp-content\/uploads\/2023\/01\/brehat3.jpg?w=759&amp;ssl=1 759w, https:\/\/i0.wp.com\/bd-chroniques.be\/wp-content\/uploads\/2023\/01\/brehat3.jpg?resize=227%2C300&amp;ssl=1 227w\" sizes=\"auto, (max-width: 759px) 100vw, 759px\" \/><figcaption class=\"wp-element-caption\">copyright vents d&rsquo;ouest<\/figcaption><\/figure>\n<\/div>\n\n\n<p>C\u2019est cette \u00eele-l\u00e0 que j\u2019ai retrouv\u00e9e au long des pages de cette bande dessin\u00e9e qui permet \u00e0 Nicoby, une fois encore, de se faire le chantre graphique de sa Bretagne.<\/p>\n\n\n\n<p>Avec un dessin simple, tout en souplesse, une approche plus souriante que caricaturale de ses personnages, Nicoby domine son sujet, sans aucun doute. Philippe Ory, le coloriste, l\u2019accompagne dans cette description d\u2019une \u00eele \u00e9tonnante, touristique mais cachant des lieux qui plongent celui qui s\u2019y balade dans des magies de sons, de lumi\u00e8re, de couleurs.<\/p>\n\n\n\n<p>L\u2019alliance entre le travail de Nicoby et celui de Ory n\u2019est \u00e0 aucun moment un travail de tape-\u00e0-l\u2019\u0153il. C\u2019est la simplicit\u00e9 qui le caract\u00e9rise, et c\u2019est ce qui rend ce livre profond\u00e9ment attachant. Profond\u00e9ment humain&#8230; <\/p>\n\n\n<div class=\"wp-block-image\">\n<figure class=\"aligncenter size-large\"><img data-recalc-dims=\"1\" loading=\"lazy\" decoding=\"async\" width=\"766\" height=\"1024\" src=\"https:\/\/i0.wp.com\/bd-chroniques.be\/wp-content\/uploads\/2023\/01\/brehat4.jpg?resize=766%2C1024&#038;ssl=1\" alt=\"\" class=\"wp-image-7875\" srcset=\"https:\/\/i0.wp.com\/bd-chroniques.be\/wp-content\/uploads\/2023\/01\/brehat4.jpg?resize=766%2C1024&amp;ssl=1 766w, https:\/\/i0.wp.com\/bd-chroniques.be\/wp-content\/uploads\/2023\/01\/brehat4.jpg?resize=224%2C300&amp;ssl=1 224w, https:\/\/i0.wp.com\/bd-chroniques.be\/wp-content\/uploads\/2023\/01\/brehat4.jpg?resize=768%2C1027&amp;ssl=1 768w, https:\/\/i0.wp.com\/bd-chroniques.be\/wp-content\/uploads\/2023\/01\/brehat4.jpg?w=800&amp;ssl=1 800w\" sizes=\"auto, (max-width: 766px) 100vw, 766px\" \/><figcaption class=\"wp-element-caption\">copyright vents d&rsquo;ouest<\/figcaption><\/figure>\n<\/div>\n\n\n<p>Du cot\u00e9 du sc\u00e9nario, Patrick Weber parvient \u00e0 camper des personnages qui ont du corps, qui ont chacun sa mani\u00e8re de parler. Il y a la vieille actrice qui ne demande qu\u2019\u00e0 \u00eatre reconnue, il y a le couple de gens simples un peu perdu dans un univers parfois tr\u00e8s bling-bling, il y a le riche parvenu et ses filles qui semble sorties tout droit d\u2019une s\u00e9rie t\u00e9l\u00e9 se passant \u00e0 Miami\u2026 Certes, tout cela est, au contraire du dessin, quelque peu caricatural. Mais c\u2019\u00e9tait une n\u00e9cessit\u00e9 pour que tous ces personnages trouvent imm\u00e9diatement leur place dans l\u2019enqu\u00eate.<\/p>\n\n\n\n<p>Ce que Weber r\u00e9ussit aussi, c\u2019est \u00e0 installer une ambiance, par les dialogues, par la lenteur de l\u2019intrigue, aussi, tr\u00e8s tranquille.<\/p>\n\n\n\n<p>Par contre, en ce qui concerne l\u2019enqu\u00eate qu\u2019il nous raconte, il se plante, \u00e0 mon humble avis. Si d\u2019aucuns comparent cette enqu\u00eate \u00e0 celles qui \u00e9taient ch\u00e8res \u00e0 Agatha Christie ou \u00e0 Gaston Leroux, ils se plantent tout autant\u2026 Bien s\u00fbr, tout se termine par une r\u00e9union de tous les protagonistes, avec l\u2019explication de ce qui s\u2019est pass\u00e9. Mais on sent, ici, que Weber ne savait pas comment montrer et raconter cette enqu\u00eate, et qu\u2019il a utilis\u00e9 un \u00ab&nbsp;truc&nbsp;\u00bb sans la moiti\u00e9 du tiers du talent de Christie ou Leroux&nbsp;! Si dans les quatre cinqui\u00e8mes de ce livre, on se trouve dans une b\u00e9d\u00e9 r\u00e9gionaliste (dans le sens noble du terme) extr\u00eamement agr\u00e9able, riche, le dernier cinqui\u00e8me, lui, rate tout \u00e0 fait son coup. <\/p>\n\n\n\n<p>Il y a des vides, des pistes que Weber n\u2019a pas pris le temps d\u2019esquisser au long de son r\u00e9cit. Ce ne sont m\u00eame pas des raccourcis, ce sont des manques narratifs\u2026<\/p>\n\n\n\n<p>Weber a \u00e9t\u00e9 bien trop ambitieux, et son talent n\u2019a pas suivi\u2026 Rien n\u2019est approfondi de ce qui aurait pu, ou d\u00fb, l\u2019\u00eatre\u00a0: l\u2019enfance, la richesse, la gloire, la superficialit\u00e9, l\u2019amour m\u00eame\u2026 Et comble d\u2019un certain narcissisme, c\u2019es Weber lui-m\u00eame qui souligne dans ce livre la r\u00e9f\u00e9rence \u00e0 Agatha Christie\u00a0!<\/p>\n\n\n\n<p>Heureusement que Nicoby, lui, pallie ces manques par la bal(l)ade qu\u2019il nous offre dans des paysages, des regards, des visages, tous habit\u00e9s par une Bretagne qui ne peut qu\u2019en remercier ce dessinateur \u00e0 l\u2019\u00e2me vagabonde et souriante.<\/p>\n\n\n<div class=\"wp-block-image\">\n<figure class=\"aligncenter size-full\"><img data-recalc-dims=\"1\" loading=\"lazy\" decoding=\"async\" width=\"768\" height=\"859\" src=\"https:\/\/i0.wp.com\/bd-chroniques.be\/wp-content\/uploads\/2023\/01\/brehat5.jpg?resize=768%2C859&#038;ssl=1\" alt=\"\" class=\"wp-image-7876\" srcset=\"https:\/\/i0.wp.com\/bd-chroniques.be\/wp-content\/uploads\/2023\/01\/brehat5.jpg?w=800&amp;ssl=1 800w, https:\/\/i0.wp.com\/bd-chroniques.be\/wp-content\/uploads\/2023\/01\/brehat5.jpg?resize=268%2C300&amp;ssl=1 268w, https:\/\/i0.wp.com\/bd-chroniques.be\/wp-content\/uploads\/2023\/01\/brehat5.jpg?resize=768%2C859&amp;ssl=1 768w\" sizes=\"auto, (max-width: 768px) 100vw, 768px\" \/><figcaption class=\"wp-element-caption\">copyright vents d&rsquo;ouest<\/figcaption><\/figure>\n<\/div>\n\n\n<p>Vous l\u2019aurez compris\u2026 Ce livre aurait pu \u00eatre une p\u00e9pite\u2026 Ce que j\u2019appellerais la paresse du sc\u00e9nario, donc du sc\u00e9nariste, en fait un livre agr\u00e9able, int\u00e9ressant, et c\u2019est d\u00e9j\u00e0 beaucoup&nbsp;! J\u2019aime Br\u00e9hat, j\u2019aime la Bretagne, je veux souligner ici les talents conjugu\u00e9s du dessinateur et du coloriste, mais j\u2019\u00e9mets des doutes quant \u00e0 la mani\u00e8re de raconter une histoire de la part de Weber. Il ne fait, en fait, que nous donner des esquisses auxquelles, fort heureusement, Nicoby r\u00e9ussit \u00e0 donner vie&nbsp;!<\/p>\n\n\n\n<p>Cela dit, si vous aimez ce pays aux vraies richesses, vous appr\u00e9cierez certainement ce livre, comme je l\u2019ai appr\u00e9ci\u00e9. Mais avec une forme d\u2019objectivit\u00e9\u2026<\/p>\n\n\n\n<p><strong>Jacques et Josiane Schra\u00fbwen<\/strong><\/p>\n\n\n\n<p><strong>Cache-cache Mortel \u00e0 Br\u00e9hat (dessin&nbsp;: Nicoby \u2013 sc\u00e9nario&nbsp;: Patrick Weber \u2013 couleurs&nbsp;: Philippe Ory \u2013 \u00e9diteur&nbsp;: Vents D\u2019Ouest \u2013 2022 &#8211; 129 pages)<\/strong><\/p>\n","protected":false},"excerpt":{"rendered":"<p>\u2026 et une enqu\u00eate men\u00e9e par une commissaire bien typ\u00e9e&nbsp;! Une famille, le mari, sa femme enceinte et leur fils, viennent passer des vacances sur une des \u00eeles les plus connues de Bretagne. Mais le repos esp\u00e9r\u00e9 n\u2019est pas au rendez-vous, puisque, dans la maison luxueuse qui jouxte celle qu\u2019ils ont lou\u00e9e, un cadavre est [&hellip;]<\/p>\n","protected":false},"author":1,"featured_media":7871,"comment_status":"open","ping_status":"open","sticky":false,"template":"","format":"standard","meta":{"jetpack_post_was_ever_published":false,"_jetpack_newsletter_access":"","_jetpack_dont_email_post_to_subs":false,"_jetpack_newsletter_tier_id":0,"_jetpack_memberships_contains_paywalled_content":false,"_jetpack_memberships_contains_paid_content":false,"footnotes":"","jetpack_publicize_message":"","jetpack_publicize_feature_enabled":true,"jetpack_social_post_already_shared":true,"jetpack_social_options":{"image_generator_settings":{"template":"highway","default_image_id":0,"font":"","enabled":false},"version":2}},"categories":[14,18],"tags":[],"class_list":["post-7870","post","type-post","status-publish","format-standard","has-post-thumbnail","hentry","category-bd-de-a-a-f","category-c"],"jetpack_publicize_connections":[],"jetpack_featured_media_url":"https:\/\/i0.wp.com\/bd-chroniques.be\/wp-content\/uploads\/2023\/01\/brehat0.jpeg?fit=600%2C795&ssl=1","jetpack_shortlink":"https:\/\/wp.me\/p8dqsu-22W","jetpack_likes_enabled":true,"jetpack_sharing_enabled":true,"_links":{"self":[{"href":"https:\/\/bd-chroniques.be\/index.php\/wp-json\/wp\/v2\/posts\/7870","targetHints":{"allow":["GET"]}}],"collection":[{"href":"https:\/\/bd-chroniques.be\/index.php\/wp-json\/wp\/v2\/posts"}],"about":[{"href":"https:\/\/bd-chroniques.be\/index.php\/wp-json\/wp\/v2\/types\/post"}],"author":[{"embeddable":true,"href":"https:\/\/bd-chroniques.be\/index.php\/wp-json\/wp\/v2\/users\/1"}],"replies":[{"embeddable":true,"href":"https:\/\/bd-chroniques.be\/index.php\/wp-json\/wp\/v2\/comments?post=7870"}],"version-history":[{"count":4,"href":"https:\/\/bd-chroniques.be\/index.php\/wp-json\/wp\/v2\/posts\/7870\/revisions"}],"predecessor-version":[{"id":7881,"href":"https:\/\/bd-chroniques.be\/index.php\/wp-json\/wp\/v2\/posts\/7870\/revisions\/7881"}],"wp:featuredmedia":[{"embeddable":true,"href":"https:\/\/bd-chroniques.be\/index.php\/wp-json\/wp\/v2\/media\/7871"}],"wp:attachment":[{"href":"https:\/\/bd-chroniques.be\/index.php\/wp-json\/wp\/v2\/media?parent=7870"}],"wp:term":[{"taxonomy":"category","embeddable":true,"href":"https:\/\/bd-chroniques.be\/index.php\/wp-json\/wp\/v2\/categories?post=7870"},{"taxonomy":"post_tag","embeddable":true,"href":"https:\/\/bd-chroniques.be\/index.php\/wp-json\/wp\/v2\/tags?post=7870"}],"curies":[{"name":"wp","href":"https:\/\/api.w.org\/{rel}","templated":true}]}}