{"id":789,"date":"2017-06-22T09:29:59","date_gmt":"2017-06-22T07:29:59","guid":{"rendered":"http:\/\/bd-chroniques.be\/?p=789"},"modified":"2017-06-22T09:29:59","modified_gmt":"2017-06-22T07:29:59","slug":"un-amour-de-stradivarius","status":"publish","type":"post","link":"https:\/\/bd-chroniques.be\/index.php\/2017\/06\/22\/un-amour-de-stradivarius\/","title":{"rendered":"Un amour de Stradivarius"},"content":{"rendered":"<div class=\"rtbf-paragraph\">\n<p>Stradivarius\u2026 Voil\u00e0 un nom que tout le monde conna\u00eet. Mais qui donc \u00e9tait-il, ce luthier exceptionnel ?&#8230; Voici une partie de son portrait\u2026 Et vous pourrez \u00e9couter, dans cette chronique, les auteurs parler de ce livre aux couleurs transparentes\u2026<\/p>\n<\/div>\n<div class=\"rtbf-paragraph  clearfix\">\n<figure class=\"www-media custom_large www-media--last js-gallery-figure\"><a id=\"image-9112786\" class=\"www-media-fullscreen js-gallery-image\" href=\"https:\/\/i0.wp.com\/ds1.static.rtbf.be\/article\/image\/1240x800\/8\/5\/4\/4902162ab6f915ab1d12053d579920ec-1496653088.jpg?ssl=1\" target=\"_blank\" rel=\"noopener\" data-id=\"9112786\"><img data-recalc-dims=\"1\" decoding=\"async\" class=\"img-responsive www-img-full  lazyloaded\" title=\"Un amour de Stradivarius\" src=\"https:\/\/i0.wp.com\/ds1.static.rtbf.be\/article\/image\/370xAuto\/8\/5\/4\/4902162ab6f915ab1d12053d579920ec-1496653088.jpg?w=768&#038;ssl=1\" sizes=\"(min-width: 1200px) calc(992px*0.66), (min-width: 992px) 66vw, 100vw\" srcset=\"https:\/\/ds1.static.rtbf.be\/article\/image\/370xAuto\/8\/5\/4\/4902162ab6f915ab1d12053d579920ec-1496653088.jpg 370w,https:\/\/ds1.static.rtbf.be\/article\/image\/770xAuto\/8\/5\/4\/4902162ab6f915ab1d12053d579920ec-1496653088.jpg 770w,https:\/\/ds1.static.rtbf.be\/article\/image\/1248xAuto\/8\/5\/4\/4902162ab6f915ab1d12053d579920ec-1496653088.jpg 1248w\" alt=\"Un amour de Stradivarius\" data-sizes=\"(min-width: 1200px) calc(992px*0.66), (min-width: 992px) 66vw, 100vw\" data-srcset=\"https:\/\/ds1.static.rtbf.be\/article\/image\/370xAuto\/8\/5\/4\/4902162ab6f915ab1d12053d579920ec-1496653088.jpg 370w,https:\/\/ds1.static.rtbf.be\/article\/image\/770xAuto\/8\/5\/4\/4902162ab6f915ab1d12053d579920ec-1496653088.jpg 770w,https:\/\/ds1.static.rtbf.be\/article\/image\/1248xAuto\/8\/5\/4\/4902162ab6f915ab1d12053d579920ec-1496653088.jpg 1248w\" \/><i class=\"ico ico-circle ico-stack-2x www-media-enlarge__bg\"><\/i><i class=\"ico ico-expand ico-stack-1x ico-inverse www-media-enlarge__icon\"><\/i><\/a><figcaption class=\"www-media-caption\"><em><span class=\"www-media-caption__text\">Un amour de Stradivarius &#8211; \u00a9 nouveau monde graphic<\/span><\/em><\/figcaption><figcaption><\/figcaption><\/figure>\n<p>L\u2019histoire qui nous est racont\u00e9e ici n\u2019a rien \u00e0 voir avec une biographie, loin s\u2019en faut, puisque le r\u00e9cit ne couvre qu\u2019une ann\u00e9e de l\u2019existence de celui dont le nom reste attach\u00e9 \u00e0 tout jamais \u00e0 la musique.<\/p>\n<p>Tout commence en 1701, tout finit en 1702, \u00e0 Cr\u00e9mone, ville de Lombardie dans laquelle Stradivarius et son fils sont les meilleurs luthiers du monde.<\/p>\n<p>Cr\u00e9mone pourrait n\u2019\u00eatre qu\u2019une cit\u00e9 de calme et de torpeur, d\u2019art et de musique, si le roi fran\u00e7ais, Louis XIV, ne d\u00e9cidait d\u2019une guerre qu\u2019on a appel\u00e9e la guerre de succession d\u2019Espagne.<\/p>\n<p>Stradivarius, ainsi, va se trouver confront\u00e9 \u00e0 l\u2019horreur d\u2019un conflit sans honneur, \u00e0 l\u2019aide d\u2019un noble fran\u00e7ais et de sa ni\u00e8ce, une adorable jeune aventuri\u00e8re qui s\u00e9duit le fils du luthier.<\/p>\n<p>Stradivarius est veuf\u2026 Il prie, comme pour ne pas oublier celle qui fut son \u00e9pouse\u2026 Il dort, il mange, il travaille, il r\u00eave pour continuer \u00e0 exister. Et dans les remous de cette guerre, il va se retrouver, se restaurer \u00e0 lui-m\u00eame, et red\u00e9couvrir l\u2019amour entre les bras et contre les courbes de cette jeune femme dont r\u00eave aussi son fils.<\/p>\n<p>La situation pourrait \u00eatre, dans le sc\u00e9nario, terriblement graveleuse, s\u2019ouvrant aussi \u00e0 des affrontements dignes d\u2019un vaudeville, mais il n\u2019en est rien, et <strong>Fabien Tillon<\/strong>, le sc\u00e9nariste, a choisi tout au contraire la voie d\u2019une narration tranquille, voire m\u00eame amus\u00e9e !<\/p>\n<p>Cela dit, son sc\u00e9nario, m\u00eame s\u2019il ne couvre qu\u2019une ann\u00e9e de l\u2019existence de Stradivarius, est fouill\u00e9 au niveau de la documentation, c\u2019est \u00e9vident. La mani\u00e8re dont il parle, par exemple, de tout ce qui construit un violon, jusqu\u2019\u00e0 l\u2019\u00e2me, est presque didactique. La fa\u00e7on, par contre, dont il nous raconte les rapports \u00e9troits, intimes, charnels et amoureux, entre les formes d\u2019une femme alanguie et le\u00a0violon dont elle devient mod\u00e8le, cette mani\u00e8re-l\u00e0 est, elle, terriblement sensuelle et po\u00e9tique.<\/p>\n<p>Ce qu\u2019il faut aussi souligner dans cet album, c\u2019est le soin mis par Tillon au travail des dialogues, du langage plus g\u00e9n\u00e9ralement\u2026.<\/p>\n<h6 class=\"audio-player__title\">Fabien Tillon, le sc\u00e9nariste<\/h6>\n<audio class=\"wp-audio-shortcode\" id=\"audio-789-1\" preload=\"none\" style=\"width: 100%;\" controls=\"controls\"><source type=\"audio\/mpeg\" src=\"http:\/\/bd-chroniques.be\/wp-content\/uploads\/2017\/06\/kjSvRFrwC8.mp3?_=1\" \/><a href=\"http:\/\/bd-chroniques.be\/wp-content\/uploads\/2017\/06\/kjSvRFrwC8.mp3\">http:\/\/bd-chroniques.be\/wp-content\/uploads\/2017\/06\/kjSvRFrwC8.mp3<\/a><\/audio>\n<div class=\"rtbf-article-main__audio\"><\/div>\n<\/div>\n<div class=\"rtbf-paragraph  clearfix\">\n<figure class=\"www-media custom_large www-media--last js-gallery-figure\"><a id=\"image-9112792\" class=\"www-media-fullscreen js-gallery-image\" href=\"https:\/\/i0.wp.com\/ds1.static.rtbf.be\/article\/image\/1240x800\/3\/6\/7\/0cf6b21843ce3f4c326538fad8ed19d3-1496653225.jpg?ssl=1\" target=\"_blank\" rel=\"noopener\" data-id=\"9112792\"><img data-recalc-dims=\"1\" decoding=\"async\" class=\"img-responsive www-img-full  lazyloaded\" title=\"Un amour de Stradivarius\" src=\"https:\/\/i0.wp.com\/ds1.static.rtbf.be\/article\/image\/370xAuto\/3\/6\/7\/0cf6b21843ce3f4c326538fad8ed19d3-1496653225.jpg?w=768&#038;ssl=1\" sizes=\"(min-width: 1200px) calc(992px*0.66), (min-width: 992px) 66vw, 100vw\" srcset=\"https:\/\/ds1.static.rtbf.be\/article\/image\/370xAuto\/3\/6\/7\/0cf6b21843ce3f4c326538fad8ed19d3-1496653225.jpg 370w,https:\/\/ds1.static.rtbf.be\/article\/image\/770xAuto\/3\/6\/7\/0cf6b21843ce3f4c326538fad8ed19d3-1496653225.jpg 770w,https:\/\/ds1.static.rtbf.be\/article\/image\/1248xAuto\/3\/6\/7\/0cf6b21843ce3f4c326538fad8ed19d3-1496653225.jpg 1248w\" alt=\"Un amour de Stradivarius\" data-sizes=\"(min-width: 1200px) calc(992px*0.66), (min-width: 992px) 66vw, 100vw\" data-srcset=\"https:\/\/ds1.static.rtbf.be\/article\/image\/370xAuto\/3\/6\/7\/0cf6b21843ce3f4c326538fad8ed19d3-1496653225.jpg 370w,https:\/\/ds1.static.rtbf.be\/article\/image\/770xAuto\/3\/6\/7\/0cf6b21843ce3f4c326538fad8ed19d3-1496653225.jpg 770w,https:\/\/ds1.static.rtbf.be\/article\/image\/1248xAuto\/3\/6\/7\/0cf6b21843ce3f4c326538fad8ed19d3-1496653225.jpg 1248w\" \/><i class=\"ico ico-circle ico-stack-2x www-media-enlarge__bg\"><\/i><i class=\"ico ico-expand ico-stack-1x ico-inverse www-media-enlarge__icon\"><\/i><\/a><figcaption class=\"www-media-caption\"><em><span class=\"www-media-caption__text\">Un amour de Stradivarius &#8211; \u00a9 nouveau monde graphhic<\/span><\/em><\/figcaption><\/figure>\n<p>&nbsp;<\/p>\n<p>Comme dans toute bande dessin\u00e9e qui s\u2019int\u00e9resse \u00e0 l\u2019art, \u00e0 l\u2019histoire de l\u2019art\u00a0m\u00eame, il n\u2019est pas \u00e9vident de trouver un dessin qui ne d\u00e9nature pas le sujet.<\/p>\n<p><strong>Ga\u00ebl Remise<\/strong>, sans aucun doute, n\u2019a pas un style graphique conventionnel. On pourrait m\u00eame dire que son dessin semble quelquefois maladroit, presque enfantin dans les mouvements, dans les sc\u00e8nes \u00e9piques aussi. Mais c\u2019est cette simplicit\u00e9 du regard qui en fait toute la qualit\u00e9,\u00a0finalement.<\/p>\n<p>On n\u2019est pas, loin s\u2019en faut, dans le r\u00e9alisme pur, et les d\u00e9cors comme les personnages sont sans cesse distordus, comme vus au travers d\u2019une esp\u00e8ce de kal\u00e9idoscope qui, en multipliant les points de vue, restitue l\u2019ensemble d\u2019un lieu, d\u2019un personnage !&#8230;<\/p>\n<p>Comme dans le sc\u00e9nario, cependant, la documentation a \u00e9t\u00e9 importante, et se ressent dans les paysages, dans les d\u00e9cors, dans les lieux intimes.<\/p>\n<p>Mais ce qui est le plus important, dans le dessin de Ga\u00ebl Remise, dans son \u00a0\u00bb r\u00e9alisme revisit\u00e9 \u00ab\u00a0, c\u2019est l\u2019utilisation qu\u2019il fait de la couleur. Ses aquarelles ont une esp\u00e8ce de transparence, et leur pr\u00e9sence, en d\u00e9bordements des traits, donc loin, tr\u00e8s loin de la ligne claire, cette pr\u00e9sence est en grande partie responsable du charme op\u00e9r\u00e9 par cet album.<\/p>\n<h6 class=\"audio-player__title\">Ga\u00ebl Remise, le dessinateur<\/h6>\n<audio class=\"wp-audio-shortcode\" id=\"audio-789-2\" preload=\"none\" style=\"width: 100%;\" controls=\"controls\"><source type=\"audio\/mpeg\" src=\"http:\/\/bd-chroniques.be\/wp-content\/uploads\/2017\/06\/1kGlK33ATb.mp3?_=2\" \/><a href=\"http:\/\/bd-chroniques.be\/wp-content\/uploads\/2017\/06\/1kGlK33ATb.mp3\">http:\/\/bd-chroniques.be\/wp-content\/uploads\/2017\/06\/1kGlK33ATb.mp3<\/a><\/audio>\n<div class=\"rtbf-article-main__audio\"><\/div>\n<\/div>\n<div class=\"rtbf-paragraph  clearfix\">\n<p>C\u2019est, il y a quelques mois d\u00e9j\u00e0, \u00e0 la Foire du Livre de Bruxelles que j\u2019ai rencontr\u00e9 ces deux auteurs. Une rencontre qui m\u2019a permis de d\u00e9couvrir d\u2019une part un album que je ne connaissais pas mais qui m\u2019a imm\u00e9diatement s\u00e9duit, d&rsquo;autre part une maison d\u2019\u00e9dition qui m\u2019\u00e9tait elle aussi inconnue.<\/p>\n<p>Et j\u2019esp\u00e8re que cette petite chronique va vous permettre de faire, comme je l\u2019ai fait, une bien agr\u00e9able d\u00e9couverte !&#8230;<\/p>\n<p>&nbsp;<\/p>\n<p><strong>Jacques Schra\u00fbwen<\/strong><\/p>\n<p><strong>Un amour de Stradivarius (dessin : Ga\u00ebl Remise \u2013 sc\u00e9nario : Fabien Tillon \u2013 \u00e9diteur : nouveau monde graphic)<\/strong><\/p>\n<\/div>\n","protected":false},"excerpt":{"rendered":"<p>Stradivarius\u2026 Voil\u00e0 un nom que tout le monde conna\u00eet. Mais qui donc \u00e9tait-il, ce luthier exceptionnel ?&#8230; Voici une partie de son portrait\u2026 Et vous pourrez \u00e9couter, dans cette chronique, les auteurs parler de ce livre aux couleurs transparentes\u2026 Un amour de Stradivarius &#8211; \u00a9 nouveau monde graphic L\u2019histoire qui nous est racont\u00e9e ici n\u2019a [&hellip;]<\/p>\n","protected":false},"author":1,"featured_media":790,"comment_status":"open","ping_status":"open","sticky":false,"template":"","format":"standard","meta":{"jetpack_post_was_ever_published":false,"_jetpack_newsletter_access":"","_jetpack_dont_email_post_to_subs":false,"_jetpack_newsletter_tier_id":0,"_jetpack_memberships_contains_paywalled_content":false,"_jetpack_memberships_contains_paid_content":false,"footnotes":"","jetpack_publicize_message":"","jetpack_publicize_feature_enabled":true,"jetpack_social_post_already_shared":true,"jetpack_social_options":{"image_generator_settings":{"template":"highway","default_image_id":0,"font":"","enabled":false},"version":2}},"categories":[3,9],"tags":[],"class_list":["post-789","post","type-post","status-publish","format-standard","has-post-thumbnail","hentry","category-bd-de-s-a-z","category-u"],"jetpack_publicize_connections":[],"jetpack_featured_media_url":"https:\/\/i0.wp.com\/bd-chroniques.be\/wp-content\/uploads\/2017\/06\/c428ee855685d92a02917beebcdf4fe4-1496652912.jpg?fit=1248%2C701&ssl=1","jetpack_shortlink":"https:\/\/wp.me\/p8dqsu-cJ","jetpack_likes_enabled":true,"jetpack_sharing_enabled":true,"_links":{"self":[{"href":"https:\/\/bd-chroniques.be\/index.php\/wp-json\/wp\/v2\/posts\/789","targetHints":{"allow":["GET"]}}],"collection":[{"href":"https:\/\/bd-chroniques.be\/index.php\/wp-json\/wp\/v2\/posts"}],"about":[{"href":"https:\/\/bd-chroniques.be\/index.php\/wp-json\/wp\/v2\/types\/post"}],"author":[{"embeddable":true,"href":"https:\/\/bd-chroniques.be\/index.php\/wp-json\/wp\/v2\/users\/1"}],"replies":[{"embeddable":true,"href":"https:\/\/bd-chroniques.be\/index.php\/wp-json\/wp\/v2\/comments?post=789"}],"version-history":[{"count":1,"href":"https:\/\/bd-chroniques.be\/index.php\/wp-json\/wp\/v2\/posts\/789\/revisions"}],"predecessor-version":[{"id":793,"href":"https:\/\/bd-chroniques.be\/index.php\/wp-json\/wp\/v2\/posts\/789\/revisions\/793"}],"wp:featuredmedia":[{"embeddable":true,"href":"https:\/\/bd-chroniques.be\/index.php\/wp-json\/wp\/v2\/media\/790"}],"wp:attachment":[{"href":"https:\/\/bd-chroniques.be\/index.php\/wp-json\/wp\/v2\/media?parent=789"}],"wp:term":[{"taxonomy":"category","embeddable":true,"href":"https:\/\/bd-chroniques.be\/index.php\/wp-json\/wp\/v2\/categories?post=789"},{"taxonomy":"post_tag","embeddable":true,"href":"https:\/\/bd-chroniques.be\/index.php\/wp-json\/wp\/v2\/tags?post=789"}],"curies":[{"name":"wp","href":"https:\/\/api.w.org\/{rel}","templated":true}]}}