{"id":7892,"date":"2023-01-30T16:57:25","date_gmt":"2023-01-30T15:57:25","guid":{"rendered":"https:\/\/bd-chroniques.be\/?p=7892"},"modified":"2023-01-30T16:57:25","modified_gmt":"2023-01-30T15:57:25","slug":"la-mauvaise-heure-entre-reel-et-fiction-un-livre-dambiance","status":"publish","type":"post","link":"https:\/\/bd-chroniques.be\/index.php\/2023\/01\/30\/la-mauvaise-heure-entre-reel-et-fiction-un-livre-dambiance\/","title":{"rendered":"La Mauvaise Heure \u2013 Entre r\u00e9el et fiction, un livre \u00ab\u00a0d\u2019ambiance\u00a0\u00bb"},"content":{"rendered":"\n<p>Toutes les bandes dessin\u00e9es, n\u2019en d\u00e9plaise \u00e0 quelques critiques \u00e0 la culture limit\u00e9e, ne demandent pas que ne soient utilis\u00e9s \u00e0 leur lecture que quelques neurones sans m\u00e9moire\u00a0! C\u2019est le cas de cet album, \u00e9trange mais envo\u00fbtant.<\/p>\n\n\n<div class=\"wp-block-image\">\n<figure class=\"aligncenter size-large\"><img data-recalc-dims=\"1\" loading=\"lazy\" decoding=\"async\" width=\"767\" height=\"1024\" src=\"https:\/\/i0.wp.com\/bd-chroniques.be\/wp-content\/uploads\/2023\/01\/image.png?resize=767%2C1024&#038;ssl=1\" alt=\"\" class=\"wp-image-7894\" srcset=\"https:\/\/i0.wp.com\/bd-chroniques.be\/wp-content\/uploads\/2023\/01\/image.png?resize=767%2C1024&amp;ssl=1 767w, https:\/\/i0.wp.com\/bd-chroniques.be\/wp-content\/uploads\/2023\/01\/image.png?resize=225%2C300&amp;ssl=1 225w, https:\/\/i0.wp.com\/bd-chroniques.be\/wp-content\/uploads\/2023\/01\/image.png?resize=768%2C1025&amp;ssl=1 768w, https:\/\/i0.wp.com\/bd-chroniques.be\/wp-content\/uploads\/2023\/01\/image.png?w=1000&amp;ssl=1 1000w\" sizes=\"auto, (max-width: 767px) 100vw, 767px\" \/><figcaption class=\"wp-element-caption\">copyright mosquito<\/figcaption><\/figure>\n<\/div>\n\n\n<p>Sans doute se trouve-t-on dans les ann\u00e9es trente, quelque part en Allemagne. Dans un train, un vieil \u00e9crivain se demande si ce qu\u2019il a \u00e9crit, avec passion ou par n\u00e9cessit\u00e9, par jeu ou volont\u00e9, si les mots qui ont \u00e9t\u00e9 les siens, po\u00e8mes classiques ou modernes, si toute cette litt\u00e9rature l\u2019a conduit plus loin qu\u2019en son d\u00e9part.<\/p>\n\n\n\n<p>Dans son compartiment, un homme attire son attention. Monocle et air hautain, cet inconnu, soudain, r\u00e9veille en lui l\u2019envie d\u2019\u00e9crire. Le besoin d\u2019\u00e9crire\u2026<\/p>\n\n\n\n<p>Mais on l\u2019attend. Un ami communiste, dans une auberge campagnarde.<\/p>\n\n\n\n<p>Mais l\u2019ami n\u2019est pas l\u00e0, pas encore en tout cas. Et l\u2019\u00e9crivain, devant son verre de vin, commence son roman. Il donne un nom \u00e0 cet inconnu, \u00ab\u00a0M\u00a0\u00bb, et les premiers mots de son livre en devenir sont\u00a0: \u00ab\u00a0<em>une histoire d\u2019amour, d\u2019innocence et de d\u00e9pravation en des temps de pestilence<\/em>\u00a0\u00bb.<\/p>\n\n\n<div class=\"wp-block-image\">\n<figure class=\"aligncenter size-large\"><img data-recalc-dims=\"1\" loading=\"lazy\" decoding=\"async\" width=\"768\" height=\"1007\" src=\"https:\/\/i0.wp.com\/bd-chroniques.be\/wp-content\/uploads\/2023\/01\/image-1.png?resize=768%2C1007&#038;ssl=1\" alt=\"\" class=\"wp-image-7895\" srcset=\"https:\/\/i0.wp.com\/bd-chroniques.be\/wp-content\/uploads\/2023\/01\/image-1.png?resize=781%2C1024&amp;ssl=1 781w, https:\/\/i0.wp.com\/bd-chroniques.be\/wp-content\/uploads\/2023\/01\/image-1.png?resize=229%2C300&amp;ssl=1 229w, https:\/\/i0.wp.com\/bd-chroniques.be\/wp-content\/uploads\/2023\/01\/image-1.png?resize=768%2C1007&amp;ssl=1 768w, https:\/\/i0.wp.com\/bd-chroniques.be\/wp-content\/uploads\/2023\/01\/image-1.png?resize=1172%2C1536&amp;ssl=1 1172w, https:\/\/i0.wp.com\/bd-chroniques.be\/wp-content\/uploads\/2023\/01\/image-1.png?w=1440&amp;ssl=1 1440w\" sizes=\"auto, (max-width: 768px) 100vw, 768px\" \/><figcaption class=\"wp-element-caption\">copyright mosquito<\/figcaption><\/figure>\n<\/div>\n\n\n<p>Imm\u00e9diatement, les r\u00e9f\u00e9rences sont \u00e9videntes\u2026 M, comme le personnage de Fritz Lang\u2026 Et un dessin puissant qui fait penser au cin\u00e9ma expressionniste allemand\u2026 Et une serveuse, dans cette auberge, dont le nom, Lore, fait penser \u00e0 l\u2019acteur Peter Lorre\u2026<\/p>\n\n\n\n<p>Cependant, \u00e0 partir de cette trame r\u00e9f\u00e9rentielle, <strong>Jean-Louis Schlesser au sc\u00e9nario et Marc Angel au dessin<\/strong> ne se contentent pas d\u2019une plong\u00e9e litt\u00e9raire dans un monde aux contours pr\u00e9cis. Ils s\u2019amusent m\u00eame, de page en page, \u00e0 perdre le lecteur dans deux univers parall\u00e8les qui s\u2019entrechoquent sans jamais cependant se fondre l\u2019un \u00e0 l\u2019autre.<\/p>\n\n\n<div class=\"wp-block-image\">\n<figure class=\"aligncenter size-large\"><img data-recalc-dims=\"1\" loading=\"lazy\" decoding=\"async\" width=\"768\" height=\"1007\" src=\"https:\/\/i0.wp.com\/bd-chroniques.be\/wp-content\/uploads\/2023\/01\/image-2.png?resize=768%2C1007&#038;ssl=1\" alt=\"\" class=\"wp-image-7896\" srcset=\"https:\/\/i0.wp.com\/bd-chroniques.be\/wp-content\/uploads\/2023\/01\/image-2.png?resize=781%2C1024&amp;ssl=1 781w, https:\/\/i0.wp.com\/bd-chroniques.be\/wp-content\/uploads\/2023\/01\/image-2.png?resize=229%2C300&amp;ssl=1 229w, https:\/\/i0.wp.com\/bd-chroniques.be\/wp-content\/uploads\/2023\/01\/image-2.png?resize=768%2C1007&amp;ssl=1 768w, https:\/\/i0.wp.com\/bd-chroniques.be\/wp-content\/uploads\/2023\/01\/image-2.png?w=800&amp;ssl=1 800w\" sizes=\"auto, (max-width: 768px) 100vw, 768px\" \/><figcaption class=\"wp-element-caption\">copyright mosquito<\/figcaption><\/figure>\n<\/div>\n\n\n<p>Deux univers parall\u00e8les, oui.<\/p>\n\n\n\n<p>Il y a celui qu\u2019imagine et \u00e9crit l\u2019\u00e9crivain, un r\u00e9cit qui d\u00e9voile une Allemagne s\u2019enfon\u00e7ant dans le nazisme, un r\u00e9cit qui \u00ab\u00a0<em>danse au bord d\u2019un pr\u00e9cipice\u00a0<\/em>\u00bb. L\u2019histoire, faisant penser \u00e0 la fois \u00e0 l\u2019Ange Bleu et \u00e0 Cabaret (r\u00e9f\u00e9rences cin\u00e9matographiques, encore\u2026), d\u2019une chanteuse de bouge, Perla, que M va sortir de la drogue pour en faire une vedette, avant de la rejeter aux ab\u00eemes de la d\u00e9pendance\u2026 C\u2019est l\u00e0, sans aucun doute, une fable sur cette Allemagne qui accepte, avec l\u2019illusion d\u2019un courage qui n\u2019est que le r\u00e9el d\u2019une l\u00e2chet\u00e9, le faux miroir du pouvoir de Hitler, sans se rendre compte que les promesses de renouveau vont se transformer, brutalement, en une apocalypse r\u00e9pugnante\u2026 <\/p>\n\n\n<div class=\"wp-block-image\">\n<figure class=\"aligncenter size-full\"><img data-recalc-dims=\"1\" loading=\"lazy\" decoding=\"async\" width=\"400\" height=\"525\" src=\"https:\/\/i0.wp.com\/bd-chroniques.be\/wp-content\/uploads\/2023\/01\/image-4.png?resize=400%2C525&#038;ssl=1\" alt=\"\" class=\"wp-image-7898\" srcset=\"https:\/\/i0.wp.com\/bd-chroniques.be\/wp-content\/uploads\/2023\/01\/image-4.png?w=400&amp;ssl=1 400w, https:\/\/i0.wp.com\/bd-chroniques.be\/wp-content\/uploads\/2023\/01\/image-4.png?resize=229%2C300&amp;ssl=1 229w\" sizes=\"auto, (max-width: 400px) 100vw, 400px\" \/><figcaption class=\"wp-element-caption\">copyright mosquito<\/figcaption><\/figure>\n<\/div>\n\n\n<p>Mais il y a aussi l\u2019autre univers, celui du pr\u00e9sent des personnages. Celui de cette auberge loin de tout, mais dans laquelle, d\u00e9j\u00e0, le nazisme s\u2019installe peu \u00e0 peu\u2026 Celui de cet homme qui \u00e9crit\u2026 Celui de cette serveuse qui se prend au jeu et qui veut se retrouver dans ce roman, sous les traits, bien s\u00fbr, de la belle \u00e9perdue et perdue Perla\u2026<\/p>\n\n\n<div class=\"wp-block-image\">\n<figure class=\"aligncenter size-large\"><img data-recalc-dims=\"1\" loading=\"lazy\" decoding=\"async\" width=\"768\" height=\"1004\" src=\"https:\/\/i0.wp.com\/bd-chroniques.be\/wp-content\/uploads\/2023\/01\/image-3.png?resize=768%2C1004&#038;ssl=1\" alt=\"\" class=\"wp-image-7897\" srcset=\"https:\/\/i0.wp.com\/bd-chroniques.be\/wp-content\/uploads\/2023\/01\/image-3.png?resize=783%2C1024&amp;ssl=1 783w, https:\/\/i0.wp.com\/bd-chroniques.be\/wp-content\/uploads\/2023\/01\/image-3.png?resize=229%2C300&amp;ssl=1 229w, https:\/\/i0.wp.com\/bd-chroniques.be\/wp-content\/uploads\/2023\/01\/image-3.png?resize=768%2C1005&amp;ssl=1 768w, https:\/\/i0.wp.com\/bd-chroniques.be\/wp-content\/uploads\/2023\/01\/image-3.png?w=1000&amp;ssl=1 1000w\" sizes=\"auto, (max-width: 768px) 100vw, 768px\" \/><figcaption class=\"wp-element-caption\">copyright mosquito<\/figcaption><\/figure>\n<\/div>\n\n\n<p>Ces deux histoires cohabitent sans heurts, gr\u00e2ce \u00e0 une utilisation du dessin extr\u00eamement r\u00e9ussie\u2026 Un noir et blanc agressif, anguleux, presque brut, d\u2019une part, pour ce \u00ab&nbsp;pr\u00e9sent&nbsp;\u00bb qui se construit, et une sorte de noir et blanc estomp\u00e9, tel un lavis discret et presque po\u00e9tique, pour ce qui est \u00e9crit, ce qui est racont\u00e9, ce qui est imaginaire\u2026<\/p>\n\n\n\n<p>Mais o\u00f9 se trouvent, finalement, la fiction et la r\u00e9alit\u00e9, et des barri\u00e8res existent-elles vraiment entre la cr\u00e9ation d\u2019un artiste mettant en sc\u00e8ne une artiste, et un quotidien dans lequel le merveilleux n\u2019existe qu\u2019en r\u00eave\u00a0?<\/p>\n\n\n\n<p>Parce que c\u2019est l\u00e0, sans doute, que ce livre, parfois obscur, quelque peu difficile d\u2019acc\u00e8s, prend tout son envol\u00a0: c\u2019est le processus de la cr\u00e9ation que les auteurs nous donnent \u00e0 voir, \u00e0 d\u00e9couvrir. Le processus de la cr\u00e9ation, oui, de toutes les cr\u00e9ations, m\u00eame, qu&rsquo;elles soient litt\u00e9raires ou politiques ai-je envie de dire. L\u2019\u00e9crivain est le protecteur de ses personnages, il en devient le responsable, il finit par en \u00eatre la victime. Les autres \u00ab\u00a0humains\u00a0\u00bb de ce livre, tels la belle Lore, jouent le jeu, jouent un jeu, les pieds ancr\u00e9s dans le r\u00e9el. De cette fa\u00e7on, les auteurs de cet album qui \u00e9tonne, qui d\u00e9sar\u00e7onne, qui envo\u00fbte cependant, nous montrent des portraits de sentiments plus que de personnages, des portraits de d\u00e9sirs tus et inavouables, des portraits qui r\u00e9v\u00e8lent les limites de toute \u00e9criture, voire de tout engagement.<\/p>\n\n\n<div class=\"wp-block-image\">\n<figure class=\"aligncenter size-full\"><img data-recalc-dims=\"1\" loading=\"lazy\" decoding=\"async\" width=\"601\" height=\"850\" src=\"https:\/\/i0.wp.com\/bd-chroniques.be\/wp-content\/uploads\/2023\/01\/image-5.png?resize=601%2C850&#038;ssl=1\" alt=\"\" class=\"wp-image-7899\" srcset=\"https:\/\/i0.wp.com\/bd-chroniques.be\/wp-content\/uploads\/2023\/01\/image-5.png?w=601&amp;ssl=1 601w, https:\/\/i0.wp.com\/bd-chroniques.be\/wp-content\/uploads\/2023\/01\/image-5.png?resize=212%2C300&amp;ssl=1 212w\" sizes=\"auto, (max-width: 601px) 100vw, 601px\" \/><figcaption class=\"wp-element-caption\">copyright mosquito<\/figcaption><\/figure>\n<\/div>\n\n\n<p>Certes, ce n\u2019est pas un livre ais\u00e9. Mais c\u2019est un livre qui montre que la bande dessin\u00e9e est un art \u00e0 part enti\u00e8re, un art qui prend vie quand il pose des questions sans sp\u00e9cialement y apporter des r\u00e9ponses, quand il ose se balader dans d\u2019autres arts dont il devient le reflet sans cesse changeant. Le monocle de Von Stroheim n\u2019y est qu\u2019un symbole de plus, celui de la cohabitation, historiquement courte, de deux mondes, l\u2019ancien qui participe consciemment\u00a0\u00e0 l\u2019av\u00e8nement du nouveau\u2026 Du nouvel ordre\u00a0!<\/p>\n\n\n\n<p>A lire, \u00e0 savourer, en se laissant entra\u00eener comme on se laisse emporter devant un&nbsp; tableau que l\u2019on aime\u2026 Et gr\u00e2ces soient rendues \u00e0 Mosquito, \u00e9diteur courageux et intelligent\u2026<\/p>\n\n\n\n<p><strong>Jacques et Josiane Schra\u00fbwen<\/strong><\/p>\n\n\n\n<p><strong>La Mauvaise Heure (dessin&nbsp;: Marc Angel \u2013 sc\u00e9nario&nbsp;: Jean-Louis Schlesser \u2013 \u00e9diteur&nbsp;: Mosquito \u2013 2022 \u2013 76 pages)<\/strong><\/p>\n","protected":false},"excerpt":{"rendered":"<p>Toutes les bandes dessin\u00e9es, n\u2019en d\u00e9plaise \u00e0 quelques critiques \u00e0 la culture limit\u00e9e, ne demandent pas que ne soient utilis\u00e9s \u00e0 leur lecture que quelques neurones sans m\u00e9moire\u00a0! C\u2019est le cas de cet album, \u00e9trange mais envo\u00fbtant. Sans doute se trouve-t-on dans les ann\u00e9es trente, quelque part en Allemagne. Dans un train, un vieil \u00e9crivain [&hellip;]<\/p>\n","protected":false},"author":1,"featured_media":7893,"comment_status":"open","ping_status":"open","sticky":false,"template":"","format":"standard","meta":{"jetpack_post_was_ever_published":false,"_jetpack_newsletter_access":"","_jetpack_dont_email_post_to_subs":false,"_jetpack_newsletter_tier_id":0,"_jetpack_memberships_contains_paywalled_content":false,"_jetpack_memberships_contains_paid_content":false,"footnotes":"","jetpack_publicize_message":"","jetpack_publicize_feature_enabled":true,"jetpack_social_post_already_shared":true,"jetpack_social_options":{"image_generator_settings":{"template":"highway","default_image_id":0,"font":"","enabled":false},"version":2}},"categories":[23,24],"tags":[],"class_list":["post-7892","post","type-post","status-publish","format-standard","has-post-thumbnail","hentry","category-bd-de-m-a-r","category-m"],"jetpack_publicize_connections":[],"jetpack_featured_media_url":"https:\/\/i0.wp.com\/bd-chroniques.be\/wp-content\/uploads\/2023\/01\/heure.jpg?fit=800%2C1049&ssl=1","jetpack_shortlink":"https:\/\/wp.me\/p8dqsu-23i","jetpack_likes_enabled":true,"jetpack_sharing_enabled":true,"_links":{"self":[{"href":"https:\/\/bd-chroniques.be\/index.php\/wp-json\/wp\/v2\/posts\/7892","targetHints":{"allow":["GET"]}}],"collection":[{"href":"https:\/\/bd-chroniques.be\/index.php\/wp-json\/wp\/v2\/posts"}],"about":[{"href":"https:\/\/bd-chroniques.be\/index.php\/wp-json\/wp\/v2\/types\/post"}],"author":[{"embeddable":true,"href":"https:\/\/bd-chroniques.be\/index.php\/wp-json\/wp\/v2\/users\/1"}],"replies":[{"embeddable":true,"href":"https:\/\/bd-chroniques.be\/index.php\/wp-json\/wp\/v2\/comments?post=7892"}],"version-history":[{"count":1,"href":"https:\/\/bd-chroniques.be\/index.php\/wp-json\/wp\/v2\/posts\/7892\/revisions"}],"predecessor-version":[{"id":7900,"href":"https:\/\/bd-chroniques.be\/index.php\/wp-json\/wp\/v2\/posts\/7892\/revisions\/7900"}],"wp:featuredmedia":[{"embeddable":true,"href":"https:\/\/bd-chroniques.be\/index.php\/wp-json\/wp\/v2\/media\/7893"}],"wp:attachment":[{"href":"https:\/\/bd-chroniques.be\/index.php\/wp-json\/wp\/v2\/media?parent=7892"}],"wp:term":[{"taxonomy":"category","embeddable":true,"href":"https:\/\/bd-chroniques.be\/index.php\/wp-json\/wp\/v2\/categories?post=7892"},{"taxonomy":"post_tag","embeddable":true,"href":"https:\/\/bd-chroniques.be\/index.php\/wp-json\/wp\/v2\/tags?post=7892"}],"curies":[{"name":"wp","href":"https:\/\/api.w.org\/{rel}","templated":true}]}}