{"id":8091,"date":"2023-04-09T09:32:40","date_gmt":"2023-04-09T07:32:40","guid":{"rendered":"https:\/\/bd-chroniques.be\/?p=8091"},"modified":"2023-04-12T08:53:48","modified_gmt":"2023-04-12T06:53:48","slug":"amours-fragiles-8-le-pacte","status":"publish","type":"post","link":"https:\/\/bd-chroniques.be\/index.php\/2023\/04\/09\/amours-fragiles-8-le-pacte\/","title":{"rendered":"Amours fragiles \u2013 8. Le Pacte"},"content":{"rendered":"\n<p>Une grande fresque historique qui nous conduit de 1933 jusqu\u2019\u00e0 la fin de la guerre\u2026 <\/p>\n\n\n<div class=\"wp-block-image\">\n<figure class=\"aligncenter size-full\"><img data-recalc-dims=\"1\" loading=\"lazy\" decoding=\"async\" width=\"768\" height=\"1024\" src=\"https:\/\/i0.wp.com\/bd-chroniques.be\/wp-content\/uploads\/2023\/04\/fragile2.jpg?resize=768%2C1024&#038;ssl=1\" alt=\"copyright casterman\" class=\"wp-image-8093\" srcset=\"https:\/\/i0.wp.com\/bd-chroniques.be\/wp-content\/uploads\/2023\/04\/fragile2.jpg?w=768&amp;ssl=1 768w, https:\/\/i0.wp.com\/bd-chroniques.be\/wp-content\/uploads\/2023\/04\/fragile2.jpg?resize=225%2C300&amp;ssl=1 225w\" sizes=\"auto, (max-width: 768px) 100vw, 768px\" \/><\/figure>\n<\/div>\n\n\n<p>Nous voici presque \u00e0 la fin de cette s\u00e9rie, avec un avant-dernier tome qui nous montre les derniers soubresauts d\u2019une guerre \u00e0 ne pas oublier.<\/p>\n\n\n\n<p>Mais ne me demandez pas de vous r\u00e9sumer l\u2019histoire de cette grande saga historique. Elle nous balade dans un ensemble d\u2019aventures humaines pendant plus de douze ans, elle nous parle de l\u2019amour entre un Allemand et une Fran\u00e7aise, elle nous parle de r\u00e9sistance, des deux c\u00f4t\u00e9s de la ligne de guerre.<\/p>\n\n\n<div class=\"wp-block-image\">\n<figure class=\"aligncenter size-full\"><img data-recalc-dims=\"1\" loading=\"lazy\" decoding=\"async\" width=\"768\" height=\"1024\" src=\"https:\/\/i0.wp.com\/bd-chroniques.be\/wp-content\/uploads\/2023\/04\/fragile3.jpg?resize=768%2C1024&#038;ssl=1\" alt=\"copyright casterman\" class=\"wp-image-8094\" srcset=\"https:\/\/i0.wp.com\/bd-chroniques.be\/wp-content\/uploads\/2023\/04\/fragile3.jpg?w=768&amp;ssl=1 768w, https:\/\/i0.wp.com\/bd-chroniques.be\/wp-content\/uploads\/2023\/04\/fragile3.jpg?resize=225%2C300&amp;ssl=1 225w\" sizes=\"auto, (max-width: 768px) 100vw, 768px\" \/><\/figure>\n<\/div>\n\n\n<p>Oui, c\u2019est une s\u00e9rie, une grande s\u00e9rie comme la bande dessin\u00e9e n\u2019a plus vraiment l\u2019habitude de nous montrer\u2026 Un pari un peu fou, peut-\u00eatre, mais particuli\u00e8rement bien r\u00e9ussi, il faut le dire, m\u00eame si le lecteur peut, ici et l\u00e0, se perdre en cours de route dans un foisonnement de personnages comme de situations. Philippe Richelle&#8230; <\/p>\n\n\n\n<figure class=\"wp-block-audio\"><audio controls src=\"https:\/\/bd-chroniques.be\/wp-content\/uploads\/2023\/04\/fragilescenserie.mp3\"><\/audio><\/figure>\n\n\n\n<p>C\u2019\u00e9tait donc une gageure, v\u00e9ritablement, pour les deux auteurs de ces amours fragiles, que de se lancer dans cette saga pendant laquelle prennent chair des hommes et des femmes qui, vieillissant peu \u00e0 peu, \u00e9voluent sans aucun manich\u00e9isme dans un long r\u00e9cit, ma foi, bien charpent\u00e9. La fragilit\u00e9 est celle d\u2019un amour qui, pourtant, n\u2019est pas impossible\u2026<\/p>\n\n\n<div class=\"wp-block-image\">\n<figure class=\"aligncenter size-full\"><img data-recalc-dims=\"1\" loading=\"lazy\" decoding=\"async\" width=\"768\" height=\"1024\" src=\"https:\/\/i0.wp.com\/bd-chroniques.be\/wp-content\/uploads\/2023\/04\/fragile4.jpg?resize=768%2C1024&#038;ssl=1\" alt=\"copyright casterman\" class=\"wp-image-8096\" srcset=\"https:\/\/i0.wp.com\/bd-chroniques.be\/wp-content\/uploads\/2023\/04\/fragile4.jpg?w=768&amp;ssl=1 768w, https:\/\/i0.wp.com\/bd-chroniques.be\/wp-content\/uploads\/2023\/04\/fragile4.jpg?resize=225%2C300&amp;ssl=1 225w\" sizes=\"auto, (max-width: 768px) 100vw, 768px\" \/><\/figure>\n<\/div>\n\n\n<p>Et puis, finalement, l\u2019important dans cette longue aventure \u00e9ditoriale, c\u2019est justement cet ensemble de personnages tous, \u00e0 leur mani\u00e8re, attachants. Tous importants\u2026 Tous prenant chair de tome en tome, prenant vie au gr\u00e9 du temps qui passe de d\u00e9sesp\u00e9rance en \u00e9blouissement, de courage en l\u00e2chet\u00e9. Philippe Richelle&#8230;<\/p>\n\n\n\n<figure class=\"wp-block-audio\"><audio controls src=\"https:\/\/bd-chroniques.be\/wp-content\/uploads\/2023\/04\/1fragilesscenportraits.mp3\"><\/audio><\/figure>\n\n\n\n<p>Tout autour du personnage central, Martin Mahner, tout est fragile\u2026 D\u2019album en album, on assiste \u00e0 la mont\u00e9e du nazisme, son av\u00e8nement, son expansion, la guerre, jusqu\u2019\u00e0 ce tome 8 qui voit la destruction de cette id\u00e9ologie naus\u00e9abonde\u2026 Le monde se fragilise, les convictions de chacun se fragilisent, et les \u00e9motions, les sentiments, se vivent sans d\u2019autres esp\u00e9rances que le moment pr\u00e9sent. Ces ann\u00e9es de guerre \u00e9taient en fait sans avenir, et les protagonistes de cette s\u00e9rie le sentent toutes et tous, \u00e0 leur mani\u00e8re.<\/p>\n\n\n<div class=\"wp-block-image\">\n<figure class=\"aligncenter size-full\"><img data-recalc-dims=\"1\" loading=\"lazy\" decoding=\"async\" width=\"768\" height=\"1024\" src=\"https:\/\/i0.wp.com\/bd-chroniques.be\/wp-content\/uploads\/2023\/04\/fragile5.jpg?resize=768%2C1024&#038;ssl=1\" alt=\"copyright casterman\" class=\"wp-image-8099\" srcset=\"https:\/\/i0.wp.com\/bd-chroniques.be\/wp-content\/uploads\/2023\/04\/fragile5.jpg?w=768&amp;ssl=1 768w, https:\/\/i0.wp.com\/bd-chroniques.be\/wp-content\/uploads\/2023\/04\/fragile5.jpg?resize=225%2C300&amp;ssl=1 225w\" sizes=\"auto, (max-width: 768px) 100vw, 768px\" \/><\/figure>\n<\/div>\n\n\n<p>Amours fragiles, c\u2019est la longue histoire, trait\u00e9e presque sociologiquement, d\u2019humains se perdant et se retrouvant, sans cesse\u2026 Amours fragiles, c\u2019est comme un pendule oscillant entre amour et guerre, entre mort et paix, entre homme et femme, entre courage et l\u00e2chet\u00e9, entre engagement et indiff\u00e9rence, entre Histoire et intimit\u00e9. Avec, d\u2019album en album, des portraits f\u00e9minins particuli\u00e8rement r\u00e9ussis\u2026 Jean-Michel Beuriot et Philippe Richelle. <\/p>\n\n\n\n<figure class=\"wp-block-audio\"><audio controls src=\"https:\/\/bd-chroniques.be\/wp-content\/uploads\/2023\/04\/fragilefemmeles2.mp3\"><\/audio><\/figure>\n\n\n\n<p>Ce n\u2019est pas une fable, c\u2019est un portrait, oui, qui nous parle du destin, de l\u2019h\u00e9ro\u00efsme, de la trahison, de la compromission, du quotidien aussi\u2026 Pendant la guerre, tout n\u2019est-il pas, en d\u00e9finitive, spontan\u00e9, comme l\u2019amour\u00a0?&#8230;<\/p>\n\n\n<div class=\"wp-block-image\">\n<figure class=\"aligncenter size-large\"><img data-recalc-dims=\"1\" loading=\"lazy\" decoding=\"async\" width=\"473\" height=\"1024\" src=\"https:\/\/i0.wp.com\/bd-chroniques.be\/wp-content\/uploads\/2023\/04\/image.png?resize=473%2C1024&#038;ssl=1\" alt=\"Philippe Richelle, photo de Fabien Van Eeckhaut\" class=\"wp-image-8107\" srcset=\"https:\/\/i0.wp.com\/bd-chroniques.be\/wp-content\/uploads\/2023\/04\/image.png?resize=473%2C1024&amp;ssl=1 473w, https:\/\/i0.wp.com\/bd-chroniques.be\/wp-content\/uploads\/2023\/04\/image.png?resize=139%2C300&amp;ssl=1 139w, https:\/\/i0.wp.com\/bd-chroniques.be\/wp-content\/uploads\/2023\/04\/image.png?resize=768%2C1662&amp;ssl=1 768w, https:\/\/i0.wp.com\/bd-chroniques.be\/wp-content\/uploads\/2023\/04\/image.png?resize=710%2C1536&amp;ssl=1 710w, https:\/\/i0.wp.com\/bd-chroniques.be\/wp-content\/uploads\/2023\/04\/image.png?w=828&amp;ssl=1 828w\" sizes=\"auto, (max-width: 473px) 100vw, 473px\" \/><\/figure>\n<\/div>\n\n\n<p>Et ce huiti\u00e8me opus, \u00ab&nbsp;Le Pacte&nbsp;\u00bb, nous plonge en pleine d\u00e9b\u00e2cle. Ce pacte, vous le d\u00e9couvrirez, est, comme tous les pactes, une sorte de d\u00e9mission\u2026<\/p>\n\n\n<div class=\"wp-block-image\">\n<figure class=\"aligncenter size-large\"><img data-recalc-dims=\"1\" loading=\"lazy\" decoding=\"async\" width=\"683\" height=\"1024\" src=\"https:\/\/i0.wp.com\/bd-chroniques.be\/wp-content\/uploads\/2023\/04\/fragile7.jpg?resize=683%2C1024&#038;ssl=1\" alt=\"Jean-Michel Beuriot\" class=\"wp-image-8102\" srcset=\"https:\/\/i0.wp.com\/bd-chroniques.be\/wp-content\/uploads\/2023\/04\/fragile7.jpg?resize=683%2C1024&amp;ssl=1 683w, https:\/\/i0.wp.com\/bd-chroniques.be\/wp-content\/uploads\/2023\/04\/fragile7.jpg?resize=200%2C300&amp;ssl=1 200w, https:\/\/i0.wp.com\/bd-chroniques.be\/wp-content\/uploads\/2023\/04\/fragile7.jpg?resize=768%2C1151&amp;ssl=1 768w, https:\/\/i0.wp.com\/bd-chroniques.be\/wp-content\/uploads\/2023\/04\/fragile7.jpg?resize=1025%2C1536&amp;ssl=1 1025w, https:\/\/i0.wp.com\/bd-chroniques.be\/wp-content\/uploads\/2023\/04\/fragile7.jpg?w=1366&amp;ssl=1 1366w\" sizes=\"auto, (max-width: 683px) 100vw, 683px\" \/><\/figure>\n<\/div>\n\n\n<p>Cela dit, pour qu\u2019une telle s\u00e9rie dessin\u00e9e tienne dans la dur\u00e9e, il faut une osmose entre le sc\u00e9nario et le dessin. Et c\u2019est le cas ici, avec un graphisme r\u00e9aliste et particuli\u00e8rement fid\u00e8le au r\u00e9el de l\u2019\u00e9poque dessin\u00e9e, quant aux v\u00eatements, aux gestes, aux attitudes. Un dessin, de Jean-Michel Beuriot, qui reste discret, dans ce huiti\u00e8me \u00e9pisode, quant \u00e0 cette d\u00e9b\u00e2cle. Certes, il laisse deviner les ambiances qui, du c\u00f4t\u00e9 allemand, deviennent totalement d\u00e9faitistes\u2026 Mais l\u00e0 o\u00f9, dans les albums pr\u00e9c\u00e9dents, le d\u00e9cor prenait une importance capitale, se r\u00e9v\u00e9lant \u00eatre un lien entre les diff\u00e9rentes s\u00e9quences du r\u00e9cit, ici, il se fait plus discret\u2026 Mais, ce faisant, il s\u2019approche peut-\u00eatre bien plus intimement des personnages\u2026 Jean-Michel Beuriot&#8230; <\/p>\n\n\n\n<figure class=\"wp-block-audio\"><audio controls src=\"https:\/\/bd-chroniques.be\/wp-content\/uploads\/2023\/04\/2fragilesdessndecors.mp3\"><\/audio><\/figure>\n\n\n\n<p>Ajoutons \u00e0 tout cela la qualit\u00e9 tranquille, sereine, sans tape-\u00e0-l\u2019\u0153il inutile, de la couleur\u2026 Oui, cette s\u00e9rie est r\u00e9ussie, elle est passionnante\u2026 Elle est sans manich\u00e9isme, aussi, et cela fait du bien en une \u00e9poque o\u00f9 le manich\u00e9isme devient monnaie courante\u2026 \u00ab&nbsp;Amours Fragiles&nbsp;\u00bb, c\u2019est une fresque, une vraie fresque, dont les fragilit\u00e9s sont d\u2019une belle pr\u00e9sence\u2026 Et sont, finalement, les reflets de nos propres fragilit\u00e9s\u2026<\/p>\n\n\n<div class=\"wp-block-image\">\n<figure class=\"aligncenter size-full\"><img data-recalc-dims=\"1\" loading=\"lazy\" decoding=\"async\" width=\"768\" height=\"1024\" src=\"https:\/\/i0.wp.com\/bd-chroniques.be\/wp-content\/uploads\/2023\/04\/fragile8-1.jpg?resize=768%2C1024&#038;ssl=1\" alt=\"copyright casterman\" class=\"wp-image-8105\" srcset=\"https:\/\/i0.wp.com\/bd-chroniques.be\/wp-content\/uploads\/2023\/04\/fragile8-1.jpg?w=768&amp;ssl=1 768w, https:\/\/i0.wp.com\/bd-chroniques.be\/wp-content\/uploads\/2023\/04\/fragile8-1.jpg?resize=225%2C300&amp;ssl=1 225w\" sizes=\"auto, (max-width: 768px) 100vw, 768px\" \/><\/figure>\n<\/div>\n\n\n<p><strong>Jacques et Josiane Schra\u00fbwen<\/strong><\/p>\n\n\n\n<p><strong>Amours Fragiles \u2013 8. Le Pacte (dessin&nbsp;: Jean-Michel Beuriot \u2013 sc\u00e9nario&nbsp;: Philippe Richelle \u2013 couleur Dominique Osuch \u2013 \u00e9diteur&nbsp;: Casterman \u2013 mars 2023 \u2013 56 pages)<\/strong><\/p>\n\n\n\n<p><\/p>\n","protected":false},"excerpt":{"rendered":"<p>Une grande fresque historique qui nous conduit de 1933 jusqu\u2019\u00e0 la fin de la guerre\u2026 Nous voici presque \u00e0 la fin de cette s\u00e9rie, avec un avant-dernier tome qui nous montre les derniers soubresauts d\u2019une guerre \u00e0 ne pas oublier. Mais ne me demandez pas de vous r\u00e9sumer l\u2019histoire de cette grande saga historique. Elle [&hellip;]<\/p>\n","protected":false},"author":1,"featured_media":8092,"comment_status":"open","ping_status":"open","sticky":false,"template":"","format":"standard","meta":{"jetpack_post_was_ever_published":false,"_jetpack_newsletter_access":"","_jetpack_dont_email_post_to_subs":false,"_jetpack_newsletter_tier_id":0,"_jetpack_memberships_contains_paywalled_content":false,"_jetpack_memberships_contains_paid_content":false,"footnotes":"","jetpack_publicize_message":"","jetpack_publicize_feature_enabled":true,"jetpack_social_post_already_shared":true,"jetpack_social_options":{"image_generator_settings":{"template":"highway","default_image_id":0,"font":"","enabled":false},"version":2}},"categories":[16,14],"tags":[],"class_list":["post-8091","post","type-post","status-publish","format-standard","has-post-thumbnail","hentry","category-a","category-bd-de-a-a-f"],"jetpack_publicize_connections":[],"jetpack_featured_media_url":"https:\/\/i0.wp.com\/bd-chroniques.be\/wp-content\/uploads\/2023\/04\/fragile1.jpg?fit=400%2C533&ssl=1","jetpack_shortlink":"https:\/\/wp.me\/p8dqsu-26v","jetpack_likes_enabled":true,"jetpack_sharing_enabled":true,"_links":{"self":[{"href":"https:\/\/bd-chroniques.be\/index.php\/wp-json\/wp\/v2\/posts\/8091","targetHints":{"allow":["GET"]}}],"collection":[{"href":"https:\/\/bd-chroniques.be\/index.php\/wp-json\/wp\/v2\/posts"}],"about":[{"href":"https:\/\/bd-chroniques.be\/index.php\/wp-json\/wp\/v2\/types\/post"}],"author":[{"embeddable":true,"href":"https:\/\/bd-chroniques.be\/index.php\/wp-json\/wp\/v2\/users\/1"}],"replies":[{"embeddable":true,"href":"https:\/\/bd-chroniques.be\/index.php\/wp-json\/wp\/v2\/comments?post=8091"}],"version-history":[{"count":2,"href":"https:\/\/bd-chroniques.be\/index.php\/wp-json\/wp\/v2\/posts\/8091\/revisions"}],"predecessor-version":[{"id":8108,"href":"https:\/\/bd-chroniques.be\/index.php\/wp-json\/wp\/v2\/posts\/8091\/revisions\/8108"}],"wp:featuredmedia":[{"embeddable":true,"href":"https:\/\/bd-chroniques.be\/index.php\/wp-json\/wp\/v2\/media\/8092"}],"wp:attachment":[{"href":"https:\/\/bd-chroniques.be\/index.php\/wp-json\/wp\/v2\/media?parent=8091"}],"wp:term":[{"taxonomy":"category","embeddable":true,"href":"https:\/\/bd-chroniques.be\/index.php\/wp-json\/wp\/v2\/categories?post=8091"},{"taxonomy":"post_tag","embeddable":true,"href":"https:\/\/bd-chroniques.be\/index.php\/wp-json\/wp\/v2\/tags?post=8091"}],"curies":[{"name":"wp","href":"https:\/\/api.w.org\/{rel}","templated":true}]}}