{"id":8158,"date":"2023-05-02T11:10:03","date_gmt":"2023-05-02T09:10:03","guid":{"rendered":"https:\/\/bd-chroniques.be\/?p=8158"},"modified":"2023-05-02T11:10:03","modified_gmt":"2023-05-02T09:10:03","slug":"le-nid-du-trois-au-sept-juin-1944-les-soubresauts-pervers-dune-dictature-moribonde","status":"publish","type":"post","link":"https:\/\/bd-chroniques.be\/index.php\/2023\/05\/02\/le-nid-du-trois-au-sept-juin-1944-les-soubresauts-pervers-dune-dictature-moribonde\/","title":{"rendered":"Le Nid \u2013 Du trois au sept juin 1944, les soubresauts pervers d\u2019une dictature moribonde"},"content":{"rendered":"\n<p>Nombreuses sont les bandes dessin\u00e9es consacr\u00e9es au nazisme, \u00e0 Hitler\u2026 Mais celle-ci, croyez-moi, s\u2019en d\u00e9marque avec un talent inou\u00ef\u00a0! Un livre graphiquement exceptionnel\u2026<\/p>\n\n\n<div class=\"wp-block-image\">\n<figure class=\"aligncenter size-full\"><img data-recalc-dims=\"1\" loading=\"lazy\" decoding=\"async\" width=\"600\" height=\"288\" src=\"https:\/\/i0.wp.com\/bd-chroniques.be\/wp-content\/uploads\/2023\/05\/nid2.jpg?resize=600%2C288&#038;ssl=1\" alt=\"\" class=\"wp-image-8160\" srcset=\"https:\/\/i0.wp.com\/bd-chroniques.be\/wp-content\/uploads\/2023\/05\/nid2.jpg?w=600&amp;ssl=1 600w, https:\/\/i0.wp.com\/bd-chroniques.be\/wp-content\/uploads\/2023\/05\/nid2.jpg?resize=300%2C144&amp;ssl=1 300w\" sizes=\"auto, (max-width: 600px) 100vw, 600px\" \/><figcaption class=\"wp-element-caption\">copyright sarbacane<\/figcaption><\/figure>\n<\/div>\n\n\n<p>Le th\u00e8me de cet album est, ma foi, extr\u00eamement simple. Hitler, dans son nid perch\u00e9 dans les Alpes bavaroises, m\u00e8ne grande vie, accueille ses g\u00e9n\u00e9raux, ses proches, et on fait ripaille tout en laissant le sexe et ses folies prendre un pouvoir dont on devine qu\u2019il en est \u00e0 ses derni\u00e8res extr\u00e9mit\u00e9s. Nous sommes en juin 1944&#8230; <\/p>\n\n\n\n<p>Et l\u2019Italien Mario Galli nous en dessine et peint le paysage\u2026 Paysage vivant d\u2019un univers en totale d\u00e9liquescence, d\u2019une fin de partie \u00e0 laquelle font semblant de ne pas croire des courtisans qui se savent sans avenir\u2026 Paysage de quotidiens qui, niant les r\u00e9alit\u00e9s d\u2019une guerre qui se d\u00e9sesp\u00e8re d\u2019elle-m\u00eame, se font ensoleill\u00e9s, presque po\u00e9tiques, souvent romantiques, et sans cesse d\u00e9sesp\u00e9r\u00e9s.<\/p>\n\n\n\n<p>Hitler, d\u00e9miurge d\u00e9j\u00e0 mourant, orchestre \u00e0 peine ces ultimes r\u00e9jouissances d\u2019un pouvoir d\u00e9j\u00e0 sous l\u2019\u00e9teignoir. Drogu\u00e9 pour oublier ses douleurs, il tente d\u2019\u00e9chapper \u00e0 ses cauchemars sans jamais parvenir \u00e0 les toucher du doigt, \u00e0 leur imposer cette mort qu\u2019il impose depuis tant d\u2019ann\u00e9es \u00e0 des millions d\u2019\u00eatres humains.<\/p>\n\n\n\n<p>Et on le voit, s\u2019\u00e9loignant de lui-m\u00eame, cherchant dans l\u2019\u00e9treinte brutale qu\u2019il vit avec Eva Braun une affirmation, encore, de sa puissance, on le d\u00e9couvre quittant les liesses factices de ses proches pour regarder \u00ab\u00a0Le Dictateur\u00a0\u00bb de Chaplin, et prendre de Charlot, ensuite, la marche solitaire et claudicante\u2026<\/p>\n\n\n<div class=\"wp-block-image\">\n<figure class=\"aligncenter size-full\"><img data-recalc-dims=\"1\" loading=\"lazy\" decoding=\"async\" width=\"500\" height=\"342\" src=\"https:\/\/i0.wp.com\/bd-chroniques.be\/wp-content\/uploads\/2023\/05\/nid4.jpg?resize=500%2C342&#038;ssl=1\" alt=\"\" class=\"wp-image-8161\" srcset=\"https:\/\/i0.wp.com\/bd-chroniques.be\/wp-content\/uploads\/2023\/05\/nid4.jpg?w=500&amp;ssl=1 500w, https:\/\/i0.wp.com\/bd-chroniques.be\/wp-content\/uploads\/2023\/05\/nid4.jpg?resize=300%2C205&amp;ssl=1 300w\" sizes=\"auto, (max-width: 500px) 100vw, 500px\" \/><figcaption class=\"wp-element-caption\">copyright sarbacane<\/figcaption><\/figure>\n<\/div>\n\n\n<p>Dans ce livre, qui semble se perdre dans une faille du temps, tout est abord\u00e9 de l\u2019horreur du nazisme, par petites touches. On s\u2019enivre jusqu\u2019\u00e0 l\u2019oubli dans ce nid perch\u00e9 dans une nature enivrante, et les portraits se multiplient au fil des pages, toujours non termin\u00e9s, comme la vie, comme l\u2019existence fugace de ces humains qui s\u2019enfouissent, plus ou moins consciemment, dans des ailleurs in\u00e9luctables.<\/p>\n\n\n\n<p>Dans ce livre, on assiste \u00e0 un \u00e9trange face-\u00e0-face \u00e0 distance entre Hitler et un chasseur qui pourrait le tuer mais ne le fait pas\u2026 On \u00e9coute aussi parler ce petit moustachu hyst\u00e9rique au travers du museau de son chien\u2026 Un peu comme si les sentiments, aussi improbables soient-ils, d\u2019Hitler ne pouvaient s\u2019exprimer qu\u2019en dehors de lui et des id\u00e9ologies qu\u2019il a pourtant cr\u00e9\u00e9es\u2026<\/p>\n\n\n<div class=\"wp-block-image\">\n<figure class=\"aligncenter size-large\"><img data-recalc-dims=\"1\" loading=\"lazy\" decoding=\"async\" width=\"721\" height=\"1024\" src=\"https:\/\/i0.wp.com\/bd-chroniques.be\/wp-content\/uploads\/2023\/05\/nid3.jpg?resize=721%2C1024&#038;ssl=1\" alt=\"\" class=\"wp-image-8162\" srcset=\"https:\/\/i0.wp.com\/bd-chroniques.be\/wp-content\/uploads\/2023\/05\/nid3.jpg?resize=721%2C1024&amp;ssl=1 721w, https:\/\/i0.wp.com\/bd-chroniques.be\/wp-content\/uploads\/2023\/05\/nid3.jpg?resize=211%2C300&amp;ssl=1 211w, https:\/\/i0.wp.com\/bd-chroniques.be\/wp-content\/uploads\/2023\/05\/nid3.jpg?resize=768%2C1091&amp;ssl=1 768w, https:\/\/i0.wp.com\/bd-chroniques.be\/wp-content\/uploads\/2023\/05\/nid3.jpg?w=1000&amp;ssl=1 1000w\" sizes=\"auto, (max-width: 721px) 100vw, 721px\" \/><figcaption class=\"wp-element-caption\">copyright sarbacane<\/figcaption><\/figure>\n<\/div>\n\n\n<p>En fait, dans ce livre \u00e9tonnant, rien n\u2019est conventionnel. Ni la narration, ni le graphisme, ni l\u2019image donn\u00e9e des diff\u00e9rents protagonistes crois\u00e9s, parfois le temps de quelques images \u00e0 peine, au gr\u00e9 de la lecture.<\/p>\n\n\n\n<p>Et tout le r\u00e9cit de ce livre pourrait presque se r\u00e9sumer dans une phrase prononc\u00e9e par un officier, un de ces Allemands qui se sent \u00ab\u00a0fils de la mort\u00a0\u00bb\u00a0: \u00ab\u00a0<em><strong>Nous sommes tous morts, m\u00eame ceux d\u2019entre nous qui parviennent \u00e0 rester en vie<\/strong><\/em>\u00a0\u00bb\u00a0!<\/p>\n\n\n<div class=\"wp-block-image\">\n<figure class=\"aligncenter size-full\"><img data-recalc-dims=\"1\" loading=\"lazy\" decoding=\"async\" width=\"500\" height=\"342\" src=\"https:\/\/i0.wp.com\/bd-chroniques.be\/wp-content\/uploads\/2023\/05\/nid5.jpg?resize=500%2C342&#038;ssl=1\" alt=\"\" class=\"wp-image-8163\" srcset=\"https:\/\/i0.wp.com\/bd-chroniques.be\/wp-content\/uploads\/2023\/05\/nid5.jpg?w=500&amp;ssl=1 500w, https:\/\/i0.wp.com\/bd-chroniques.be\/wp-content\/uploads\/2023\/05\/nid5.jpg?resize=300%2C205&amp;ssl=1 300w\" sizes=\"auto, (max-width: 500px) 100vw, 500px\" \/><figcaption class=\"wp-element-caption\">copyright sarbacane<\/figcaption><\/figure>\n<\/div>\n\n\n<p>Et tout participe, dans cet ouvrage, \u00e0 cette omnipuissance de la mort\u2026<\/p>\n\n\n\n<p>L\u2019art de Mario Galli ne ressemble \u00e0 aucun autre, m\u00eame si on peut en d\u00e9gager des influences, ou, plut\u00f4t, une sorte de \u00ab&nbsp;citations&nbsp;\u00bb graphiques.<\/p>\n\n\n\n<p>Du c\u00f4t\u00e9 de la bande dessin\u00e9e, on pense parfois \u00e0 des auteurs comme Chantal Montellier et Nicole Claveloux\u2026<\/p>\n\n\n\n<p>Du c\u00f4t\u00e9 de l\u2019art, on ressent, profond\u00e9ment, la pr\u00e9sence d\u2019un peintre comme Grosz, et, de mani\u00e8re g\u00e9n\u00e9rale, un mouvement incessant de la part de l\u2019auteur entre expressionnisme et pop-art\u2026 Avec une touche de symbolisme impressionniste, presque, lorsqu\u2019Hitler est dessin\u00e9, dans l\u2019\u00e9treinte, en noir, donc presque en absence\u2026 Avec aussi un travail parfaitement ma\u00eetris\u00e9 sur la profondeur, gr\u00e2ce \u00e0 une utilisation tr\u00e8s picturale des formes et de leurs couleurs.<\/p>\n\n\n\n<p>Narrativement, Mario Galli m\u00e9lange les genres, \u00e9galement\u2026 Pages muettes, d\u00e9coupages traditionnels laissant la place soudain \u00e0 une forme d\u2019\u00e9criture uniquement cin\u00e9matographique. Mais ce qui est essentiel dans ce livre, ce qui d\u00e9mesure le r\u00e9cit, c\u2019est l\u2019utilisation que Mario Galli fait de la couleur\u2026 Tant\u00f4t violente, et d\u2019un rouge d\u00e9bordant, tant\u00f4t presque tendre lorsqu\u2019Hitler, par exemple, se r\u00eave revenant en enfance, se souvient, mais est-ce un souvenir r\u00e9el, de son amour de la nature\u2026<\/p>\n\n\n<div class=\"wp-block-image\">\n<figure class=\"aligncenter size-large\"><img data-recalc-dims=\"1\" loading=\"lazy\" decoding=\"async\" width=\"741\" height=\"1024\" src=\"https:\/\/i0.wp.com\/bd-chroniques.be\/wp-content\/uploads\/2023\/05\/nid6.jpg?resize=741%2C1024&#038;ssl=1\" alt=\"\" class=\"wp-image-8164\" srcset=\"https:\/\/i0.wp.com\/bd-chroniques.be\/wp-content\/uploads\/2023\/05\/nid6.jpg?resize=741%2C1024&amp;ssl=1 741w, https:\/\/i0.wp.com\/bd-chroniques.be\/wp-content\/uploads\/2023\/05\/nid6.jpg?resize=217%2C300&amp;ssl=1 217w, https:\/\/i0.wp.com\/bd-chroniques.be\/wp-content\/uploads\/2023\/05\/nid6.jpg?resize=768%2C1062&amp;ssl=1 768w, https:\/\/i0.wp.com\/bd-chroniques.be\/wp-content\/uploads\/2023\/05\/nid6.jpg?w=850&amp;ssl=1 850w\" sizes=\"auto, (max-width: 741px) 100vw, 741px\" \/><figcaption class=\"wp-element-caption\">copyright sarbacane<\/figcaption><\/figure>\n<\/div>\n\n\n<p>Ce Nid duquel ne jaillira plus aucun envol est un livre vraiment inattendu, d\u00e9mesur\u00e9, intelligent, passionnant\u2026 Un vrai coup de c\u0153ur\u2026 Une bande dessin\u00e9e qui n\u2019a besoin d\u2019aucun alibi culturel ou litt\u00e9raire pour s\u2019affirmer \u00eatre une totale r\u00e9ussite\u2026<\/p>\n\n\n\n<p>De la grande bd, oui, tout simplement\u2026<\/p>\n\n\n\n<p><strong>Jacques et Josiane Schra\u00fbwen<\/strong><\/p>\n\n\n\n<p><strong>Le Nid (auteur&nbsp;: Mario Galli \u2013 \u00e9diteur&nbsp;: Sarbacane \u2013 2023 \u2013 168 pages)<\/strong><\/p>\n","protected":false},"excerpt":{"rendered":"<p>Nombreuses sont les bandes dessin\u00e9es consacr\u00e9es au nazisme, \u00e0 Hitler\u2026 Mais celle-ci, croyez-moi, s\u2019en d\u00e9marque avec un talent inou\u00ef\u00a0! Un livre graphiquement exceptionnel\u2026 Le th\u00e8me de cet album est, ma foi, extr\u00eamement simple. Hitler, dans son nid perch\u00e9 dans les Alpes bavaroises, m\u00e8ne grande vie, accueille ses g\u00e9n\u00e9raux, ses proches, et on fait ripaille tout [&hellip;]<\/p>\n","protected":false},"author":1,"featured_media":8159,"comment_status":"open","ping_status":"open","sticky":false,"template":"","format":"standard","meta":{"jetpack_post_was_ever_published":false,"_jetpack_newsletter_access":"","_jetpack_dont_email_post_to_subs":false,"_jetpack_newsletter_tier_id":0,"_jetpack_memberships_contains_paywalled_content":false,"_jetpack_memberships_contains_paid_content":false,"footnotes":"","jetpack_publicize_message":"","jetpack_publicize_feature_enabled":true,"jetpack_social_post_already_shared":true,"jetpack_social_options":{"image_generator_settings":{"template":"highway","default_image_id":0,"font":"","enabled":false},"version":2}},"categories":[23,25],"tags":[],"class_list":["post-8158","post","type-post","status-publish","format-standard","has-post-thumbnail","hentry","category-bd-de-m-a-r","category-n"],"jetpack_publicize_connections":[],"jetpack_featured_media_url":"https:\/\/i0.wp.com\/bd-chroniques.be\/wp-content\/uploads\/2023\/05\/nid1.jpg?fit=400%2C551&ssl=1","jetpack_shortlink":"https:\/\/wp.me\/p8dqsu-27A","jetpack_likes_enabled":true,"jetpack_sharing_enabled":true,"_links":{"self":[{"href":"https:\/\/bd-chroniques.be\/index.php\/wp-json\/wp\/v2\/posts\/8158","targetHints":{"allow":["GET"]}}],"collection":[{"href":"https:\/\/bd-chroniques.be\/index.php\/wp-json\/wp\/v2\/posts"}],"about":[{"href":"https:\/\/bd-chroniques.be\/index.php\/wp-json\/wp\/v2\/types\/post"}],"author":[{"embeddable":true,"href":"https:\/\/bd-chroniques.be\/index.php\/wp-json\/wp\/v2\/users\/1"}],"replies":[{"embeddable":true,"href":"https:\/\/bd-chroniques.be\/index.php\/wp-json\/wp\/v2\/comments?post=8158"}],"version-history":[{"count":1,"href":"https:\/\/bd-chroniques.be\/index.php\/wp-json\/wp\/v2\/posts\/8158\/revisions"}],"predecessor-version":[{"id":8165,"href":"https:\/\/bd-chroniques.be\/index.php\/wp-json\/wp\/v2\/posts\/8158\/revisions\/8165"}],"wp:featuredmedia":[{"embeddable":true,"href":"https:\/\/bd-chroniques.be\/index.php\/wp-json\/wp\/v2\/media\/8159"}],"wp:attachment":[{"href":"https:\/\/bd-chroniques.be\/index.php\/wp-json\/wp\/v2\/media?parent=8158"}],"wp:term":[{"taxonomy":"category","embeddable":true,"href":"https:\/\/bd-chroniques.be\/index.php\/wp-json\/wp\/v2\/categories?post=8158"},{"taxonomy":"post_tag","embeddable":true,"href":"https:\/\/bd-chroniques.be\/index.php\/wp-json\/wp\/v2\/tags?post=8158"}],"curies":[{"name":"wp","href":"https:\/\/api.w.org\/{rel}","templated":true}]}}