{"id":8186,"date":"2023-05-17T09:51:43","date_gmt":"2023-05-17T07:51:43","guid":{"rendered":"https:\/\/bd-chroniques.be\/?p=8186"},"modified":"2023-05-18T09:45:48","modified_gmt":"2023-05-18T07:45:48","slug":"la-vengeance-de-zaroff-le-retour-dun-vrai-mechant","status":"publish","type":"post","link":"https:\/\/bd-chroniques.be\/index.php\/2023\/05\/17\/la-vengeance-de-zaroff-le-retour-dun-vrai-mechant\/","title":{"rendered":"La Vengeance De Zaroff \u2013 le retour d\u2019un vrai m\u00e9chant\u00a0!&#8230;"},"content":{"rendered":"\n<p>Un m\u00e9chant comme il y en a peu dans la bande dessin\u00e9e, un m\u00e9chant auquel on s\u2019attache, un m\u00e9chant (comme Monsieur Choc) qui reste bizarrement humain jusque dans l\u2019horreur la plus totale.<\/p>\n\n\n<div class=\"wp-block-image\">\n<figure class=\"aligncenter size-full\"><img data-recalc-dims=\"1\" loading=\"lazy\" decoding=\"async\" width=\"472\" height=\"450\" src=\"https:\/\/i0.wp.com\/bd-chroniques.be\/wp-content\/uploads\/2023\/05\/zar2.jpg?resize=472%2C450&#038;ssl=1\" alt=\"\" class=\"wp-image-8188\" srcset=\"https:\/\/i0.wp.com\/bd-chroniques.be\/wp-content\/uploads\/2023\/05\/zar2.jpg?w=472&amp;ssl=1 472w, https:\/\/i0.wp.com\/bd-chroniques.be\/wp-content\/uploads\/2023\/05\/zar2.jpg?resize=300%2C286&amp;ssl=1 300w\" sizes=\"auto, (max-width: 472px) 100vw, 472px\" \/><figcaption class=\"wp-element-caption\">copyright le lombard<\/figcaption><\/figure>\n<\/div>\n\n\n<p><a rel=\"noreferrer noopener\" href=\"https:\/\/bd-chroniques.be\/index.php\/2019\/05\/24\/zaroff\/\" data-type=\"URL\" data-id=\"https:\/\/bd-chroniques.be\/index.php\/2019\/05\/24\/zaroff\/\" target=\"_blank\">Le Comte Zaroff<\/a>, personnage de la litt\u00e9rature, est apparu pour la premi\u00e8re fois sous les plumes conjugu\u00e9es de Fran\u00e7ois Miville-Desch\u00eanes et Sylvain Runberg il y a quatre ans. C\u2019\u00e9tait un album qui restait fid\u00e8le au roman originel, tout en donnant forme et visage \u00e0 un personnage hors du commun. A l\u2019\u00e9poque, j\u2019avais eu le plaisir de rencontrer et d\u2019interviewer le dessinateur, Fran\u00e7ois Miville-Desch\u00eanes. <\/p>\n\n\n\n<p>Et les deux auteurs ont voulu redonner vie \u00e0 ce comte sanglant, en imaginant un futur possible, un futur dans lequel toute la folie meurtri\u00e8re et calculatrice de ce tueur passionn\u00e9 peut continuer \u00e0 exister\u2026 Et, ma foi, ils ont bien fait&nbsp;!<\/p>\n\n\n\n<p>Nous sommes d\u00e9sormais pendant la guerre 40-45. Zaroff s\u2019est install\u00e9 dans le Maine, et il y continue ses chasses. Ses chasses \u00e0 l\u2019homme, bien \u00e9videmment\u2026 Ailleurs aux Etats-Unis, les membres de sa famille d\u00e9couverts dans le premier album pensent \u00e0 lui, le recherchent pour des raisons multiples. Mais ce sont les services de l\u2019arm\u00e9e qui le capturent et lui proposent une mission capable de changer le cours de la guerre&nbsp;: aller chercher, en URSS, une scientifique qui pourrait aider \u00e0 cr\u00e9er, avant les nazis, l\u2019arme la plus redoutable imagin\u00e9e, une bombe atomique. Zaroff l\u2019accepte, y voyant de quoi, avec l\u2019aval de la guerre, assouvir ses instincts les plus bas&nbsp;!<\/p>\n\n\n<div class=\"wp-block-image\">\n<figure class=\"aligncenter size-large\"><img data-recalc-dims=\"1\" loading=\"lazy\" decoding=\"async\" width=\"768\" height=\"695\" src=\"https:\/\/i0.wp.com\/bd-chroniques.be\/wp-content\/uploads\/2023\/05\/zar3.jpeg?resize=768%2C695&#038;ssl=1\" alt=\"\" class=\"wp-image-8190\" srcset=\"https:\/\/i0.wp.com\/bd-chroniques.be\/wp-content\/uploads\/2023\/05\/zar3.jpeg?resize=1024%2C926&amp;ssl=1 1024w, https:\/\/i0.wp.com\/bd-chroniques.be\/wp-content\/uploads\/2023\/05\/zar3.jpeg?resize=300%2C271&amp;ssl=1 300w, https:\/\/i0.wp.com\/bd-chroniques.be\/wp-content\/uploads\/2023\/05\/zar3.jpeg?resize=768%2C694&amp;ssl=1 768w, https:\/\/i0.wp.com\/bd-chroniques.be\/wp-content\/uploads\/2023\/05\/zar3.jpeg?resize=1536%2C1388&amp;ssl=1 1536w, https:\/\/i0.wp.com\/bd-chroniques.be\/wp-content\/uploads\/2023\/05\/zar3.jpeg?w=1769&amp;ssl=1 1769w\" sizes=\"auto, (max-width: 768px) 100vw, 768px\" \/><figcaption class=\"wp-element-caption\">copyright le lombard<\/figcaption><\/figure>\n<\/div>\n\n\n<p>A partir de ce canevas, de ce r\u00e9cit plein de violence, de fureur, d\u2019une forme m\u00eame de sadisme, c\u2019est la notion m\u00eame de monstruosit\u00e9 qui est ici mise en sc\u00e8ne.<\/p>\n\n\n\n<p>Sylvain Runberg et Fran\u00e7ois Miville Desch\u00eanes, complices et sc\u00e9nariste efficaces, nous offrent un livre dans lequel leur plaisir est tangible&#8230; Plaisir de raconter une histoire extr\u00eamement bien charpent\u00e9e, plaisir aussi et surtout peut-\u00eatre de cr\u00e9er ensemble un personnage qui, bien plus qu\u2019ambigu, semble sans cesse \u00eatre ailleurs. D\u2019\u00eatre au-dessus\u2026 On n\u2019est pas loin, tout compte fait, du mythe du super-homme cher \u00e0 Nietzche d\u2019abord, \u00e0 Hitler ensuite.<\/p>\n\n\n\n<p>Par contre, on est totalement \u00e0 l\u2019oppos\u00e9 du super-h\u00e9ros&nbsp;! D\u2019o\u00f9 un sc\u00e9nario qui s\u2019av\u00e8re de culture europ\u00e9enne, tout en usant de codes souvent pr\u00e9sents dans les comics am\u00e9ricains, pour les ancrer totalement dans la bd dite belgo-fran\u00e7aise.<\/p>\n\n\n<div class=\"wp-block-image\">\n<figure class=\"aligncenter size-large\"><img data-recalc-dims=\"1\" loading=\"lazy\" decoding=\"async\" width=\"768\" height=\"1013\" src=\"https:\/\/i0.wp.com\/bd-chroniques.be\/wp-content\/uploads\/2023\/05\/zar4.jpg?resize=768%2C1013&#038;ssl=1\" alt=\"\" class=\"wp-image-8191\" srcset=\"https:\/\/i0.wp.com\/bd-chroniques.be\/wp-content\/uploads\/2023\/05\/zar4.jpg?resize=776%2C1024&amp;ssl=1 776w, https:\/\/i0.wp.com\/bd-chroniques.be\/wp-content\/uploads\/2023\/05\/zar4.jpg?resize=227%2C300&amp;ssl=1 227w, https:\/\/i0.wp.com\/bd-chroniques.be\/wp-content\/uploads\/2023\/05\/zar4.jpg?resize=768%2C1013&amp;ssl=1 768w, https:\/\/i0.wp.com\/bd-chroniques.be\/wp-content\/uploads\/2023\/05\/zar4.jpg?w=895&amp;ssl=1 895w\" sizes=\"auto, (max-width: 768px) 100vw, 768px\" \/><figcaption class=\"wp-element-caption\">copyright le lombard<\/figcaption><\/figure>\n<\/div>\n\n\n<p>Dans une histoire qui se m\u00eale \u00e9troitement, et de fa\u00e7on possible, \u00e0 la grande Histoire, Zaroff devient en quelque sorte un anti-h\u00e9ros accept\u00e9 par la guerre et, de ce fait, libre de toute folie, puisque c\u2019est \u00ab&nbsp;pour la bonne cause&nbsp;\u00bb\u2026<\/p>\n\n\n\n<p>Zaroff n\u2019est pas immoral.<\/p>\n\n\n\n<p>Il n\u2019a nul besoin de r\u00e8gles ext\u00e9rieures, et quand elles lui sont impos\u00e9es, il les d\u00e9tourne avec une amoralit\u00e9 totale.<\/p>\n\n\n\n<p>Il est chasseur, et y trouvant, voire y cr\u00e9ant une certaine noblesse, il en fait la part essentielle de sa personnalit\u00e9, et ce faisant de SA v\u00e9rit\u00e9\u2026 De la v\u00e9rit\u00e9 de la guerre dans laquelle, finalement, il a totalement sa place\u2026<\/p>\n\n\n\n<p>Le comte Zaroff chassant sur ses terres russes, devient presque, pourtant, un personnage de fable \u00ab&nbsp;morale&nbsp;\u00bb&nbsp;! Mais \u00e0 la Sade\u2026<\/p>\n\n\n<div class=\"wp-block-image\">\n<figure class=\"aligncenter size-large\"><img data-recalc-dims=\"1\" loading=\"lazy\" decoding=\"async\" width=\"768\" height=\"1013\" src=\"https:\/\/i0.wp.com\/bd-chroniques.be\/wp-content\/uploads\/2023\/05\/zar5.jpg?resize=768%2C1013&#038;ssl=1\" alt=\"\" class=\"wp-image-8192\" srcset=\"https:\/\/i0.wp.com\/bd-chroniques.be\/wp-content\/uploads\/2023\/05\/zar5.jpg?resize=776%2C1024&amp;ssl=1 776w, https:\/\/i0.wp.com\/bd-chroniques.be\/wp-content\/uploads\/2023\/05\/zar5.jpg?resize=227%2C300&amp;ssl=1 227w, https:\/\/i0.wp.com\/bd-chroniques.be\/wp-content\/uploads\/2023\/05\/zar5.jpg?resize=768%2C1013&amp;ssl=1 768w, https:\/\/i0.wp.com\/bd-chroniques.be\/wp-content\/uploads\/2023\/05\/zar5.jpg?w=895&amp;ssl=1 895w\" sizes=\"auto, (max-width: 768px) 100vw, 768px\" \/><figcaption class=\"wp-element-caption\">copyright le lombard<\/figcaption><\/figure>\n<\/div>\n\n\n<p>C\u2019est un livre qui nous fait entrer dans des majuscules, celles de notre soci\u00e9t\u00e9, hier comme aujourd\u2019hui&nbsp;: LA vie, LA guerre, LA famille, LA mort, LA vengeance\u2026 Des mondes dans lesquels, finalement, se vivent toujours des chasses aux multiples gibiers&nbsp;!<\/p>\n\n\n<div class=\"wp-block-image\">\n<figure class=\"aligncenter size-large\"><img data-recalc-dims=\"1\" loading=\"lazy\" decoding=\"async\" width=\"768\" height=\"1013\" src=\"https:\/\/i0.wp.com\/bd-chroniques.be\/wp-content\/uploads\/2023\/05\/zar6.jpg?resize=768%2C1013&#038;ssl=1\" alt=\"\" class=\"wp-image-8193\" srcset=\"https:\/\/i0.wp.com\/bd-chroniques.be\/wp-content\/uploads\/2023\/05\/zar6.jpg?resize=776%2C1024&amp;ssl=1 776w, https:\/\/i0.wp.com\/bd-chroniques.be\/wp-content\/uploads\/2023\/05\/zar6.jpg?resize=227%2C300&amp;ssl=1 227w, https:\/\/i0.wp.com\/bd-chroniques.be\/wp-content\/uploads\/2023\/05\/zar6.jpg?resize=768%2C1013&amp;ssl=1 768w, https:\/\/i0.wp.com\/bd-chroniques.be\/wp-content\/uploads\/2023\/05\/zar6.jpg?w=895&amp;ssl=1 895w\" sizes=\"auto, (max-width: 768px) 100vw, 768px\" \/><figcaption class=\"wp-element-caption\">copyright le lombard<\/figcaption><\/figure>\n<\/div>\n\n\n<p>Le sc\u00e9nario de ce \u00ab&nbsp;retour&nbsp;\u00bb est extr\u00eamement construit, \u00e0 tous les niveaux, avec une touche culturelle importante (Marc-Aur\u00e8le). Un sc\u00e9nario proche des personnages, de tous les personnages, m\u00eame\u2026 Avec comme un fil rouge nous disant que le pass\u00e9 pourrait \u00eatre l\u2019alibi pour le pr\u00e9sent\u2026 Parce que, comme avec Monsieur Choc, encore une fois, tout vient du pass\u00e9 et y revient&nbsp;!<\/p>\n\n\n\n<p>Dans le sc\u00e9nario, comme dans le dessin, il n\u2019y a rien de trop, et les petits d\u00e9tails anodins trouvent tous une raison d\u2019\u00eatre \u00e0 un moment du r\u00e9cit.<\/p>\n\n\n\n<p>Le dessin est d\u2019un r\u00e9alisme classique, dans le graphisme comme dans le d\u00e9coupage. Un r\u00e9alisme jusque dans les d\u00e9tails&nbsp;: une goutte au nez d\u2019un des protagonistes perdus dans l\u2019hiver sovi\u00e9tique, le mat\u00e9riel militaire mis en images, aussi\u2026 Miville-Desch\u00eanes aime les plans cin\u00e9matographiques, mais sans en abuser. Ce qu\u2019il aime surtout, ce sont les attitudes, des expressions dans les yeux. Son dessin est ainsi tr\u00e8s sensitif, exprimant col\u00e8re comme curiosit\u00e9, \u00e9tonnement comme peur, horreur comme plaisir\u2026<\/p>\n\n\n<div class=\"wp-block-image\">\n<figure class=\"aligncenter size-large\"><img data-recalc-dims=\"1\" loading=\"lazy\" decoding=\"async\" width=\"768\" height=\"953\" src=\"https:\/\/i0.wp.com\/bd-chroniques.be\/wp-content\/uploads\/2023\/05\/mivillezaroff.jpg?resize=768%2C953&#038;ssl=1\" alt=\"\" class=\"wp-image-8194\" srcset=\"https:\/\/i0.wp.com\/bd-chroniques.be\/wp-content\/uploads\/2023\/05\/mivillezaroff-scaled.jpg?resize=825%2C1024&amp;ssl=1 825w, https:\/\/i0.wp.com\/bd-chroniques.be\/wp-content\/uploads\/2023\/05\/mivillezaroff-scaled.jpg?resize=242%2C300&amp;ssl=1 242w, https:\/\/i0.wp.com\/bd-chroniques.be\/wp-content\/uploads\/2023\/05\/mivillezaroff-scaled.jpg?resize=768%2C954&amp;ssl=1 768w, https:\/\/i0.wp.com\/bd-chroniques.be\/wp-content\/uploads\/2023\/05\/mivillezaroff-scaled.jpg?resize=1237%2C1536&amp;ssl=1 1237w, https:\/\/i0.wp.com\/bd-chroniques.be\/wp-content\/uploads\/2023\/05\/mivillezaroff-scaled.jpg?resize=1649%2C2048&amp;ssl=1 1649w, https:\/\/i0.wp.com\/bd-chroniques.be\/wp-content\/uploads\/2023\/05\/mivillezaroff-scaled.jpg?w=1536&amp;ssl=1 1536w\" sizes=\"auto, (max-width: 768px) 100vw, 768px\" \/><figcaption class=\"wp-element-caption\">copyright schra\u00fbwen<\/figcaption><\/figure>\n<\/div>\n\n\n<p>Donner vie \u00e0 un monstre dont on d\u00e9couvre malgr\u00e9 tout quelques failles, ce n\u2019est pas \u00e9vident\u2026 Et sans essayer de rendre sympathique cette v\u00e9ritable monstruosit\u00e9 humaine, les deux auteurs de ce livre parviennent \u00e0 ne pas non plus en faire une simple caricature \u00e0 la limite du fantastique\u2026<\/p>\n\n\n\n<p>Une belle r\u00e9ussite, sans aucun doute\u2026 Et dont les derni\u00e8res images font penser \u00e0 une possible suite\u2026 A, pourquoi pas, une sorte d\u2019h\u00e9ritage de l\u2019horreur gratuite \u00e0 venir&nbsp;!<\/p>\n\n\n\n<p><strong>Jacques et Josiane Schra\u00fbwen<\/strong><\/p>\n\n\n\n<p><strong>La Vengeance De Zaroff (dessin et sc\u00e9nario&nbsp;: Fran\u00e7ois Miville-Desch\u00eanes \u2013 sc\u00e9nario&nbsp;: Sylvain Runberg \u2013 \u00e9diteur&nbsp;: Le Lombard \u2013 avril 2023 \u2013 96 pages)<\/strong><\/p>\n","protected":false},"excerpt":{"rendered":"<p>Un m\u00e9chant comme il y en a peu dans la bande dessin\u00e9e, un m\u00e9chant auquel on s\u2019attache, un m\u00e9chant (comme Monsieur Choc) qui reste bizarrement humain jusque dans l\u2019horreur la plus totale. Le Comte Zaroff, personnage de la litt\u00e9rature, est apparu pour la premi\u00e8re fois sous les plumes conjugu\u00e9es de Fran\u00e7ois Miville-Desch\u00eanes et Sylvain Runberg [&hellip;]<\/p>\n","protected":false},"author":1,"featured_media":8187,"comment_status":"open","ping_status":"open","sticky":false,"template":"","format":"standard","meta":{"jetpack_post_was_ever_published":false,"_jetpack_newsletter_access":"","_jetpack_dont_email_post_to_subs":false,"_jetpack_newsletter_tier_id":0,"_jetpack_memberships_contains_paywalled_content":false,"_jetpack_memberships_contains_paid_content":false,"footnotes":"","jetpack_publicize_message":"","jetpack_publicize_feature_enabled":true,"jetpack_social_post_already_shared":true,"jetpack_social_options":{"image_generator_settings":{"template":"highway","default_image_id":0,"font":"","enabled":false},"version":2}},"categories":[3,10],"tags":[],"class_list":["post-8186","post","type-post","status-publish","format-standard","has-post-thumbnail","hentry","category-bd-de-s-a-z","category-v"],"jetpack_publicize_connections":[],"jetpack_featured_media_url":"https:\/\/i0.wp.com\/bd-chroniques.be\/wp-content\/uploads\/2023\/05\/zar1.jpg?fit=400%2C530&ssl=1","jetpack_shortlink":"https:\/\/wp.me\/p8dqsu-282","jetpack_likes_enabled":true,"jetpack_sharing_enabled":true,"_links":{"self":[{"href":"https:\/\/bd-chroniques.be\/index.php\/wp-json\/wp\/v2\/posts\/8186","targetHints":{"allow":["GET"]}}],"collection":[{"href":"https:\/\/bd-chroniques.be\/index.php\/wp-json\/wp\/v2\/posts"}],"about":[{"href":"https:\/\/bd-chroniques.be\/index.php\/wp-json\/wp\/v2\/types\/post"}],"author":[{"embeddable":true,"href":"https:\/\/bd-chroniques.be\/index.php\/wp-json\/wp\/v2\/users\/1"}],"replies":[{"embeddable":true,"href":"https:\/\/bd-chroniques.be\/index.php\/wp-json\/wp\/v2\/comments?post=8186"}],"version-history":[{"count":4,"href":"https:\/\/bd-chroniques.be\/index.php\/wp-json\/wp\/v2\/posts\/8186\/revisions"}],"predecessor-version":[{"id":8197,"href":"https:\/\/bd-chroniques.be\/index.php\/wp-json\/wp\/v2\/posts\/8186\/revisions\/8197"}],"wp:featuredmedia":[{"embeddable":true,"href":"https:\/\/bd-chroniques.be\/index.php\/wp-json\/wp\/v2\/media\/8187"}],"wp:attachment":[{"href":"https:\/\/bd-chroniques.be\/index.php\/wp-json\/wp\/v2\/media?parent=8186"}],"wp:term":[{"taxonomy":"category","embeddable":true,"href":"https:\/\/bd-chroniques.be\/index.php\/wp-json\/wp\/v2\/categories?post=8186"},{"taxonomy":"post_tag","embeddable":true,"href":"https:\/\/bd-chroniques.be\/index.php\/wp-json\/wp\/v2\/tags?post=8186"}],"curies":[{"name":"wp","href":"https:\/\/api.w.org\/{rel}","templated":true}]}}