{"id":8221,"date":"2023-06-14T08:15:17","date_gmt":"2023-06-14T06:15:17","guid":{"rendered":"https:\/\/bd-chroniques.be\/?p=8221"},"modified":"2023-06-15T10:23:50","modified_gmt":"2023-06-15T08:23:50","slug":"gaston-et-les-heros-de-papier-qui-echappent-a-leurs-createurs","status":"publish","type":"post","link":"https:\/\/bd-chroniques.be\/index.php\/2023\/06\/14\/gaston-et-les-heros-de-papier-qui-echappent-a-leurs-createurs\/","title":{"rendered":"Gaston\u2026 et les h\u00e9ros de papier qui \u00e9chappent \u00e0 leurs cr\u00e9ateurs\u00a0!"},"content":{"rendered":"\n<p>C\u2019est, depuis des mois maintenant, un d\u00e9bat qui fait rage et qui a trouv\u00e9 une petite partie de r\u00e9solution devant la justice\u2026 Mais qui est loin d\u2019\u00eatre termin\u00e9&nbsp;!<\/p>\n\n\n<div class=\"wp-block-image\">\n<figure class=\"aligncenter size-full\"><img data-recalc-dims=\"1\" loading=\"lazy\" decoding=\"async\" width=\"533\" height=\"738\" src=\"https:\/\/i0.wp.com\/bd-chroniques.be\/wp-content\/uploads\/2023\/06\/image.png?resize=533%2C738&#038;ssl=1\" alt=\"\" class=\"wp-image-8223\" srcset=\"https:\/\/i0.wp.com\/bd-chroniques.be\/wp-content\/uploads\/2023\/06\/image.png?w=533&amp;ssl=1 533w, https:\/\/i0.wp.com\/bd-chroniques.be\/wp-content\/uploads\/2023\/06\/image.png?resize=217%2C300&amp;ssl=1 217w\" sizes=\"auto, (max-width: 533px) 100vw, 533px\" \/><figcaption class=\"wp-element-caption\">copyright Medor<\/figcaption><\/figure>\n<\/div>\n\n\n<p>Hier donc, sur BX1, invit\u00e9 par <strong>Fabrice Grosfilley<\/strong>, j\u2019ai eu le plaisir de parler bande dessin\u00e9e, avec <strong>Olivier Van Vaerenberg<\/strong>\u2026 Et je vous conseille vraiment de lire son excellent article dans la revue M\u00e9dor&nbsp;!<\/p>\n\n\n\n<p>Le th\u00e8me de cette \u00e9mission t\u00e9l\u00e9 \u00e9tait celui des personnages qui, souvent, volontairement ou pas, survivent \u00e0 leurs auteurs.<\/p>\n\n\n\n<p>Bien s\u00fbr, il y aurait beaucoup plus \u00e0 dire que ce que nous avons exprim\u00e9&nbsp;! Mais ce qui m\u00e9rite d\u2019\u00eatre soulign\u00e9, c\u2019est que dans cette \u00e9mission la parole a \u00e9t\u00e9 donn\u00e9e non \u00e0 deux experts, mais \u00e0 deux amateurs, des gens aimant, simplement, le neuvi\u00e8me art&nbsp;!<\/p>\n\n\n\n<p>Bonne vision, donc, en suivant ce lien: <a rel=\"noreferrer noopener\" href=\"https:\/\/bx1.be\/radio-chronique\/lechange-les-personnages-de-bandes-dessinees-immortels-sont-ils-immortels\/\" target=\"_blank\">L\u2019\u00e9change<\/a><\/p>\n\n\n\n<p><strong>Jacques et Josiane Schra\u00fbwen<\/strong><\/p>\n\n\n\n<p><\/p>\n","protected":false},"excerpt":{"rendered":"<p>C\u2019est, depuis des mois maintenant, un d\u00e9bat qui fait rage et qui a trouv\u00e9 une petite partie de r\u00e9solution devant la justice\u2026 Mais qui est loin d\u2019\u00eatre termin\u00e9&nbsp;! Hier donc, sur BX1, invit\u00e9 par Fabrice Grosfilley, j\u2019ai eu le plaisir de parler bande dessin\u00e9e, avec Olivier Van Vaerenberg\u2026 Et je vous conseille vraiment de lire [&hellip;]<\/p>\n","protected":false},"author":1,"featured_media":8222,"comment_status":"open","ping_status":"open","sticky":false,"template":"","format":"standard","meta":{"jetpack_post_was_ever_published":false,"_jetpack_newsletter_access":"","_jetpack_dont_email_post_to_subs":false,"_jetpack_newsletter_tier_id":0,"_jetpack_memberships_contains_paywalled_content":false,"_jetpack_memberships_contains_paid_content":false,"footnotes":"","jetpack_publicize_message":"","jetpack_publicize_feature_enabled":true,"jetpack_social_post_already_shared":false,"jetpack_social_options":{"image_generator_settings":{"template":"highway","default_image_id":0,"font":"","enabled":false},"version":2}},"categories":[36],"tags":[],"class_list":["post-8221","post","type-post","status-publish","format-standard","has-post-thumbnail","hentry","category-bd-diverses"],"jetpack_publicize_connections":[],"jetpack_featured_media_url":"https:\/\/i0.wp.com\/bd-chroniques.be\/wp-content\/uploads\/2023\/06\/franquin-gaston.jpg?fit=2337%2C2272&ssl=1","jetpack_shortlink":"https:\/\/wp.me\/p8dqsu-28B","jetpack_likes_enabled":true,"jetpack_sharing_enabled":true,"_links":{"self":[{"href":"https:\/\/bd-chroniques.be\/index.php\/wp-json\/wp\/v2\/posts\/8221","targetHints":{"allow":["GET"]}}],"collection":[{"href":"https:\/\/bd-chroniques.be\/index.php\/wp-json\/wp\/v2\/posts"}],"about":[{"href":"https:\/\/bd-chroniques.be\/index.php\/wp-json\/wp\/v2\/types\/post"}],"author":[{"embeddable":true,"href":"https:\/\/bd-chroniques.be\/index.php\/wp-json\/wp\/v2\/users\/1"}],"replies":[{"embeddable":true,"href":"https:\/\/bd-chroniques.be\/index.php\/wp-json\/wp\/v2\/comments?post=8221"}],"version-history":[{"count":2,"href":"https:\/\/bd-chroniques.be\/index.php\/wp-json\/wp\/v2\/posts\/8221\/revisions"}],"predecessor-version":[{"id":8225,"href":"https:\/\/bd-chroniques.be\/index.php\/wp-json\/wp\/v2\/posts\/8221\/revisions\/8225"}],"wp:featuredmedia":[{"embeddable":true,"href":"https:\/\/bd-chroniques.be\/index.php\/wp-json\/wp\/v2\/media\/8222"}],"wp:attachment":[{"href":"https:\/\/bd-chroniques.be\/index.php\/wp-json\/wp\/v2\/media?parent=8221"}],"wp:term":[{"taxonomy":"category","embeddable":true,"href":"https:\/\/bd-chroniques.be\/index.php\/wp-json\/wp\/v2\/categories?post=8221"},{"taxonomy":"post_tag","embeddable":true,"href":"https:\/\/bd-chroniques.be\/index.php\/wp-json\/wp\/v2\/tags?post=8221"}],"curies":[{"name":"wp","href":"https:\/\/api.w.org\/{rel}","templated":true}]}}