{"id":8299,"date":"2023-07-21T18:11:54","date_gmt":"2023-07-21T16:11:54","guid":{"rendered":"https:\/\/bd-chroniques.be\/?p=8299"},"modified":"2023-07-21T18:11:54","modified_gmt":"2023-07-21T16:11:54","slug":"ras-le-bol-des-dessins-dhumeur-qui-nont-pas-pris-lombre-dune-seule-ride","status":"publish","type":"post","link":"https:\/\/bd-chroniques.be\/index.php\/2023\/07\/21\/ras-le-bol-des-dessins-dhumeur-qui-nont-pas-pris-lombre-dune-seule-ride\/","title":{"rendered":"Ras le bol \u2013 Des dessins d\u2019humeur qui n\u2019ont pas pris l\u2019ombre d\u2019une seule ride\u00a0!"},"content":{"rendered":"\n<p>On ne dira jamais assez combien le d\u00e9but des ann\u00e9es 70 a \u00e9t\u00e9 une \u00e9poque d\u2019invention, de libert\u00e9 revendiqu\u00e9es et assum\u00e9es, d\u2019intelligence jamais format\u00e9e dans les dessins qui faisaient briller la presse dite d\u2019opinion\u2026<\/p>\n\n\n<div class=\"wp-block-image\">\n<figure class=\"aligncenter size-large\"><img data-recalc-dims=\"1\" loading=\"lazy\" decoding=\"async\" width=\"768\" height=\"552\" src=\"https:\/\/i0.wp.com\/bd-chroniques.be\/wp-content\/uploads\/2023\/07\/image-10.png?resize=768%2C552&#038;ssl=1\" alt=\"\" class=\"wp-image-8301\" srcset=\"https:\/\/i0.wp.com\/bd-chroniques.be\/wp-content\/uploads\/2023\/07\/image-10.png?resize=1024%2C736&amp;ssl=1 1024w, https:\/\/i0.wp.com\/bd-chroniques.be\/wp-content\/uploads\/2023\/07\/image-10.png?resize=300%2C216&amp;ssl=1 300w, https:\/\/i0.wp.com\/bd-chroniques.be\/wp-content\/uploads\/2023\/07\/image-10.png?resize=768%2C552&amp;ssl=1 768w, https:\/\/i0.wp.com\/bd-chroniques.be\/wp-content\/uploads\/2023\/07\/image-10.png?w=1200&amp;ssl=1 1200w\" sizes=\"auto, (max-width: 768px) 100vw, 768px\" \/><figcaption class=\"wp-element-caption\">copyright Cardon<\/figcaption><\/figure>\n<\/div>\n\n\n<p>Et voici donc un recueil des dessins de presse (dans le journal \u00ab\u00a0Humanit\u00e9\u00a0\u00bb essentiellement) r\u00e9alis\u00e9s par Cardon de l\u2019ann\u00e9e 1970 \u00e0 l\u2019ann\u00e9e 1976. Des dessins qui, ma foi, auraient pu \u00eatre faits aujourd\u2019hui\u00a0! Auraient d\u00fb\u2026 Tant il est \u00e9vident que les choses n\u2019ont pas vraiment chang\u00e9 en un demi-si\u00e8cle\u00a0! Toutes les attaques frontales que Cardon op\u00e8re vis-\u00e0-vis d\u2019une soci\u00e9t\u00e9 dans laquelle il se sent peu \u00e0 sa place, toutes les cibles qui sont les siennes sont toujours celles que les dessinateurs de presse pourraient viser aussi\u00a0! Sans doute le font-ils\u2026 En disant que les temps ont bien chang\u00e9\u2026 Que, la presse d\u2019opinion n\u2019existant pratiquement plus, il s\u2019agit d\u2019\u00eatre convivial\u2026 Je n\u2019irai pas jusqu\u2019\u00e0 dire que le dessin de presse est devenu sage, quand m\u00eame pas, mais il faut bien admettre qu\u2019il s\u2019est \u00e9norm\u00e9ment \u00e9dulcor\u00e9 en un demi-si\u00e8cle\u2026<\/p>\n\n\n<div class=\"wp-block-image\">\n<figure class=\"aligncenter size-full\"><img data-recalc-dims=\"1\" loading=\"lazy\" decoding=\"async\" width=\"600\" height=\"415\" src=\"https:\/\/i0.wp.com\/bd-chroniques.be\/wp-content\/uploads\/2023\/07\/image-11.png?resize=600%2C415&#038;ssl=1\" alt=\"\" class=\"wp-image-8302\" srcset=\"https:\/\/i0.wp.com\/bd-chroniques.be\/wp-content\/uploads\/2023\/07\/image-11.png?w=600&amp;ssl=1 600w, https:\/\/i0.wp.com\/bd-chroniques.be\/wp-content\/uploads\/2023\/07\/image-11.png?resize=300%2C208&amp;ssl=1 300w\" sizes=\"auto, (max-width: 600px) 100vw, 600px\" \/><figcaption class=\"wp-element-caption\">copyright cardon<\/figcaption><\/figure>\n<\/div>\n\n\n<p>Chez Cardon, il y a, c\u2019est vrai, une vraie lutte latente dans tous ses dessins. Une sorte de violence, intellectuelle certes, mais appelant aussi \u00e0 la lutte, la vraie\u2026 Avec la conscience, en m\u00eame temps, que cette lutte que d\u2019aucuns, en 1970, esp\u00e9raient encore finale ne le sera jamais\u2026 Et aujourd\u2019hui sans doute encore moins qu\u2019hier\u00a0!<\/p>\n\n\n<div class=\"wp-block-image\">\n<figure class=\"aligncenter size-full\"><img data-recalc-dims=\"1\" loading=\"lazy\" decoding=\"async\" width=\"643\" height=\"500\" src=\"https:\/\/i0.wp.com\/bd-chroniques.be\/wp-content\/uploads\/2023\/07\/image-12.png?resize=643%2C500&#038;ssl=1\" alt=\"\" class=\"wp-image-8303\" srcset=\"https:\/\/i0.wp.com\/bd-chroniques.be\/wp-content\/uploads\/2023\/07\/image-12.png?w=643&amp;ssl=1 643w, https:\/\/i0.wp.com\/bd-chroniques.be\/wp-content\/uploads\/2023\/07\/image-12.png?resize=300%2C233&amp;ssl=1 300w\" sizes=\"auto, (max-width: 643px) 100vw, 643px\" \/><figcaption class=\"wp-element-caption\">copyright cardon<\/figcaption><\/figure>\n<\/div>\n\n\n<p>Je ne r\u00e9siste pas au plaisir de vous livrer quelques mots \u00e9crits par l\u2019\u00e9crivain belge Jacques Sternberg, au sujet de Cardon, dans \u00ab\u00a0Les chefs d\u2019\u0153uvre du dessin d\u2019humour\u00a0\u00bb, anthologie parue chez Plan\u00e8te en 1968.<\/p>\n\n\n\n<p>\u00ab&nbsp;<em>Ses dessins frappent par la charge de dynamite et de perfection qu\u2019ils contiennent<\/em>&nbsp;\u00bb<\/p>\n\n\n\n<p>\u00ab&nbsp;<em>Cardon est un des dessinateurs satiriques les plus violents qu\u2019on ait eus en France.<\/em>&nbsp;\u00bb<\/p>\n\n\n\n<p>\u00ab\u00a0<em>Il manie l\u2019insolite et l\u2019inqui\u00e9tude, \u2026 ses id\u00e9es sont ahurissantes, son style ne doit rien \u00e0 personne, l\u2019ex\u00e9cution est sans bavures.<\/em>\u00a0\u00bb<\/p>\n\n\n<div class=\"wp-block-image\">\n<figure class=\"aligncenter size-full\"><img data-recalc-dims=\"1\" loading=\"lazy\" decoding=\"async\" width=\"768\" height=\"536\" src=\"https:\/\/i0.wp.com\/bd-chroniques.be\/wp-content\/uploads\/2023\/07\/image-13.png?resize=768%2C536&#038;ssl=1\" alt=\"\" class=\"wp-image-8304\" srcset=\"https:\/\/i0.wp.com\/bd-chroniques.be\/wp-content\/uploads\/2023\/07\/image-13.png?w=1023&amp;ssl=1 1023w, https:\/\/i0.wp.com\/bd-chroniques.be\/wp-content\/uploads\/2023\/07\/image-13.png?resize=300%2C209&amp;ssl=1 300w, https:\/\/i0.wp.com\/bd-chroniques.be\/wp-content\/uploads\/2023\/07\/image-13.png?resize=768%2C536&amp;ssl=1 768w\" sizes=\"auto, (max-width: 768px) 100vw, 768px\" \/><figcaption class=\"wp-element-caption\">copyright cardon<\/figcaption><\/figure>\n<\/div>\n\n\n<p>Ce livre publie les dessins de Cardon entre 1970 et 1976, et force est de reconna\u00eetre que la dynamite annonc\u00e9e en 1968 par Sternberg n\u2019a pas fait long feu, loin s\u2019en faut\u00a0! Elle est toujours aussi virulente, toujours aussi puissante, et si on parle d\u2019humour, c\u2019est d\u2019un humour qui fait grincer des dents plus que sourire.<\/p>\n\n\n\n<p>Il y a chez Cardon moins de d\u00e9sespoir que chez Chaval ou Bosc, il y a moins de po\u00e9sie provocatrice que chez Topor, un peu moins de perfection graphique que chez Gourmelin\u2026 Mais le regard est identique, et terriblement et merveilleusement engag\u00e9.<\/p>\n\n\n<div class=\"wp-block-image\">\n<figure class=\"aligncenter size-full\"><img data-recalc-dims=\"1\" loading=\"lazy\" decoding=\"async\" width=\"480\" height=\"337\" src=\"https:\/\/i0.wp.com\/bd-chroniques.be\/wp-content\/uploads\/2023\/07\/image-14.png?resize=480%2C337&#038;ssl=1\" alt=\"\" class=\"wp-image-8305\" srcset=\"https:\/\/i0.wp.com\/bd-chroniques.be\/wp-content\/uploads\/2023\/07\/image-14.png?w=480&amp;ssl=1 480w, https:\/\/i0.wp.com\/bd-chroniques.be\/wp-content\/uploads\/2023\/07\/image-14.png?resize=300%2C211&amp;ssl=1 300w\" sizes=\"auto, (max-width: 480px) 100vw, 480px\" \/><figcaption class=\"wp-element-caption\">copyright cardon<\/figcaption><\/figure>\n<\/div>\n\n\n<p>Partag\u00e9 en chapitres, chacun d\u2019entre eux consacr\u00e9 \u00e0 une ann\u00e9e, ce livre nous permet de retrouver, presque au quotidien, ce que fut l\u2019histoire de France (et des dictatures \u00e0 travers le monde) entre 1970 et 1976, gr\u00e2ce \u00e0 des t\u00eates de chapitres r\u00e9sumant les points forts \u00e0 chaque fois de l&rsquo;ann\u00e9e concern\u00e9e. <\/p>\n\n\n\n<p>Mais ce qui est important, \u00e9videmment, c\u2019est le talent de Cardon\u2026 Un dessin en noir et blanc, extr\u00eamement expressif, avec, de temps en temps, des moments travaill\u00e9s longuement, et, le plus souvent, des id\u00e9es mises en dessin dans l\u2019imm\u00e9diatet\u00e9 du propos. Mais toujours sans que rien ne soit b\u00e2cl\u00e9\u2026<\/p>\n\n\n<div class=\"wp-block-image\">\n<figure class=\"aligncenter size-large\"><img data-recalc-dims=\"1\" loading=\"lazy\" decoding=\"async\" width=\"768\" height=\"531\" src=\"https:\/\/i0.wp.com\/bd-chroniques.be\/wp-content\/uploads\/2023\/07\/image-15.png?resize=768%2C531&#038;ssl=1\" alt=\"\" class=\"wp-image-8306\" srcset=\"https:\/\/i0.wp.com\/bd-chroniques.be\/wp-content\/uploads\/2023\/07\/image-15.png?resize=1024%2C708&amp;ssl=1 1024w, https:\/\/i0.wp.com\/bd-chroniques.be\/wp-content\/uploads\/2023\/07\/image-15.png?resize=300%2C208&amp;ssl=1 300w, https:\/\/i0.wp.com\/bd-chroniques.be\/wp-content\/uploads\/2023\/07\/image-15.png?resize=768%2C531&amp;ssl=1 768w, https:\/\/i0.wp.com\/bd-chroniques.be\/wp-content\/uploads\/2023\/07\/image-15.png?w=1100&amp;ssl=1 1100w\" sizes=\"auto, (max-width: 768px) 100vw, 768px\" \/><figcaption class=\"wp-element-caption\">copyright cardon<\/figcaption><\/figure>\n<\/div>\n\n\n<p>Je disais que les th\u00e8mes abord\u00e9s par Cardon en ces ann\u00e9es-l\u00e0 sont les m\u00eames que ceux d\u2019aujourd\u2019hui. Jugez-en: la place des voitures, l\u2019immigration, les vieux, le travail et le patronat, les \u00e9lections, le pouvoir politique et le pouvoir du fric, l&rsquo;\u00e9cologie, la pollution, une loi de 1970 dite \u00ab\u00a0anti-casseur\u00a0\u00bb contre les manifestants qui auraient le toupet d\u2019\u00eatre violents\u2026 Et j&rsquo;en passe!<\/p>\n\n\n\n<p>Tout cela est abord\u00e9 par Cardon avec son engagement politique personnel\u2026 Mais ce qui est surtout int\u00e9ressant, c\u2019est de s\u2019apercevoir que cet engagement est surtout humain\u2026 Culturel\u2026 Avec quelques r\u00e9f\u00e9rences \u00e0 Marcel Thiry ou \u00e0 Magritte, par exemple, \u00e0 Pr\u00e9vert aussi, \u00e0 Mac Orlan\u2026<\/p>\n\n\n<div class=\"wp-block-image\">\n<figure class=\"aligncenter size-full\"><img data-recalc-dims=\"1\" loading=\"lazy\" decoding=\"async\" width=\"768\" height=\"538\" src=\"https:\/\/i0.wp.com\/bd-chroniques.be\/wp-content\/uploads\/2023\/07\/image-16.png?resize=768%2C538&#038;ssl=1\" alt=\"\" class=\"wp-image-8307\" srcset=\"https:\/\/i0.wp.com\/bd-chroniques.be\/wp-content\/uploads\/2023\/07\/image-16.png?w=940&amp;ssl=1 940w, https:\/\/i0.wp.com\/bd-chroniques.be\/wp-content\/uploads\/2023\/07\/image-16.png?resize=300%2C210&amp;ssl=1 300w, https:\/\/i0.wp.com\/bd-chroniques.be\/wp-content\/uploads\/2023\/07\/image-16.png?resize=768%2C538&amp;ssl=1 768w\" sizes=\"auto, (max-width: 768px) 100vw, 768px\" \/><figcaption class=\"wp-element-caption\">copyright cardon<\/figcaption><\/figure>\n<\/div>\n\n\n<p>Cardon est un artiste dont les coups de gueule face au quotidien deviennent des dessins\u2026 Des coups de gueule qui sont \u00e0 la fois comme des r\u00eaves et de la col\u00e8re\u2026 Avec, parfois, une forme de surr\u00e9alisme absurde.<\/p>\n\n\n\n<p>Avec aussi quelques phrases en presque-aphorismes&nbsp;: \u00ab&nbsp;<em>combien de joies contient un cercueil&nbsp;?&nbsp;<\/em>\u00bb, \u00ab&nbsp;<em>plus le mur me ressemble, plus je ressemble au mur<\/em>&nbsp;\u00bb&nbsp;!&#8230;<\/p>\n\n\n\n<p>Ce ras le bol de Cardon est sans doute \u00e9galement aussi celui qu\u2019on peut avoir vis-\u00e0-vis d\u2019une soci\u00e9t\u00e9 qui n\u2019a fait, semble-t-il, depuis 1970, que mal \u00e9voluer\u2026<\/p>\n\n\n\n<p>Il ne faisait pas plus beau hier qu\u2019aujourd\u2019hui, loin de l\u00e0&nbsp;! Mais hier, on se battait au quotidien pour la libert\u00e9\u2026 Celle de l\u2019individu aussi\u2026 Un mot qui revient dans ce livre, un mot qui r\u00e9sume, \u00e0 lui tout seul, le travail et l\u2019art de Cardon&nbsp;!<\/p>\n\n\n\n<p><strong>Jacques et Josiane Schra\u00fbwen<\/strong><\/p>\n\n\n\n<p><strong>Ras le bol (auteur&nbsp;: Cardon \u2013 \u00e9diteur&nbsp;: Les Requins Marteaux et Super Loto \u00e9ditions \u2013 2023 &#8211; 255 pages)<\/strong><\/p>\n","protected":false},"excerpt":{"rendered":"<p>On ne dira jamais assez combien le d\u00e9but des ann\u00e9es 70 a \u00e9t\u00e9 une \u00e9poque d\u2019invention, de libert\u00e9 revendiqu\u00e9es et assum\u00e9es, d\u2019intelligence jamais format\u00e9e dans les dessins qui faisaient briller la presse dite d\u2019opinion\u2026 Et voici donc un recueil des dessins de presse (dans le journal \u00ab\u00a0Humanit\u00e9\u00a0\u00bb essentiellement) r\u00e9alis\u00e9s par Cardon de l\u2019ann\u00e9e 1970 \u00e0 [&hellip;]<\/p>\n","protected":false},"author":1,"featured_media":8300,"comment_status":"open","ping_status":"open","sticky":false,"template":"","format":"standard","meta":{"jetpack_post_was_ever_published":false,"_jetpack_newsletter_access":"","_jetpack_dont_email_post_to_subs":false,"_jetpack_newsletter_tier_id":0,"_jetpack_memberships_contains_paywalled_content":false,"_jetpack_memberships_contains_paid_content":false,"footnotes":"","jetpack_publicize_message":"","jetpack_publicize_feature_enabled":true,"jetpack_social_post_already_shared":true,"jetpack_social_options":{"image_generator_settings":{"template":"highway","default_image_id":0,"font":"","enabled":false},"version":2}},"categories":[23,29],"tags":[],"class_list":["post-8299","post","type-post","status-publish","format-standard","has-post-thumbnail","hentry","category-bd-de-m-a-r","category-r"],"jetpack_publicize_connections":[],"jetpack_featured_media_url":"https:\/\/i0.wp.com\/bd-chroniques.be\/wp-content\/uploads\/2023\/07\/cardon.jpeg?fit=1200%2C863&ssl=1","jetpack_shortlink":"https:\/\/wp.me\/p8dqsu-29R","jetpack_likes_enabled":true,"jetpack_sharing_enabled":true,"_links":{"self":[{"href":"https:\/\/bd-chroniques.be\/index.php\/wp-json\/wp\/v2\/posts\/8299","targetHints":{"allow":["GET"]}}],"collection":[{"href":"https:\/\/bd-chroniques.be\/index.php\/wp-json\/wp\/v2\/posts"}],"about":[{"href":"https:\/\/bd-chroniques.be\/index.php\/wp-json\/wp\/v2\/types\/post"}],"author":[{"embeddable":true,"href":"https:\/\/bd-chroniques.be\/index.php\/wp-json\/wp\/v2\/users\/1"}],"replies":[{"embeddable":true,"href":"https:\/\/bd-chroniques.be\/index.php\/wp-json\/wp\/v2\/comments?post=8299"}],"version-history":[{"count":1,"href":"https:\/\/bd-chroniques.be\/index.php\/wp-json\/wp\/v2\/posts\/8299\/revisions"}],"predecessor-version":[{"id":8308,"href":"https:\/\/bd-chroniques.be\/index.php\/wp-json\/wp\/v2\/posts\/8299\/revisions\/8308"}],"wp:featuredmedia":[{"embeddable":true,"href":"https:\/\/bd-chroniques.be\/index.php\/wp-json\/wp\/v2\/media\/8300"}],"wp:attachment":[{"href":"https:\/\/bd-chroniques.be\/index.php\/wp-json\/wp\/v2\/media?parent=8299"}],"wp:term":[{"taxonomy":"category","embeddable":true,"href":"https:\/\/bd-chroniques.be\/index.php\/wp-json\/wp\/v2\/categories?post=8299"},{"taxonomy":"post_tag","embeddable":true,"href":"https:\/\/bd-chroniques.be\/index.php\/wp-json\/wp\/v2\/tags?post=8299"}],"curies":[{"name":"wp","href":"https:\/\/api.w.org\/{rel}","templated":true}]}}