{"id":830,"date":"2017-06-30T09:29:25","date_gmt":"2017-06-30T07:29:25","guid":{"rendered":"http:\/\/bd-chroniques.be\/?p=830"},"modified":"2017-06-30T09:29:25","modified_gmt":"2017-06-30T07:29:25","slug":"le-temps-du-reve-1-ocre","status":"publish","type":"post","link":"https:\/\/bd-chroniques.be\/index.php\/2017\/06\/30\/le-temps-du-reve-1-ocre\/","title":{"rendered":"Le Temps du R\u00eave : 1. Ocre"},"content":{"rendered":"<div class=\"rtbf-paragraph\">\n<p>Une histoire qui parle des Aborig\u00e8nes, de l\u2019art et de la sp\u00e9culation, d\u2019une enfance vol\u00e9e, d\u2019une jeunesse retrouv\u00e9e, de la n\u00e9cessit\u00e9 du voyage, m\u00eame r\u00eav\u00e9\u2026<\/p>\n<\/div>\n<div class=\"rtbf-paragraph  clearfix\">\n<figure class=\"www-media custom_large www-media--last js-gallery-figure\"><a id=\"image-9133403\" class=\"www-media-fullscreen js-gallery-image\" href=\"https:\/\/i0.wp.com\/ds1.static.rtbf.be\/article\/image\/1240x800\/2\/1\/4\/a29097512ff9c910e54433b48e3e0bb1-1498726650.jpg?ssl=1\" target=\"_blank\" rel=\"noopener\" data-id=\"9133403\"><img data-recalc-dims=\"1\" decoding=\"async\" class=\"img-responsive www-img-full  lazyloaded\" title=\"Le temps du r\u00eave\" src=\"https:\/\/i0.wp.com\/ds1.static.rtbf.be\/article\/image\/370xAuto\/2\/1\/4\/a29097512ff9c910e54433b48e3e0bb1-1498726650.jpg?w=768&#038;ssl=1\" sizes=\"(min-width: 1200px) calc(992px*0.66), (min-width: 992px) 66vw, 100vw\" srcset=\"https:\/\/ds1.static.rtbf.be\/article\/image\/370xAuto\/2\/1\/4\/a29097512ff9c910e54433b48e3e0bb1-1498726650.jpg 370w,https:\/\/ds1.static.rtbf.be\/article\/image\/770xAuto\/2\/1\/4\/a29097512ff9c910e54433b48e3e0bb1-1498726650.jpg 770w,https:\/\/ds1.static.rtbf.be\/article\/image\/1248xAuto\/2\/1\/4\/a29097512ff9c910e54433b48e3e0bb1-1498726650.jpg 1248w\" alt=\"Le temps du r\u00eave\" data-sizes=\"(min-width: 1200px) calc(992px*0.66), (min-width: 992px) 66vw, 100vw\" data-srcset=\"https:\/\/ds1.static.rtbf.be\/article\/image\/370xAuto\/2\/1\/4\/a29097512ff9c910e54433b48e3e0bb1-1498726650.jpg 370w,https:\/\/ds1.static.rtbf.be\/article\/image\/770xAuto\/2\/1\/4\/a29097512ff9c910e54433b48e3e0bb1-1498726650.jpg 770w,https:\/\/ds1.static.rtbf.be\/article\/image\/1248xAuto\/2\/1\/4\/a29097512ff9c910e54433b48e3e0bb1-1498726650.jpg 1248w\" \/><i class=\"ico ico-circle ico-stack-2x www-media-enlarge__bg\"><\/i><i class=\"ico ico-expand ico-stack-1x ico-inverse www-media-enlarge__icon\"><\/i><\/a><figcaption class=\"www-media-caption\"><em><span class=\"www-media-caption__text\">Le temps du r\u00eave &#8211; \u00a9 Cerises &amp; Coquelicots<\/span><\/em><\/figcaption><\/figure>\n<p>&nbsp;<\/p>\n<p>Lyon, 1968.<\/p>\n<p>Urbin Molins, commissaire-priseur, commet un geste qui peut d\u00e9truire toute sa r\u00e9putation, toute son existence m\u00eame : il vole un tableau qu\u2019il a vendu \u00e0 une comtesse amoureuse des arts bruts\u2026<\/p>\n<p>Il s\u2019agit d\u2019un visage, celui d\u2019une femme incontestablement aborig\u00e8ne, un visage \u00e0 la fois na\u00eff et extr\u00eamement pr\u00e9sent de par son regard, de par les couleurs qui le construisent, aussi, des couleurs appliqu\u00e9es uniquement avec les doigts.<\/p>\n<p>Urbin, envo\u00fbt\u00e9 par ce tableau, \u00e9pouvant\u00e9 aussi par son geste, par l\u2019enqu\u00eate qui tourne autour de lui, par la pr\u00e9sence, dans l\u2019ombre, de deux hommes qui semblent \u00eatre des d\u00e9tectives priv\u00e9s, va chercher \u00e0 fuir tout cela dans le Sud de la France. Dans le village de son enfance\u2026<\/p>\n<p>Et l\u00e0, toujours sans comprendre ce qui l\u2019a subjugu\u00e9 dans ce tableau \u00e9trange et lumineux, il va replonger non seulement dans son propre pass\u00e9, mais surtout y retrouver des sensations et des envies perdues. Celle, par exemple, de r\u00e9parer un vieux bateau qui appartenait \u00e0 son p\u00e8re. Il va \u00e9galement red\u00e9couvrir, sous le\u00a0 soleil du Midi, ce qu\u2019est la solidarit\u00e9, la vie dans un petit village o\u00f9 tout le monde se conna\u00eet.<\/p>\n<p>Il va surtout faire deux rencontres. Marilyn, d\u2019abord, une amie d\u2019enfance, qui lui offre son aide, ses sourires, sa pr\u00e9sence. Et puis, une jeune fille \u00e0 la couleur sombre, aux cheveux en \u00a0\u00bb frisettes \u00ab\u00a0, une enfant \u00e0 peine adolescente qui peint, avec un sens aigu des couleurs et de l\u2019onirisme. Qui peint avec ses doigts uniquement&#8230;<\/p>\n<\/div>\n<div class=\"rtbf-paragraph  clearfix\">\n<figure class=\"www-media custom_large www-media--last js-gallery-figure\"><a id=\"image-9133404\" class=\"www-media-fullscreen js-gallery-image\" href=\"https:\/\/i0.wp.com\/ds1.static.rtbf.be\/article\/image\/1240x800\/9\/3\/4\/e24ebb53c7606d0735adf256652a2f2e-1498726788.jpg?ssl=1\" target=\"_blank\" rel=\"noopener\" data-id=\"9133404\"><img data-recalc-dims=\"1\" decoding=\"async\" class=\"img-responsive www-img-full  lazyloaded\" title=\"Le temps du r\u00eave\" src=\"https:\/\/i0.wp.com\/ds1.static.rtbf.be\/article\/image\/370xAuto\/9\/3\/4\/e24ebb53c7606d0735adf256652a2f2e-1498726788.jpg?w=768&#038;ssl=1\" sizes=\"(min-width: 1200px) calc(992px*0.66), (min-width: 992px) 66vw, 100vw\" srcset=\"https:\/\/ds1.static.rtbf.be\/article\/image\/370xAuto\/9\/3\/4\/e24ebb53c7606d0735adf256652a2f2e-1498726788.jpg 370w,https:\/\/ds1.static.rtbf.be\/article\/image\/770xAuto\/9\/3\/4\/e24ebb53c7606d0735adf256652a2f2e-1498726788.jpg 770w,https:\/\/ds1.static.rtbf.be\/article\/image\/1248xAuto\/9\/3\/4\/e24ebb53c7606d0735adf256652a2f2e-1498726788.jpg 1248w\" alt=\"Le temps du r\u00eave\" data-sizes=\"(min-width: 1200px) calc(992px*0.66), (min-width: 992px) 66vw, 100vw\" data-srcset=\"https:\/\/ds1.static.rtbf.be\/article\/image\/370xAuto\/9\/3\/4\/e24ebb53c7606d0735adf256652a2f2e-1498726788.jpg 370w,https:\/\/ds1.static.rtbf.be\/article\/image\/770xAuto\/9\/3\/4\/e24ebb53c7606d0735adf256652a2f2e-1498726788.jpg 770w,https:\/\/ds1.static.rtbf.be\/article\/image\/1248xAuto\/9\/3\/4\/e24ebb53c7606d0735adf256652a2f2e-1498726788.jpg 1248w\" \/><i class=\"ico ico-circle ico-stack-2x www-media-enlarge__bg\"><\/i><i class=\"ico ico-expand ico-stack-1x ico-inverse www-media-enlarge__icon\"><\/i><\/a><figcaption class=\"www-media-caption\"><em><span class=\"www-media-caption__text\">Le temps du r\u00eave &#8211; \u00a9 Cerises &amp; Coquelicots<\/span><\/em><\/figcaption><\/figure>\n<p>&nbsp;<\/p>\n<p>Tout cela pourrait n\u2019\u00eatre qu\u2019une bd polici\u00e8re traditionnelle, sans plus. Mais il n\u2019en est rien ! Parce que l\u2019enqu\u00eate, tout compte fait, n\u2019a que peu d\u2019importance. C\u2019est au profond de ses personnages que l\u2019auteur, <strong>H. Tonton<\/strong>, s\u2019enfouit et nous emm\u00e8ne \u00e0 sa suite. Et les questions premi\u00e8res qui peuvent se poser : de qui est ce tableau, qui repr\u00e9sente-t-il, qui l\u2019a peint, trouvent tr\u00e8s vite une r\u00e9ponse. Et ce n\u2019est\u00a0 pas la r\u00e9ponse qui est importante, finalement, mais la mani\u00e8re de l\u2019assumer, pour Urbin, notable petit bourgeois qui se voit dans l\u2019obligation de retrouver ses\u00a0 r\u00eaves enfuis.<\/p>\n<p>Au-del\u00e0 de l\u2019intrigue, donc, une intrigue tout compte fait lin\u00e9aire, il y a dans ce livre, dans ce r\u00e9cit, quelques vraies r\u00e9flexions.<\/p>\n<p>Sur le r\u00eave et ses papillons bleus, d\u2019abord\u2026 Sur l\u2019art et les fa\u00e7ons diff\u00e9rentes de l\u2019appr\u00e9hender dans des pays lointains ou ici, en Europe, o\u00f9 il se r\u00e9v\u00e8le surtout objet de sp\u00e9culation et de convoitise mercantile.<\/p>\n<p>\u00a0\u00bb Le temps du r\u00eave \u00ab\u00a0, c\u2019est le retour d\u2019un homme m\u00fbr dans ce qu\u2019il a oubli\u00e9 de son enfance : ses songes, ses d\u00e9sirs, ses n\u00e9cessit\u00e9s d\u2019aventure, au sens le plus large du terme, des aventures symbolis\u00e9es par ce bateau qu\u2019il retape et qui, peut-\u00eatre, pourra le faire voyager en des ailleurs imagin\u00e9s.<\/p>\n<p>C\u2019est, d\u2019abord et avant tout, une aventure humaine au dessin extr\u00eamement lumineux. Sans tape-\u00e0-l\u2019\u0153il inutile, H. Tonton, l\u2019auteur complet de cet album, cr\u00e9e un texte limpide, un peu \u00e0 la \u00a0\u00bb Lupano \u00ab\u00a0, tr\u00e8s quotidien parfois, sauf lorsque c\u2019est d\u2019art qu\u2019il s\u2019agit. Son dessin n\u2019use \u00e0 aucun moment d\u2019effets sp\u00e9ciaux et choisit, gr\u00e2ce \u00e0 la couleur, de privil\u00e9gier l\u2019ambiance, les environnements, qu\u2019ils soient citadins ou campagnards, et, surtout, la lumi\u00e8re, celle du midi, celle qui fait chanter les visages, les sourires et les regards !<\/p>\n<\/div>\n<div class=\"rtbf-paragraph  clearfix\">\n<figure class=\"www-media custom_large www-media--last js-gallery-figure\"><a id=\"image-9133405\" class=\"www-media-fullscreen js-gallery-image\" href=\"https:\/\/i0.wp.com\/ds1.static.rtbf.be\/article\/image\/1240x800\/1\/b\/6\/af518c9d41f1fce52ffc222c6a7877fe-1498726853.jpg?ssl=1\" target=\"_blank\" rel=\"noopener\" data-id=\"9133405\"><img data-recalc-dims=\"1\" decoding=\"async\" class=\"img-responsive www-img-full  lazyloaded\" title=\"Le temps du r\u00eave\" src=\"https:\/\/i0.wp.com\/ds1.static.rtbf.be\/article\/image\/370xAuto\/1\/b\/6\/af518c9d41f1fce52ffc222c6a7877fe-1498726853.jpg?w=768&#038;ssl=1\" sizes=\"(min-width: 1200px) calc(992px*0.66), (min-width: 992px) 66vw, 100vw\" srcset=\"https:\/\/ds1.static.rtbf.be\/article\/image\/370xAuto\/1\/b\/6\/af518c9d41f1fce52ffc222c6a7877fe-1498726853.jpg 370w,https:\/\/ds1.static.rtbf.be\/article\/image\/770xAuto\/1\/b\/6\/af518c9d41f1fce52ffc222c6a7877fe-1498726853.jpg 770w,https:\/\/ds1.static.rtbf.be\/article\/image\/1248xAuto\/1\/b\/6\/af518c9d41f1fce52ffc222c6a7877fe-1498726853.jpg 1248w\" alt=\"Le temps du r\u00eave\" data-sizes=\"(min-width: 1200px) calc(992px*0.66), (min-width: 992px) 66vw, 100vw\" data-srcset=\"https:\/\/ds1.static.rtbf.be\/article\/image\/370xAuto\/1\/b\/6\/af518c9d41f1fce52ffc222c6a7877fe-1498726853.jpg 370w,https:\/\/ds1.static.rtbf.be\/article\/image\/770xAuto\/1\/b\/6\/af518c9d41f1fce52ffc222c6a7877fe-1498726853.jpg 770w,https:\/\/ds1.static.rtbf.be\/article\/image\/1248xAuto\/1\/b\/6\/af518c9d41f1fce52ffc222c6a7877fe-1498726853.jpg 1248w\" \/><i class=\"ico ico-circle ico-stack-2x www-media-enlarge__bg\"><\/i><i class=\"ico ico-expand ico-stack-1x ico-inverse www-media-enlarge__icon\"><\/i><\/a><figcaption class=\"www-media-caption\"><em><span class=\"www-media-caption__text\">Le temps du r\u00eave &#8211; \u00a9 Cerises &amp; Coquelicots<\/span><\/em><\/figcaption><\/figure>\n<p>&nbsp;<\/p>\n<p>Je me dois d\u2019avouer que je ne connaissais ni cet auteur, ni cette maison d\u2019\u00e9dition situ\u00e9e, si je ne m\u2019abuse, dans le Var.<\/p>\n<p>Et la d\u00e9couverte est bien agr\u00e9able, croyez-moi ! J\u2019aime ces livres qui, sous couvert d\u2019une intrigue d\u2019aspect classique, aiment \u00e0 s\u2019aventurer dans des directions tr\u00e8s vari\u00e9es, tr\u00e8s humaines, proches des personnages, tr\u00e8s humanistes aussi, puisqu\u2019ici, on parle aussi d\u2019une forme d\u2019immigration\u2026<\/p>\n<p>Demandez \u00e0 votre libraire de vous commander ce livre, dont j\u2019attends la suite avec impatience, vous ne le regretterez pas, croyez-moi !<\/p>\n<p>&nbsp;<\/p>\n<p><strong>Jacques Schra\u00fbwen<\/strong><\/p>\n<p><strong>Le Temps du R\u00eave : 1. Ocre (auteur : H. Tonton \u2013 \u00e9diteur : Cerises &amp; Coquelicots)<\/strong><\/p>\n<\/div>\n","protected":false},"excerpt":{"rendered":"<p>Une histoire qui parle des Aborig\u00e8nes, de l\u2019art et de la sp\u00e9culation, d\u2019une enfance vol\u00e9e, d\u2019une jeunesse retrouv\u00e9e, de la n\u00e9cessit\u00e9 du voyage, m\u00eame r\u00eav\u00e9\u2026 Le temps du r\u00eave &#8211; \u00a9 Cerises &amp; Coquelicots &nbsp; Lyon, 1968. Urbin Molins, commissaire-priseur, commet un geste qui peut d\u00e9truire toute sa r\u00e9putation, toute son existence m\u00eame : il [&hellip;]<\/p>\n","protected":false},"author":1,"featured_media":831,"comment_status":"open","ping_status":"open","sticky":false,"template":"","format":"standard","meta":{"jetpack_post_was_ever_published":false,"_jetpack_newsletter_access":"","_jetpack_dont_email_post_to_subs":false,"_jetpack_newsletter_tier_id":0,"_jetpack_memberships_contains_paywalled_content":false,"_jetpack_memberships_contains_paid_content":false,"footnotes":"","jetpack_publicize_message":"","jetpack_publicize_feature_enabled":true,"jetpack_social_post_already_shared":true,"jetpack_social_options":{"image_generator_settings":{"template":"highway","default_image_id":0,"font":"","enabled":false},"version":2}},"categories":[3,8],"tags":[],"class_list":["post-830","post","type-post","status-publish","format-standard","has-post-thumbnail","hentry","category-bd-de-s-a-z","category-t"],"jetpack_publicize_connections":[],"jetpack_featured_media_url":"https:\/\/i0.wp.com\/bd-chroniques.be\/wp-content\/uploads\/2017\/06\/528c2f009b9140279387ff0c1c8d2e16-1498726505.jpg?fit=1248%2C701&ssl=1","jetpack_shortlink":"https:\/\/wp.me\/p8dqsu-do","jetpack_likes_enabled":true,"jetpack_sharing_enabled":true,"_links":{"self":[{"href":"https:\/\/bd-chroniques.be\/index.php\/wp-json\/wp\/v2\/posts\/830","targetHints":{"allow":["GET"]}}],"collection":[{"href":"https:\/\/bd-chroniques.be\/index.php\/wp-json\/wp\/v2\/posts"}],"about":[{"href":"https:\/\/bd-chroniques.be\/index.php\/wp-json\/wp\/v2\/types\/post"}],"author":[{"embeddable":true,"href":"https:\/\/bd-chroniques.be\/index.php\/wp-json\/wp\/v2\/users\/1"}],"replies":[{"embeddable":true,"href":"https:\/\/bd-chroniques.be\/index.php\/wp-json\/wp\/v2\/comments?post=830"}],"version-history":[{"count":1,"href":"https:\/\/bd-chroniques.be\/index.php\/wp-json\/wp\/v2\/posts\/830\/revisions"}],"predecessor-version":[{"id":832,"href":"https:\/\/bd-chroniques.be\/index.php\/wp-json\/wp\/v2\/posts\/830\/revisions\/832"}],"wp:featuredmedia":[{"embeddable":true,"href":"https:\/\/bd-chroniques.be\/index.php\/wp-json\/wp\/v2\/media\/831"}],"wp:attachment":[{"href":"https:\/\/bd-chroniques.be\/index.php\/wp-json\/wp\/v2\/media?parent=830"}],"wp:term":[{"taxonomy":"category","embeddable":true,"href":"https:\/\/bd-chroniques.be\/index.php\/wp-json\/wp\/v2\/categories?post=830"},{"taxonomy":"post_tag","embeddable":true,"href":"https:\/\/bd-chroniques.be\/index.php\/wp-json\/wp\/v2\/tags?post=830"}],"curies":[{"name":"wp","href":"https:\/\/api.w.org\/{rel}","templated":true}]}}