{"id":8441,"date":"2023-09-20T10:02:21","date_gmt":"2023-09-20T08:02:21","guid":{"rendered":"https:\/\/bd-chroniques.be\/?p=8441"},"modified":"2023-09-20T10:02:21","modified_gmt":"2023-09-20T08:02:21","slug":"tintin-numero-special-77-ans","status":"publish","type":"post","link":"https:\/\/bd-chroniques.be\/index.php\/2023\/09\/20\/tintin-numero-special-77-ans\/","title":{"rendered":"Tintin \u2013 num\u00e9ro sp\u00e9cial 77 ans"},"content":{"rendered":"\n<p>Un album \u00ab&nbsp;hommage&nbsp;\u00bb \u00e0 des auteurs qui ont fait, jusqu\u2019en 1988, les beaux jours de bien cds enfances\u2026 Un album nostalgique&nbsp;?&#8230; Oui, sans aucun doute. Mais pas uniquement&nbsp;!&#8230;<\/p>\n\n\n<div class=\"wp-block-image\">\n<figure class=\"aligncenter size-full\"><img data-recalc-dims=\"1\" loading=\"lazy\" decoding=\"async\" width=\"615\" height=\"900\" src=\"https:\/\/i0.wp.com\/bd-chroniques.be\/wp-content\/uploads\/2023\/09\/image-22.png?resize=615%2C900&#038;ssl=1\" alt=\"\" class=\"wp-image-8443\" srcset=\"https:\/\/i0.wp.com\/bd-chroniques.be\/wp-content\/uploads\/2023\/09\/image-22.png?w=615&amp;ssl=1 615w, https:\/\/i0.wp.com\/bd-chroniques.be\/wp-content\/uploads\/2023\/09\/image-22.png?resize=205%2C300&amp;ssl=1 205w\" sizes=\"auto, (max-width: 615px) 100vw, 615px\" \/><figcaption class=\"wp-element-caption\">copyright moulinsart-le lombard<\/figcaption><\/figure>\n<\/div>\n\n\n<p>Ce sont 80 auteurs, dessinateurs et sc\u00e9naristes, qui illustrent cette nostalgie. Des auteurs qui ont, certes, grandi en lisant les pages d\u2019un magazine d\u00e9sormais d\u00e9funt, mais des auteurs, aussi, beaucoup plus jeunes\u2026 Et ces rencontres entre un pass\u00e9 r\u00e9volu et des artistes d\u2019aujourd\u2019hui forment une sorte de paysage improbable d\u2019une aventure litt\u00e9raire exceptionnelle&nbsp;: celle de la bande dessin\u00e9e.<\/p>\n\n\n<div class=\"wp-block-image\">\n<figure class=\"aligncenter size-large\"><img data-recalc-dims=\"1\" loading=\"lazy\" decoding=\"async\" width=\"768\" height=\"1024\" src=\"https:\/\/i0.wp.com\/bd-chroniques.be\/wp-content\/uploads\/2023\/09\/image-23.png?resize=768%2C1024&#038;ssl=1\" alt=\"\" class=\"wp-image-8444\" srcset=\"https:\/\/i0.wp.com\/bd-chroniques.be\/wp-content\/uploads\/2023\/09\/image-23.png?resize=768%2C1024&amp;ssl=1 768w, https:\/\/i0.wp.com\/bd-chroniques.be\/wp-content\/uploads\/2023\/09\/image-23.png?resize=225%2C300&amp;ssl=1 225w, https:\/\/i0.wp.com\/bd-chroniques.be\/wp-content\/uploads\/2023\/09\/image-23.png?resize=1152%2C1536&amp;ssl=1 1152w, https:\/\/i0.wp.com\/bd-chroniques.be\/wp-content\/uploads\/2023\/09\/image-23.png?w=1200&amp;ssl=1 1200w\" sizes=\"auto, (max-width: 768px) 100vw, 768px\" \/><figcaption class=\"wp-element-caption\">copyright moulinsart-le lombard<\/figcaption><\/figure>\n<\/div>\n\n\n<p>Ce livre, \u00e9pais de quelque 400 pages, ne se contente pas de dessins\u2026 Il s\u2019ouvre d\u2019ailleurs sur un article de Daniel Couvreur qui, dans un style vif, document\u00e9, nous parle de l\u2019univers de Tintin, en nous disant qu\u2019il s\u2019enrichit du temps qui passe. Un article de fond, donc, qui est un peu comme un pan\u00e9gyrique d\u2019Herg\u00e9 et de son \u0153uvre. C\u2019est son admiration pour un artiste qui occupe une place importante dans le monde du neuvi\u00e8me art qui transpara\u00eet au travers des propos de Daniel Couvreur, peut-\u00eatre parfois trop louangeurs. Mais c\u2019est, je le r\u00e9p\u00e8te, un article honn\u00eate et extr\u00eamement bien fouill\u00e9.<\/p>\n\n\n<div class=\"wp-block-image\">\n<figure class=\"aligncenter size-full\"><img data-recalc-dims=\"1\" loading=\"lazy\" decoding=\"async\" width=\"640\" height=\"360\" src=\"https:\/\/i0.wp.com\/bd-chroniques.be\/wp-content\/uploads\/2023\/09\/image-24.png?resize=640%2C360&#038;ssl=1\" alt=\"\" class=\"wp-image-8445\" srcset=\"https:\/\/i0.wp.com\/bd-chroniques.be\/wp-content\/uploads\/2023\/09\/image-24.png?w=640&amp;ssl=1 640w, https:\/\/i0.wp.com\/bd-chroniques.be\/wp-content\/uploads\/2023\/09\/image-24.png?resize=300%2C169&amp;ssl=1 300w\" sizes=\"auto, (max-width: 640px) 100vw, 640px\" \/><figcaption class=\"wp-element-caption\">(Romain Renard) copyright moulinsart-le lombard<\/figcaption><\/figure>\n<\/div>\n\n\n<p>Plus loin dans l\u2019album, un deuxi\u00e8me article vient temp\u00e9rer le portrait encenseur du \u00ab&nbsp;ma\u00eetre&nbsp;\u00bb Herg\u00e9. Un article de J\u00e9r\u00f4me Dupuis, intitul\u00e9 \u00ab&nbsp;Les fabuleuses aventures du journal Tintin&nbsp;\u00bb. Un texte dans lequel l\u2019auteur nous dresse le portrait d\u2019un journal et de sa vie au quotidien, ai-je envie de dire\u2026 Un article dans lequel la figure embl\u00e9matique d\u2019Herg\u00e9 nous est montr\u00e9e sans fards\u2026 Sans faux-semblants\u2026 Herg\u00e9 n\u2019\u00e9tait pas un saint, loin de l\u00e0, et J\u00e9r\u00f4me Dupuis nous le montre en ma\u00eetre incontest\u00e9 (et obligatoirement incontestable et donc \u00e0 contester) d\u2019une ligne \u00e9ditoriale (et graphique) qu\u2019il imposait fermement. Les conflits furent nombreux entre Herg\u00e9 et ses \u00ab&nbsp;employ\u00e9s&nbsp;\u00bb, et plusieurs nous sont racont\u00e9s dans cet article\u2026 Mais ce qui nous y est aussi et surtout racont\u00e9, c\u2019est le creuset extraordinaire qu\u2019a \u00e9t\u00e9 le magazine Tintin, sous Herg\u00e9, mais aussi sous des r\u00e9dacteurs en chef comme Greg. C\u2019est apr\u00e8s Herg\u00e9, en effet, que sont n\u00e9es des bandes dessin\u00e9es, dans les pages de \u00ab&nbsp;Tintin&nbsp;\u00bb, qui, peu \u00e0 peu, ont transform\u00e9 les petits mickeys bien- pensants en \u0153uvres de plus en plus adultes dans leurs th\u00e9matiques, mais toujours destin\u00e9es \u00e0 tous les publics\u2026<\/p>\n\n\n<div class=\"wp-block-image\">\n<figure class=\"aligncenter size-full\"><img data-recalc-dims=\"1\" loading=\"lazy\" decoding=\"async\" width=\"578\" height=\"768\" src=\"https:\/\/i0.wp.com\/bd-chroniques.be\/wp-content\/uploads\/2023\/09\/image-25.png?resize=578%2C768&#038;ssl=1\" alt=\"\" class=\"wp-image-8446\" srcset=\"https:\/\/i0.wp.com\/bd-chroniques.be\/wp-content\/uploads\/2023\/09\/image-25.png?w=578&amp;ssl=1 578w, https:\/\/i0.wp.com\/bd-chroniques.be\/wp-content\/uploads\/2023\/09\/image-25.png?resize=226%2C300&amp;ssl=1 226w\" sizes=\"auto, (max-width: 578px) 100vw, 578px\" \/><figcaption class=\"wp-element-caption\">(Ers) copyright moulinsart-le lombard<\/figcaption><\/figure>\n<\/div>\n\n\n<p>Un troisi\u00e8me article analyse de mani\u00e8re s\u00e9rieuse, avec des interviews, ce que fut la place de la femme dans le journal des jeunes de 7 \u00e0 77 ans. Anne-Claire Norot&nbsp; fait \u0153uvre, en quelque sorte, d\u2019historienne de la bd, \u00e0 travers le prisme d\u2019une \u00e9volution qui ne fut pas toujours ais\u00e9e, loin s\u2019en faut, \u00e9volution soci\u00e9tale et, donc \u00e9galement, artistique\u2026 Il y eut des pr\u00e9sences f\u00e9minines dans les r\u00e9cits parus dans \u00abTintin&nbsp;\u00bb, mais correspondant toujours \u00e0 une \u00e9poque bien pr\u00e9cise\u2026 Chez Michel Vaillant comme chez Modeste et Pompon, les femmes sont secondaires\u2026 Quant aux autrices, c\u2019est avec Liliane Funcken qu\u2019elles ont commenc\u00e9, discr\u00e8tement, \u00e0 se r\u00e9v\u00e9ler, jusqu\u2019\u00e0 ce que naissent, de nos jours, des autrices exceptionnelles comme Alix Garin, Mobidic, Clara Lodewick, et bien d\u2019autres encore.<\/p>\n\n\n<div class=\"wp-block-image\">\n<figure class=\"aligncenter size-full\"><img data-recalc-dims=\"1\" loading=\"lazy\" decoding=\"async\" width=\"581\" height=\"773\" src=\"https:\/\/i0.wp.com\/bd-chroniques.be\/wp-content\/uploads\/2023\/09\/image-26.png?resize=581%2C773&#038;ssl=1\" alt=\"\" class=\"wp-image-8447\" srcset=\"https:\/\/i0.wp.com\/bd-chroniques.be\/wp-content\/uploads\/2023\/09\/image-26.png?w=581&amp;ssl=1 581w, https:\/\/i0.wp.com\/bd-chroniques.be\/wp-content\/uploads\/2023\/09\/image-26.png?resize=225%2C300&amp;ssl=1 225w\" sizes=\"auto, (max-width: 581px) 100vw, 581px\" \/><figcaption class=\"wp-element-caption\">(Dutreuil) copyright moulinsart-le lombard<\/figcaption><\/figure>\n<\/div>\n\n\n<p>Un dernier article, de Julien Bisson, nous montre que, certes journal pour jeunes, Tintin s\u2019est quand m\u00eame tr\u00e8s souvent ouvert \u00e0 des th\u00e8mes s\u00e9rieux, au fil des \u00e9poques travers\u00e9es par ce magazine\u2026 \u00ab&nbsp;La multiplicit\u00e9 des genres&nbsp;\u00bb, pour les sc\u00e9narios comme pour les graphismes, a permis aux lecteurs de d\u00e9couvrir des personnages comme \u00ab&nbsp;Simon du Fleuve&nbsp;\u00bb, \u00ab&nbsp;les Scorpions du d\u00e9sert&nbsp;\u00bb, et l\u2019\u00e9poustouflant et trop oubli\u00e9 \u00ab&nbsp;Martin Milan&nbsp;\u00bb (oubli\u00e9, oui, jusque dans les pages de cet hommage\u2026).<\/p>\n\n\n<div class=\"wp-block-image\">\n<figure class=\"aligncenter size-large\"><img data-recalc-dims=\"1\" loading=\"lazy\" decoding=\"async\" width=\"768\" height=\"1015\" src=\"https:\/\/i0.wp.com\/bd-chroniques.be\/wp-content\/uploads\/2023\/09\/image-27.png?resize=768%2C1015&#038;ssl=1\" alt=\"\" class=\"wp-image-8449\" srcset=\"https:\/\/i0.wp.com\/bd-chroniques.be\/wp-content\/uploads\/2023\/09\/image-27.png?resize=775%2C1024&amp;ssl=1 775w, https:\/\/i0.wp.com\/bd-chroniques.be\/wp-content\/uploads\/2023\/09\/image-27.png?resize=227%2C300&amp;ssl=1 227w, https:\/\/i0.wp.com\/bd-chroniques.be\/wp-content\/uploads\/2023\/09\/image-27.png?resize=768%2C1015&amp;ssl=1 768w, https:\/\/i0.wp.com\/bd-chroniques.be\/wp-content\/uploads\/2023\/09\/image-27.png?w=854&amp;ssl=1 854w\" sizes=\"auto, (max-width: 768px) 100vw, 768px\" \/><figcaption class=\"wp-element-caption\">(Zuttion) copyright moulinsart-le lombard<\/figcaption><\/figure>\n<\/div>\n\n\n<p>Cela dit, cet album-hommage est surtout un objet \u00ab&nbsp;dessin\u00e9&nbsp;\u00bb qui m\u00e9rite le d\u00e9tour, largement&nbsp;! Et qu\u2019il y ait des oubli\u00e9s, comme Christian Godard, Dany Futuro, Chick Bill, et d&rsquo;autres, c\u2019est tout compte fait normal\u2026 Tant et tant d\u2019artistes importants, essentiels parfois, sont pass\u00e9s par les pages de ce journal dont les h\u00e9ros r\u00e9ussissent encore et encore, pour ma plupart d\u2019entre eux, \u00e0 ne pas vieillir!<\/p>\n\n\n\n<p>Comme dans toute \u00ab&nbsp;anthologie&nbsp;\u00bb, il y a bien \u00e9videmment des \u00ab&nbsp;nouvelles dessin\u00e9es&nbsp;\u00bb qui d\u00e9plairont \u00e0 certains, qui en h\u00e9risseront aussi d\u2019autres\u2026 Mais l\u2019avantage d\u2019un album comme celui-ci, c\u2019est aussi de pouvoir zapper, se promener\u2026<\/p>\n\n\n\n<p>Zapper\u2026 C\u2019est, par exemple, un peu ce qu\u2019a fait Boucq en baladant son J\u00e9r\u00f4me Moucherot chez Franquin, chez Tibet, chez Hermann et Rosinski&nbsp;!<\/p>\n\n\n\n<figure class=\"wp-block-image size-large\"><img data-recalc-dims=\"1\" loading=\"lazy\" decoding=\"async\" width=\"768\" height=\"1016\" src=\"https:\/\/i0.wp.com\/bd-chroniques.be\/wp-content\/uploads\/2023\/09\/image-28.png?resize=768%2C1016&#038;ssl=1\" alt=\"\" class=\"wp-image-8450\" srcset=\"https:\/\/i0.wp.com\/bd-chroniques.be\/wp-content\/uploads\/2023\/09\/image-28.png?resize=774%2C1024&amp;ssl=1 774w, https:\/\/i0.wp.com\/bd-chroniques.be\/wp-content\/uploads\/2023\/09\/image-28.png?resize=227%2C300&amp;ssl=1 227w, https:\/\/i0.wp.com\/bd-chroniques.be\/wp-content\/uploads\/2023\/09\/image-28.png?resize=768%2C1016&amp;ssl=1 768w, https:\/\/i0.wp.com\/bd-chroniques.be\/wp-content\/uploads\/2023\/09\/image-28.png?w=907&amp;ssl=1 907w\" sizes=\"auto, (max-width: 768px) 100vw, 768px\" \/><figcaption class=\"wp-element-caption\">(Boucq) copyright moulinsart-le lombard)<\/figcaption><\/figure>\n\n\n\n<p>Et, honn\u00eatement, que de belles surprises dans ce livre&nbsp;!&#8230; Je suis certain que chacun y trouvera, avec et sans nostalgie, son bonheur, son plaisir de lecteur en tout cas. Comment, par exemple, ne pas \u00eatre s\u00e9duit par Philippe Foerster s\u2019appropriant l\u2019univers de Clifton&nbsp;?<\/p>\n\n\n\n<figure class=\"wp-block-image size-full\"><img data-recalc-dims=\"1\" loading=\"lazy\" decoding=\"async\" width=\"683\" height=\"669\" src=\"https:\/\/i0.wp.com\/bd-chroniques.be\/wp-content\/uploads\/2023\/09\/image-29.png?resize=683%2C669&#038;ssl=1\" alt=\"\" class=\"wp-image-8452\" srcset=\"https:\/\/i0.wp.com\/bd-chroniques.be\/wp-content\/uploads\/2023\/09\/image-29.png?w=683&amp;ssl=1 683w, https:\/\/i0.wp.com\/bd-chroniques.be\/wp-content\/uploads\/2023\/09\/image-29.png?resize=300%2C294&amp;ssl=1 300w\" sizes=\"auto, (max-width: 683px) 100vw, 683px\" \/><figcaption class=\"wp-element-caption\">(Foerster) copyright moulinsart-le lombard<\/figcaption><\/figure>\n\n\n\n<p>Comment ne pas \u00eatre \u00e9mu, aussi, par Alix Garin nous montrant Franquin face \u00e0 Pompon\u2026 Il y a l\u00e0, en quelques traits simples, la transcription, presque muette, d\u2019une \u00e9motion profonde\u2026 D\u2019une relation presque intime entre un auteur et son personnage\u2026<\/p>\n\n\n<div class=\"wp-block-image\">\n<figure class=\"aligncenter size-large\"><img data-recalc-dims=\"1\" loading=\"lazy\" decoding=\"async\" width=\"768\" height=\"1016\" src=\"https:\/\/i0.wp.com\/bd-chroniques.be\/wp-content\/uploads\/2023\/09\/image-31.png?resize=768%2C1016&#038;ssl=1\" alt=\"\" class=\"wp-image-8454\" srcset=\"https:\/\/i0.wp.com\/bd-chroniques.be\/wp-content\/uploads\/2023\/09\/image-31.png?resize=774%2C1024&amp;ssl=1 774w, https:\/\/i0.wp.com\/bd-chroniques.be\/wp-content\/uploads\/2023\/09\/image-31.png?resize=227%2C300&amp;ssl=1 227w, https:\/\/i0.wp.com\/bd-chroniques.be\/wp-content\/uploads\/2023\/09\/image-31.png?resize=768%2C1016&amp;ssl=1 768w, https:\/\/i0.wp.com\/bd-chroniques.be\/wp-content\/uploads\/2023\/09\/image-31.png?w=1000&amp;ssl=1 1000w\" sizes=\"auto, (max-width: 768px) 100vw, 768px\" \/><figcaption class=\"wp-element-caption\">(Garin) copyright moulinsart-le lombard<\/figcaption><\/figure>\n<\/div>\n\n\n<p>Je ne vais pas vous citer tous ceux qui m\u2019ont \u00e9bloui\u2026 Ils ne m\u2019ont pas, non, replong\u00e9 dans mon enfance de lecteur, mais, tout au contraire, ils m\u2019ont rappel\u00e9 qu\u2019\u00eatre lecteur, c\u2019est d\u2019abord \u00eatre curieux, c\u2019est aussi devenir ouvert \u00e0 de nouvelles formes de r\u00e9cits\u2026 Tout en continuant \u00e0 garder ses anciens go\u00fbts quand m\u00eame&nbsp;! Et c\u2019est cela, sans aucun doute, la force et l\u2019intelligence de cet album que de varier les plaisirs en nous baladant, lecteurs, dans des tas d\u2019univers qui, finalement, nous ressemblent\u2026 Et, ce faisant, de nous rappeler que c\u2019est dans la diff\u00e9rence, des genres, des auteurs, des gens que l\u2019on croise, que l\u2019indiff\u00e9rence peut \u00eatre ni\u00e9e\u2026<\/p>\n\n\n<div class=\"wp-block-image\">\n<figure class=\"aligncenter size-large\"><img data-recalc-dims=\"1\" loading=\"lazy\" decoding=\"async\" width=\"768\" height=\"1016\" src=\"https:\/\/i0.wp.com\/bd-chroniques.be\/wp-content\/uploads\/2023\/09\/image-32.png?resize=768%2C1016&#038;ssl=1\" alt=\"\" class=\"wp-image-8455\" srcset=\"https:\/\/i0.wp.com\/bd-chroniques.be\/wp-content\/uploads\/2023\/09\/image-32.png?resize=774%2C1024&amp;ssl=1 774w, https:\/\/i0.wp.com\/bd-chroniques.be\/wp-content\/uploads\/2023\/09\/image-32.png?resize=227%2C300&amp;ssl=1 227w, https:\/\/i0.wp.com\/bd-chroniques.be\/wp-content\/uploads\/2023\/09\/image-32.png?resize=768%2C1016&amp;ssl=1 768w, https:\/\/i0.wp.com\/bd-chroniques.be\/wp-content\/uploads\/2023\/09\/image-32.png?w=907&amp;ssl=1 907w\" sizes=\"auto, (max-width: 768px) 100vw, 768px\" \/><figcaption class=\"wp-element-caption\">(Henriet) copyright moulinsart-le lombard<\/figcaption><\/figure>\n<\/div>\n\n\n<p>Un livre indispensable pour tous les amateurs de BD\u2026 Et m\u00eame si je ne comprends pas qu\u2019aucun \u00ab&nbsp;hommage&nbsp;\u00bb au personnage titre ne se trouve dans les pages de cet album, je ne peux que vous recommander chaudement de vous plonger dans les d\u00e9couvertes infinies que propose ce livre&nbsp;!<\/p>\n\n\n\n<p><strong>Jacques et Josiane Schra\u00fbwen<\/strong><\/p>\n\n\n\n<p><strong>Tintin \u2013 num\u00e9ro sp\u00e9cial 77 ans (\u00e9diteur&nbsp;: Le Lombard et Moulinsart \u2013 400 pages \u2013 2023)<\/strong><\/p>\n","protected":false},"excerpt":{"rendered":"<p>Un album \u00ab&nbsp;hommage&nbsp;\u00bb \u00e0 des auteurs qui ont fait, jusqu\u2019en 1988, les beaux jours de bien cds enfances\u2026 Un album nostalgique&nbsp;?&#8230; Oui, sans aucun doute. Mais pas uniquement&nbsp;!&#8230; Ce sont 80 auteurs, dessinateurs et sc\u00e9naristes, qui illustrent cette nostalgie. Des auteurs qui ont, certes, grandi en lisant les pages d\u2019un magazine d\u00e9sormais d\u00e9funt, mais des [&hellip;]<\/p>\n","protected":false},"author":1,"featured_media":8442,"comment_status":"open","ping_status":"open","sticky":false,"template":"","format":"standard","meta":{"jetpack_post_was_ever_published":false,"_jetpack_newsletter_access":"","_jetpack_dont_email_post_to_subs":false,"_jetpack_newsletter_tier_id":0,"_jetpack_memberships_contains_paywalled_content":false,"_jetpack_memberships_contains_paid_content":false,"footnotes":"","jetpack_publicize_message":"","jetpack_publicize_feature_enabled":true,"jetpack_social_post_already_shared":true,"jetpack_social_options":{"image_generator_settings":{"template":"highway","default_image_id":0,"font":"","enabled":false},"version":2}},"categories":[3,8],"tags":[],"class_list":["post-8441","post","type-post","status-publish","format-standard","has-post-thumbnail","hentry","category-bd-de-s-a-z","category-t"],"jetpack_publicize_connections":[],"jetpack_featured_media_url":"https:\/\/i0.wp.com\/bd-chroniques.be\/wp-content\/uploads\/2023\/09\/TINTINCOUV.png?fit=1349%2C759&ssl=1","jetpack_shortlink":"https:\/\/wp.me\/p8dqsu-2c9","jetpack_likes_enabled":true,"jetpack_sharing_enabled":true,"_links":{"self":[{"href":"https:\/\/bd-chroniques.be\/index.php\/wp-json\/wp\/v2\/posts\/8441","targetHints":{"allow":["GET"]}}],"collection":[{"href":"https:\/\/bd-chroniques.be\/index.php\/wp-json\/wp\/v2\/posts"}],"about":[{"href":"https:\/\/bd-chroniques.be\/index.php\/wp-json\/wp\/v2\/types\/post"}],"author":[{"embeddable":true,"href":"https:\/\/bd-chroniques.be\/index.php\/wp-json\/wp\/v2\/users\/1"}],"replies":[{"embeddable":true,"href":"https:\/\/bd-chroniques.be\/index.php\/wp-json\/wp\/v2\/comments?post=8441"}],"version-history":[{"count":4,"href":"https:\/\/bd-chroniques.be\/index.php\/wp-json\/wp\/v2\/posts\/8441\/revisions"}],"predecessor-version":[{"id":8457,"href":"https:\/\/bd-chroniques.be\/index.php\/wp-json\/wp\/v2\/posts\/8441\/revisions\/8457"}],"wp:featuredmedia":[{"embeddable":true,"href":"https:\/\/bd-chroniques.be\/index.php\/wp-json\/wp\/v2\/media\/8442"}],"wp:attachment":[{"href":"https:\/\/bd-chroniques.be\/index.php\/wp-json\/wp\/v2\/media?parent=8441"}],"wp:term":[{"taxonomy":"category","embeddable":true,"href":"https:\/\/bd-chroniques.be\/index.php\/wp-json\/wp\/v2\/categories?post=8441"},{"taxonomy":"post_tag","embeddable":true,"href":"https:\/\/bd-chroniques.be\/index.php\/wp-json\/wp\/v2\/tags?post=8441"}],"curies":[{"name":"wp","href":"https:\/\/api.w.org\/{rel}","templated":true}]}}