{"id":8540,"date":"2023-10-28T09:39:42","date_gmt":"2023-10-28T07:39:42","guid":{"rendered":"https:\/\/bd-chroniques.be\/?p=8540"},"modified":"2023-10-28T09:39:42","modified_gmt":"2023-10-28T07:39:42","slug":"marie-et-les-esprits-spiritisme-et-science-une-cohabitation-difficile","status":"publish","type":"post","link":"https:\/\/bd-chroniques.be\/index.php\/2023\/10\/28\/marie-et-les-esprits-spiritisme-et-science-une-cohabitation-difficile\/","title":{"rendered":"Marie Et Les Esprits \u2013 spiritisme et science, une cohabitation difficile"},"content":{"rendered":"\n<p>Rodolphe, QUE VOUS POUVEZ ECOUTER DANS CETTE CHRONIQUE, sc\u00e9nariste prolifique, a souvent pris plaisir au cours de sa carri\u00e8re \u00e0 m\u00ealer \u00e0 des r\u00e9cits r\u00e9alistes des \u00e9vasions fantastiques. C\u2019est encore le cas ici\u00a0!<\/p>\n\n\n<div class=\"wp-block-image\">\n<figure class=\"aligncenter size-full\"><img data-recalc-dims=\"1\" loading=\"lazy\" decoding=\"async\" width=\"600\" height=\"775\" src=\"https:\/\/i0.wp.com\/bd-chroniques.be\/wp-content\/uploads\/2023\/10\/image-31.png?resize=600%2C775&#038;ssl=1\" alt=\"\" class=\"wp-image-8542\" srcset=\"https:\/\/i0.wp.com\/bd-chroniques.be\/wp-content\/uploads\/2023\/10\/image-31.png?w=600&amp;ssl=1 600w, https:\/\/i0.wp.com\/bd-chroniques.be\/wp-content\/uploads\/2023\/10\/image-31.png?resize=232%2C300&amp;ssl=1 232w\" sizes=\"auto, (max-width: 600px) 100vw, 600px\" \/><figcaption class=\"wp-element-caption\">copyright anspach<\/figcaption><\/figure>\n<\/div>\n\n\n<p>Mais cette fois, c\u2019est en s\u2019inspirant exclusivement de ce qu\u2019on peut appeler, sans doute, une v\u00e9rit\u00e9 historique\u00a0: l\u2019int\u00e9r\u00eat que quelques-uns des plus grands scientifiques du d\u00e9but du vingti\u00e8me si\u00e8cle ont port\u00e9 au spiritisme, aux \u00e9changes avec l\u2019au-del\u00e0, \u00e0 l\u2019\u00e9sot\u00e9risme\u2026<\/p>\n\n\n<div class=\"wp-block-image\">\n<figure class=\"aligncenter size-full\"><img data-recalc-dims=\"1\" loading=\"lazy\" decoding=\"async\" width=\"500\" height=\"669\" src=\"https:\/\/i0.wp.com\/bd-chroniques.be\/wp-content\/uploads\/2023\/10\/image-32.png?resize=500%2C669&#038;ssl=1\" alt=\"\" class=\"wp-image-8543\" srcset=\"https:\/\/i0.wp.com\/bd-chroniques.be\/wp-content\/uploads\/2023\/10\/image-32.png?w=500&amp;ssl=1 500w, https:\/\/i0.wp.com\/bd-chroniques.be\/wp-content\/uploads\/2023\/10\/image-32.png?resize=224%2C300&amp;ssl=1 224w\" sizes=\"auto, (max-width: 500px) 100vw, 500px\" \/><figcaption class=\"wp-element-caption\">copyright anspach<\/figcaption><\/figure>\n<\/div>\n\n\n<p>Les plus grands scientifiques, oui, puisqu\u2019il s\u2019agit, dans cet album, du couple des Curie. Nous sommes en 1905. Aur\u00e9ol\u00e9s de gloire par un prix Nobel partag\u00e9 \u00e0 deux, Marie et Pierre Curie se laissent tenter par une sorte d\u2019enqu\u00eate consacr\u00e9e \u00e0 \u00ab\u00a0l\u2019inconnu\u00a0\u00bb, aux ph\u00e9nom\u00e8nes psychiques, aux ectoplasmes, \u00e0 la paranormalit\u00e9\u2026<\/p>\n\n\n<div class=\"wp-block-image\">\n<figure class=\"aligncenter size-full\"><img data-recalc-dims=\"1\" loading=\"lazy\" decoding=\"async\" width=\"760\" height=\"931\" src=\"https:\/\/i0.wp.com\/bd-chroniques.be\/wp-content\/uploads\/2023\/10\/image-33.png?resize=760%2C931&#038;ssl=1\" alt=\"\" class=\"wp-image-8544\" srcset=\"https:\/\/i0.wp.com\/bd-chroniques.be\/wp-content\/uploads\/2023\/10\/image-33.png?w=760&amp;ssl=1 760w, https:\/\/i0.wp.com\/bd-chroniques.be\/wp-content\/uploads\/2023\/10\/image-33.png?resize=245%2C300&amp;ssl=1 245w\" sizes=\"auto, (max-width: 760px) 100vw, 760px\" \/><figcaption class=\"wp-element-caption\">copyright anspach<\/figcaption><\/figure>\n<\/div>\n\n\n<p>R\u00e9solument scientifiques et usant de toutes les techniques et technologies que la science leur permet, ces deux scientifiques mondialement reconnus vont, avec une rigueur totale, se plonger dans un monde qui, \u00e0 sa mani\u00e8re, va les faire douter de la science face \u00e0 tout ce qui touche \u00e0 la mort et aux possibles de l\u2019apr\u00e8s.<\/p>\n\n\n<div class=\"wp-block-image\">\n<figure class=\"aligncenter size-large\"><img data-recalc-dims=\"1\" loading=\"lazy\" decoding=\"async\" width=\"727\" height=\"1024\" src=\"https:\/\/i0.wp.com\/bd-chroniques.be\/wp-content\/uploads\/2023\/10\/image-34.png?resize=727%2C1024&#038;ssl=1\" alt=\"\" class=\"wp-image-8545\" srcset=\"https:\/\/i0.wp.com\/bd-chroniques.be\/wp-content\/uploads\/2023\/10\/image-34.png?resize=727%2C1024&amp;ssl=1 727w, https:\/\/i0.wp.com\/bd-chroniques.be\/wp-content\/uploads\/2023\/10\/image-34.png?resize=213%2C300&amp;ssl=1 213w, https:\/\/i0.wp.com\/bd-chroniques.be\/wp-content\/uploads\/2023\/10\/image-34.png?w=760&amp;ssl=1 760w\" sizes=\"auto, (max-width: 727px) 100vw, 727px\" \/><figcaption class=\"wp-element-caption\">copyright anspach<\/figcaption><\/figure>\n<\/div>\n\n\n<p>Marie Curie, enfant, r\u00eavait souvent de sa m\u00e8re d\u00e9c\u00e9d\u00e9e, fant\u00f4me r\u00eav\u00e9 auquel elle disait que les morts n\u2019avaient pas \u00e0 revenir, qu\u2019ils n\u2019en avaient pas le droit. Ce fut ce pass\u00e9, ce souvenir, probablement, qui la poussa \u00e0 accepter de participer aux recherches de la tr\u00e8s s\u00e9rieuse \u00ab\u00a0Society For Psychical Research\u00a0\u00bb.<\/p>\n\n\n\n<p>Et, donc, c\u2019est de cette \u00e9poque de sa vie, et de celle de son mari, que nous parle ce livre, extr\u00eamement fouill\u00e9, historiquement parlant.<\/p>\n\n\n<div class=\"wp-block-image\">\n<figure class=\"aligncenter size-full\"><img data-recalc-dims=\"1\" loading=\"lazy\" decoding=\"async\" width=\"600\" height=\"773\" src=\"https:\/\/i0.wp.com\/bd-chroniques.be\/wp-content\/uploads\/2023\/10\/image-35.png?resize=600%2C773&#038;ssl=1\" alt=\"\" class=\"wp-image-8546\" srcset=\"https:\/\/i0.wp.com\/bd-chroniques.be\/wp-content\/uploads\/2023\/10\/image-35.png?w=600&amp;ssl=1 600w, https:\/\/i0.wp.com\/bd-chroniques.be\/wp-content\/uploads\/2023\/10\/image-35.png?resize=233%2C300&amp;ssl=1 233w\" sizes=\"auto, (max-width: 600px) 100vw, 600px\" \/><figcaption class=\"wp-element-caption\">copyright anspach<\/figcaption><\/figure>\n<\/div>\n\n\n<p>Je ne vais pas essayer, ici, de vous r\u00e9sumer ce livre, cette \u00e9poque d\u2019exp\u00e9riences, de t\u00e9moignages, au cours de laquelle une medium tr\u00e8s connue alors, Eusapia Palladino, fut analys\u00e9e longuement. C\u2019est en lisant cet album int\u00e9ressant, passionnant m\u00eame, que vous pourrez d\u00e9couvrir ces ann\u00e9es d\u2019exp\u00e9riences \u00e9tranges, et vous faire vous-m\u00eames votre opinion sur ce m\u00e9lange entre science et paranormalit\u00e9\u2026<\/p>\n\n\n\n<p>Parce que c\u2019est l\u00e0, v\u00e9racit\u00e9 ou fantasme, que se situe la r\u00e9ussite de ce livre\u00a0: dans le m\u00e9lange qu\u2019a r\u00e9ussi \u00e0 faire Rodolphe de cet aspect \u00e9sot\u00e9rique, fantastique osons le dire, d&rsquo;une part, et d&rsquo;autre part, du quotidien de tous les protagonistes de ce r\u00e9cit. Avec l\u2019aide du dessinateur Olivier Romain, dont le graphisme classique, un peu guind\u00e9 comme l\u2019\u00e9taient les personnages de ce temps, se colle parfaitement \u00e0 l\u2019ambiance du texte, \u00e0 la narration de cette aventure presque improbable. Ses d\u00e9cors sont essentiels \u00e0 la lumi\u00e8re de cet album, sans aucun doute possible&#8230; Mais les personnages aussi, reconnaissables&#8230; <\/p>\n\n\n\n<p>Conan Doyle, Henri Bergson (prix Nobel de litt\u00e9rature), Charles Richet (prix Nobel de physiologie et de m\u00e9decine) font partie de ces gens connus et reconnus osant, en une \u00e9poque o\u00f9 la science prenait de plus en plus la place de la foi, s\u2019int\u00e9resser \u00e0 l\u2019invisible, donc, oui, aussi aux religions et \u00e0 leurs croyances.<\/p>\n\n\n<div class=\"wp-block-image\">\n<figure class=\"aligncenter size-full\"><img data-recalc-dims=\"1\" loading=\"lazy\" decoding=\"async\" width=\"600\" height=\"761\" src=\"https:\/\/i0.wp.com\/bd-chroniques.be\/wp-content\/uploads\/2023\/10\/image-36.png?resize=600%2C761&#038;ssl=1\" alt=\"\" class=\"wp-image-8547\" srcset=\"https:\/\/i0.wp.com\/bd-chroniques.be\/wp-content\/uploads\/2023\/10\/image-36.png?w=600&amp;ssl=1 600w, https:\/\/i0.wp.com\/bd-chroniques.be\/wp-content\/uploads\/2023\/10\/image-36.png?resize=237%2C300&amp;ssl=1 237w\" sizes=\"auto, (max-width: 600px) 100vw, 600px\" \/><figcaption class=\"wp-element-caption\">copyright anspach<\/figcaption><\/figure>\n<\/div>\n\n\n<p>Il y a, dans la construction narrative de ce livre, une honn\u00eatet\u00e9 incontestable dans le propos. Que j\u2019\u00e9pingle avec cette phrase dite par Pierre Curie&nbsp;: \u00ab&nbsp;On est presque s\u00fbrs de nos observations. Mais seulement \u2018presque\u2019. Toujours \u2018presque\u2019.&nbsp;\u00bb&nbsp;!<\/p>\n\n\n\n<p>Cet album d\u00e9passe ainsi la simple narration \u00ab&nbsp;historique&nbsp;\u00bb pour s\u2019int\u00e9resser \u00e0 des questionnements qui sont aussi les n\u00f4tres. Ne sommes-nous pas toutes et tous habit\u00e9s par les fant\u00f4mes de celles et ceux que nous avons aim\u00e9s, profond\u00e9ment, v\u00e9ritablement aim\u00e9s&nbsp;?<\/p>\n\n\n\n<p>Le paranormal, pivot de ce livre, n\u2019est-il pas ce qui nous interpelle \u00e9galement\u00a0?<\/p>\n\n\n<div class=\"wp-block-image\">\n<figure class=\"aligncenter size-full\"><img data-recalc-dims=\"1\" loading=\"lazy\" decoding=\"async\" width=\"600\" height=\"775\" src=\"https:\/\/i0.wp.com\/bd-chroniques.be\/wp-content\/uploads\/2023\/10\/image-37.png?resize=600%2C775&#038;ssl=1\" alt=\"\" class=\"wp-image-8548\" srcset=\"https:\/\/i0.wp.com\/bd-chroniques.be\/wp-content\/uploads\/2023\/10\/image-37.png?w=600&amp;ssl=1 600w, https:\/\/i0.wp.com\/bd-chroniques.be\/wp-content\/uploads\/2023\/10\/image-37.png?resize=232%2C300&amp;ssl=1 232w\" sizes=\"auto, (max-width: 600px) 100vw, 600px\" \/><figcaption class=\"wp-element-caption\">copyright anspach<\/figcaption><\/figure>\n<\/div>\n\n\n<p>S\u2019il fallait trouver une morale \u00e0 cette histoire de Marie et Pierre Curie, on pourrait dire qu\u2019\u00ab\u00a0\u00e0 ce jeu, on peut tr\u00e8s vite se prendre\u2026 Se faire avoir\u2026 Se perdre&#8230; Ou pas\u2026\u00a0\u00bb<\/p>\n\n\n\n<p>Ce livre est un jeu, oui, racont\u00e9, d\u00e9crit, v\u00e9cu par des personnages qui ont du corps, qui, historiquement, nous sont connus. Un jeu qui, finalement, soul\u00e8ve des angoisses et des esp\u00e9rances universelles, et qui font partie int\u00e9grante de l\u2019humanit\u00e9 depuis qu\u2019elle existe.<\/p>\n\n\n\n<p>Un jeu grave, donc, dont Rodolphe m\u2019a parl\u00e9, et que je vous propose d\u2019\u00e9couter, ici, in extenso\u2026<\/p>\n\n\n\n<figure class=\"wp-block-audio\"><audio controls src=\"https:\/\/bd-chroniques.be\/wp-content\/uploads\/2023\/10\/rodolphemp3.mp3\"><\/audio><figcaption class=\"wp-element-caption\">Rodolphe<\/figcaption><\/figure>\n\n\n\n<p><strong>Jacques et Josiane Schra\u00fbwen<\/strong><\/p>\n\n\n\n<p><strong>Marie Et Les Esprits (dessin\u00a0: Olivier Roman \u2013 sc\u00e9nario\u00a0: Rodolphe \u2013 couleurs\u00a0: Cerise &#8211; \u00e9diteur\u00a0: Anspach \u2013 octobre 2023 \u2013 56 pages)<\/strong><\/p>\n\n\n\n<p>Et pour \u00e9couter ma chronique radio, suivez le lien: <a href=\"https:\/\/auvio.rtbf.be\/media\/les-cases-de-l-oncle-jacques-3111086\">chronique<\/a>&#8230; <\/p>\n","protected":false},"excerpt":{"rendered":"<p>Rodolphe, QUE VOUS POUVEZ ECOUTER DANS CETTE CHRONIQUE, sc\u00e9nariste prolifique, a souvent pris plaisir au cours de sa carri\u00e8re \u00e0 m\u00ealer \u00e0 des r\u00e9cits r\u00e9alistes des \u00e9vasions fantastiques. C\u2019est encore le cas ici\u00a0! Mais cette fois, c\u2019est en s\u2019inspirant exclusivement de ce qu\u2019on peut appeler, sans doute, une v\u00e9rit\u00e9 historique\u00a0: l\u2019int\u00e9r\u00eat que quelques-uns des plus [&hellip;]<\/p>\n","protected":false},"author":1,"featured_media":8541,"comment_status":"open","ping_status":"open","sticky":false,"template":"","format":"standard","meta":{"jetpack_post_was_ever_published":false,"_jetpack_newsletter_access":"","_jetpack_dont_email_post_to_subs":false,"_jetpack_newsletter_tier_id":0,"_jetpack_memberships_contains_paywalled_content":false,"_jetpack_memberships_contains_paid_content":false,"footnotes":"","jetpack_publicize_message":"","jetpack_publicize_feature_enabled":true,"jetpack_social_post_already_shared":true,"jetpack_social_options":{"image_generator_settings":{"template":"highway","default_image_id":0,"font":"","enabled":false},"version":2}},"categories":[23,24],"tags":[],"class_list":["post-8540","post","type-post","status-publish","format-standard","has-post-thumbnail","hentry","category-bd-de-m-a-r","category-m"],"jetpack_publicize_connections":[],"jetpack_featured_media_url":"https:\/\/i0.wp.com\/bd-chroniques.be\/wp-content\/uploads\/2023\/10\/marie.jpg?fit=640%2C360&ssl=1","jetpack_shortlink":"https:\/\/wp.me\/p8dqsu-2dK","jetpack_likes_enabled":true,"jetpack_sharing_enabled":true,"_links":{"self":[{"href":"https:\/\/bd-chroniques.be\/index.php\/wp-json\/wp\/v2\/posts\/8540","targetHints":{"allow":["GET"]}}],"collection":[{"href":"https:\/\/bd-chroniques.be\/index.php\/wp-json\/wp\/v2\/posts"}],"about":[{"href":"https:\/\/bd-chroniques.be\/index.php\/wp-json\/wp\/v2\/types\/post"}],"author":[{"embeddable":true,"href":"https:\/\/bd-chroniques.be\/index.php\/wp-json\/wp\/v2\/users\/1"}],"replies":[{"embeddable":true,"href":"https:\/\/bd-chroniques.be\/index.php\/wp-json\/wp\/v2\/comments?post=8540"}],"version-history":[{"count":2,"href":"https:\/\/bd-chroniques.be\/index.php\/wp-json\/wp\/v2\/posts\/8540\/revisions"}],"predecessor-version":[{"id":8551,"href":"https:\/\/bd-chroniques.be\/index.php\/wp-json\/wp\/v2\/posts\/8540\/revisions\/8551"}],"wp:featuredmedia":[{"embeddable":true,"href":"https:\/\/bd-chroniques.be\/index.php\/wp-json\/wp\/v2\/media\/8541"}],"wp:attachment":[{"href":"https:\/\/bd-chroniques.be\/index.php\/wp-json\/wp\/v2\/media?parent=8540"}],"wp:term":[{"taxonomy":"category","embeddable":true,"href":"https:\/\/bd-chroniques.be\/index.php\/wp-json\/wp\/v2\/categories?post=8540"},{"taxonomy":"post_tag","embeddable":true,"href":"https:\/\/bd-chroniques.be\/index.php\/wp-json\/wp\/v2\/tags?post=8540"}],"curies":[{"name":"wp","href":"https:\/\/api.w.org\/{rel}","templated":true}]}}