{"id":8599,"date":"2023-11-29T11:30:23","date_gmt":"2023-11-29T10:30:23","guid":{"rendered":"https:\/\/bd-chroniques.be\/?p=8599"},"modified":"2023-11-29T11:30:23","modified_gmt":"2023-11-29T10:30:23","slug":"lombre-des-lumieres-1-lennemi-du-genre-humain-une-bande-dessinee-epistolaire","status":"publish","type":"post","link":"https:\/\/bd-chroniques.be\/index.php\/2023\/11\/29\/lombre-des-lumieres-1-lennemi-du-genre-humain-une-bande-dessinee-epistolaire\/","title":{"rendered":"L\u2019Ombre des Lumi\u00e8res\u00a0: 1. L\u2019Ennemi Du Genre Humain \u2013 Une bande dessin\u00e9e \u00e9pistolaire\u2026"},"content":{"rendered":"\n<p>Ah, le plaisir d\u00e9suet de se plonger dans une lecture qui nous emm\u00e8ne en des temps anciens, o\u00f9 le langage se faisait fleuri\u2026 O\u00f9 les r\u00e9alit\u00e9s du quotidien, par contre, \u00e9taient majoritairement tout sauf souriantes\u00a0!<\/p>\n\n\n<div class=\"wp-block-image\">\n<figure class=\"aligncenter size-full\"><img data-recalc-dims=\"1\" loading=\"lazy\" decoding=\"async\" width=\"768\" height=\"382\" src=\"https:\/\/i0.wp.com\/bd-chroniques.be\/wp-content\/uploads\/2023\/11\/image-23.png?resize=768%2C382&#038;ssl=1\" alt=\"\" class=\"wp-image-8601\" srcset=\"https:\/\/i0.wp.com\/bd-chroniques.be\/wp-content\/uploads\/2023\/11\/image-23.png?w=986&amp;ssl=1 986w, https:\/\/i0.wp.com\/bd-chroniques.be\/wp-content\/uploads\/2023\/11\/image-23.png?resize=300%2C149&amp;ssl=1 300w, https:\/\/i0.wp.com\/bd-chroniques.be\/wp-content\/uploads\/2023\/11\/image-23.png?resize=768%2C382&amp;ssl=1 768w\" sizes=\"auto, (max-width: 768px) 100vw, 768px\" \/><figcaption class=\"wp-element-caption\">copyright delcourt<\/figcaption><\/figure>\n<\/div>\n\n\n<p>Voici donc un r\u00e9cit \u00e9pistolaire, donc construit \u00e0 partir de lettres \u00e9chang\u00e9es entre diff\u00e9rents personnages. Au vingti\u00e8me si\u00e8cle, l\u2019\u00e9crivain Hubert Monteilhet a \u00e9crit quelques romans de ce genre ancien dans l\u2019histoire de la litt\u00e9rature, depuis le dix-septi\u00e8me si\u00e8cle\u2026 On pourrait citer Madame de Sta\u00ebl, Marivaux, Rousseau. Ou Choderlos de Laclos et ses c\u00e9l\u00e8bres liaisons dangereuses\u2026 Et ce livre-ci est \u00e0 situer incontestablement dans la filiation de monsieur de Laclos.<\/p>\n\n\n<div class=\"wp-block-image\">\n<figure class=\"aligncenter size-large\"><img data-recalc-dims=\"1\" loading=\"lazy\" decoding=\"async\" width=\"761\" height=\"1024\" src=\"https:\/\/i0.wp.com\/bd-chroniques.be\/wp-content\/uploads\/2023\/11\/image-24.png?resize=761%2C1024&#038;ssl=1\" alt=\"\" class=\"wp-image-8602\" srcset=\"https:\/\/i0.wp.com\/bd-chroniques.be\/wp-content\/uploads\/2023\/11\/image-24.png?resize=761%2C1024&amp;ssl=1 761w, https:\/\/i0.wp.com\/bd-chroniques.be\/wp-content\/uploads\/2023\/11\/image-24.png?resize=223%2C300&amp;ssl=1 223w, https:\/\/i0.wp.com\/bd-chroniques.be\/wp-content\/uploads\/2023\/11\/image-24.png?resize=768%2C1034&amp;ssl=1 768w, https:\/\/i0.wp.com\/bd-chroniques.be\/wp-content\/uploads\/2023\/11\/image-24.png?w=800&amp;ssl=1 800w\" sizes=\"auto, (max-width: 761px) 100vw, 761px\" \/><figcaption class=\"wp-element-caption\">copyright delcourt<\/figcaption><\/figure>\n<\/div>\n\n\n<p>Comme alibi \u00e0 cet album, il y a des lettres qu\u2019\u00e9crivait un certain chevalier Justin Henri de Saint-Sauveur dans le courant de l\u2019ann\u00e9e 1745 d\u2019abord, 1753 ensuite. Des lettres qu\u2019aurait d\u00e9couvertes le sc\u00e9nariste de ce premier tome d\u2019une s\u00e9rie qui devrait en compter trois, \u00ab\u00a0L\u2019ombre des lumi\u00e8res\u00a0\u00bb. Dix-huiti\u00e8me si\u00e8cle, si\u00e8cle des Lumi\u00e8res&#8230; Et \u00e0 toute clart\u00e9, la p\u00e9nombre existe aussi&#8230; Et le titre donn\u00e9 \u00e0 ce premier \u00e9pisode est sans \u00e9quivoque\u00a0: \u00ab\u00a0L\u2019ennemi du genre humain\u00a0\u00bb. On ne peut que penser, face \u00e0 ce titre, \u00e0 ces livres licencieux qui, au dix-huiti\u00e8me si\u00e8cle, se disaient \u00ab\u00a0moralistes\u00a0\u00bb pour mieux raconter les pires des turpitudes\u2026 Le Marquis de Sade n\u2019en est-il pas un exemple flagrant\u00a0?<\/p>\n\n\n<div class=\"wp-block-image\">\n<figure class=\"aligncenter size-full\"><img data-recalc-dims=\"1\" loading=\"lazy\" decoding=\"async\" width=\"500\" height=\"669\" src=\"https:\/\/i0.wp.com\/bd-chroniques.be\/wp-content\/uploads\/2023\/11\/image-25.png?resize=500%2C669&#038;ssl=1\" alt=\"\" class=\"wp-image-8603\" srcset=\"https:\/\/i0.wp.com\/bd-chroniques.be\/wp-content\/uploads\/2023\/11\/image-25.png?w=500&amp;ssl=1 500w, https:\/\/i0.wp.com\/bd-chroniques.be\/wp-content\/uploads\/2023\/11\/image-25.png?resize=224%2C300&amp;ssl=1 224w\" sizes=\"auto, (max-width: 500px) 100vw, 500px\" \/><figcaption class=\"wp-element-caption\">copyright delcourt<\/figcaption><\/figure>\n<\/div>\n\n\n<p>Et cet album, donc, vous l\u2019aurez compris, parle de vice, oui, mais \u00e0 la fa\u00e7on de La Fontaine, de Watteau, avec une certaine pr\u00e9ciosit\u00e9 donc\u2026 Une approche litt\u00e9raire, en fait, de la part d&rsquo;Alain Ayroles, le sc\u00e9nariste, qui choisit dans ce premier tome de nous raconter deux histoires et leurs personnages, tout en gardant comme axe central ce chevalier plus que libertin&#8230; <\/p>\n\n\n<div class=\"wp-block-image\">\n<figure class=\"aligncenter size-large\"><img data-recalc-dims=\"1\" loading=\"lazy\" decoding=\"async\" width=\"768\" height=\"512\" src=\"https:\/\/i0.wp.com\/bd-chroniques.be\/wp-content\/uploads\/2023\/11\/image-26.png?resize=768%2C512&#038;ssl=1\" alt=\"\" class=\"wp-image-8604\" srcset=\"https:\/\/i0.wp.com\/bd-chroniques.be\/wp-content\/uploads\/2023\/11\/image-26.png?resize=1024%2C683&amp;ssl=1 1024w, https:\/\/i0.wp.com\/bd-chroniques.be\/wp-content\/uploads\/2023\/11\/image-26.png?resize=300%2C200&amp;ssl=1 300w, https:\/\/i0.wp.com\/bd-chroniques.be\/wp-content\/uploads\/2023\/11\/image-26.png?resize=768%2C512&amp;ssl=1 768w, https:\/\/i0.wp.com\/bd-chroniques.be\/wp-content\/uploads\/2023\/11\/image-26.png?w=1200&amp;ssl=1 1200w\" sizes=\"auto, (max-width: 768px) 100vw, 768px\" \/><figcaption class=\"wp-element-caption\">copyright delcourt<\/figcaption><\/figure>\n<\/div>\n\n\n<p>Il y a d\u2019abord ce fameux chevalier de Saint-Sauveur, bel homme, cultiv\u00e9, mais lubrique et libertin, n\u2019ayant aucun respect pour les femmes\u2026 Un bien triste \u00ab\u00a0noble\u00a0\u00bb qui va poursuivre tra\u00eetreusement de ses assiduit\u00e9s une femme mari\u00e9e, la belle Eunice, et la mettre dans son lit\u2026 Cette femme n\u2019est pas une noble \u00e9vapor\u00e9e\u2026 Tout au contraire, elle s\u2019int\u00e9resse au monde, attend sans doute de D\u2019Alembert et Diderot de quoi lui permettre de s\u2019\u00e9merveiller, de comprendre, de penser\u2026 Oui, comme elle le dit dans cet album, Eunice est en droit, enfin, d\u2019apprendre et de penser. Elle est, en quelque sorte, le symbole du f\u00e9minisme contre l\u2019obscurantisme\u2026 \u00a0<\/p>\n\n\n<div class=\"wp-block-image\">\n<figure class=\"aligncenter size-large\"><img data-recalc-dims=\"1\" loading=\"lazy\" decoding=\"async\" width=\"760\" height=\"1024\" src=\"https:\/\/i0.wp.com\/bd-chroniques.be\/wp-content\/uploads\/2023\/11\/image-27.png?resize=760%2C1024&#038;ssl=1\" alt=\"\" class=\"wp-image-8605\" srcset=\"https:\/\/i0.wp.com\/bd-chroniques.be\/wp-content\/uploads\/2023\/11\/image-27.png?resize=760%2C1024&amp;ssl=1 760w, https:\/\/i0.wp.com\/bd-chroniques.be\/wp-content\/uploads\/2023\/11\/image-27.png?resize=223%2C300&amp;ssl=1 223w, https:\/\/i0.wp.com\/bd-chroniques.be\/wp-content\/uploads\/2023\/11\/image-27.png?resize=768%2C1034&amp;ssl=1 768w, https:\/\/i0.wp.com\/bd-chroniques.be\/wp-content\/uploads\/2023\/11\/image-27.png?w=888&amp;ssl=1 888w\" sizes=\"auto, (max-width: 760px) 100vw, 760px\" \/><figcaption class=\"wp-element-caption\">copyright delcourt<\/figcaption><\/figure>\n<\/div>\n\n\n<p>Saint-Sauveur va la poss\u00e9der, d\u00e9truire son couple, et puis passer \u00e0 autre chose\u00a0! Seule l\u2019int\u00e9resse la satisfaction de ses envies, de ses int\u00e9r\u00eats, et il va donc tout faire, tra\u00eetreusement toujours, mais en usant de son charme et de ses aventures plus amantes qu\u2019amoureuses, pour se rapprocher du roi\u00a0! Dans le deuxi\u00e8me r\u00e9cit de ce premier album, on se r\u00e9jouit alors de voir ce chevalier, apr\u00e8s \u00eatre arriv\u00e9 \u00e0 ses fins de courtisanerie, d\u00e9choir, se ruiner, acheter un Iroquois, et puis s\u2019exiler aux Am\u00e9riques\u2026 Ce serait donc le triomphe de la vertu\u00a0! Ou pas\u00a0! Attendons les albums suivants\u2026<\/p>\n\n\n<div class=\"wp-block-image\">\n<figure class=\"aligncenter size-large\"><img data-recalc-dims=\"1\" loading=\"lazy\" decoding=\"async\" width=\"760\" height=\"1024\" src=\"https:\/\/i0.wp.com\/bd-chroniques.be\/wp-content\/uploads\/2023\/11\/image-28.png?resize=760%2C1024&#038;ssl=1\" alt=\"\" class=\"wp-image-8606\" srcset=\"https:\/\/i0.wp.com\/bd-chroniques.be\/wp-content\/uploads\/2023\/11\/image-28.png?resize=760%2C1024&amp;ssl=1 760w, https:\/\/i0.wp.com\/bd-chroniques.be\/wp-content\/uploads\/2023\/11\/image-28.png?resize=223%2C300&amp;ssl=1 223w, https:\/\/i0.wp.com\/bd-chroniques.be\/wp-content\/uploads\/2023\/11\/image-28.png?resize=768%2C1034&amp;ssl=1 768w, https:\/\/i0.wp.com\/bd-chroniques.be\/wp-content\/uploads\/2023\/11\/image-28.png?w=888&amp;ssl=1 888w\" sizes=\"auto, (max-width: 760px) 100vw, 760px\" \/><figcaption class=\"wp-element-caption\">copyright delcourt<\/figcaption><\/figure>\n<\/div>\n\n\n<p>Cela dit, dans ce premier tome, les personnages foisonnent, il y a le valet du chevalier, Gonzague, il y a ce fameux Indien, il y a un pr\u00eatre, il y a des femmes faciles qui finissent par r\u00e9pudier l\u2019amant d\u00e9chu. Le premier grand talent d\u2019Alain Ayroles, c\u2019est de donner chair et langage \u00e0 chacun. Chaque personnage secondaire existe vraiment, avec sa mani\u00e8re de parler, sa gestuelle, ses expressions habituelles. Son deuxi\u00e8me grand talent, c\u2019est d\u2019avoir trouv\u00e9 un ton d\u2019\u00e9criture qui nous plonge pleinement dans cette \u00e9poque \u00ab\u00a0pr\u00e9cieuse\u00a0\u00bb. Son troisi\u00e8me grand talent, c\u2019est de ne pas oublier la r\u00e9alit\u00e9 historique, et, par petites touches, de nous montrer la col\u00e8re du \u00ab\u00a0petit peuple\u00a0\u00bb mis\u00e9reux, une col\u00e8re qui se transforme insensiblement en haine et qui annonce une r\u00e9volte qui va r\u00e9volutionner l\u2019Histoire\u2026<\/p>\n\n\n<div class=\"wp-block-image\">\n<figure class=\"aligncenter size-full\"><img data-recalc-dims=\"1\" loading=\"lazy\" decoding=\"async\" width=\"600\" height=\"339\" src=\"https:\/\/i0.wp.com\/bd-chroniques.be\/wp-content\/uploads\/2023\/11\/image-29.png?resize=600%2C339&#038;ssl=1\" alt=\"\" class=\"wp-image-8607\" srcset=\"https:\/\/i0.wp.com\/bd-chroniques.be\/wp-content\/uploads\/2023\/11\/image-29.png?w=600&amp;ssl=1 600w, https:\/\/i0.wp.com\/bd-chroniques.be\/wp-content\/uploads\/2023\/11\/image-29.png?resize=300%2C170&amp;ssl=1 300w\" sizes=\"auto, (max-width: 600px) 100vw, 600px\" \/><figcaption class=\"wp-element-caption\">copyright delcourt<\/figcaption><\/figure>\n<\/div>\n\n\n<p>Mais une bande dessin\u00e9e, c\u2019est bien \u00e9videmment du dessin\u2026 On n\u2019ach\u00e8te un album bd qu\u2019apr\u00e8s l\u2019avoir feuillet\u00e9, qu\u2019apr\u00e8s avoir \u00e9t\u00e9 s\u00e9duit par son graphisme. Cela devrait, en tout cas, \u00eatre le cas\u00a0! Malheureusement, de nos jours, c\u2019est bien plus le marketing, la pub, le mercantilisme sournois de certains \u00e9diteurs qui prime. Voyez du c\u00f4t\u00e9 de Gaston, d\u2019Ast\u00e9rix, de Blake et Mortimer\u2026 Entre autres\u2026<\/p>\n\n\n\n<p>Mais ici, avec l\u2019Ombre des Lumi\u00e8res, on ne peut qu\u2019\u00eatre s\u00e9duits par le dessin\u2026 Richard Gu\u00e9rineau est un excellent dessinateur, dans les sc\u00e8nes intimes (oui, il y en a, et particuli\u00e8rement r\u00e9ussies, croyez-moi, d\u2019un \u00e9rotisme \u00e0 la fois discret et terriblement pr\u00e9sent) comme dans les moments \u00e9piques\u2026 Tout en finesse, en expression, en badineries dessin\u00e9es, en d\u00e9cors somptueux, en couleurs d\u2019une belle chaleur, son dessin donne vie, totalement, intens\u00e9ment, \u00e0 un r\u00e9cit qui, pour classique qu\u2019il puisse avoir l\u2019air, n\u2019en demeure pas moins, comme souvent avec ces deux auteurs, un regard ac\u00e9r\u00e9 sur une soci\u00e9t\u00e9 qui, en d\u00e9finitive, a quand m\u00eame pas mal de similitudes avec la n\u00f4tre\u00a0! Je n\u2019ai donc qu\u2019une conclusion, vous l\u2019aurez devin\u00e9\u00a0: ce livre est excellent, tout simplement\u00a0!<\/p>\n\n\n\n<p><strong>Jacques et Josiane Schra\u00fbwen<\/strong><\/p>\n\n\n\n<p><strong>L\u2019Ombre des Lumi\u00e8res&nbsp;: 1. L\u2019Ennemi Du Genre Humain (dessin&nbsp;: Richard Gu\u00e9rineau \u2013 sc\u00e9nario&nbsp;: Alain Ayroles \u2013 \u00e9diteur&nbsp;: Delcourt \u2013 septembre 2023 \u2013 70 pages)<\/strong><\/p>\n","protected":false},"excerpt":{"rendered":"<p>Ah, le plaisir d\u00e9suet de se plonger dans une lecture qui nous emm\u00e8ne en des temps anciens, o\u00f9 le langage se faisait fleuri\u2026 O\u00f9 les r\u00e9alit\u00e9s du quotidien, par contre, \u00e9taient majoritairement tout sauf souriantes\u00a0! Voici donc un r\u00e9cit \u00e9pistolaire, donc construit \u00e0 partir de lettres \u00e9chang\u00e9es entre diff\u00e9rents personnages. Au vingti\u00e8me si\u00e8cle, l\u2019\u00e9crivain Hubert [&hellip;]<\/p>\n","protected":false},"author":1,"featured_media":8600,"comment_status":"open","ping_status":"open","sticky":false,"template":"","format":"standard","meta":{"jetpack_post_was_ever_published":false,"_jetpack_newsletter_access":"","_jetpack_dont_email_post_to_subs":false,"_jetpack_newsletter_tier_id":0,"_jetpack_memberships_contains_paywalled_content":false,"_jetpack_memberships_contains_paid_content":false,"footnotes":"","jetpack_publicize_message":"","jetpack_publicize_feature_enabled":true,"jetpack_social_post_already_shared":true,"jetpack_social_options":{"image_generator_settings":{"template":"highway","default_image_id":0,"font":"","enabled":false},"version":2}},"categories":[23,26],"tags":[],"class_list":["post-8599","post","type-post","status-publish","format-standard","has-post-thumbnail","hentry","category-bd-de-m-a-r","category-o"],"jetpack_publicize_connections":[],"jetpack_featured_media_url":"https:\/\/i0.wp.com\/bd-chroniques.be\/wp-content\/uploads\/2023\/11\/ombre1.jpeg?fit=1400%2C1881&ssl=1","jetpack_shortlink":"https:\/\/wp.me\/p8dqsu-2eH","jetpack_likes_enabled":true,"jetpack_sharing_enabled":true,"_links":{"self":[{"href":"https:\/\/bd-chroniques.be\/index.php\/wp-json\/wp\/v2\/posts\/8599","targetHints":{"allow":["GET"]}}],"collection":[{"href":"https:\/\/bd-chroniques.be\/index.php\/wp-json\/wp\/v2\/posts"}],"about":[{"href":"https:\/\/bd-chroniques.be\/index.php\/wp-json\/wp\/v2\/types\/post"}],"author":[{"embeddable":true,"href":"https:\/\/bd-chroniques.be\/index.php\/wp-json\/wp\/v2\/users\/1"}],"replies":[{"embeddable":true,"href":"https:\/\/bd-chroniques.be\/index.php\/wp-json\/wp\/v2\/comments?post=8599"}],"version-history":[{"count":1,"href":"https:\/\/bd-chroniques.be\/index.php\/wp-json\/wp\/v2\/posts\/8599\/revisions"}],"predecessor-version":[{"id":8608,"href":"https:\/\/bd-chroniques.be\/index.php\/wp-json\/wp\/v2\/posts\/8599\/revisions\/8608"}],"wp:featuredmedia":[{"embeddable":true,"href":"https:\/\/bd-chroniques.be\/index.php\/wp-json\/wp\/v2\/media\/8600"}],"wp:attachment":[{"href":"https:\/\/bd-chroniques.be\/index.php\/wp-json\/wp\/v2\/media?parent=8599"}],"wp:term":[{"taxonomy":"category","embeddable":true,"href":"https:\/\/bd-chroniques.be\/index.php\/wp-json\/wp\/v2\/categories?post=8599"},{"taxonomy":"post_tag","embeddable":true,"href":"https:\/\/bd-chroniques.be\/index.php\/wp-json\/wp\/v2\/tags?post=8599"}],"curies":[{"name":"wp","href":"https:\/\/api.w.org\/{rel}","templated":true}]}}