{"id":8722,"date":"2024-01-16T11:05:03","date_gmt":"2024-01-16T10:05:03","guid":{"rendered":"https:\/\/bd-chroniques.be\/?p=8722"},"modified":"2024-01-16T11:05:03","modified_gmt":"2024-01-16T10:05:03","slug":"pico-bogue-xv-les-heures-et-les-jours","status":"publish","type":"post","link":"https:\/\/bd-chroniques.be\/index.php\/2024\/01\/16\/pico-bogue-xv-les-heures-et-les-jours\/","title":{"rendered":"Pico Bogue\u00a0: XV. Les Heures Et Les Jours"},"content":{"rendered":"\n<p>Dans le monde de ce gamin avec \u00ab\u00a0le nez en l\u2019air et les ch\u2019veux d\u2019vant\u00a0\u00bb, comme le chantait Jean-Claude Darnal, les heures et les jours ressemblent \u00e0 des r\u00eaves partag\u00e9s, \u00e0 des amiti\u00e9s d\u2019\u00e9ternit\u00e9\u2026<\/p>\n\n\n<div class=\"wp-block-image\">\n<figure class=\"aligncenter size-full\"><img data-recalc-dims=\"1\" loading=\"lazy\" decoding=\"async\" width=\"539\" height=\"712\" src=\"https:\/\/i0.wp.com\/bd-chroniques.be\/wp-content\/uploads\/2024\/01\/image.png?resize=539%2C712&#038;ssl=1\" alt=\"\" class=\"wp-image-8724\" srcset=\"https:\/\/i0.wp.com\/bd-chroniques.be\/wp-content\/uploads\/2024\/01\/image.png?w=539&amp;ssl=1 539w, https:\/\/i0.wp.com\/bd-chroniques.be\/wp-content\/uploads\/2024\/01\/image.png?resize=227%2C300&amp;ssl=1 227w\" sizes=\"auto, (max-width: 539px) 100vw, 539px\" \/><figcaption class=\"wp-element-caption\">copyright dargaud<\/figcaption><\/figure>\n<\/div>\n\n\n<p>Quinzi\u00e8me album d\u00e9j\u00e0, pour Pico Bogue\u2026 Quinzi\u00e8me recueil de ses remarques face au monde dans lequel il vit, de ses philosophiques et enfantines constatations, de ses gentilles provocations, de ses aventures exclusivement quotidiennes\u2026<\/p>\n\n\n\n<p>Quinzi\u00e8me m\u00e9lange de tendresse, d\u2019humour, d\u2019amour, de plaisir des mots comme des images\u2026<\/p>\n\n\n\n<p>Qu\u2019est-ce qui fait la qualit\u00e9 d\u2019une \u0153uvre dans laquelle l\u2019enfance est centrale, d\u2019une \u0153uvre dans laquelle les regards des auteurs, v\u00e9ritablement adultes pourtant, sont ceux des enfants qu\u2019ils ont \u00e9t\u00e9, qu\u2019ils redeviennent, qu\u2019ils n\u2019ont sans doute jamais cess\u00e9 d\u2019\u00eatre, et qu\u2019ils nous invitent \u00e0 \u00eatre \u00e0 notre tour\u00a0?&#8230;<\/p>\n\n\n<div class=\"wp-block-image\">\n<figure class=\"aligncenter size-full\"><img data-recalc-dims=\"1\" loading=\"lazy\" decoding=\"async\" width=\"400\" height=\"225\" src=\"https:\/\/i0.wp.com\/bd-chroniques.be\/wp-content\/uploads\/2024\/01\/image-1.png?resize=400%2C225&#038;ssl=1\" alt=\"\" class=\"wp-image-8725\" srcset=\"https:\/\/i0.wp.com\/bd-chroniques.be\/wp-content\/uploads\/2024\/01\/image-1.png?w=400&amp;ssl=1 400w, https:\/\/i0.wp.com\/bd-chroniques.be\/wp-content\/uploads\/2024\/01\/image-1.png?resize=300%2C169&amp;ssl=1 300w\" sizes=\"auto, (max-width: 400px) 100vw, 400px\" \/><figcaption class=\"wp-element-caption\">copyright dargaud<\/figcaption><\/figure>\n<\/div>\n\n\n<p>C\u2019est vrai qu\u2019on pourrait avoir peur d\u2019entrer dans quelque chose de d\u00e9j\u00e0 connu, de d\u00e9j\u00e0 racont\u00e9\u2026 Dans une sorte de routine, tant dans le sc\u00e9nario que dans le dessin\u2026 Mais avec Dominique Roques et Alexis Dormal, il n\u2019en est rien, que du contraire&nbsp;! Rien de convenu, rien de r\u00e9p\u00e9titif, et toujours cette mani\u00e8re tout en douceur de r\u00e9ussir \u00e0 prendre le lecteur par le c\u0153ur autant que par les yeux&nbsp;! C\u2019est la marque des tout grands\u2026 Qui oserait dire que Semp\u00e9 se r\u00e9p\u00e8te&nbsp;? Ou Quino&nbsp;?<\/p>\n\n\n\n<p>Et je pense qu\u2019on peut le dire aussi face \u00e0 Pico Bogue&nbsp;!<\/p>\n\n\n\n<p>Oui, j\u2019ose le dire\u2026 Depuis Gaston, le vrai, pas cette esp\u00e8ce d\u2019ersatz mercantile qui se vend tristement aujourd\u2019hui comme des petits pains rassis, j\u2019ai rarement eu envie et besoin de rire devant un gag dessin\u00e9. Sauf avec Pico Bogue&nbsp;!<\/p>\n\n\n\n<p>Il y a d\u2019abord l\u2019impact imm\u00e9diat, frontal ai-je envie de dire, du dessin tout en transparence d\u2019Alexis Dormal, un dessin qui accentue avec tendresse les expressions, celles des enfants comme des adultes, parents, profs, commer\u00e7ants\u2026 Un dessin qui parvient \u00e0 nous faire ressentir jusque dans l\u2019\u00e2me les \u00e9clats de rire de ses personnages\u2026 Un dessin qui ne se contente pas d\u2019illustrer les mots de sa sc\u00e9nariste, Dominique Roques, mais qui semble sans cesse s\u2019envoler un peu plus loin\u2026 J\u2019en reviens au gamin de Darnal qui voulait devenir un oiseau\u2026 Sous les pinceaux d\u2019Alexis Dormal, Pico Bogue n\u2019a pas besoin d\u2019ailes pour survoler le monde qui est n\u00f4tre, ses ambigu\u00eft\u00e9s, ses hontes, ses tristes b\u00eatises aussi\u2026<\/p>\n\n\n<div class=\"wp-block-image\">\n<figure class=\"aligncenter size-full\"><img data-recalc-dims=\"1\" loading=\"lazy\" decoding=\"async\" width=\"572\" height=\"800\" src=\"https:\/\/i0.wp.com\/bd-chroniques.be\/wp-content\/uploads\/2024\/01\/image-2.png?resize=572%2C800&#038;ssl=1\" alt=\"\" class=\"wp-image-8726\" srcset=\"https:\/\/i0.wp.com\/bd-chroniques.be\/wp-content\/uploads\/2024\/01\/image-2.png?w=572&amp;ssl=1 572w, https:\/\/i0.wp.com\/bd-chroniques.be\/wp-content\/uploads\/2024\/01\/image-2.png?resize=215%2C300&amp;ssl=1 215w\" sizes=\"auto, (max-width: 572px) 100vw, 572px\" \/><figcaption class=\"wp-element-caption\">copyright dargaud<\/figcaption><\/figure>\n<\/div>\n\n\n<p>Et puis, il y a le texte de Dominique Roques\u2026 Une femme qui, sans aucun doute, a beaucoup observ\u00e9 son fils au long des ann\u00e9es, et qui en a gard\u00e9 une m\u00e9moire vive qui est tout sauf virtuelle\u2026 Le sens de la r\u00e9partie de ce gamin de papier est inou\u00ef et nous fait regretter, \u00e0 toutes et tous, adultes soi-disant responsables, de ne pas le poss\u00e9der au jour le jour pour exprimer, nous aussi, les col\u00e8res qui sont n\u00f4tres\u2026 Mais sans violence, jamais&nbsp;! En \u00e9levant la voix, malgr\u00e9 tout, comme le fait Ana Ana, la petite s\u0153ur de Pico. Surtout quand leur papa leur dit d\u2019une voix tr\u00e8s docte&nbsp;: \u00ab&nbsp;Et maintenant, que la colombe de la paix plane sur nous&nbsp;\u00bb. C\u2019est bien choisi, r\u00e9pond-elle, l\u2019air pensif\u2026 et puis, en criant&nbsp;: \u00ab&nbsp;Parce que colombe est un autre nom pour pigeon&nbsp;\u00bb&nbsp;!<\/p>\n\n\n\n<p>Parce que, ne nous y trompons pas, Pico Bogue et sa s\u0153ur sont loin d\u2019\u00eatre na\u00effs. Ils regardent, ils observent, ils \u00ab\u00a0grandissent\u00a0\u00bb sans doute comme le veulent leurs parents, leurs professeurs\u2026 Mais ils se battent, \u00e0 leur mani\u00e8re, pour rester le plus longtemps possible les gavroches qu\u2019ils sont\u2026<\/p>\n\n\n<div class=\"wp-block-image\">\n<figure class=\"aligncenter size-full\"><img data-recalc-dims=\"1\" loading=\"lazy\" decoding=\"async\" width=\"600\" height=\"422\" src=\"https:\/\/i0.wp.com\/bd-chroniques.be\/wp-content\/uploads\/2024\/01\/image-3.png?resize=600%2C422&#038;ssl=1\" alt=\"\" class=\"wp-image-8728\" srcset=\"https:\/\/i0.wp.com\/bd-chroniques.be\/wp-content\/uploads\/2024\/01\/image-3.png?w=600&amp;ssl=1 600w, https:\/\/i0.wp.com\/bd-chroniques.be\/wp-content\/uploads\/2024\/01\/image-3.png?resize=300%2C211&amp;ssl=1 300w\" sizes=\"auto, (max-width: 600px) 100vw, 600px\" \/><figcaption class=\"wp-element-caption\">copyright dargaud<\/figcaption><\/figure>\n<\/div>\n\n\n<p>Qu\u2019on ne s\u2019y trompe pas, en effet\u2026 Et quand je parlais de Quino ou de Semp\u00e9, c\u2019est parce que Dominique Roques et Alexis Dormal ont cr\u00e9\u00e9 avec Pico Bogue un observateur lucide du monde dans lequel ils \u00e9voluent, un monde qu\u2019ils essaient, avec succ\u00e8s parfois, \u00e0 transformer pour qu\u2019il soit \u00e0 leur hauteur d\u2019enfance. Comme ces illustres pr\u00e9d\u00e9cesseurs auxquels rajouter, bien \u00e9videmment, les Peanuts. <\/p>\n\n\n\n<p>Et ces enfants vivent, \u00e0 leur taille justement, ce que les adultes qui les entourent ne vivent parfois que tr\u00e8s difficilement\u00a0: l\u2019amiti\u00e9, l\u2019amour, la tendresse, la dispute se terminant par des phrases d\u00e9finitives \u00e9touff\u00e9es par des rires souverains. Dans ce quinzi\u00e8me album, on parle d\u2019amour, de d\u00e9samour, on pare de langage, de po\u00e9sie, de Lamartine\u2026 De la famille, de la p\u00e9dagogie\u2026 Du partage, m\u00eame et surtout interg\u00e9n\u00e9rationnel\u2026 Et m\u00eame d\u2019algorithme\u00a0! Celui que Pico se cr\u00e9\u00e9, comme une algue au rythme doux qui se balance dans sa mer int\u00e9rieure, une mer pas du tout pollu\u00e9e par les produits des calculs humains\u2026<\/p>\n\n\n<div class=\"wp-block-image\">\n<figure class=\"aligncenter size-full\"><img data-recalc-dims=\"1\" loading=\"lazy\" decoding=\"async\" width=\"368\" height=\"500\" src=\"https:\/\/i0.wp.com\/bd-chroniques.be\/wp-content\/uploads\/2024\/01\/image-4.png?resize=368%2C500&#038;ssl=1\" alt=\"\" class=\"wp-image-8729\" srcset=\"https:\/\/i0.wp.com\/bd-chroniques.be\/wp-content\/uploads\/2024\/01\/image-4.png?w=368&amp;ssl=1 368w, https:\/\/i0.wp.com\/bd-chroniques.be\/wp-content\/uploads\/2024\/01\/image-4.png?resize=221%2C300&amp;ssl=1 221w\" sizes=\"auto, (max-width: 368px) 100vw, 368px\" \/><figcaption class=\"wp-element-caption\">copyright dargaud<\/figcaption><\/figure>\n<\/div>\n\n\n<p>Vous l\u2019aurez compris\u2026 Et je l\u2019ai d\u2019ailleurs d\u00e9j\u00e0 dit, ici, dans mes chroniques\u00a0: Pico Bogue est une bande dessin\u00e9e importante\u2026 parce que souriante\u2026 parce que tol\u00e9rante\u2026 parce que magique, tout simplement\u00a0! Et on en revient \u00e0 la chanson de Jean-Claude Darnal et son magicien qui rencontra un jour un petit gar\u00e7on comme il y en a tant\u2026<\/p>\n\n\n\n<p>Les heures et les jours de Pico Bogue et de sa s\u0153ur qui prend de plus en plus de place sont des heures d\u2019intelligence, de r\u00e9flexion, d\u2019humour aussi et surtout\u2026 Un humour lucide qui enrichit l\u2019enfance de tous les lecteurs de cette s\u00e9rie \u00e0 ne rater sous aucun pr\u00e9texte&nbsp;!<\/p>\n\n\n\n<p><strong>Jacques et Josiane Schra\u00fbwen<\/strong><\/p>\n\n\n\n<p><strong>Pico Bogue\u00a0: XV. Les Heures Et Les Jours (dessin\u00a0: Alexis Dormal \u2013 sc\u00e9nario\u00a0: Dominique Roques \u2013 \u00e9diteur\u00a0: Dargaud \u2013 2023 \u2013 48 pages)<\/strong><\/p>\n\n\n\n<p><\/p>\n","protected":false},"excerpt":{"rendered":"<p>Dans le monde de ce gamin avec \u00ab\u00a0le nez en l\u2019air et les ch\u2019veux d\u2019vant\u00a0\u00bb, comme le chantait Jean-Claude Darnal, les heures et les jours ressemblent \u00e0 des r\u00eaves partag\u00e9s, \u00e0 des amiti\u00e9s d\u2019\u00e9ternit\u00e9\u2026 Quinzi\u00e8me album d\u00e9j\u00e0, pour Pico Bogue\u2026 Quinzi\u00e8me recueil de ses remarques face au monde dans lequel il vit, de ses philosophiques [&hellip;]<\/p>\n","protected":false},"author":1,"featured_media":8723,"comment_status":"open","ping_status":"open","sticky":false,"template":"","format":"standard","meta":{"jetpack_post_was_ever_published":false,"_jetpack_newsletter_access":"","_jetpack_dont_email_post_to_subs":false,"_jetpack_newsletter_tier_id":0,"_jetpack_memberships_contains_paywalled_content":false,"_jetpack_memberships_contains_paid_content":false,"footnotes":"","jetpack_publicize_message":"","jetpack_publicize_feature_enabled":true,"jetpack_social_post_already_shared":true,"jetpack_social_options":{"image_generator_settings":{"template":"highway","default_image_id":0,"font":"","enabled":false},"version":2}},"categories":[23,27],"tags":[],"class_list":["post-8722","post","type-post","status-publish","format-standard","has-post-thumbnail","hentry","category-bd-de-m-a-r","category-p"],"jetpack_publicize_connections":[],"jetpack_featured_media_url":"https:\/\/i0.wp.com\/bd-chroniques.be\/wp-content\/uploads\/2024\/01\/pico.jpg?fit=725%2C1024&ssl=1","jetpack_shortlink":"https:\/\/wp.me\/p8dqsu-2gG","jetpack_likes_enabled":true,"jetpack_sharing_enabled":true,"_links":{"self":[{"href":"https:\/\/bd-chroniques.be\/index.php\/wp-json\/wp\/v2\/posts\/8722","targetHints":{"allow":["GET"]}}],"collection":[{"href":"https:\/\/bd-chroniques.be\/index.php\/wp-json\/wp\/v2\/posts"}],"about":[{"href":"https:\/\/bd-chroniques.be\/index.php\/wp-json\/wp\/v2\/types\/post"}],"author":[{"embeddable":true,"href":"https:\/\/bd-chroniques.be\/index.php\/wp-json\/wp\/v2\/users\/1"}],"replies":[{"embeddable":true,"href":"https:\/\/bd-chroniques.be\/index.php\/wp-json\/wp\/v2\/comments?post=8722"}],"version-history":[{"count":2,"href":"https:\/\/bd-chroniques.be\/index.php\/wp-json\/wp\/v2\/posts\/8722\/revisions"}],"predecessor-version":[{"id":8730,"href":"https:\/\/bd-chroniques.be\/index.php\/wp-json\/wp\/v2\/posts\/8722\/revisions\/8730"}],"wp:featuredmedia":[{"embeddable":true,"href":"https:\/\/bd-chroniques.be\/index.php\/wp-json\/wp\/v2\/media\/8723"}],"wp:attachment":[{"href":"https:\/\/bd-chroniques.be\/index.php\/wp-json\/wp\/v2\/media?parent=8722"}],"wp:term":[{"taxonomy":"category","embeddable":true,"href":"https:\/\/bd-chroniques.be\/index.php\/wp-json\/wp\/v2\/categories?post=8722"},{"taxonomy":"post_tag","embeddable":true,"href":"https:\/\/bd-chroniques.be\/index.php\/wp-json\/wp\/v2\/tags?post=8722"}],"curies":[{"name":"wp","href":"https:\/\/api.w.org\/{rel}","templated":true}]}}