{"id":8759,"date":"2024-02-05T11:36:52","date_gmt":"2024-02-05T10:36:52","guid":{"rendered":"https:\/\/bd-chroniques.be\/?p=8759"},"modified":"2024-02-05T11:36:52","modified_gmt":"2024-02-05T10:36:52","slug":"berlin-61-les-aventures-de-kathleen-dans-un-livre-totalement-belge","status":"publish","type":"post","link":"https:\/\/bd-chroniques.be\/index.php\/2024\/02\/05\/berlin-61-les-aventures-de-kathleen-dans-un-livre-totalement-belge\/","title":{"rendered":"Berlin 61 \u2013 Les aventures de Kathleen dans un livre totalement belge"},"content":{"rendered":"\n<p>De la bd belge, en effet\u00a0! Avec le cinqui\u00e8me volume d\u2019une s\u00e9rie qui nous fait voyager des ann\u00e9es 40 aux ann\u00e9es 60.<\/p>\n\n\n<div class=\"wp-block-image\">\n<figure class=\"aligncenter size-full\"><img data-recalc-dims=\"1\" loading=\"lazy\" decoding=\"async\" width=\"600\" height=\"424\" src=\"https:\/\/i0.wp.com\/bd-chroniques.be\/wp-content\/uploads\/2024\/02\/berlin2.jpg?resize=600%2C424&#038;ssl=1\" alt=\"\" class=\"wp-image-8761\" srcset=\"https:\/\/i0.wp.com\/bd-chroniques.be\/wp-content\/uploads\/2024\/02\/berlin2.jpg?w=600&amp;ssl=1 600w, https:\/\/i0.wp.com\/bd-chroniques.be\/wp-content\/uploads\/2024\/02\/berlin2.jpg?resize=300%2C212&amp;ssl=1 300w\" sizes=\"auto, (max-width: 600px) 100vw, 600px\" \/><figcaption class=\"wp-element-caption\">copyright anspach<\/figcaption><\/figure>\n<\/div>\n\n\n<p>Dans les albums pr\u00e9c\u00e9dents, on a vue Kathleen grandir, m\u00fbrir, d\u2019enfant devenir femme, le tout dans un environnement proche toujours de la Belgique. On l\u2019a connue enfant, oui, h\u00f4tesse de l\u2019air, h\u00f4tesse d\u2019accueil, journaliste au fil de ses aventures pr\u00e9c\u00e9dentes. Ici, dans Berlin 61, on la retrouve loin de ses habitudes dans une sorte de parenth\u00e8se professionnelle. Elle revient de vacances, dans un train-couchettes.<\/p>\n\n\n<div class=\"wp-block-image\">\n<figure class=\"aligncenter size-full\"><img data-recalc-dims=\"1\" loading=\"lazy\" decoding=\"async\" width=\"500\" height=\"646\" src=\"https:\/\/i0.wp.com\/bd-chroniques.be\/wp-content\/uploads\/2024\/02\/berlin3.jpg?resize=500%2C646&#038;ssl=1\" alt=\"\" class=\"wp-image-8762\" srcset=\"https:\/\/i0.wp.com\/bd-chroniques.be\/wp-content\/uploads\/2024\/02\/berlin3.jpg?w=500&amp;ssl=1 500w, https:\/\/i0.wp.com\/bd-chroniques.be\/wp-content\/uploads\/2024\/02\/berlin3.jpg?resize=232%2C300&amp;ssl=1 232w\" sizes=\"auto, (max-width: 500px) 100vw, 500px\" \/><figcaption class=\"wp-element-caption\">copyright anspach<\/figcaption><\/figure>\n<\/div>\n\n\n<p>Elle y rencontre une violoniste qui dispara\u00eet sans laisser d\u2019autre trace que son instrument de musique. Et bien \u00e9videmment, Kathleen va vouloir la retrouver\u2026 Ce qui va la conduire jusqu\u2019\u00e0 Berlin o\u00f9 le mur de la honte vient d\u2019\u00eatre construit\u2026 Et la voici plong\u00e9e, en l\u2019an de gr\u00e2ce 1961, en un lieu o\u00f9 se vit au pr\u00e9sent l\u2019Histoire du monde\u00a0!<\/p>\n\n\n<div class=\"wp-block-image\">\n<figure class=\"aligncenter size-full\"><img data-recalc-dims=\"1\" loading=\"lazy\" decoding=\"async\" width=\"640\" height=\"874\" src=\"https:\/\/i0.wp.com\/bd-chroniques.be\/wp-content\/uploads\/2024\/02\/berlin4.jpg?resize=640%2C874&#038;ssl=1\" alt=\"\" class=\"wp-image-8763\" srcset=\"https:\/\/i0.wp.com\/bd-chroniques.be\/wp-content\/uploads\/2024\/02\/berlin4.jpg?w=640&amp;ssl=1 640w, https:\/\/i0.wp.com\/bd-chroniques.be\/wp-content\/uploads\/2024\/02\/berlin4.jpg?resize=220%2C300&amp;ssl=1 220w\" sizes=\"auto, (max-width: 640px) 100vw, 640px\" \/><figcaption class=\"wp-element-caption\">copyright anspach<\/figcaption><\/figure>\n<\/div>\n\n\n<p>Il s\u2019agit ici d\u2019un r\u00e9cit d\u2019espionnage, un peu comme ces romans de gare vite achet\u00e9s avant un voyage en train. Une aventure avec des espions, donc, dans un environnement historique qui, graphiquement en tout cas, se veut fid\u00e8le \u00e0 la r\u00e9alit\u00e9, \u00e0 la v\u00e9rit\u00e9 du temps qui passe\u2026<\/p>\n\n\n<div class=\"wp-block-image\">\n<figure class=\"aligncenter size-full\"><img data-recalc-dims=\"1\" loading=\"lazy\" decoding=\"async\" width=\"745\" height=\"1000\" src=\"https:\/\/i0.wp.com\/bd-chroniques.be\/wp-content\/uploads\/2024\/02\/berlin5.webp?resize=745%2C1000&#038;ssl=1\" alt=\"\" class=\"wp-image-8764\" srcset=\"https:\/\/i0.wp.com\/bd-chroniques.be\/wp-content\/uploads\/2024\/02\/berlin5.webp?w=745&amp;ssl=1 745w, https:\/\/i0.wp.com\/bd-chroniques.be\/wp-content\/uploads\/2024\/02\/berlin5.webp?resize=224%2C300&amp;ssl=1 224w\" sizes=\"auto, (max-width: 745px) 100vw, 745px\" \/><figcaption class=\"wp-element-caption\">copyright anspach<\/figcaption><\/figure>\n<\/div>\n\n\n<p>Une construction qui pla\u00eet \u00e0 Baudouin Deville, le dessinateur, une narration qui lui permet, sans doute, de s\u2019\u00e9vader de notre univers de plus en plus \u00e9triqu\u00e9\u2026<\/p>\n\n\n\n<figure class=\"wp-block-audio\"><audio controls src=\"https:\/\/bd-chroniques.be\/wp-content\/uploads\/2024\/02\/berlin01-1.mp3\"><\/audio><figcaption class=\"wp-element-caption\">Baudouin Deville<\/figcaption><\/figure>\n\n\n\n<p>Baudouin Deville est un dessinateur classique, sans aucun doute. Son dessin ne cherche pas \u00e0 \u00ab\u00a0\u00e9blouir\u00a0\u00bb, mais \u00e0 raconter, simplement, avec \u00e0 la fois beaucoup de s\u00e9rieux et un sourire tranquille\u2026Il aime dessiner les d\u00e9cors urbains, les lieux, les rues, et tout ce qui, dans ces paysages citadins, permet de cerner la v\u00e9rit\u00e9 d\u2019une ville\u2026<\/p>\n\n\n\n<figure class=\"wp-block-audio\"><audio controls src=\"https:\/\/bd-chroniques.be\/wp-content\/uploads\/2024\/02\/berlin02.mp3\"><\/audio><figcaption class=\"wp-element-caption\">Baudouin Deville<\/figcaption><\/figure>\n\n\n\n<p>Ce dessin classique n\u2019en est pas pour autant fig\u00e9. Au fil des ann\u00e9es qui d\u00e9filent dans l\u2019existence de l\u2019h\u00e9ro\u00efne, Baudouin Deville parvient aussi \u00e0 rendre compte de l\u2019\u00e9volution de la soci\u00e9t\u00e9.<\/p>\n\n\n<div class=\"wp-block-image\">\n<figure class=\"aligncenter size-full\"><img data-recalc-dims=\"1\" loading=\"lazy\" decoding=\"async\" width=\"600\" height=\"547\" src=\"https:\/\/i0.wp.com\/bd-chroniques.be\/wp-content\/uploads\/2024\/02\/berlin6.png?resize=600%2C547&#038;ssl=1\" alt=\"\" class=\"wp-image-8768\" srcset=\"https:\/\/i0.wp.com\/bd-chroniques.be\/wp-content\/uploads\/2024\/02\/berlin6.png?w=600&amp;ssl=1 600w, https:\/\/i0.wp.com\/bd-chroniques.be\/wp-content\/uploads\/2024\/02\/berlin6.png?resize=300%2C274&amp;ssl=1 300w\" sizes=\"auto, (max-width: 600px) 100vw, 600px\" \/><figcaption class=\"wp-element-caption\">copyright anspach<\/figcaption><\/figure>\n<\/div>\n\n\n<p>Le point fort de Baudouin Deville, dans ce livre, c\u2019est de recr\u00e9er les d\u00e9tails quotidiens de cette \u00e9poque, l\u2019ann\u00e9e 1961, au travers des d\u00e9cors, des personnages et de leurs attitudes. Il nous offre ainsi ce qu\u2019on pourrait appeler une suite d\u2019instantan\u00e9s de la vie d\u2019hier et, ce faisant, il nous fait toucher du doigt, aussi, \u00e0 certaines avanc\u00e9es soci\u00e9tales, le couple, les relations amoureuses, la libert\u00e9 individuelle, ou la place de la femme dans la soci\u00e9t\u00e9\u2026 Ce c\u00f4t\u00e9 quelque peu sociologique fait partie du plaisir de dessiner de Baudouin Deville\u2026 <\/p>\n\n\n\n<figure class=\"wp-block-audio\"><audio controls src=\"https:\/\/bd-chroniques.be\/wp-content\/uploads\/2024\/02\/berlin03.mp3\"><\/audio><figcaption class=\"wp-element-caption\">Baudouin Deville<\/figcaption><\/figure>\n\n\n\n<p>Je vous l\u2019ai dit, Baudouin Deville est un artiste classique. Je le disais aussi, il ne cherche \u00e0 aucun moment les effets sp\u00e9ciaux, les perspectives non r\u00e9alistes. Il aime, comme il le dit, poser ses planches et prendre le temps d\u2019en faire comme des instantan\u00e9s des existences qu\u2019il nous montre.<\/p>\n\n\n\n<figure class=\"wp-block-audio\"><audio controls src=\"https:\/\/bd-chroniques.be\/wp-content\/uploads\/2024\/02\/berlin04temps.mp3\"><\/audio><figcaption class=\"wp-element-caption\">Baudouin Deville<\/figcaption><\/figure>\n\n\n\n<p>Etre classique, ce n\u2019est \u00eatre ennuyeux pour autant\u00a0! Et son talent \u00e0 dessiner des paysages, larges, ouverts sur le r\u00eave en quelque sorte, fait merveille, ici et l\u00e0, dans chacun de ses albums\u2026 Dans le prochain, par exemple, avec cette illustration somptueuse\u00a0!<\/p>\n\n\n<div class=\"wp-block-image\">\n<figure class=\"aligncenter size-large\"><img data-recalc-dims=\"1\" loading=\"lazy\" decoding=\"async\" width=\"768\" height=\"532\" src=\"https:\/\/i0.wp.com\/bd-chroniques.be\/wp-content\/uploads\/2024\/02\/berlin7.jpg?resize=768%2C532&#038;ssl=1\" alt=\"\" class=\"wp-image-8771\" srcset=\"https:\/\/i0.wp.com\/bd-chroniques.be\/wp-content\/uploads\/2024\/02\/berlin7.jpg?resize=1024%2C709&amp;ssl=1 1024w, https:\/\/i0.wp.com\/bd-chroniques.be\/wp-content\/uploads\/2024\/02\/berlin7.jpg?resize=300%2C208&amp;ssl=1 300w, https:\/\/i0.wp.com\/bd-chroniques.be\/wp-content\/uploads\/2024\/02\/berlin7.jpg?resize=768%2C532&amp;ssl=1 768w, https:\/\/i0.wp.com\/bd-chroniques.be\/wp-content\/uploads\/2024\/02\/berlin7.jpg?resize=1536%2C1064&amp;ssl=1 1536w, https:\/\/i0.wp.com\/bd-chroniques.be\/wp-content\/uploads\/2024\/02\/berlin7.jpg?w=2048&amp;ssl=1 2048w\" sizes=\"auto, (max-width: 768px) 100vw, 768px\" \/><figcaption class=\"wp-element-caption\">copyright Baudouin Deville<\/figcaption><\/figure>\n<\/div>\n\n\n<p>Une s\u00e9rie qui se laisse lire, m\u00eame si le sc\u00e9nario, parfois, prend des libert\u00e9s pas tr\u00e8s compr\u00e9hensibles avec la v\u00e9rit\u00e9 historique. Le mot phallocrate, par exemple, utilis\u00e9 dans ce Berlin 61 comme s\u2019il s\u2019agissait d\u2019un mot usuel de l\u2019\u00e9poque, n\u2019a vraiment eu cours qu\u2019en 1968. Tout comme le mot machiste qui se cantonnait, au d\u00e9but des ann\u00e9es 60, en Am\u00e9rique latine. Mais ne boudons pas notre plaisir. C\u2019est une s\u00e9rie agr\u00e9able \u00e0 lire, et, il faut insister sur ce fait, c\u2019est une s\u00e9rie formidablement coloris\u00e9e, avec talent, par B\u00e9reng\u00e8re Marquebreucq. Une s\u00e9rie totalement belge, sc\u00e9nariste, dessinateur, coloriste, et \u00e9diteur\u00a0!<\/p>\n\n\n\n<p><strong>Jacques et Josiane Schra\u00fbwen<\/strong><\/p>\n\n\n\n<p><strong>Berlin 61 (dessin\u00a0: Baudouin Deville \u2013 sc\u00e9nario\u00a0: Patrick Weber \u2013 coloriste\u00a0: B\u00e9reng\u00e8re Marquebreuxq \u2013 \u00e9diteur\u00a0: Anspach \u2013 novembre 2023 \u2013 64 pages)<\/strong><\/p>\n\n\n<div class=\"wp-block-image\">\n<figure class=\"aligncenter size-full\"><img data-recalc-dims=\"1\" loading=\"lazy\" decoding=\"async\" width=\"600\" height=\"793\" src=\"https:\/\/i0.wp.com\/bd-chroniques.be\/wp-content\/uploads\/2024\/02\/berlin8.jpg?resize=600%2C793&#038;ssl=1\" alt=\"\" class=\"wp-image-8772\" srcset=\"https:\/\/i0.wp.com\/bd-chroniques.be\/wp-content\/uploads\/2024\/02\/berlin8.jpg?w=600&amp;ssl=1 600w, https:\/\/i0.wp.com\/bd-chroniques.be\/wp-content\/uploads\/2024\/02\/berlin8.jpg?resize=227%2C300&amp;ssl=1 227w\" sizes=\"auto, (max-width: 600px) 100vw, 600px\" \/><figcaption class=\"wp-element-caption\">copyright anspach<\/figcaption><\/figure>\n<\/div>\n\n\n<p><\/p>\n","protected":false},"excerpt":{"rendered":"<p>De la bd belge, en effet\u00a0! Avec le cinqui\u00e8me volume d\u2019une s\u00e9rie qui nous fait voyager des ann\u00e9es 40 aux ann\u00e9es 60. Dans les albums pr\u00e9c\u00e9dents, on a vue Kathleen grandir, m\u00fbrir, d\u2019enfant devenir femme, le tout dans un environnement proche toujours de la Belgique. On l\u2019a connue enfant, oui, h\u00f4tesse de l\u2019air, h\u00f4tesse d\u2019accueil, [&hellip;]<\/p>\n","protected":false},"author":1,"featured_media":8760,"comment_status":"open","ping_status":"open","sticky":false,"template":"","format":"standard","meta":{"jetpack_post_was_ever_published":false,"_jetpack_newsletter_access":"","_jetpack_dont_email_post_to_subs":false,"_jetpack_newsletter_tier_id":0,"_jetpack_memberships_contains_paywalled_content":false,"_jetpack_memberships_contains_paid_content":false,"footnotes":"","jetpack_publicize_message":"","jetpack_publicize_feature_enabled":true,"jetpack_social_post_already_shared":true,"jetpack_social_options":{"image_generator_settings":{"template":"highway","default_image_id":0,"font":"","enabled":false},"version":2}},"categories":[17,14],"tags":[],"class_list":["post-8759","post","type-post","status-publish","format-standard","has-post-thumbnail","hentry","category-b","category-bd-de-a-a-f"],"jetpack_publicize_connections":[],"jetpack_featured_media_url":"https:\/\/i0.wp.com\/bd-chroniques.be\/wp-content\/uploads\/2024\/02\/berlin1.jpg?fit=600%2C794&ssl=1","jetpack_shortlink":"https:\/\/wp.me\/p8dqsu-2hh","jetpack_likes_enabled":true,"jetpack_sharing_enabled":true,"_links":{"self":[{"href":"https:\/\/bd-chroniques.be\/index.php\/wp-json\/wp\/v2\/posts\/8759","targetHints":{"allow":["GET"]}}],"collection":[{"href":"https:\/\/bd-chroniques.be\/index.php\/wp-json\/wp\/v2\/posts"}],"about":[{"href":"https:\/\/bd-chroniques.be\/index.php\/wp-json\/wp\/v2\/types\/post"}],"author":[{"embeddable":true,"href":"https:\/\/bd-chroniques.be\/index.php\/wp-json\/wp\/v2\/users\/1"}],"replies":[{"embeddable":true,"href":"https:\/\/bd-chroniques.be\/index.php\/wp-json\/wp\/v2\/comments?post=8759"}],"version-history":[{"count":1,"href":"https:\/\/bd-chroniques.be\/index.php\/wp-json\/wp\/v2\/posts\/8759\/revisions"}],"predecessor-version":[{"id":8773,"href":"https:\/\/bd-chroniques.be\/index.php\/wp-json\/wp\/v2\/posts\/8759\/revisions\/8773"}],"wp:featuredmedia":[{"embeddable":true,"href":"https:\/\/bd-chroniques.be\/index.php\/wp-json\/wp\/v2\/media\/8760"}],"wp:attachment":[{"href":"https:\/\/bd-chroniques.be\/index.php\/wp-json\/wp\/v2\/media?parent=8759"}],"wp:term":[{"taxonomy":"category","embeddable":true,"href":"https:\/\/bd-chroniques.be\/index.php\/wp-json\/wp\/v2\/categories?post=8759"},{"taxonomy":"post_tag","embeddable":true,"href":"https:\/\/bd-chroniques.be\/index.php\/wp-json\/wp\/v2\/tags?post=8759"}],"curies":[{"name":"wp","href":"https:\/\/api.w.org\/{rel}","templated":true}]}}