{"id":8805,"date":"2024-02-19T09:12:13","date_gmt":"2024-02-19T08:12:13","guid":{"rendered":"https:\/\/bd-chroniques.be\/?p=8805"},"modified":"2024-02-20T10:28:49","modified_gmt":"2024-02-20T09:28:49","slug":"les-mots-nous-manquent-une-thematique-tres-actuelle","status":"publish","type":"post","link":"https:\/\/bd-chroniques.be\/index.php\/2024\/02\/19\/les-mots-nous-manquent-une-thematique-tres-actuelle\/","title":{"rendered":"Les Mots Nous Manquent \u2013 une th\u00e9matique tr\u00e8s actuelle\u2026"},"content":{"rendered":"\n<p>La bande dessin\u00e9e est multiforme et c\u2019est ce que j\u2019aime depuis toujours\u2026 Au fil du temps, et malgr\u00e9 quelques intransigeances d\u2019auteurs d\u00e9sireux, de mani\u00e8re freudienne, de \u00ab&nbsp;tuer le p\u00e8re&nbsp;\u00bb, c\u2019est toute sa diversit\u00e9 qu\u2019elle devient elle-m\u00eame, totalement, un m\u00e9dia essentiel en notre \u00e9poque&nbsp;!<\/p>\n\n\n<div class=\"wp-block-image\">\n<figure class=\"aligncenter size-large\"><img data-recalc-dims=\"1\" loading=\"lazy\" decoding=\"async\" width=\"768\" height=\"575\" src=\"https:\/\/i0.wp.com\/bd-chroniques.be\/wp-content\/uploads\/2024\/02\/mots2.jpg?resize=768%2C575&#038;ssl=1\" alt=\"\" class=\"wp-image-8807\" srcset=\"https:\/\/i0.wp.com\/bd-chroniques.be\/wp-content\/uploads\/2024\/02\/mots2.jpg?resize=1024%2C767&amp;ssl=1 1024w, https:\/\/i0.wp.com\/bd-chroniques.be\/wp-content\/uploads\/2024\/02\/mots2.jpg?resize=300%2C225&amp;ssl=1 300w, https:\/\/i0.wp.com\/bd-chroniques.be\/wp-content\/uploads\/2024\/02\/mots2.jpg?resize=768%2C575&amp;ssl=1 768w, https:\/\/i0.wp.com\/bd-chroniques.be\/wp-content\/uploads\/2024\/02\/mots2.jpg?resize=1536%2C1151&amp;ssl=1 1536w, https:\/\/i0.wp.com\/bd-chroniques.be\/wp-content\/uploads\/2024\/02\/mots2.jpg?w=1554&amp;ssl=1 1554w\" sizes=\"auto, (max-width: 768px) 100vw, 768px\" \/><figcaption class=\"wp-element-caption\">copyright tartamudo<\/figcaption><\/figure>\n<\/div>\n\n\n<p>Et c\u2019est ainsi que des \u00e9diteurs \u00ab&nbsp;ind\u00e9pendants&nbsp;\u00bb et \u00ab&nbsp;engag\u00e9s&nbsp;\u00bb ont vu le jour\u2026 Parmi eux, Jos\u00e9 Jover, et ses \u00e9ditions Tartamudo. Un \u00e9diteur qui prend plaisir \u00e0 publier des \u0153uvres qui abordent des sujets tr\u00e8s contemporains, voire pol\u00e9miques, des auteurs qui, \u00e0 l\u2019instar de Nadine Van der Straeten, parviennent \u00e0 m\u00ealer l\u2019\u00e9motion et la po\u00e9sie \u00e0 des questionnements soci\u00e9taux.<\/p>\n\n\n<div class=\"wp-block-image\">\n<figure class=\"aligncenter size-full\"><img data-recalc-dims=\"1\" loading=\"lazy\" decoding=\"async\" width=\"600\" height=\"850\" src=\"https:\/\/i0.wp.com\/bd-chroniques.be\/wp-content\/uploads\/2024\/02\/mots3.jpg?resize=600%2C850&#038;ssl=1\" alt=\"\" class=\"wp-image-8808\" srcset=\"https:\/\/i0.wp.com\/bd-chroniques.be\/wp-content\/uploads\/2024\/02\/mots3.jpg?w=600&amp;ssl=1 600w, https:\/\/i0.wp.com\/bd-chroniques.be\/wp-content\/uploads\/2024\/02\/mots3.jpg?resize=212%2C300&amp;ssl=1 212w\" sizes=\"auto, (max-width: 600px) 100vw, 600px\" \/><figcaption class=\"wp-element-caption\">copyright tartamudo<\/figcaption><\/figure>\n<\/div>\n\n\n<p>Et c\u2019est dans une actualit\u00e9 omnipr\u00e9sente, celle de l\u2019immigration, que nous plonge ce livre-ci&nbsp;: \u00ab&nbsp;Les mots nous manquent&nbsp;\u00bb. Un livre qui nous parle de la guerre en Syrie, qui a d\u00e9but\u00e9 en 2011 et fait des centaines de milliers de morts\u2026 Et des milliers et des milliers de r\u00e9fugi\u00e9s, aussi, \u00e0 travers le monde. En France, par exemple. Dans la petite ville d\u2019Autun, entre autres.<\/p>\n\n\n<div class=\"wp-block-image\">\n<figure class=\"aligncenter size-full\"><img data-recalc-dims=\"1\" loading=\"lazy\" decoding=\"async\" width=\"630\" height=\"582\" src=\"https:\/\/i0.wp.com\/bd-chroniques.be\/wp-content\/uploads\/2024\/02\/mots4.jpg?resize=630%2C582&#038;ssl=1\" alt=\"\" class=\"wp-image-8809\" srcset=\"https:\/\/i0.wp.com\/bd-chroniques.be\/wp-content\/uploads\/2024\/02\/mots4.jpg?w=630&amp;ssl=1 630w, https:\/\/i0.wp.com\/bd-chroniques.be\/wp-content\/uploads\/2024\/02\/mots4.jpg?resize=300%2C277&amp;ssl=1 300w\" sizes=\"auto, (max-width: 630px) 100vw, 630px\" \/><figcaption class=\"wp-element-caption\">copyright tartamudo<\/figcaption><\/figure>\n<\/div>\n\n\n<p>Et nous suivons dans ce livre simple, souriant, lumineux ai-je envie de dire, quelques-unes de ces familles qui ont \u00e9t\u00e9 oblig\u00e9es pour survivre de se reconstruire \u00e0 partir de z\u00e9ro\u2026 Ces r\u00e9fugi\u00e9s sont arriv\u00e9s en 2018. Ce livre, tel un reportage, nous les montre en 2022\u2026 Un reportage oui, dans lequel ces familles, ces personnes, se racontent, racontent leurs difficult\u00e9s \u00e0 s\u2019adapter, \u00e0 \u00eatre accept\u00e9es, \u00e0 s\u2019accepter elles-m\u00eames, aussi\u2026 Dans ce reportage v\u00e9ritablement interculturel, on croise des femmes, des hommes, des enfants qui n\u2019ont aucun vrai souvenir de leur pays natal, m\u00eame s\u2019ils en r\u00eavent.<\/p>\n\n\n<div class=\"wp-block-image\">\n<figure class=\"aligncenter size-full\"><img data-recalc-dims=\"1\" loading=\"lazy\" decoding=\"async\" width=\"380\" height=\"500\" src=\"https:\/\/i0.wp.com\/bd-chroniques.be\/wp-content\/uploads\/2024\/02\/mots5.jpg?resize=380%2C500&#038;ssl=1\" alt=\"\" class=\"wp-image-8810\" srcset=\"https:\/\/i0.wp.com\/bd-chroniques.be\/wp-content\/uploads\/2024\/02\/mots5.jpg?w=380&amp;ssl=1 380w, https:\/\/i0.wp.com\/bd-chroniques.be\/wp-content\/uploads\/2024\/02\/mots5.jpg?resize=228%2C300&amp;ssl=1 228w\" sizes=\"auto, (max-width: 380px) 100vw, 380px\" \/><figcaption class=\"wp-element-caption\">copyright tartamudo<\/figcaption><\/figure>\n<\/div>\n\n\n<p>Ils se racontent, oui, et, ce faisant, ils nous montrent l\u2019importance que les mots ont dans toute existence, et que ce sont les mots, peut-\u00eatre, qui sont seuls capables de cr\u00e9er des lieux humains, donc humanistes. Certes, on peut trouver ce tableau un peu trop ang\u00e9lique\u2026 Mais il est surtout le compte-rendu de quelques belles r\u00e9ussites, gr\u00e2ce \u00e0 des pas en avant de part et d\u2019autre du quotidien de l\u2019immigration. Il nous fait c\u00f4toyer des personnalit\u00e9s tr\u00e8s diff\u00e9rentes les unes des autres et qui forment la trame d\u2019un monde qui, que nous le voulions ou non, est le n\u00f4tre, totalement&nbsp;!<\/p>\n\n\n<div class=\"wp-block-image\">\n<figure class=\"aligncenter size-full\"><img data-recalc-dims=\"1\" loading=\"lazy\" decoding=\"async\" width=\"630\" height=\"593\" src=\"https:\/\/i0.wp.com\/bd-chroniques.be\/wp-content\/uploads\/2024\/02\/mots6.jpg?resize=630%2C593&#038;ssl=1\" alt=\"\" class=\"wp-image-8811\" srcset=\"https:\/\/i0.wp.com\/bd-chroniques.be\/wp-content\/uploads\/2024\/02\/mots6.jpg?w=630&amp;ssl=1 630w, https:\/\/i0.wp.com\/bd-chroniques.be\/wp-content\/uploads\/2024\/02\/mots6.jpg?resize=300%2C282&amp;ssl=1 300w\" sizes=\"auto, (max-width: 630px) 100vw, 630px\" \/><figcaption class=\"wp-element-caption\">copyright tartamudo<\/figcaption><\/figure>\n<\/div>\n\n\n<p>Un livre important en une \u00e9poque o\u00f9 l\u2019immigration pose question dans le pays soi-disant des droits de l\u2019homme\u2026 Un dessin moderne, simple, clair, sans m\u00e9lo, avec tendresse et humour\u2026 Par un dessinateur d\u2019origine sri-lankaise dont le dessin r\u00e9veille ses propres souvenances\u2026<\/p>\n\n\n\n<p><strong>Jacques et Josiane Schra\u00fbwen<\/strong><\/p>\n\n\n\n<p><strong>Les mots nous manquent \u2013 dessin&nbsp;: Yas Munasinghe \u2013 sc\u00e9nario&nbsp;: Thibault Mouginot \u2013 \u00e9diteur&nbsp;: TartaMudo- octobre 2023 \u2013 64 pages)&nbsp;<\/strong><\/p>\n","protected":false},"excerpt":{"rendered":"<p>La bande dessin\u00e9e est multiforme et c\u2019est ce que j\u2019aime depuis toujours\u2026 Au fil du temps, et malgr\u00e9 quelques intransigeances d\u2019auteurs d\u00e9sireux, de mani\u00e8re freudienne, de \u00ab&nbsp;tuer le p\u00e8re&nbsp;\u00bb, c\u2019est toute sa diversit\u00e9 qu\u2019elle devient elle-m\u00eame, totalement, un m\u00e9dia essentiel en notre \u00e9poque&nbsp;! Et c\u2019est ainsi que des \u00e9diteurs \u00ab&nbsp;ind\u00e9pendants&nbsp;\u00bb et \u00ab&nbsp;engag\u00e9s&nbsp;\u00bb ont vu le [&hellip;]<\/p>\n","protected":false},"author":1,"featured_media":8806,"comment_status":"open","ping_status":"open","sticky":false,"template":"","format":"standard","meta":{"jetpack_post_was_ever_published":false,"_jetpack_newsletter_access":"","_jetpack_dont_email_post_to_subs":false,"_jetpack_newsletter_tier_id":0,"_jetpack_memberships_contains_paywalled_content":false,"_jetpack_memberships_contains_paid_content":false,"footnotes":"","jetpack_publicize_message":"","jetpack_publicize_feature_enabled":true,"jetpack_social_post_already_shared":true,"jetpack_social_options":{"image_generator_settings":{"template":"highway","default_image_id":0,"font":"","enabled":false},"version":2}},"categories":[23,24],"tags":[],"class_list":["post-8805","post","type-post","status-publish","format-standard","has-post-thumbnail","hentry","category-bd-de-m-a-r","category-m"],"jetpack_publicize_connections":[],"jetpack_featured_media_url":"https:\/\/i0.wp.com\/bd-chroniques.be\/wp-content\/uploads\/2024\/02\/mots1.jpg?fit=400%2C563&ssl=1","jetpack_shortlink":"https:\/\/wp.me\/p8dqsu-2i1","jetpack_likes_enabled":true,"jetpack_sharing_enabled":true,"_links":{"self":[{"href":"https:\/\/bd-chroniques.be\/index.php\/wp-json\/wp\/v2\/posts\/8805","targetHints":{"allow":["GET"]}}],"collection":[{"href":"https:\/\/bd-chroniques.be\/index.php\/wp-json\/wp\/v2\/posts"}],"about":[{"href":"https:\/\/bd-chroniques.be\/index.php\/wp-json\/wp\/v2\/types\/post"}],"author":[{"embeddable":true,"href":"https:\/\/bd-chroniques.be\/index.php\/wp-json\/wp\/v2\/users\/1"}],"replies":[{"embeddable":true,"href":"https:\/\/bd-chroniques.be\/index.php\/wp-json\/wp\/v2\/comments?post=8805"}],"version-history":[{"count":2,"href":"https:\/\/bd-chroniques.be\/index.php\/wp-json\/wp\/v2\/posts\/8805\/revisions"}],"predecessor-version":[{"id":8813,"href":"https:\/\/bd-chroniques.be\/index.php\/wp-json\/wp\/v2\/posts\/8805\/revisions\/8813"}],"wp:featuredmedia":[{"embeddable":true,"href":"https:\/\/bd-chroniques.be\/index.php\/wp-json\/wp\/v2\/media\/8806"}],"wp:attachment":[{"href":"https:\/\/bd-chroniques.be\/index.php\/wp-json\/wp\/v2\/media?parent=8805"}],"wp:term":[{"taxonomy":"category","embeddable":true,"href":"https:\/\/bd-chroniques.be\/index.php\/wp-json\/wp\/v2\/categories?post=8805"},{"taxonomy":"post_tag","embeddable":true,"href":"https:\/\/bd-chroniques.be\/index.php\/wp-json\/wp\/v2\/tags?post=8805"}],"curies":[{"name":"wp","href":"https:\/\/api.w.org\/{rel}","templated":true}]}}