{"id":8815,"date":"2024-02-26T20:10:39","date_gmt":"2024-02-26T19:10:39","guid":{"rendered":"https:\/\/bd-chroniques.be\/?p=8815"},"modified":"2024-02-26T20:10:39","modified_gmt":"2024-02-26T19:10:39","slug":"orignal-une-bd-pudique-et-realiste-qui-parle-du-harcelement-scolaire","status":"publish","type":"post","link":"https:\/\/bd-chroniques.be\/index.php\/2024\/02\/26\/orignal-une-bd-pudique-et-realiste-qui-parle-du-harcelement-scolaire\/","title":{"rendered":"ORIGNAL \u2013 Une bd pudique et r\u00e9aliste qui parle du harc\u00e8lement scolaire"},"content":{"rendered":"\n<p>Ce livre est paru une premi\u00e8re fois, en noir et blanc, il y a une dizaine d\u2019ann\u00e9es, en une \u00e9poque o\u00f9 on ne parlait pratiquement pas de ce qui \u00e9tait pourtant, d\u00e9j\u00e0, et depuis toujours sans doute, une r\u00e9alit\u00e9 scolaire\u00a0: le harc\u00e8lement\u2026<\/p>\n\n\n<div class=\"wp-block-image\">\n<figure class=\"aligncenter size-large\"><img data-recalc-dims=\"1\" loading=\"lazy\" decoding=\"async\" width=\"768\" height=\"994\" src=\"https:\/\/i0.wp.com\/bd-chroniques.be\/wp-content\/uploads\/2024\/02\/image-13.png?resize=768%2C994&#038;ssl=1\" alt=\"\" class=\"wp-image-8817\" srcset=\"https:\/\/i0.wp.com\/bd-chroniques.be\/wp-content\/uploads\/2024\/02\/image-13.png?resize=791%2C1024&amp;ssl=1 791w, https:\/\/i0.wp.com\/bd-chroniques.be\/wp-content\/uploads\/2024\/02\/image-13.png?resize=232%2C300&amp;ssl=1 232w, https:\/\/i0.wp.com\/bd-chroniques.be\/wp-content\/uploads\/2024\/02\/image-13.png?resize=768%2C994&amp;ssl=1 768w, https:\/\/i0.wp.com\/bd-chroniques.be\/wp-content\/uploads\/2024\/02\/image-13.png?w=963&amp;ssl=1 963w\" sizes=\"auto, (max-width: 768px) 100vw, 768px\" \/><figcaption class=\"wp-element-caption\">copyright casterman<\/figcaption><\/figure>\n<\/div>\n\n\n<p>Et les \u00e9ditions Casterman ont eu la bonne id\u00e9e de r\u00e9\u00e9diter ce petit livre simple, intelligent, sans tape-\u00e0-l\u2019\u0153il, sans m\u00e9lo, qui, en 2024, parle infiniment plus \u00e0 tout un chacun. L\u2019histoire se passe au Canada, dans des paysages tant\u00f4t citadins, tant\u00f4t naturels et sauvages auxquels la couleur de Nicolas Vilet apporte une superbe luminosit\u00e9.<\/p>\n\n\n<div class=\"wp-block-image\">\n<figure class=\"aligncenter size-large\"><img data-recalc-dims=\"1\" loading=\"lazy\" decoding=\"async\" width=\"768\" height=\"994\" src=\"https:\/\/i0.wp.com\/bd-chroniques.be\/wp-content\/uploads\/2024\/02\/image-14.png?resize=768%2C994&#038;ssl=1\" alt=\"\" class=\"wp-image-8818\" srcset=\"https:\/\/i0.wp.com\/bd-chroniques.be\/wp-content\/uploads\/2024\/02\/image-14.png?resize=791%2C1024&amp;ssl=1 791w, https:\/\/i0.wp.com\/bd-chroniques.be\/wp-content\/uploads\/2024\/02\/image-14.png?resize=232%2C300&amp;ssl=1 232w, https:\/\/i0.wp.com\/bd-chroniques.be\/wp-content\/uploads\/2024\/02\/image-14.png?resize=768%2C994&amp;ssl=1 768w, https:\/\/i0.wp.com\/bd-chroniques.be\/wp-content\/uploads\/2024\/02\/image-14.png?w=963&amp;ssl=1 963w\" sizes=\"auto, (max-width: 768px) 100vw, 768px\" \/><figcaption class=\"wp-element-caption\">copyright casterman<\/figcaption><\/figure>\n<\/div>\n\n\n<p>Joe, le personnage central, est humili\u00e9, battu, vol\u00e9, harcel\u00e9 donc par Jason, le petit chef de son \u00e9cole, de sa classe en tout cas\u2026 <\/p>\n\n\n\n<figure class=\"wp-block-audio\"><audio controls src=\"https:\/\/bd-chroniques.be\/wp-content\/uploads\/2024\/02\/orignaljoe.mp3\"><\/audio><figcaption class=\"wp-element-caption\">Max de Radigu\u00e8s: Joe<\/figcaption><\/figure>\n\n\n\n<p>Cela va de l\u2019enferment dans une toilette au passage \u00e0 tabac, du vol de ses affaires \u00e0 la destruction de ce \u00e0 quoi il tient. Et dans ce monde des \u00e9l\u00e8ves, tout se fait et se vit dans une sorte de silence apeur\u00e9\u2026 Quant aux adultes, ils ne voient rien, ou ne veulent rien voir, et quand ce n\u2019est pas le cas, quand l\u2019infirmi\u00e8re de l\u2019\u00e9cole, par exemple, comprend parfaitement ce qui arrive, elle pr\u00e9f\u00e8re, \u00e0 une intervention adulte, tenter de pousser la victime \u00e0 r\u00e9agir\u2026 Voil\u00e0 le canevas de cet album\u2026 <\/p>\n\n\n<div class=\"wp-block-image\">\n<figure class=\"aligncenter size-full\"><img data-recalc-dims=\"1\" loading=\"lazy\" decoding=\"async\" width=\"600\" height=\"776\" src=\"https:\/\/i0.wp.com\/bd-chroniques.be\/wp-content\/uploads\/2024\/02\/image-15.png?resize=600%2C776&#038;ssl=1\" alt=\"\" class=\"wp-image-8820\" srcset=\"https:\/\/i0.wp.com\/bd-chroniques.be\/wp-content\/uploads\/2024\/02\/image-15.png?w=600&amp;ssl=1 600w, https:\/\/i0.wp.com\/bd-chroniques.be\/wp-content\/uploads\/2024\/02\/image-15.png?resize=232%2C300&amp;ssl=1 232w\" sizes=\"auto, (max-width: 600px) 100vw, 600px\" \/><figcaption class=\"wp-element-caption\">copyright casterman<\/figcaption><\/figure>\n<\/div>\n\n\n<p>C\u2019est un sujet difficile, d\u00e9licat, dur m\u00eame\u2026 Un sujet que Max de Radigu\u00e8s, l\u2019auteur de cet Orignal, traite avec pudeur, m\u00eame dans une sc\u00e8ne qui se r\u00e9v\u00e8le sexuellement humiliante. On pourrait presque parler d\u2019une bd observatrice, r\u00e9alis\u00e9e comme \u00e0 distance. Mais il n\u2019en est rien, tant il est vrai que le lecteur ne peut que ressentir l\u2019\u00e9motion que l\u2019auteur r\u00e9ussit \u00e0 tracer en dessins clairs, simples sans jamais \u00eatre simplistes.<\/p>\n\n\n\n<figure class=\"wp-block-audio\"><audio controls src=\"https:\/\/bd-chroniques.be\/wp-content\/uploads\/2024\/02\/orignaldessinnarration.mp3\"><\/audio><figcaption class=\"wp-element-caption\">Max de Radigu\u00e8s: dessin et narration<\/figcaption><\/figure>\n\n\n\n<p>Une \u00e9motion, d\u2019ailleurs, que la fiction du sc\u00e9nario rend tangible puisqu\u2019elle na\u00eet d\u2019une situation pr\u00e9cise et naus\u00e9abonde, mais dans un cadre o\u00f9 des tas de th\u00e9matiques diff\u00e9rentes sont pr\u00e9sentes&nbsp;: la litt\u00e9rature, le courage, la l\u00e2chet\u00e9, les couples gays\u2026 C\u2019est en petites touches que de Radigu\u00e8s fait progresser son r\u00e9cit, faisant de celui-ci, par la magie de son talent de sc\u00e9nariste, un drame sombre\u2026<\/p>\n\n\n\n<p>Un drame dont la fin, d\u2019ailleurs, peut surprendre, \u00e9tonner, rendre mal \u00e0 l\u2019aise, \u00e9galement.<\/p>\n\n\n\n<figure class=\"wp-block-audio\"><audio controls src=\"https:\/\/bd-chroniques.be\/wp-content\/uploads\/2024\/02\/orignalfictionfin.mp3\"><\/audio><figcaption class=\"wp-element-caption\">Max de Radigu\u00e8s: fiction&#8230;<\/figcaption><\/figure>\n\n\n\n<p>Mais ce livre est bien un livre de fiction, et tout y participe \u00e0 ce que le lecteur se sente oblig\u00e9 de d\u00e9passer les simples apparences de l\u2019imaginaire pour r\u00e9fl\u00e9chir aussi au r\u00e9el\u2026<\/p>\n\n\n<div class=\"wp-block-image\">\n<figure class=\"aligncenter size-large\"><img data-recalc-dims=\"1\" loading=\"lazy\" decoding=\"async\" width=\"768\" height=\"994\" src=\"https:\/\/i0.wp.com\/bd-chroniques.be\/wp-content\/uploads\/2024\/02\/image-16.png?resize=768%2C994&#038;ssl=1\" alt=\"\" class=\"wp-image-8823\" srcset=\"https:\/\/i0.wp.com\/bd-chroniques.be\/wp-content\/uploads\/2024\/02\/image-16.png?resize=791%2C1024&amp;ssl=1 791w, https:\/\/i0.wp.com\/bd-chroniques.be\/wp-content\/uploads\/2024\/02\/image-16.png?resize=232%2C300&amp;ssl=1 232w, https:\/\/i0.wp.com\/bd-chroniques.be\/wp-content\/uploads\/2024\/02\/image-16.png?resize=768%2C994&amp;ssl=1 768w, https:\/\/i0.wp.com\/bd-chroniques.be\/wp-content\/uploads\/2024\/02\/image-16.png?w=963&amp;ssl=1 963w\" sizes=\"auto, (max-width: 768px) 100vw, 768px\" \/><figcaption class=\"wp-element-caption\">copyright casterman<\/figcaption><\/figure>\n<\/div>\n\n\n<p>On peut se poser la question du titre de cet album\u2026 Que vient faire cet animal dans un r\u00e9cit tristement humain&nbsp;?<\/p>\n\n\n\n<p>Il est l\u00e0 parce que Joe, dans ses fuites du r\u00e9el, croise la route de cet Elan am\u00e9ricain\u2026 Et que c\u2019est lui, symbole d\u2019une nature qui n\u2019a rien d\u2019ang\u00e9lique et qui peut se r\u00e9v\u00e9ler \u00e0 la fois bienfaisante et cruelle, c\u2019est cet animal sauvage qui va ponctuer le r\u00e9cit de cet album\u2026 Le dessin de Max de Radigu\u00e8s est souple, rapide, il ne s\u2019encombre pas de d\u00e9tails. Mais, incontestablement, il prend ici toute sa puissance par la gr\u00e2ce de cette nature qu\u2019il nous dessine et se r\u00e9v\u00e8le partie prenante du r\u00e9cit, puisque c\u2019est dans cette nature que la vie va pouvoir reprendre le dessus, en quelque sorte\u2026<\/p>\n\n\n<div class=\"wp-block-image\">\n<figure class=\"aligncenter size-large\"><img data-recalc-dims=\"1\" loading=\"lazy\" decoding=\"async\" width=\"768\" height=\"994\" src=\"https:\/\/i0.wp.com\/bd-chroniques.be\/wp-content\/uploads\/2024\/02\/image-17.png?resize=768%2C994&#038;ssl=1\" alt=\"\" class=\"wp-image-8825\" srcset=\"https:\/\/i0.wp.com\/bd-chroniques.be\/wp-content\/uploads\/2024\/02\/image-17.png?resize=791%2C1024&amp;ssl=1 791w, https:\/\/i0.wp.com\/bd-chroniques.be\/wp-content\/uploads\/2024\/02\/image-17.png?resize=232%2C300&amp;ssl=1 232w, https:\/\/i0.wp.com\/bd-chroniques.be\/wp-content\/uploads\/2024\/02\/image-17.png?resize=768%2C994&amp;ssl=1 768w, https:\/\/i0.wp.com\/bd-chroniques.be\/wp-content\/uploads\/2024\/02\/image-17.png?w=963&amp;ssl=1 963w\" sizes=\"auto, (max-width: 768px) 100vw, 768px\" \/><figcaption class=\"wp-element-caption\">copyright casterman<\/figcaption><\/figure>\n<\/div>\n\n\n<p>Une nature omnipr\u00e9sente, presque palpable, que Max de Radigu\u00e8s parvient \u00e0 partager, au sens profond du terme, avec ses lecteurs\u2026 Comme un souvenir que le temps n\u2019efface pas\u00a0!<\/p>\n\n\n\n<figure class=\"wp-block-audio\"><audio controls src=\"https:\/\/bd-chroniques.be\/wp-content\/uploads\/2024\/02\/orignalrtbf.mp3\"><\/audio><figcaption class=\"wp-element-caption\">Max de Radigu\u00e8s: la nature&#8230;<\/figcaption><\/figure>\n\n\n\n<p>Orignal\u2026 Un livre original, intelligent, parfaitement ma\u00eetris\u00e9\u2026 Et dont la r\u00e9\u00e9dition arrive \u00e0 son heure, avec une couleur qui rythme les ambiances et estompe l\u00e9g\u00e8rement le propos\u2026 Un livre pour nous aider, peut-\u00eatre, \u00e0 ne plus nous aveugler\u2026<\/p>\n\n\n\n<p><strong>Jacques et Josiane Schra\u00fbwen<\/strong><\/p>\n\n\n\n<p><strong>Orignal (auteur&nbsp;: Max de Radigu\u00e8s \u2013 couleur&nbsp;: Nicolas Vilet \u2013 \u00e9diteur&nbsp;: Casterman \u2013 f\u00e9vrier 2024 \u2013 160 pages)<\/strong><\/p>\n","protected":false},"excerpt":{"rendered":"<p>Ce livre est paru une premi\u00e8re fois, en noir et blanc, il y a une dizaine d\u2019ann\u00e9es, en une \u00e9poque o\u00f9 on ne parlait pratiquement pas de ce qui \u00e9tait pourtant, d\u00e9j\u00e0, et depuis toujours sans doute, une r\u00e9alit\u00e9 scolaire\u00a0: le harc\u00e8lement\u2026 Et les \u00e9ditions Casterman ont eu la bonne id\u00e9e de r\u00e9\u00e9diter ce petit [&hellip;]<\/p>\n","protected":false},"author":1,"featured_media":8816,"comment_status":"open","ping_status":"open","sticky":false,"template":"","format":"standard","meta":{"jetpack_post_was_ever_published":false,"_jetpack_newsletter_access":"","_jetpack_dont_email_post_to_subs":false,"_jetpack_newsletter_tier_id":0,"_jetpack_memberships_contains_paywalled_content":false,"_jetpack_memberships_contains_paid_content":false,"footnotes":"","jetpack_publicize_message":"","jetpack_publicize_feature_enabled":true,"jetpack_social_post_already_shared":true,"jetpack_social_options":{"image_generator_settings":{"template":"highway","default_image_id":0,"font":"","enabled":false},"version":2}},"categories":[23,26],"tags":[],"class_list":["post-8815","post","type-post","status-publish","format-standard","has-post-thumbnail","hentry","category-bd-de-m-a-r","category-o"],"jetpack_publicize_connections":[],"jetpack_featured_media_url":"https:\/\/i0.wp.com\/bd-chroniques.be\/wp-content\/uploads\/2024\/02\/orignal1.jpg?fit=346%2C446&ssl=1","jetpack_shortlink":"https:\/\/wp.me\/p8dqsu-2ib","jetpack_likes_enabled":true,"jetpack_sharing_enabled":true,"_links":{"self":[{"href":"https:\/\/bd-chroniques.be\/index.php\/wp-json\/wp\/v2\/posts\/8815","targetHints":{"allow":["GET"]}}],"collection":[{"href":"https:\/\/bd-chroniques.be\/index.php\/wp-json\/wp\/v2\/posts"}],"about":[{"href":"https:\/\/bd-chroniques.be\/index.php\/wp-json\/wp\/v2\/types\/post"}],"author":[{"embeddable":true,"href":"https:\/\/bd-chroniques.be\/index.php\/wp-json\/wp\/v2\/users\/1"}],"replies":[{"embeddable":true,"href":"https:\/\/bd-chroniques.be\/index.php\/wp-json\/wp\/v2\/comments?post=8815"}],"version-history":[{"count":2,"href":"https:\/\/bd-chroniques.be\/index.php\/wp-json\/wp\/v2\/posts\/8815\/revisions"}],"predecessor-version":[{"id":8827,"href":"https:\/\/bd-chroniques.be\/index.php\/wp-json\/wp\/v2\/posts\/8815\/revisions\/8827"}],"wp:featuredmedia":[{"embeddable":true,"href":"https:\/\/bd-chroniques.be\/index.php\/wp-json\/wp\/v2\/media\/8816"}],"wp:attachment":[{"href":"https:\/\/bd-chroniques.be\/index.php\/wp-json\/wp\/v2\/media?parent=8815"}],"wp:term":[{"taxonomy":"category","embeddable":true,"href":"https:\/\/bd-chroniques.be\/index.php\/wp-json\/wp\/v2\/categories?post=8815"},{"taxonomy":"post_tag","embeddable":true,"href":"https:\/\/bd-chroniques.be\/index.php\/wp-json\/wp\/v2\/tags?post=8815"}],"curies":[{"name":"wp","href":"https:\/\/api.w.org\/{rel}","templated":true}]}}