{"id":9010,"date":"2024-05-06T09:22:56","date_gmt":"2024-05-06T07:22:56","guid":{"rendered":"https:\/\/bd-chroniques.be\/?p=9010"},"modified":"2024-05-06T09:22:56","modified_gmt":"2024-05-06T07:22:56","slug":"le-sais-tu-maman-un-livre-qui-pourrait-remplacer-ou-accompagner-les-recitations-de-la-fete-des-meres","status":"publish","type":"post","link":"https:\/\/bd-chroniques.be\/index.php\/2024\/05\/06\/le-sais-tu-maman-un-livre-qui-pourrait-remplacer-ou-accompagner-les-recitations-de-la-fete-des-meres\/","title":{"rendered":"Le sais-tu maman \u2013 Un livre qui pourrait remplacer ou accompagner les r\u00e9citations de la f\u00eate des m\u00e8res\u00a0!&#8230;"},"content":{"rendered":"\n<p>Eh oui, nous voici \u00e0 la veille de cette f\u00eate qui, pour officialis\u00e9e qu\u2019elle fut sous un r\u00e9gime peu rago\u00fbtant, n\u2019a rien de contraignant et reste, au fil des ann\u00e9es, un moment privil\u00e9gi\u00e9 entre l\u2019enfant et l\u2019adulte qu\u2019il va devenir\u2026<\/p>\n\n\n<div class=\"wp-block-image\">\n<figure class=\"aligncenter size-large\"><img data-recalc-dims=\"1\" loading=\"lazy\" decoding=\"async\" width=\"768\" height=\"960\" src=\"https:\/\/i0.wp.com\/bd-chroniques.be\/wp-content\/uploads\/2024\/05\/maman2.jpg?resize=768%2C960&#038;ssl=1\" alt=\"\" class=\"wp-image-9012\" srcset=\"https:\/\/i0.wp.com\/bd-chroniques.be\/wp-content\/uploads\/2024\/05\/maman2.jpg?resize=819%2C1024&amp;ssl=1 819w, https:\/\/i0.wp.com\/bd-chroniques.be\/wp-content\/uploads\/2024\/05\/maman2.jpg?resize=240%2C300&amp;ssl=1 240w, https:\/\/i0.wp.com\/bd-chroniques.be\/wp-content\/uploads\/2024\/05\/maman2.jpg?resize=768%2C961&amp;ssl=1 768w, https:\/\/i0.wp.com\/bd-chroniques.be\/wp-content\/uploads\/2024\/05\/maman2.jpg?w=1080&amp;ssl=1 1080w\" sizes=\"auto, (max-width: 768px) 100vw, 768px\" \/><figcaption class=\"wp-element-caption\">copyright roegiers<\/figcaption><\/figure>\n<\/div>\n\n\n<p>Et voici un livre \u00e0 offrir \u00e0 un enfant pour qu\u2019il le lise avec sa maman\u2026 Ou, plut\u00f4t, \u00e0 offrir par un enfant \u00e0 sa maman, pour qu\u2019ils le lisent ensemble\u00a0! Cette f\u00eate traditionnelle se doit d\u2019\u00eatre un \u00e9change, de personne \u00e0 personne\u2026 Avec des cadeaux en prime, bien \u00e9videmment\u00a0! Et on peut, bien entendu, se dire que l\u2019image iconique de la m\u00e8re n\u2019est pas toujours le miroir de la r\u00e9alit\u00e9 v\u00e9cue au jour le jour\u00a0! L&rsquo;Amour, cela ne s&rsquo;impose pas par la tradition, cela se vit, ou pas malheureusement, au quotidien&#8230; <\/p>\n\n\n<div class=\"wp-block-image\">\n<figure class=\"aligncenter size-large\"><img data-recalc-dims=\"1\" loading=\"lazy\" decoding=\"async\" width=\"768\" height=\"961\" src=\"https:\/\/i0.wp.com\/bd-chroniques.be\/wp-content\/uploads\/2024\/05\/maman3.jpg?resize=768%2C961&#038;ssl=1\" alt=\"\" class=\"wp-image-9013\" srcset=\"https:\/\/i0.wp.com\/bd-chroniques.be\/wp-content\/uploads\/2024\/05\/maman3.jpg?resize=818%2C1024&amp;ssl=1 818w, https:\/\/i0.wp.com\/bd-chroniques.be\/wp-content\/uploads\/2024\/05\/maman3.jpg?resize=240%2C300&amp;ssl=1 240w, https:\/\/i0.wp.com\/bd-chroniques.be\/wp-content\/uploads\/2024\/05\/maman3.jpg?resize=768%2C962&amp;ssl=1 768w, https:\/\/i0.wp.com\/bd-chroniques.be\/wp-content\/uploads\/2024\/05\/maman3.jpg?w=1079&amp;ssl=1 1079w\" sizes=\"auto, (max-width: 768px) 100vw, 768px\" \/><figcaption class=\"wp-element-caption\">copyright roegiers<\/figcaption><\/figure>\n<\/div>\n\n\n<p>Cela dit, quelles que soient les circonstances, dire \u00e0 quelqu\u2019un qu\u2019on l\u2019aime, c\u2019est un des actes essentiels de l\u2019humain\u2026 Et ce livre-ci est une excellente occasion de le faire\u2026 C\u2019est un message d\u2019amour, oui, avec un A majuscule, qui se fait double, simplement. Avec simplicit\u00e9, celle des mots comme du dessin\u2026 <\/p>\n\n\n<div class=\"wp-block-image\">\n<figure class=\"aligncenter size-large\"><img data-recalc-dims=\"1\" loading=\"lazy\" decoding=\"async\" width=\"768\" height=\"961\" src=\"https:\/\/i0.wp.com\/bd-chroniques.be\/wp-content\/uploads\/2024\/05\/maman4.jpg?resize=768%2C961&#038;ssl=1\" alt=\"\" class=\"wp-image-9014\" srcset=\"https:\/\/i0.wp.com\/bd-chroniques.be\/wp-content\/uploads\/2024\/05\/maman4.jpg?resize=818%2C1024&amp;ssl=1 818w, https:\/\/i0.wp.com\/bd-chroniques.be\/wp-content\/uploads\/2024\/05\/maman4.jpg?resize=240%2C300&amp;ssl=1 240w, https:\/\/i0.wp.com\/bd-chroniques.be\/wp-content\/uploads\/2024\/05\/maman4.jpg?resize=768%2C962&amp;ssl=1 768w, https:\/\/i0.wp.com\/bd-chroniques.be\/wp-content\/uploads\/2024\/05\/maman4.jpg?w=1079&amp;ssl=1 1079w\" sizes=\"auto, (max-width: 768px) 100vw, 768px\" \/><figcaption class=\"wp-element-caption\">copyright roegiers<\/figcaption><\/figure>\n<\/div>\n\n\n<p>Il s\u2019agit d\u2019une sorte de longue lettre qu\u2019un enfant adresse \u00e0 sa maman. Avec une sorte de na\u00efvet\u00e9 qui se fait po\u00e9sie\u2026 Mais qui reste, aussi, v\u00e9ritablement lucide. Avec ces premi\u00e8res lignes\u00a0: \u00ab\u00a0Quand tu \u00e9tais petite, tu jouais \u00e0 la maman et tout semblait parfait. Et puis, tu es devenue la mienne. Je me rends compte que tout n\u2019est pas aussi parfait que tu l\u2019imaginais.\u00a0\u00bb<\/p>\n\n\n<div class=\"wp-block-image\">\n<figure class=\"aligncenter size-large\"><img data-recalc-dims=\"1\" loading=\"lazy\" decoding=\"async\" width=\"768\" height=\"961\" src=\"https:\/\/i0.wp.com\/bd-chroniques.be\/wp-content\/uploads\/2024\/05\/maman5.jpg?resize=768%2C961&#038;ssl=1\" alt=\"\" class=\"wp-image-9015\" srcset=\"https:\/\/i0.wp.com\/bd-chroniques.be\/wp-content\/uploads\/2024\/05\/maman5.jpg?resize=818%2C1024&amp;ssl=1 818w, https:\/\/i0.wp.com\/bd-chroniques.be\/wp-content\/uploads\/2024\/05\/maman5.jpg?resize=240%2C300&amp;ssl=1 240w, https:\/\/i0.wp.com\/bd-chroniques.be\/wp-content\/uploads\/2024\/05\/maman5.jpg?resize=768%2C962&amp;ssl=1 768w, https:\/\/i0.wp.com\/bd-chroniques.be\/wp-content\/uploads\/2024\/05\/maman5.jpg?w=1079&amp;ssl=1 1079w\" sizes=\"auto, (max-width: 768px) 100vw, 768px\" \/><figcaption class=\"wp-element-caption\">copyright roegiers<\/figcaption><\/figure>\n<\/div>\n\n\n<p>Et cet enfant, donc, va dire tout ce qu\u2019il aime chez sa maman\u00a0: ses cernes, son sourire, sa fa\u00e7on libre de construire sa vie, ses col\u00e8res, ses bisous, ses r\u00eaves, ses conseils vite oubli\u00e9s, ses larmes aussi\u2026 C\u2019est un livre d\u2019une douce tendresse, c\u2019est un livre qui nous parle \u00e0 mots discrets et tranquilles de la vie telle qu\u2019elle est\u2026 <\/p>\n\n\n<div class=\"wp-block-image\">\n<figure class=\"aligncenter size-large\"><img data-recalc-dims=\"1\" loading=\"lazy\" decoding=\"async\" width=\"768\" height=\"961\" src=\"https:\/\/i0.wp.com\/bd-chroniques.be\/wp-content\/uploads\/2024\/05\/maman6.jpg?resize=768%2C961&#038;ssl=1\" alt=\"\" class=\"wp-image-9016\" srcset=\"https:\/\/i0.wp.com\/bd-chroniques.be\/wp-content\/uploads\/2024\/05\/maman6.jpg?resize=818%2C1024&amp;ssl=1 818w, https:\/\/i0.wp.com\/bd-chroniques.be\/wp-content\/uploads\/2024\/05\/maman6.jpg?resize=240%2C300&amp;ssl=1 240w, https:\/\/i0.wp.com\/bd-chroniques.be\/wp-content\/uploads\/2024\/05\/maman6.jpg?resize=768%2C962&amp;ssl=1 768w, https:\/\/i0.wp.com\/bd-chroniques.be\/wp-content\/uploads\/2024\/05\/maman6.jpg?w=1079&amp;ssl=1 1079w\" sizes=\"auto, (max-width: 768px) 100vw, 768px\" \/><figcaption class=\"wp-element-caption\">copyright roegiers<\/figcaption><\/figure>\n<\/div>\n\n\n<p>C\u2019est un livre dont on peut imaginer qu\u2019une maman le lise avec son enfant, blotti sur ses genoux\u2026 Avec \u00e9motion\u2026 Le texte de Mylen Vigneault est d\u2019un beau rythme, sans ostentation, sans d&rsquo;autre message que le bonheur possible en tout existence&#8230; Quant au dessin de Maud Roegiers, on ne peut pas ne pas \u00eatre s\u00e9duit par sa beaut\u00e9 imm\u00e9diate\u2026 La beaut\u00e9 des couleurs, des visages, des \u00e9motions prenant vie de page en page. C&rsquo;est vraiment un tr\u00e8s joli livre, intelligent, ne se contentant pas de lieux communs larmoyants\u2026 Un livre presque adulte pour des enfants qui, dans notre monde, deviennent tr\u00e8s vite trop grands peut-\u00eatre\u2026.<\/p>\n\n\n<div class=\"wp-block-image\">\n<figure class=\"aligncenter size-large\"><img data-recalc-dims=\"1\" loading=\"lazy\" decoding=\"async\" width=\"768\" height=\"961\" src=\"https:\/\/i0.wp.com\/bd-chroniques.be\/wp-content\/uploads\/2024\/05\/maman7.jpg?resize=768%2C961&#038;ssl=1\" alt=\"\" class=\"wp-image-9017\" srcset=\"https:\/\/i0.wp.com\/bd-chroniques.be\/wp-content\/uploads\/2024\/05\/maman7.jpg?resize=818%2C1024&amp;ssl=1 818w, https:\/\/i0.wp.com\/bd-chroniques.be\/wp-content\/uploads\/2024\/05\/maman7.jpg?resize=240%2C300&amp;ssl=1 240w, https:\/\/i0.wp.com\/bd-chroniques.be\/wp-content\/uploads\/2024\/05\/maman7.jpg?resize=768%2C962&amp;ssl=1 768w, https:\/\/i0.wp.com\/bd-chroniques.be\/wp-content\/uploads\/2024\/05\/maman7.jpg?w=1079&amp;ssl=1 1079w\" sizes=\"auto, (max-width: 768px) 100vw, 768px\" \/><figcaption class=\"wp-element-caption\">copyright roegiers<\/figcaption><\/figure>\n<\/div>\n\n\n<p>Un livre que mon \u00e9pouse aurait ador\u00e9 recevoir\u2026<\/p>\n\n\n\n<p><strong>Jacques et Josiane Schra\u00fbwen<\/strong><\/p>\n\n\n\n<p><strong>Le sais-tu maman&nbsp;? \u2013 dessin&nbsp;: Maud Roegiers \u2013 texte&nbsp;: Mylen Vigneault \u2013 \u00e9diteur&nbsp;: Alice-jeunesse<\/strong><\/p>\n","protected":false},"excerpt":{"rendered":"<p>Eh oui, nous voici \u00e0 la veille de cette f\u00eate qui, pour officialis\u00e9e qu\u2019elle fut sous un r\u00e9gime peu rago\u00fbtant, n\u2019a rien de contraignant et reste, au fil des ann\u00e9es, un moment privil\u00e9gi\u00e9 entre l\u2019enfant et l\u2019adulte qu\u2019il va devenir\u2026 Et voici un livre \u00e0 offrir \u00e0 un enfant pour qu\u2019il le lise avec sa [&hellip;]<\/p>\n","protected":false},"author":1,"featured_media":9011,"comment_status":"open","ping_status":"open","sticky":false,"template":"","format":"standard","meta":{"jetpack_post_was_ever_published":false,"_jetpack_newsletter_access":"","_jetpack_dont_email_post_to_subs":false,"_jetpack_newsletter_tier_id":0,"_jetpack_memberships_contains_paywalled_content":false,"_jetpack_memberships_contains_paid_content":false,"footnotes":"","jetpack_publicize_message":"","jetpack_publicize_feature_enabled":true,"jetpack_social_post_already_shared":true,"jetpack_social_options":{"image_generator_settings":{"template":"highway","default_image_id":0,"font":"","enabled":false},"version":2}},"categories":[22,35,42],"tags":[],"class_list":["post-9010","post","type-post","status-publish","format-standard","has-post-thumbnail","hentry","category-bd-de-g-a-l","category-l","category-livres-pour-enfants"],"jetpack_publicize_connections":[],"jetpack_featured_media_url":"https:\/\/i0.wp.com\/bd-chroniques.be\/wp-content\/uploads\/2024\/05\/maman1.jpg?fit=208%2C242&ssl=1","jetpack_shortlink":"https:\/\/wp.me\/p8dqsu-2lk","jetpack_likes_enabled":true,"jetpack_sharing_enabled":true,"_links":{"self":[{"href":"https:\/\/bd-chroniques.be\/index.php\/wp-json\/wp\/v2\/posts\/9010","targetHints":{"allow":["GET"]}}],"collection":[{"href":"https:\/\/bd-chroniques.be\/index.php\/wp-json\/wp\/v2\/posts"}],"about":[{"href":"https:\/\/bd-chroniques.be\/index.php\/wp-json\/wp\/v2\/types\/post"}],"author":[{"embeddable":true,"href":"https:\/\/bd-chroniques.be\/index.php\/wp-json\/wp\/v2\/users\/1"}],"replies":[{"embeddable":true,"href":"https:\/\/bd-chroniques.be\/index.php\/wp-json\/wp\/v2\/comments?post=9010"}],"version-history":[{"count":1,"href":"https:\/\/bd-chroniques.be\/index.php\/wp-json\/wp\/v2\/posts\/9010\/revisions"}],"predecessor-version":[{"id":9018,"href":"https:\/\/bd-chroniques.be\/index.php\/wp-json\/wp\/v2\/posts\/9010\/revisions\/9018"}],"wp:featuredmedia":[{"embeddable":true,"href":"https:\/\/bd-chroniques.be\/index.php\/wp-json\/wp\/v2\/media\/9011"}],"wp:attachment":[{"href":"https:\/\/bd-chroniques.be\/index.php\/wp-json\/wp\/v2\/media?parent=9010"}],"wp:term":[{"taxonomy":"category","embeddable":true,"href":"https:\/\/bd-chroniques.be\/index.php\/wp-json\/wp\/v2\/categories?post=9010"},{"taxonomy":"post_tag","embeddable":true,"href":"https:\/\/bd-chroniques.be\/index.php\/wp-json\/wp\/v2\/tags?post=9010"}],"curies":[{"name":"wp","href":"https:\/\/api.w.org\/{rel}","templated":true}]}}