{"id":9020,"date":"2024-05-13T09:53:24","date_gmt":"2024-05-13T07:53:24","guid":{"rendered":"https:\/\/bd-chroniques.be\/?p=9020"},"modified":"2024-05-13T09:53:24","modified_gmt":"2024-05-13T07:53:24","slug":"la-mare-un-album-puissant-derangeant-sombre-passionnant","status":"publish","type":"post","link":"https:\/\/bd-chroniques.be\/index.php\/2024\/05\/13\/la-mare-un-album-puissant-derangeant-sombre-passionnant\/","title":{"rendered":"La Mare \u2013 Un album puissant, d\u00e9rangeant, sombre, passionnant\u2026"},"content":{"rendered":"\n<p>J\u2019ai toujours aim\u00e9 les livres qui sortent des sentiers battus de l\u2019\u00e9dition et qui, tout en respectant les codes de la bande dessin\u00e9e, nous entra\u00eenent ailleurs qu\u2019en pays de routine\u2026 C\u2019est le cas avec cet album-ci\u00a0! <\/p>\n\n\n<div class=\"wp-block-image\">\n<figure class=\"aligncenter size-full\"><img data-recalc-dims=\"1\" loading=\"lazy\" decoding=\"async\" width=\"768\" height=\"384\" src=\"https:\/\/i0.wp.com\/bd-chroniques.be\/wp-content\/uploads\/2024\/05\/mare2.jpg?resize=768%2C384&#038;ssl=1\" alt=\"\" class=\"wp-image-9023\" srcset=\"https:\/\/i0.wp.com\/bd-chroniques.be\/wp-content\/uploads\/2024\/05\/mare2.jpg?w=980&amp;ssl=1 980w, https:\/\/i0.wp.com\/bd-chroniques.be\/wp-content\/uploads\/2024\/05\/mare2.jpg?resize=300%2C150&amp;ssl=1 300w, https:\/\/i0.wp.com\/bd-chroniques.be\/wp-content\/uploads\/2024\/05\/mare2.jpg?resize=768%2C384&amp;ssl=1 768w\" sizes=\"auto, (max-width: 768px) 100vw, 768px\" \/><figcaption class=\"wp-element-caption\">copyright anspach<\/figcaption><\/figure>\n<\/div>\n\n\n<p>Erik Kriek est un auteur n\u00e9erlandais. Et c\u2019est un plaisir de le voir traduit en fran\u00e7ais, de voir offerte au public francophone la mani\u00e8re extr\u00eamement particuli\u00e8re que ce dessinateur et sc\u00e9nariste a d\u2019aborder le r\u00e9el. Parce que c\u2019est le r\u00e9el qui est \u00e0 la base du r\u00e9cit dans lequel il nous entra\u00eene.<\/p>\n\n\n<div class=\"wp-block-image\">\n<figure class=\"aligncenter size-full\"><img data-recalc-dims=\"1\" loading=\"lazy\" decoding=\"async\" width=\"651\" height=\"900\" src=\"https:\/\/i0.wp.com\/bd-chroniques.be\/wp-content\/uploads\/2024\/05\/mare3.jpg?resize=651%2C900&#038;ssl=1\" alt=\"\" class=\"wp-image-9024\" srcset=\"https:\/\/i0.wp.com\/bd-chroniques.be\/wp-content\/uploads\/2024\/05\/mare3.jpg?w=651&amp;ssl=1 651w, https:\/\/i0.wp.com\/bd-chroniques.be\/wp-content\/uploads\/2024\/05\/mare3.jpg?resize=217%2C300&amp;ssl=1 217w\" sizes=\"auto, (max-width: 651px) 100vw, 651px\" \/><figcaption class=\"wp-element-caption\">copyright anspach<\/figcaption><\/figure>\n<\/div>\n\n\n<p>Son livre, La Mare, nous fait entrer, spectateurs impuissants, dans un monde o\u00f9 la folie, les larmes, la mort, sont omnipr\u00e9sents. Un couple, apr\u00e8s la mort de leur fils, tente de se retrouver, de restaurer \u00e0 eux-m\u00eames leur passion amoureuse. Pour ce faire, ils s\u2019installent dans une maison perdue dans les bois\u2026 Et c\u2019est l\u00e0 que la maman d\u00e9couvre, dans l\u2019\u00e9corce d\u2019arbres, des signes \u00e9tranges.<\/p>\n\n\n<div class=\"wp-block-image\">\n<figure class=\"aligncenter size-full\"><img data-recalc-dims=\"1\" loading=\"lazy\" decoding=\"async\" width=\"474\" height=\"653\" src=\"https:\/\/i0.wp.com\/bd-chroniques.be\/wp-content\/uploads\/2024\/05\/mare4.jpg?resize=474%2C653&#038;ssl=1\" alt=\"\" class=\"wp-image-9025\" srcset=\"https:\/\/i0.wp.com\/bd-chroniques.be\/wp-content\/uploads\/2024\/05\/mare4.jpg?w=474&amp;ssl=1 474w, https:\/\/i0.wp.com\/bd-chroniques.be\/wp-content\/uploads\/2024\/05\/mare4.jpg?resize=218%2C300&amp;ssl=1 218w\" sizes=\"auto, (max-width: 474px) 100vw, 474px\" \/><figcaption class=\"wp-element-caption\">copyright anspach<\/figcaption><\/figure>\n<\/div>\n\n\n<p>C\u2019est l\u00e0 qu\u2019une mare attire comme un gouffre cette jeune femme, artiste peintre, s\u2019enfouissant \u00e0 la fois dans le chagrin, l\u2019angoisse, la folie\u2026 La nature devient ainsi, pour cette jeune femme, le lieu d\u2019une forme unique de processus complet et autog\u00e9r\u00e9, loin, tr\u00e8s loin, des r\u00e9alit\u00e9s humaines, bassement humaines m\u00eame. Cette anti-h\u00e9ro\u00efne ne trouve-t-elle pas, dans cette for\u00eat primaire le d\u00e9sir primal qui lui manque\u00a0? C\u2019est l\u00e0 que le temps, aussi, laisse les morts se reposer pour mieux, au-del\u00e0 m\u00eame des soubresauts de la m\u00e9moire, reprendre vie. Face au deuil, face \u00e0 la mort omnipr\u00e9sente, toutes les perspectives changent. M\u00eame celles de la folie \u2026 Comment ne pas penser aussi \u00e0 une forme po\u00e9tique dans laquelle l&rsquo;ombre de Baudelaire se balade?&#8230;  <\/p>\n\n\n<div class=\"wp-block-image\">\n<figure class=\"aligncenter size-large\"><img data-recalc-dims=\"1\" loading=\"lazy\" decoding=\"async\" width=\"677\" height=\"1024\" src=\"https:\/\/i0.wp.com\/bd-chroniques.be\/wp-content\/uploads\/2024\/05\/mare5.jpg?resize=677%2C1024&#038;ssl=1\" alt=\"\" class=\"wp-image-9026\" srcset=\"https:\/\/i0.wp.com\/bd-chroniques.be\/wp-content\/uploads\/2024\/05\/mare5.jpg?resize=677%2C1024&amp;ssl=1 677w, https:\/\/i0.wp.com\/bd-chroniques.be\/wp-content\/uploads\/2024\/05\/mare5.jpg?resize=198%2C300&amp;ssl=1 198w, https:\/\/i0.wp.com\/bd-chroniques.be\/wp-content\/uploads\/2024\/05\/mare5.jpg?resize=768%2C1161&amp;ssl=1 768w, https:\/\/i0.wp.com\/bd-chroniques.be\/wp-content\/uploads\/2024\/05\/mare5.jpg?resize=1016%2C1536&amp;ssl=1 1016w, https:\/\/i0.wp.com\/bd-chroniques.be\/wp-content\/uploads\/2024\/05\/mare5.jpg?resize=1354%2C2048&amp;ssl=1 1354w, https:\/\/i0.wp.com\/bd-chroniques.be\/wp-content\/uploads\/2024\/05\/mare5.jpg?w=1693&amp;ssl=1 1693w, https:\/\/i0.wp.com\/bd-chroniques.be\/wp-content\/uploads\/2024\/05\/mare5.jpg?w=1536&amp;ssl=1 1536w\" sizes=\"auto, (max-width: 677px) 100vw, 677px\" \/><figcaption class=\"wp-element-caption\">copyright anspach<\/figcaption><\/figure>\n<\/div>\n\n\n<p>Je dirais que ce livre, c\u2019est un peu Stephen King au pays de Johan Daisne\u2026 L\u2019horreur am\u00e9ricaine lourde, hard, gore m\u00eame, et sourde se m\u00ealant au r\u00e9alisme magique de la litt\u00e9rature flamande\u2026 \u00ab\u00a0De trein der traagheid\u00a0\u00bb (ridiculement adapt\u00e9 au cin\u00e9ma par Delvaux) rencontre ici les nouvelles les plus \u00ab\u00a0hard\u00a0\u00bb du ma\u00eetre am\u00e9ricain de l\u2019horreur. Ce m\u00e9lange, d\u00e9tonnant, surprenant, est une vraie r\u00e9ussite\u00a0! Comme l\u2019est \u00e9galement le fait qu\u2019\u00e0 aucun moment ne nous est impos\u00e9e une \u00ab\u00a0solution\u00a0\u00bb \u00e0 l\u2019intrigue qui nous est racont\u00e9e\u2026 C\u2019est au lecteur de trouver cette solution\u2026 Sans savoir, d\u2019ailleurs, si elle existe vraiment, si elle est du domaine du fantastique, de l\u2019ali\u00e9nation ou du polar poisseux\u00a0! Un livre d\u2019ambiance, pesant, d\u00e9rangeant\u2026 Passionnant aussi\u00a0! A ce titre, le dessin de Kriek, inspir\u00e9 \u00e0 la fois de la gravure et du comics am\u00e9ricain, est d\u2019une efficacit\u00e9 redoutable\u2026 <\/p>\n\n\n\n<figure class=\"wp-block-audio\"><audio controls src=\"https:\/\/bd-chroniques.be\/wp-content\/uploads\/2024\/05\/rtbf2-1.mp3\"><\/audio><figcaption class=\"wp-element-caption\">\u00a0Erik Kriek\u00a0: le dessin, les couleurs<\/figcaption><\/figure>\n\n\n\n<p>Le dessin d\u2019Erik Kriek est extr\u00eamement particulier, en effet. Il se r\u00e9v\u00e8le d\u2019un \u00e9trange expressionnisme qui, de planche en planche, accentue les sensations de ses personnages, leurs ressentis. Un dessin qui fait de l\u2019existence qu\u2019il nous d\u00e9crit, qu\u2019il nous raconte, et ce d\u00e8s les premi\u00e8res pages, l\u2019illustration en contrejour d\u2019une forme de cauchemar universel. <\/p>\n\n\n<div class=\"wp-block-image\">\n<figure class=\"aligncenter size-full\"><img data-recalc-dims=\"1\" loading=\"lazy\" decoding=\"async\" width=\"474\" height=\"653\" src=\"https:\/\/i0.wp.com\/bd-chroniques.be\/wp-content\/uploads\/2024\/05\/mare6.jpg?resize=474%2C653&#038;ssl=1\" alt=\"\" class=\"wp-image-9028\" srcset=\"https:\/\/i0.wp.com\/bd-chroniques.be\/wp-content\/uploads\/2024\/05\/mare6.jpg?w=474&amp;ssl=1 474w, https:\/\/i0.wp.com\/bd-chroniques.be\/wp-content\/uploads\/2024\/05\/mare6.jpg?resize=218%2C300&amp;ssl=1 218w\" sizes=\"auto, (max-width: 474px) 100vw, 474px\" \/><figcaption class=\"wp-element-caption\">copyright anspach<\/figcaption><\/figure>\n<\/div>\n\n\n<p>La bande dessin\u00e9e, comme tout univers artistique, devient importante \u00e0 partir de l\u2019instant o\u00f9 elle se fait \u00e0 la fois le reflet de l\u2019auteur et le miroir du lecteur, de ses questionnements, de ses angoisses. Et c\u2019est bien ce qui se passe dans ce livre-ci qui, \u00e0 sa mani\u00e8re, pesante, nous oblige \u00e0 r\u00e9fl\u00e9chir \u00e0 ce \u00e0 quoi nous sommes toutes et tous confront\u00e9s&nbsp;: la mort\u2026<\/p>\n\n\n\n<p><strong>Jacques et Josiane Schra\u00fbwen<\/strong><\/p>\n\n\n\n<p><strong>La Mare (auteur&nbsp;: Erik Kriek \u2013 \u00e9diteur&nbsp;: Anspach \u2013 f\u00e9vrier 2024 \u2013 136 pages)<\/strong><\/p>\n","protected":false},"excerpt":{"rendered":"<p>J\u2019ai toujours aim\u00e9 les livres qui sortent des sentiers battus de l\u2019\u00e9dition et qui, tout en respectant les codes de la bande dessin\u00e9e, nous entra\u00eenent ailleurs qu\u2019en pays de routine\u2026 C\u2019est le cas avec cet album-ci\u00a0! Erik Kriek est un auteur n\u00e9erlandais. Et c\u2019est un plaisir de le voir traduit en fran\u00e7ais, de voir offerte [&hellip;]<\/p>\n","protected":false},"author":1,"featured_media":9021,"comment_status":"open","ping_status":"open","sticky":false,"template":"","format":"standard","meta":{"jetpack_post_was_ever_published":false,"_jetpack_newsletter_access":"","_jetpack_dont_email_post_to_subs":false,"_jetpack_newsletter_tier_id":0,"_jetpack_memberships_contains_paywalled_content":false,"_jetpack_memberships_contains_paid_content":false,"footnotes":"","jetpack_publicize_message":"","jetpack_publicize_feature_enabled":true,"jetpack_social_post_already_shared":true,"jetpack_social_options":{"image_generator_settings":{"template":"highway","default_image_id":0,"font":"","enabled":false},"version":2}},"categories":[23,24],"tags":[],"class_list":["post-9020","post","type-post","status-publish","format-standard","has-post-thumbnail","hentry","category-bd-de-m-a-r","category-m"],"jetpack_publicize_connections":[],"jetpack_featured_media_url":"https:\/\/i0.wp.com\/bd-chroniques.be\/wp-content\/uploads\/2024\/05\/mare1.jpg?fit=582%2C800&ssl=1","jetpack_shortlink":"https:\/\/wp.me\/p8dqsu-2lu","jetpack_likes_enabled":true,"jetpack_sharing_enabled":true,"_links":{"self":[{"href":"https:\/\/bd-chroniques.be\/index.php\/wp-json\/wp\/v2\/posts\/9020","targetHints":{"allow":["GET"]}}],"collection":[{"href":"https:\/\/bd-chroniques.be\/index.php\/wp-json\/wp\/v2\/posts"}],"about":[{"href":"https:\/\/bd-chroniques.be\/index.php\/wp-json\/wp\/v2\/types\/post"}],"author":[{"embeddable":true,"href":"https:\/\/bd-chroniques.be\/index.php\/wp-json\/wp\/v2\/users\/1"}],"replies":[{"embeddable":true,"href":"https:\/\/bd-chroniques.be\/index.php\/wp-json\/wp\/v2\/comments?post=9020"}],"version-history":[{"count":2,"href":"https:\/\/bd-chroniques.be\/index.php\/wp-json\/wp\/v2\/posts\/9020\/revisions"}],"predecessor-version":[{"id":9029,"href":"https:\/\/bd-chroniques.be\/index.php\/wp-json\/wp\/v2\/posts\/9020\/revisions\/9029"}],"wp:featuredmedia":[{"embeddable":true,"href":"https:\/\/bd-chroniques.be\/index.php\/wp-json\/wp\/v2\/media\/9021"}],"wp:attachment":[{"href":"https:\/\/bd-chroniques.be\/index.php\/wp-json\/wp\/v2\/media?parent=9020"}],"wp:term":[{"taxonomy":"category","embeddable":true,"href":"https:\/\/bd-chroniques.be\/index.php\/wp-json\/wp\/v2\/categories?post=9020"},{"taxonomy":"post_tag","embeddable":true,"href":"https:\/\/bd-chroniques.be\/index.php\/wp-json\/wp\/v2\/tags?post=9020"}],"curies":[{"name":"wp","href":"https:\/\/api.w.org\/{rel}","templated":true}]}}