{"id":9252,"date":"2024-08-01T09:04:36","date_gmt":"2024-08-01T07:04:36","guid":{"rendered":"https:\/\/bd-chroniques.be\/?p=9252"},"modified":"2024-08-01T09:04:36","modified_gmt":"2024-08-01T07:04:36","slug":"andre-juillard-lultime-depart-dun-des-immenses-artistes-du-neuvieme-art","status":"publish","type":"post","link":"https:\/\/bd-chroniques.be\/index.php\/2024\/08\/01\/andre-juillard-lultime-depart-dun-des-immenses-artistes-du-neuvieme-art\/","title":{"rendered":"Andr\u00e9 Juillard: l&rsquo;ultime d\u00e9part d&rsquo;un des immenses artistes du neuvi\u00e8me art!"},"content":{"rendered":"\n<p>Un homme que j&rsquo;ai rencontr\u00e9 quelques fois&#8230; Un homme passionnant, passionn\u00e9&#8230; <\/p>\n\n\n<div class=\"wp-block-image\">\n<figure class=\"aligncenter size-large\"><img data-recalc-dims=\"1\" loading=\"lazy\" decoding=\"async\" width=\"751\" height=\"1024\" src=\"https:\/\/i0.wp.com\/bd-chroniques.be\/wp-content\/uploads\/2024\/08\/juillard-epervier-751x1024.jpg?resize=751%2C1024&#038;ssl=1\" alt=\"\" class=\"wp-image-9254\" srcset=\"https:\/\/i0.wp.com\/bd-chroniques.be\/wp-content\/uploads\/2024\/08\/juillard-epervier.jpg?resize=751%2C1024&amp;ssl=1 751w, https:\/\/i0.wp.com\/bd-chroniques.be\/wp-content\/uploads\/2024\/08\/juillard-epervier.jpg?resize=220%2C300&amp;ssl=1 220w, https:\/\/i0.wp.com\/bd-chroniques.be\/wp-content\/uploads\/2024\/08\/juillard-epervier.jpg?resize=768%2C1047&amp;ssl=1 768w, https:\/\/i0.wp.com\/bd-chroniques.be\/wp-content\/uploads\/2024\/08\/juillard-epervier.jpg?resize=1127%2C1536&amp;ssl=1 1127w, https:\/\/i0.wp.com\/bd-chroniques.be\/wp-content\/uploads\/2024\/08\/juillard-epervier.jpg?resize=1503%2C2048&amp;ssl=1 1503w, https:\/\/i0.wp.com\/bd-chroniques.be\/wp-content\/uploads\/2024\/08\/juillard-epervier.jpg?w=1705&amp;ssl=1 1705w\" sizes=\"auto, (max-width: 751px) 100vw, 751px\" \/><figcaption class=\"wp-element-caption\">copyright schrauwen<\/figcaption><\/figure>\n<\/div>\n\n\n<p>Il y a des jours o\u00f9 on n\u2019a pas vraiment envie d\u2019\u00e9crire, de parler\u2026 Il y a des jours o\u00f9 la vie se montre telle qu\u2019elle est, chemin conduisant \u00e0 l\u2019in\u00e9luctable du d\u00e9part\u2026 Il y a des jours o\u00f9 la m\u00e9moire se fait cruelle aux miroirs d\u2019un pr\u00e9sent qui \u00e9veille, une fois de plus, des souvenances de larmes souriantes\u2026 <\/p>\n\n\n<div class=\"wp-block-image\">\n<figure class=\"aligncenter size-large\"><img data-recalc-dims=\"1\" loading=\"lazy\" decoding=\"async\" width=\"614\" height=\"1024\" src=\"https:\/\/i0.wp.com\/bd-chroniques.be\/wp-content\/uploads\/2024\/08\/juillarddouble.jpg?resize=614%2C1024&#038;ssl=1\" alt=\"\" class=\"wp-image-9255\" srcset=\"https:\/\/i0.wp.com\/bd-chroniques.be\/wp-content\/uploads\/2024\/08\/juillarddouble-scaled.jpg?resize=614%2C1024&amp;ssl=1 614w, https:\/\/i0.wp.com\/bd-chroniques.be\/wp-content\/uploads\/2024\/08\/juillarddouble-scaled.jpg?resize=180%2C300&amp;ssl=1 180w, https:\/\/i0.wp.com\/bd-chroniques.be\/wp-content\/uploads\/2024\/08\/juillarddouble-scaled.jpg?resize=768%2C1281&amp;ssl=1 768w, https:\/\/i0.wp.com\/bd-chroniques.be\/wp-content\/uploads\/2024\/08\/juillarddouble-scaled.jpg?resize=921%2C1536&amp;ssl=1 921w, https:\/\/i0.wp.com\/bd-chroniques.be\/wp-content\/uploads\/2024\/08\/juillarddouble-scaled.jpg?resize=1227%2C2048&amp;ssl=1 1227w, https:\/\/i0.wp.com\/bd-chroniques.be\/wp-content\/uploads\/2024\/08\/juillarddouble-scaled.jpg?w=1534&amp;ssl=1 1534w\" sizes=\"auto, (max-width: 614px) 100vw, 614px\" \/><figcaption class=\"wp-element-caption\">copyright schra\u00fbwen<\/figcaption><\/figure>\n<\/div>\n\n\n<p><\/p>\n\n\n\n<p>Andr\u00e9 Juillard s\u2019en est all\u00e9 dans des territoires du souvenir que ses livres emplissent de son talent, de sa g\u00e9n\u00e9rosit\u00e9, de sa gentillesse. <\/p>\n\n\n<div class=\"wp-block-image\">\n<figure class=\"aligncenter size-large\"><img data-recalc-dims=\"1\" loading=\"lazy\" decoding=\"async\" width=\"689\" height=\"1024\" src=\"https:\/\/i0.wp.com\/bd-chroniques.be\/wp-content\/uploads\/2024\/08\/juillard-blake.jpg?resize=689%2C1024&#038;ssl=1\" alt=\"\" class=\"wp-image-9256\" srcset=\"https:\/\/i0.wp.com\/bd-chroniques.be\/wp-content\/uploads\/2024\/08\/juillard-blake.jpg?resize=689%2C1024&amp;ssl=1 689w, https:\/\/i0.wp.com\/bd-chroniques.be\/wp-content\/uploads\/2024\/08\/juillard-blake.jpg?resize=202%2C300&amp;ssl=1 202w, https:\/\/i0.wp.com\/bd-chroniques.be\/wp-content\/uploads\/2024\/08\/juillard-blake.jpg?resize=768%2C1141&amp;ssl=1 768w, https:\/\/i0.wp.com\/bd-chroniques.be\/wp-content\/uploads\/2024\/08\/juillard-blake.jpg?resize=1034%2C1536&amp;ssl=1 1034w, https:\/\/i0.wp.com\/bd-chroniques.be\/wp-content\/uploads\/2024\/08\/juillard-blake.jpg?resize=1379%2C2048&amp;ssl=1 1379w, https:\/\/i0.wp.com\/bd-chroniques.be\/wp-content\/uploads\/2024\/08\/juillard-blake.jpg?w=1450&amp;ssl=1 1450w\" sizes=\"auto, (max-width: 689px) 100vw, 689px\" \/><figcaption class=\"wp-element-caption\">copyright schra\u00fbwen<\/figcaption><\/figure>\n<\/div>\n\n\n<p><\/p>\n\n\n\n<p>Il avait 76 ans, 76 printemps\u2026 que lui soit douce la route vers l\u2019ailleurs\u2026 Je n&rsquo;en dirai pas plus&#8230; Mais pour le retrouver, suivez simplement les liens qui m\u00e8nent \u00e0 des chroniques que je lui ai consacr\u00e9es&#8230; <a href=\"https:\/\/bd-chroniques.be\/index.php\/2020\/12\/25\/juillard-carnets-secrets-2004-2020\/\">Carnets secrets<\/a>&#8230; <a href=\"https:\/\/bd-chroniques.be\/index.php\/2019\/01\/18\/double-7\/\">Double 7<\/a>, avec une interview de Juillard&#8230; <a href=\"https:\/\/bd-chroniques.be\/index.php\/2016\/12\/10\/blake-et-mortimer-le-testament-de-william-s-un-nouvel-album-et-une-exposition-a-bruxelles\/\" data-type=\"link\" data-id=\"https:\/\/bd-chroniques.be\/index.php\/2016\/12\/10\/blake-et-mortimer-le-testament-de-william-s-un-nouvel-album-et-une-exposition-a-bruxelles\/\">Le testament de William S.<\/a>, avec, \u00e9galement, du son d&rsquo;Andr\u00e9 Juillard&#8230; <\/p>\n\n\n\n<p><\/p>\n\n\n\n<p><strong>Jacques et Josiane Schra\u00fbwen<\/strong><\/p>\n","protected":false},"excerpt":{"rendered":"<p>Un homme que j&rsquo;ai rencontr\u00e9 quelques fois&#8230; Un homme passionnant, passionn\u00e9&#8230; Il y a des jours o\u00f9 on n\u2019a pas vraiment envie d\u2019\u00e9crire, de parler\u2026 Il y a des jours o\u00f9 la vie se montre telle qu\u2019elle est, chemin conduisant \u00e0 l\u2019in\u00e9luctable du d\u00e9part\u2026 Il y a des jours o\u00f9 la m\u00e9moire se fait cruelle [&hellip;]<\/p>\n","protected":false},"author":1,"featured_media":9253,"comment_status":"open","ping_status":"open","sticky":false,"template":"","format":"standard","meta":{"jetpack_post_was_ever_published":false,"_jetpack_newsletter_access":"","_jetpack_dont_email_post_to_subs":false,"_jetpack_newsletter_tier_id":0,"_jetpack_memberships_contains_paywalled_content":false,"_jetpack_memberships_contains_paid_content":false,"footnotes":"","jetpack_publicize_message":"","jetpack_publicize_feature_enabled":true,"jetpack_social_post_already_shared":true,"jetpack_social_options":{"image_generator_settings":{"template":"highway","default_image_id":0,"font":"","enabled":false},"version":2}},"categories":[16,14,1],"tags":[],"class_list":["post-9252","post","type-post","status-publish","format-standard","has-post-thumbnail","hentry","category-a","category-bd-de-a-a-f","category-hommages-2"],"jetpack_publicize_connections":[],"jetpack_featured_media_url":"https:\/\/i0.wp.com\/bd-chroniques.be\/wp-content\/uploads\/2024\/08\/AndreJuillard2014a.jpg?fit=600%2C800&ssl=1","jetpack_shortlink":"https:\/\/wp.me\/p8dqsu-2pe","jetpack_likes_enabled":true,"jetpack_sharing_enabled":true,"_links":{"self":[{"href":"https:\/\/bd-chroniques.be\/index.php\/wp-json\/wp\/v2\/posts\/9252","targetHints":{"allow":["GET"]}}],"collection":[{"href":"https:\/\/bd-chroniques.be\/index.php\/wp-json\/wp\/v2\/posts"}],"about":[{"href":"https:\/\/bd-chroniques.be\/index.php\/wp-json\/wp\/v2\/types\/post"}],"author":[{"embeddable":true,"href":"https:\/\/bd-chroniques.be\/index.php\/wp-json\/wp\/v2\/users\/1"}],"replies":[{"embeddable":true,"href":"https:\/\/bd-chroniques.be\/index.php\/wp-json\/wp\/v2\/comments?post=9252"}],"version-history":[{"count":1,"href":"https:\/\/bd-chroniques.be\/index.php\/wp-json\/wp\/v2\/posts\/9252\/revisions"}],"predecessor-version":[{"id":9257,"href":"https:\/\/bd-chroniques.be\/index.php\/wp-json\/wp\/v2\/posts\/9252\/revisions\/9257"}],"wp:featuredmedia":[{"embeddable":true,"href":"https:\/\/bd-chroniques.be\/index.php\/wp-json\/wp\/v2\/media\/9253"}],"wp:attachment":[{"href":"https:\/\/bd-chroniques.be\/index.php\/wp-json\/wp\/v2\/media?parent=9252"}],"wp:term":[{"taxonomy":"category","embeddable":true,"href":"https:\/\/bd-chroniques.be\/index.php\/wp-json\/wp\/v2\/categories?post=9252"},{"taxonomy":"post_tag","embeddable":true,"href":"https:\/\/bd-chroniques.be\/index.php\/wp-json\/wp\/v2\/tags?post=9252"}],"curies":[{"name":"wp","href":"https:\/\/api.w.org\/{rel}","templated":true}]}}