{"id":9258,"date":"2024-08-04T09:59:35","date_gmt":"2024-08-04T07:59:35","guid":{"rendered":"https:\/\/bd-chroniques.be\/?p=9258"},"modified":"2024-10-23T11:49:51","modified_gmt":"2024-10-23T09:49:51","slug":"sous-terre-pour-survivre-1-pogrom","status":"publish","type":"post","link":"https:\/\/bd-chroniques.be\/index.php\/2024\/08\/04\/sous-terre-pour-survivre-1-pogrom\/","title":{"rendered":"Sous Terre Pour Survivre\u00a0: 1. Pogrom"},"content":{"rendered":"\n<p>Un livre de plus sur la guerre 40-45 et ses massacres\u00a0?&#8230; Non, un premier album d\u2019une histoire dans laquelle cette guerre nous est montr\u00e9e \u00e0 hauteur d\u2019enfance\u2026 <\/p>\n\n\n<div class=\"wp-block-image\">\n<figure class=\"aligncenter size-full\"><img data-recalc-dims=\"1\" loading=\"lazy\" decoding=\"async\" width=\"768\" height=\"1024\" src=\"https:\/\/i0.wp.com\/bd-chroniques.be\/wp-content\/uploads\/2024\/08\/image-1.png?resize=768%2C1024&#038;ssl=1\" alt=\"\" class=\"wp-image-9261\" srcset=\"https:\/\/i0.wp.com\/bd-chroniques.be\/wp-content\/uploads\/2024\/08\/image-1.png?w=768&amp;ssl=1 768w, https:\/\/i0.wp.com\/bd-chroniques.be\/wp-content\/uploads\/2024\/08\/image-1.png?resize=225%2C300&amp;ssl=1 225w\" sizes=\"auto, (max-width: 768px) 100vw, 768px\" \/><figcaption class=\"wp-element-caption\">copyright Flachs<\/figcaption><\/figure>\n<\/div>\n\n\n<p>Nombreux sont les livres consacr\u00e9s \u00e0 la guerre, \u00e0 la r\u00e9sistance, \u00e0 l\u2019horreur de la shoah\u2026 Parmi eux, nombreux sont les vrais chefs d\u2018\u0153uvre d\u2019intelligence et d\u2019\u00e9motion, comme \u00ab\u00a0Irena\u00a0\u00bb, ou \u00ab\u00a0Les enfants de la r\u00e9sistance\u00a0\u00bb. D\u2019autres livres, un peu trop nombreux \u00e0 mon go\u00fbt, nous racontent des histoires h\u00e9ro\u00efques\u2026 Certes, l\u2019h\u00e9ro\u00efsme a exist\u00e9, mais je ne pense pas qu\u2019il soit de bon ton, aujourd\u2019hui, d\u2019essayer d\u2019en refaire une valeur\u00a0! D\u2019autres livres, aussi, dressent un portrait froid de cette \u00e9poque, un portrait sans \u00e2me, purement historique. A mon humble sentiment, ces livres me semblent assez inutiles, comme \u00ab\u00a0Oradour\u00a0\u00bb de Miniac et Marivain. <\/p>\n\n\n<div class=\"wp-block-image\">\n<figure class=\"aligncenter size-large\"><img data-recalc-dims=\"1\" loading=\"lazy\" decoding=\"async\" width=\"730\" height=\"1024\" src=\"https:\/\/i0.wp.com\/bd-chroniques.be\/wp-content\/uploads\/2024\/08\/image-2.png?resize=730%2C1024&#038;ssl=1\" alt=\"\" class=\"wp-image-9263\" srcset=\"https:\/\/i0.wp.com\/bd-chroniques.be\/wp-content\/uploads\/2024\/08\/image-2.png?resize=730%2C1024&amp;ssl=1 730w, https:\/\/i0.wp.com\/bd-chroniques.be\/wp-content\/uploads\/2024\/08\/image-2.png?resize=214%2C300&amp;ssl=1 214w, https:\/\/i0.wp.com\/bd-chroniques.be\/wp-content\/uploads\/2024\/08\/image-2.png?resize=768%2C1077&amp;ssl=1 768w, https:\/\/i0.wp.com\/bd-chroniques.be\/wp-content\/uploads\/2024\/08\/image-2.png?resize=1096%2C1536&amp;ssl=1 1096w, https:\/\/i0.wp.com\/bd-chroniques.be\/wp-content\/uploads\/2024\/08\/image-2.png?w=1276&amp;ssl=1 1276w\" sizes=\"auto, (max-width: 730px) 100vw, 730px\" \/><figcaption class=\"wp-element-caption\">copyright lamiroy<\/figcaption><\/figure>\n<\/div>\n\n\n<p>D\u2019autres livres, enfin, sacrifient \u00e0 une mode, \u00e0 un mouvement de l\u2019actualit\u00e9, comme toutes ces bandes dessin\u00e9es consacr\u00e9es \u00e0 Oradour, ou aux r\u00e9sistants de l\u2019Affiche Rouge\u2026 M\u00eame si, parmi ces derniers albums, certains sont des vraies r\u00e9ussites, je pense que d\u2019autres sont simplement l\u2019essai de quelques-uns de se donner une bonne conscience&nbsp;!<\/p>\n\n\n\n<p>Ce livre-ci, que j\u2019ai d\u00e9cid\u00e9 de partager avec vous, est \u00e9tonnant de lucidit\u00e9, d\u2019\u00e9motion, oui, ingr\u00e9dient essentiel \u00e0 la r\u00e9ussite de toute r\u00e9alisation artistique\u2026 C\u2019est un livre de m\u00e9moire, construit comme l\u2019est la m\u00e9moire humaine, avec des allers-retours incessants entre ce qui fut et ce qui est\u2026 Avec des souvenirs qui sont tant\u00f4t ceux d\u2019images, de lieux, de bruits, tant\u00f4t ceux de peurs, de fuites, de douleur, tant\u00f4t encore de visages, de noms, de gestes\u2026 <\/p>\n\n\n<div class=\"wp-block-image\">\n<figure class=\"aligncenter size-large\"><img data-recalc-dims=\"1\" loading=\"lazy\" decoding=\"async\" width=\"730\" height=\"1024\" src=\"https:\/\/i0.wp.com\/bd-chroniques.be\/wp-content\/uploads\/2024\/08\/image-3.png?resize=730%2C1024&#038;ssl=1\" alt=\"\" class=\"wp-image-9264\" srcset=\"https:\/\/i0.wp.com\/bd-chroniques.be\/wp-content\/uploads\/2024\/08\/image-3.png?resize=730%2C1024&amp;ssl=1 730w, https:\/\/i0.wp.com\/bd-chroniques.be\/wp-content\/uploads\/2024\/08\/image-3.png?resize=214%2C300&amp;ssl=1 214w, https:\/\/i0.wp.com\/bd-chroniques.be\/wp-content\/uploads\/2024\/08\/image-3.png?resize=768%2C1077&amp;ssl=1 768w, https:\/\/i0.wp.com\/bd-chroniques.be\/wp-content\/uploads\/2024\/08\/image-3.png?resize=1096%2C1536&amp;ssl=1 1096w, https:\/\/i0.wp.com\/bd-chroniques.be\/wp-content\/uploads\/2024\/08\/image-3.png?w=1276&amp;ssl=1 1276w\" sizes=\"auto, (max-width: 730px) 100vw, 730px\" \/><figcaption class=\"wp-element-caption\">copyright lamiroy<\/figcaption><\/figure>\n<\/div>\n\n\n<p>Ce livre nous raconte les souvenances de Gis\u00e8le Flachs qui fut enfant en Pologne et puis en Ukraine, Juive sous le pouvoir absolu d\u2019une id\u00e9ologie dont la r\u00e9pugnance n\u2019arr\u00eate pas de vouloir ressurgir (et y arrive bien trop aux quatre horizons de notre plan\u00e8te, sous l\u2019\u0153il indiff\u00e9rent de l\u2019ONU et de toutes les \u00ab\u00a0d\u00e9mocraties\u00a0\u00bb bien-pensantes)\u00a0! Gis\u00e8le Flachs, une petite fille \u00e0 qui l\u2019Histoire a vol\u00e9 son enfance\u2026 Une petite fille qui a surv\u00e9cu, envers et contre tout, et qui a racont\u00e9 son histoire, bien plus importante que l\u2019Histoire majuscule, dans un livre extr\u00eamement simple, extr\u00eamement puissant.<\/p>\n\n\n<div class=\"wp-block-image\">\n<figure class=\"aligncenter size-full\"><img data-recalc-dims=\"1\" loading=\"lazy\" decoding=\"async\" width=\"428\" height=\"600\" src=\"https:\/\/i0.wp.com\/bd-chroniques.be\/wp-content\/uploads\/2024\/08\/image-4.png?resize=428%2C600&#038;ssl=1\" alt=\"\" class=\"wp-image-9265\" srcset=\"https:\/\/i0.wp.com\/bd-chroniques.be\/wp-content\/uploads\/2024\/08\/image-4.png?w=428&amp;ssl=1 428w, https:\/\/i0.wp.com\/bd-chroniques.be\/wp-content\/uploads\/2024\/08\/image-4.png?resize=214%2C300&amp;ssl=1 214w\" sizes=\"auto, (max-width: 428px) 100vw, 428px\" \/><figcaption class=\"wp-element-caption\">copyright lamiroy<\/figcaption><\/figure>\n<\/div>\n\n\n<p>David Peeters, l\u2019auteur de cette \u00ab\u00a0adaptation\u00a0\u00bb, en trois volumes je pense, nous parle, en fait, de la non-disparition du chagrin\u2026 De la n\u00e9cessit\u00e9, pour exister plut\u00f4t qu\u2019\u00eatre, de refuser les m\u00e9moires officielles, fonctionnaris\u00e9es\u2026 De ces cimeti\u00e8res qui sont parfois la conscience du temps qui passe\u2026 Du d\u00e9ni des gens bien-pensants, aussi\u00a0: \u00ab\u00a0Les camps\u00a0?&#8230; Jamais entendu parler\u00a0!\u00a0\u00bb\u2026 De la peur, de l\u2019espoir, de la d\u00e9sesp\u00e9rance devenant une n\u00e9cessit\u00e9 de vie\u2026<\/p>\n\n\n\n<p>Ce faisant, David Peeters \u00e9vite la facilit\u00e9 d\u2019un r\u00e9cit lin\u00e9aire chronologiquement parlant. Il dessine au rythme d\u2019une m\u00e9moire qui n\u2019est pas la sienne, mais qu\u2019il s\u2019approprie avec une v\u00e9ritable amiti\u00e9, ai-je envie de dire. Il remet les choses en place, et nous parle des gens normaux, de ces civils, aussi, qui furent des masses \u00e0 accepter la haine comme conduite quotidienne, des civils oui, qui ne furent pas moins d\u00e9gueulasses que les hommes en uniforme nazi.<\/p>\n\n\n<div class=\"wp-block-image\">\n<figure class=\"aligncenter size-large\"><img data-recalc-dims=\"1\" loading=\"lazy\" decoding=\"async\" width=\"704\" height=\"1024\" src=\"https:\/\/i0.wp.com\/bd-chroniques.be\/wp-content\/uploads\/2024\/08\/image-5.png?resize=704%2C1024&#038;ssl=1\" alt=\"\" class=\"wp-image-9266\" srcset=\"https:\/\/i0.wp.com\/bd-chroniques.be\/wp-content\/uploads\/2024\/08\/image-5.png?resize=704%2C1024&amp;ssl=1 704w, https:\/\/i0.wp.com\/bd-chroniques.be\/wp-content\/uploads\/2024\/08\/image-5.png?resize=206%2C300&amp;ssl=1 206w, https:\/\/i0.wp.com\/bd-chroniques.be\/wp-content\/uploads\/2024\/08\/image-5.png?resize=768%2C1117&amp;ssl=1 768w, https:\/\/i0.wp.com\/bd-chroniques.be\/wp-content\/uploads\/2024\/08\/image-5.png?resize=1056%2C1536&amp;ssl=1 1056w, https:\/\/i0.wp.com\/bd-chroniques.be\/wp-content\/uploads\/2024\/08\/image-5.png?resize=1408%2C2048&amp;ssl=1 1408w, https:\/\/i0.wp.com\/bd-chroniques.be\/wp-content\/uploads\/2024\/08\/image-5.png?w=1429&amp;ssl=1 1429w\" sizes=\"auto, (max-width: 704px) 100vw, 704px\" \/><figcaption class=\"wp-element-caption\">copyright lamiroy<\/figcaption><\/figure>\n<\/div>\n\n\n<p>David Peeters a derri\u00e8re lui une existence bien remplie, dans le monde de la cuisine, de la peinture, de l\u2019\u00e9rotisme, de l&rsquo;\u00e9dition, de la bd. Ici, avec un dessin qui \u00e9vite toutes les caricatures, toutes les d\u00e9mesures, avec un r\u00e9cit qui, totalement, s\u2019inscrit dans une volont\u00e9 d\u2019humanisme, il arrive \u00e0 une ma\u00eetrise de son graphisme en noir et blanc imposante\u2026 Bien s\u00fbr, on y trouve des r\u00e9f\u00e9rences, une filiation, avec des auteurs comme Com\u00e8s ou Chabout\u00e9. Mais sa fa\u00e7on de construire son histoire, de la d\u00e9couper, de cr\u00e9er des planches aux perspectives proches du style des comics am\u00e9ricains, tout cela rend son travail, artistique mais aussi humain, d\u2019une belle originalit\u00e9.<\/p>\n\n\n<div class=\"wp-block-image\">\n<figure class=\"aligncenter size-full\"><img data-recalc-dims=\"1\" loading=\"lazy\" decoding=\"async\" width=\"768\" height=\"625\" src=\"https:\/\/i0.wp.com\/bd-chroniques.be\/wp-content\/uploads\/2024\/08\/image-6.png?resize=768%2C625&#038;ssl=1\" alt=\"\" class=\"wp-image-9268\" srcset=\"https:\/\/i0.wp.com\/bd-chroniques.be\/wp-content\/uploads\/2024\/08\/image-6.png?w=926&amp;ssl=1 926w, https:\/\/i0.wp.com\/bd-chroniques.be\/wp-content\/uploads\/2024\/08\/image-6.png?resize=300%2C244&amp;ssl=1 300w, https:\/\/i0.wp.com\/bd-chroniques.be\/wp-content\/uploads\/2024\/08\/image-6.png?resize=768%2C625&amp;ssl=1 768w\" sizes=\"auto, (max-width: 768px) 100vw, 768px\" \/><figcaption class=\"wp-element-caption\">copyright lamiroy et flachs<\/figcaption><\/figure>\n<\/div>\n\n\n<p>Un excellent livre, vous l\u2019aurez compris. Un de ces livres qui provoque chez les lecteurs des interrogations, des remises en question, des moments de silences r\u00e9fl\u00e9chis\u2026 Un livre que, je pense, on ne peut pas \u00ab\u00a0critiquer\u00a0\u00bb, mais bien \u00ab\u00a0chroniquer\u00a0\u00bb\u2026 C\u2019est-\u00e0-dire en parler comme un simple lecteur qui, face \u00e0 une \u0153uvre, quelle qu\u2019elle soit, se d\u00e9cide de parler de lui, de ses sensations, de ses id\u00e9es.<\/p>\n\n\n\n<p>Un excellent livre, oui\u2026 Intelligent et graphiquement abouti\u2026 Un livre qui devrait, je pense, se retrouver bien vite en bonne place dans votre biblioth\u00e8que\u2026<\/p>\n\n\n\n<p><strong>Jacques et Josiane Schra\u00fbwen<\/strong><\/p>\n\n\n\n<p><strong>Sous Terre Pour Survivre&nbsp;: 1. Pogrom (auteur&nbsp;: David Peeters \u2013 \u00e9diteur&nbsp;: Lamiroy \u2013 avril 2024 \u2013 114 pages)<\/strong><\/p>\n","protected":false},"excerpt":{"rendered":"<p>Un livre de plus sur la guerre 40-45 et ses massacres\u00a0?&#8230; Non, un premier album d\u2019une histoire dans laquelle cette guerre nous est montr\u00e9e \u00e0 hauteur d\u2019enfance\u2026 Nombreux sont les livres consacr\u00e9s \u00e0 la guerre, \u00e0 la r\u00e9sistance, \u00e0 l\u2019horreur de la shoah\u2026 Parmi eux, nombreux sont les vrais chefs d\u2018\u0153uvre d\u2019intelligence et d\u2019\u00e9motion, comme [&hellip;]<\/p>\n","protected":false},"author":1,"featured_media":9259,"comment_status":"open","ping_status":"open","sticky":false,"template":"","format":"standard","meta":{"jetpack_post_was_ever_published":false,"_jetpack_newsletter_access":"","_jetpack_dont_email_post_to_subs":false,"_jetpack_newsletter_tier_id":0,"_jetpack_memberships_contains_paywalled_content":false,"_jetpack_memberships_contains_paid_content":false,"footnotes":"","jetpack_publicize_message":"","jetpack_publicize_feature_enabled":true,"jetpack_social_post_already_shared":true,"jetpack_social_options":{"image_generator_settings":{"template":"highway","default_image_id":0,"font":"","enabled":false},"version":2}},"categories":[3,7],"tags":[],"class_list":["post-9258","post","type-post","status-publish","format-standard","has-post-thumbnail","hentry","category-bd-de-s-a-z","category-s"],"jetpack_publicize_connections":[],"jetpack_featured_media_url":"https:\/\/i0.wp.com\/bd-chroniques.be\/wp-content\/uploads\/2024\/08\/sousterre.webp?fit=1099%2C1600&ssl=1","jetpack_shortlink":"https:\/\/wp.me\/p8dqsu-2pk","jetpack_likes_enabled":true,"jetpack_sharing_enabled":true,"_links":{"self":[{"href":"https:\/\/bd-chroniques.be\/index.php\/wp-json\/wp\/v2\/posts\/9258","targetHints":{"allow":["GET"]}}],"collection":[{"href":"https:\/\/bd-chroniques.be\/index.php\/wp-json\/wp\/v2\/posts"}],"about":[{"href":"https:\/\/bd-chroniques.be\/index.php\/wp-json\/wp\/v2\/types\/post"}],"author":[{"embeddable":true,"href":"https:\/\/bd-chroniques.be\/index.php\/wp-json\/wp\/v2\/users\/1"}],"replies":[{"embeddable":true,"href":"https:\/\/bd-chroniques.be\/index.php\/wp-json\/wp\/v2\/comments?post=9258"}],"version-history":[{"count":3,"href":"https:\/\/bd-chroniques.be\/index.php\/wp-json\/wp\/v2\/posts\/9258\/revisions"}],"predecessor-version":[{"id":9269,"href":"https:\/\/bd-chroniques.be\/index.php\/wp-json\/wp\/v2\/posts\/9258\/revisions\/9269"}],"wp:featuredmedia":[{"embeddable":true,"href":"https:\/\/bd-chroniques.be\/index.php\/wp-json\/wp\/v2\/media\/9259"}],"wp:attachment":[{"href":"https:\/\/bd-chroniques.be\/index.php\/wp-json\/wp\/v2\/media?parent=9258"}],"wp:term":[{"taxonomy":"category","embeddable":true,"href":"https:\/\/bd-chroniques.be\/index.php\/wp-json\/wp\/v2\/categories?post=9258"},{"taxonomy":"post_tag","embeddable":true,"href":"https:\/\/bd-chroniques.be\/index.php\/wp-json\/wp\/v2\/tags?post=9258"}],"curies":[{"name":"wp","href":"https:\/\/api.w.org\/{rel}","templated":true}]}}