{"id":929,"date":"2017-08-19T09:02:52","date_gmt":"2017-08-19T07:02:52","guid":{"rendered":"http:\/\/bd-chroniques.be\/?p=929"},"modified":"2017-08-19T09:02:52","modified_gmt":"2017-08-19T07:02:52","slug":"les-ombres-de-la-sierra-madre-1-la-nina-bronca","status":"publish","type":"post","link":"https:\/\/bd-chroniques.be\/index.php\/2017\/08\/19\/les-ombres-de-la-sierra-madre-1-la-nina-bronca\/","title":{"rendered":"Les Ombres de la Sierra Madre : 1. La Nina Bronca"},"content":{"rendered":"<p class=\"x_MsoNoSpacing\">Les ombres de la Sierra Madre sont nombreuses\u2026 Elles sont celles de la guerre de 14\/18\u2026 Elles sont celles des Mormons\u2026 Elles sont celles des derniers Apaches et de leur col\u00e8re meurtri\u00e8re\u2026 Et elles construisent ici un western quelque peu \u00e0 contre-courant des codes propres \u00e0 ce genre\u2026<\/p>\n<p class=\"x_MsoNoSpacing\"><img data-recalc-dims=\"1\" loading=\"lazy\" decoding=\"async\" class=\"aligncenter size-full wp-image-931\" src=\"https:\/\/i0.wp.com\/bd-chroniques.be\/wp-content\/uploads\/2017\/08\/sierra1.jpg?resize=529%2C702\" alt=\"\" width=\"529\" height=\"702\" srcset=\"https:\/\/i0.wp.com\/bd-chroniques.be\/wp-content\/uploads\/2017\/08\/sierra1.jpg?w=529&amp;ssl=1 529w, https:\/\/i0.wp.com\/bd-chroniques.be\/wp-content\/uploads\/2017\/08\/sierra1.jpg?resize=226%2C300&amp;ssl=1 226w\" sizes=\"auto, (max-width: 529px) 100vw, 529px\" \/><\/p>\n<p><em>Les Ombres de la Sierra Madre\u00a9sandawe.com<\/em><\/p>\n<p class=\"x_MsoNoSpacing\">1917. Dans les tranch\u00e9es de la for\u00eat d\u2019Argonne, la premi\u00e8re guerre mondiale fait rage. Moroni Fenn y vit, au quotidien, l\u2019horreur quotidienne de la mort, de la violence. Son appartenance \u00e0 \u00ab\u00a0l\u2019Eglise des Saints des Derniers Jours\u00a0\u00bb ne l\u2019aide pas \u00e0 supporter ce conflit dans lequel l\u2019humanit\u00e9 n\u2019a plus droit de cit\u00e9.<\/p>\n<p class=\"x_MsoNoSpacing\">1920. De retour \u00e0 Salt Lake City, Moroni Fenn sombre dans l\u2019alcool, les cauchemars, le mal vivre, l\u2019agressivit\u00e9. Sa violence incontr\u00f4lable et peu en accord avec les principes des Mormons pousse les sages de cette communaut\u00e9 \u00e0 l\u2019envoyer prot\u00e9ger leur colonie install\u00e9e au Mexique. A peine arriv\u00e9, il fait la connaissance d\u2019un vieux fou, Merejildo, de sa ni\u00e8ce, la belle Guadalupe, et il arrache des griffes d\u2019un margoulin une jeune indienne exhib\u00e9e comme une b\u00eate de foire.<\/p>\n<p class=\"x_MsoNoSpacing\">1923. Moroni est mari\u00e9 avec Guadalupe, qui attend un enfant, et la petite indienne, Bui, est leur fille adoptive. Quant \u00e0 Merejildo, il veille sur eux, en attendant, inlassablement, la venue d\u2019Apaches, disparus pourtant depuis bien longtemps de cette r\u00e9gion.<\/p>\n<p class=\"x_MsoNoSpacing\"><img data-recalc-dims=\"1\" loading=\"lazy\" decoding=\"async\" class=\"aligncenter size-full wp-image-932\" src=\"https:\/\/i0.wp.com\/bd-chroniques.be\/wp-content\/uploads\/2017\/08\/sierra2.jpg?resize=768%2C1021\" alt=\"\" width=\"768\" height=\"1021\" srcset=\"https:\/\/i0.wp.com\/bd-chroniques.be\/wp-content\/uploads\/2017\/08\/sierra2.jpg?w=894&amp;ssl=1 894w, https:\/\/i0.wp.com\/bd-chroniques.be\/wp-content\/uploads\/2017\/08\/sierra2.jpg?resize=226%2C300&amp;ssl=1 226w, https:\/\/i0.wp.com\/bd-chroniques.be\/wp-content\/uploads\/2017\/08\/sierra2.jpg?resize=768%2C1021&amp;ssl=1 768w, https:\/\/i0.wp.com\/bd-chroniques.be\/wp-content\/uploads\/2017\/08\/sierra2.jpg?resize=771%2C1024&amp;ssl=1 771w\" sizes=\"auto, (max-width: 768px) 100vw, 768px\" \/><\/p>\n<p><em>Les Ombres de la Sierra Madre\u00a9sandawe.com<\/em><\/p>\n<p>&nbsp;<\/p>\n<p class=\"x_MsoNoSpacing\">A partir de ce canevas, Philippe Nihoul raconte une histoire ancr\u00e9e dans la grande Histoire, de mani\u00e8re \u00e9vidente. Fouill\u00e9, document\u00e9, son sc\u00e9nario r\u00e9pond, certes, aux besoins du genre western, avec Indiens, combats, chevaux, mais il s\u2019en \u00e9loigne par l\u2019\u00e9poque, d\u2019abord, le d\u00e9but du vingti\u00e8me si\u00e8cle, par le personnage central, ensuite, un Mormon fier de l\u2019\u00eatre, malgr\u00e9 ses probl\u00e8mes identitaires. Bien entendu, le th\u00e8me central reste la diff\u00e9rence, la confrontation de diff\u00e9rentes cultures, l\u2019h\u00e9g\u00e9monie d\u2019une race sur l\u2019autre, la puissance, non pas de la religion, quelle qu\u2019elle soit, la force, aussi, de la r\u00e9sistance, m\u00eame la plus inutile.<\/p>\n<p class=\"x_MsoNoSpacing\">Classique dans sa construction, le sc\u00e9nario de Philippe Nihoul ne manque vraiment pas d\u2019int\u00e9r\u00eat, de rebondissements, de r\u00e9flexions sur l\u2019humanit\u00e9 et ses d\u00e9rives\u00a0; notre humanit\u00e9, donc\u2026<\/p>\n<p class=\"x_MsoNoSpacing\">Quant au dessin de Daniel Brecht, il est lui aussi d\u2019une facture tr\u00e8s classique, avec d\u2019\u00e9vidences influences de Giraud et de Cosey\u2026 Mais sa mani\u00e8re de travailler la couleur, en une dominante de bruns, d\u2019ocres, et de bleus l\u00e9gers donne \u00e0 son style une vraie pr\u00e9sence, une belle personnalit\u00e9, m\u00eame si, de ci de l\u00e0, quelques erreurs graphiques, dans les perspectives et proportions existent.<\/p>\n<p class=\"x_MsoNoSpacing\">Cela dit, ce livre est aussi une belle plong\u00e9e dans l\u2019enfance, et ce qu\u2019elle peut avoir de plus sombre et de plus lumineux en m\u00eame temps. Et ce premier volume appelle une suite qui, esp\u00e9rons-le, viendra vite ponctuer une histoire r\u00e9ellement passionnante\u00a0!&#8230;<\/p>\n<p class=\"x_MsoNoSpacing\"><b>Jacques Schra\u00fbwen<\/b><\/p>\n<p class=\"x_MsoNoSpacing\"><b>Les Ombres de la Sierra Madre\u00a0: 1. La Nina Bronca (dessin\u00a0: Daniel Brecht \u2013 sc\u00e9nario\u00a0: Philippe Nihoul \u2013 \u00e9diteur\u00a0: sandawe.com)<\/b><\/p>\n","protected":false},"excerpt":{"rendered":"<p>Les ombres de la Sierra Madre sont nombreuses\u2026 Elles sont celles de la guerre de 14\/18\u2026 Elles sont celles des Mormons\u2026 Elles sont celles des derniers Apaches et de leur col\u00e8re meurtri\u00e8re\u2026 Et elles construisent ici un western quelque peu \u00e0 contre-courant des codes propres \u00e0 ce genre\u2026 Les Ombres de la Sierra Madre\u00a9sandawe.com 1917. [&hellip;]<\/p>\n","protected":false},"author":1,"featured_media":930,"comment_status":"open","ping_status":"open","sticky":false,"template":"","format":"standard","meta":{"jetpack_post_was_ever_published":false,"_jetpack_newsletter_access":"","_jetpack_dont_email_post_to_subs":false,"_jetpack_newsletter_tier_id":0,"_jetpack_memberships_contains_paywalled_content":false,"_jetpack_memberships_contains_paid_content":false,"footnotes":"","jetpack_publicize_message":"","jetpack_publicize_feature_enabled":true,"jetpack_social_post_already_shared":true,"jetpack_social_options":{"image_generator_settings":{"template":"highway","default_image_id":0,"font":"","enabled":false},"version":2}},"categories":[23,26],"tags":[],"class_list":["post-929","post","type-post","status-publish","format-standard","has-post-thumbnail","hentry","category-bd-de-m-a-r","category-o"],"jetpack_publicize_connections":[],"jetpack_featured_media_url":"https:\/\/i0.wp.com\/bd-chroniques.be\/wp-content\/uploads\/2017\/08\/sierra0.jpg?fit=591%2C782&ssl=1","jetpack_shortlink":"https:\/\/wp.me\/p8dqsu-eZ","jetpack_likes_enabled":true,"jetpack_sharing_enabled":true,"_links":{"self":[{"href":"https:\/\/bd-chroniques.be\/index.php\/wp-json\/wp\/v2\/posts\/929","targetHints":{"allow":["GET"]}}],"collection":[{"href":"https:\/\/bd-chroniques.be\/index.php\/wp-json\/wp\/v2\/posts"}],"about":[{"href":"https:\/\/bd-chroniques.be\/index.php\/wp-json\/wp\/v2\/types\/post"}],"author":[{"embeddable":true,"href":"https:\/\/bd-chroniques.be\/index.php\/wp-json\/wp\/v2\/users\/1"}],"replies":[{"embeddable":true,"href":"https:\/\/bd-chroniques.be\/index.php\/wp-json\/wp\/v2\/comments?post=929"}],"version-history":[{"count":2,"href":"https:\/\/bd-chroniques.be\/index.php\/wp-json\/wp\/v2\/posts\/929\/revisions"}],"predecessor-version":[{"id":934,"href":"https:\/\/bd-chroniques.be\/index.php\/wp-json\/wp\/v2\/posts\/929\/revisions\/934"}],"wp:featuredmedia":[{"embeddable":true,"href":"https:\/\/bd-chroniques.be\/index.php\/wp-json\/wp\/v2\/media\/930"}],"wp:attachment":[{"href":"https:\/\/bd-chroniques.be\/index.php\/wp-json\/wp\/v2\/media?parent=929"}],"wp:term":[{"taxonomy":"category","embeddable":true,"href":"https:\/\/bd-chroniques.be\/index.php\/wp-json\/wp\/v2\/categories?post=929"},{"taxonomy":"post_tag","embeddable":true,"href":"https:\/\/bd-chroniques.be\/index.php\/wp-json\/wp\/v2\/tags?post=929"}],"curies":[{"name":"wp","href":"https:\/\/api.w.org\/{rel}","templated":true}]}}