{"id":9467,"date":"2024-11-02T09:02:49","date_gmt":"2024-11-02T08:02:49","guid":{"rendered":"https:\/\/bd-chroniques.be\/?p=9467"},"modified":"2024-11-02T17:06:34","modified_gmt":"2024-11-02T16:06:34","slug":"nager-a-contre-courant-une-enfance-en-turquie","status":"publish","type":"post","link":"https:\/\/bd-chroniques.be\/index.php\/2024\/11\/02\/nager-a-contre-courant-une-enfance-en-turquie\/","title":{"rendered":"Nager A Contre-Courant \u2013 Une enfance en Turquie"},"content":{"rendered":"\n<p>Vivre, comme nager dans les eaux troubles de l\u2019enfance, de l\u2019adolescence\u2026 Vivre et grandir en-dehors des r\u00e8gles et des attentes des \u00ab&nbsp;autres&nbsp;\u00bb\u2026 Un livre d\u00e9concertant et intelligemment militant\u2026 (<em>Une chronique pass\u00e9e sur l&rsquo;antenne de la rtbf<\/em>)<\/p>\n\n\n<div class=\"wp-block-image\">\n<figure class=\"aligncenter size-full\"><img data-recalc-dims=\"1\" loading=\"lazy\" decoding=\"async\" width=\"613\" height=\"853\" src=\"https:\/\/i0.wp.com\/bd-chroniques.be\/wp-content\/uploads\/2024\/11\/nager2.jpg?resize=613%2C853&#038;ssl=1\" alt=\"\" class=\"wp-image-9469\" srcset=\"https:\/\/i0.wp.com\/bd-chroniques.be\/wp-content\/uploads\/2024\/11\/nager2.jpg?w=613&amp;ssl=1 613w, https:\/\/i0.wp.com\/bd-chroniques.be\/wp-content\/uploads\/2024\/11\/nager2.jpg?resize=216%2C300&amp;ssl=1 216w\" sizes=\"auto, (max-width: 613px) 100vw, 613px\" \/><figcaption class=\"wp-element-caption\">copyright \u00e9ditions du faubourg<\/figcaption><\/figure>\n<\/div>\n\n\n<p>\u00ab&nbsp;Nager \u00e0 contre-courant&nbsp;\u00bb nous parle donc, en quinze chapitres, d\u2019une enfance en Turquie. Autobiographie dessin\u00e9e de l\u2019autrice, \u00d6zge Samanci, cet album nous entra\u00eene entre la\u00efcit\u00e9 et fondamentalisme dans les pas de la jeune fille qu\u2019elle a \u00e9t\u00e9\u2026 C\u2019est un trajet de vie, d\u2019existence m\u00eame, qu\u2019il s\u2019agit, racont\u00e9 de mani\u00e8re classique, chronologiquement, mais dessin\u00e9e de fa\u00e7on bien plus \u00e9clat\u00e9e\u2026<\/p>\n\n\n<div class=\"wp-block-image\">\n<figure class=\"aligncenter size-full\"><img data-recalc-dims=\"1\" loading=\"lazy\" decoding=\"async\" width=\"660\" height=\"878\" src=\"https:\/\/i0.wp.com\/bd-chroniques.be\/wp-content\/uploads\/2024\/11\/nager3.jpg?resize=660%2C878&#038;ssl=1\" alt=\"\" class=\"wp-image-9470\" srcset=\"https:\/\/i0.wp.com\/bd-chroniques.be\/wp-content\/uploads\/2024\/11\/nager3.jpg?w=660&amp;ssl=1 660w, https:\/\/i0.wp.com\/bd-chroniques.be\/wp-content\/uploads\/2024\/11\/nager3.jpg?resize=226%2C300&amp;ssl=1 226w\" sizes=\"auto, (max-width: 660px) 100vw, 660px\" \/><figcaption class=\"wp-element-caption\">copyright \u00e9ditions du faubourg<\/figcaption><\/figure>\n<\/div>\n\n\n<p>Avec des parents soucieux de la voir faire des grandes \u00e9tudes pour ne jamais avoir \u00e0 d\u00e9pendre de quelque pouvoir que ce soit, avec, d\u00e9coulant de cela, un p\u00e8re autoritaire avec lequel le dialogue n\u2019est pas possible, avec un monde politiquement oscillant sans cesse entre la\u00efcit\u00e9 et religion, \u00d6zge vieillit de page en page, et se d\u00e9couvre d\u2019autres pr\u00e9tentions, d\u2019autres d\u00e9sirs que ceux que la famille ou la soci\u00e9t\u00e9 veulent lui imposer.<\/p>\n\n\n<div class=\"wp-block-image\">\n<figure class=\"aligncenter size-full\"><img data-recalc-dims=\"1\" loading=\"lazy\" decoding=\"async\" width=\"670\" height=\"888\" src=\"https:\/\/i0.wp.com\/bd-chroniques.be\/wp-content\/uploads\/2024\/11\/nager4.jpg?resize=670%2C888&#038;ssl=1\" alt=\"\" class=\"wp-image-9471\" srcset=\"https:\/\/i0.wp.com\/bd-chroniques.be\/wp-content\/uploads\/2024\/11\/nager4.jpg?w=670&amp;ssl=1 670w, https:\/\/i0.wp.com\/bd-chroniques.be\/wp-content\/uploads\/2024\/11\/nager4.jpg?resize=226%2C300&amp;ssl=1 226w\" sizes=\"auto, (max-width: 670px) 100vw, 670px\" \/><figcaption class=\"wp-element-caption\">copyright \u00e9ditions du faubourg<\/figcaption><\/figure>\n<\/div>\n\n\n<p>Et l\u2019art s\u2019impose \u00e0 elle, dans cette Turquie qui n&rsquo;arr\u00eate pas, depuis Atat\u00fcrk, puis avec la dictature militaire, et enfin avec Erdogan, de se chercher, de passer d\u2019\u00e9mancipation en endormissement, voire en autoritarisme \u00e9vident&#8230;<\/p>\n\n\n<div class=\"wp-block-image\">\n<figure class=\"aligncenter size-full\"><img data-recalc-dims=\"1\" loading=\"lazy\" decoding=\"async\" width=\"768\" height=\"457\" src=\"https:\/\/i0.wp.com\/bd-chroniques.be\/wp-content\/uploads\/2024\/11\/nager5-1.jpg?resize=768%2C457&#038;ssl=1\" alt=\"\" class=\"wp-image-9473\" srcset=\"https:\/\/i0.wp.com\/bd-chroniques.be\/wp-content\/uploads\/2024\/11\/nager5-1.jpg?w=860&amp;ssl=1 860w, https:\/\/i0.wp.com\/bd-chroniques.be\/wp-content\/uploads\/2024\/11\/nager5-1.jpg?resize=300%2C179&amp;ssl=1 300w, https:\/\/i0.wp.com\/bd-chroniques.be\/wp-content\/uploads\/2024\/11\/nager5-1.jpg?resize=768%2C457&amp;ssl=1 768w\" sizes=\"auto, (max-width: 768px) 100vw, 768px\" \/><figcaption class=\"wp-element-caption\">copyright \u00e9ditions du faubourg<\/figcaption><\/figure>\n<\/div>\n\n\n<p>Ce livre nous raconte, en cassant les codes de la bande dessin\u00e9e (le d\u00e9coupage par exemple, l\u2019\u00e9laboraton des cases, les dialogues), cet album nous montre, de l\u2019int\u00e9rieur, une Turquie dont nous connaissons si peu, finalement. C\u2019est le besoin foncier d\u2019une femme de vivre SA vie, contre la famille, contre toutes les id\u00e9ologies, contre la soci\u00e9t\u00e9 qui forme la trame de cette autobiographie dessin\u00e9e\u2026 Avec, en point de mire, l\u2019importance et la puissance de l\u2019art pour y arriver\u2026 Une bd qui, malgr\u00e9 les techniques graphiques vari\u00e9es, est faite d\u2019un dessin moderne, \u00e0 l\u2019acc\u00e8s imm\u00e9diat.<\/p>\n\n\n\n<p><strong>Jacques et Josiane Schra\u00fbwen<\/strong><\/p>\n\n\n\n<p><strong>Nager \u00e0 contre-courant \u2013 auteure&nbsp;: \u00d6zge Samanci \u2013 \u00e9diteur&nbsp;: \u00e9ditions du Faubourg \u2013 2022 \u2013 192 pages<\/strong><\/p>\n","protected":false},"excerpt":{"rendered":"<p>Vivre, comme nager dans les eaux troubles de l\u2019enfance, de l\u2019adolescence\u2026 Vivre et grandir en-dehors des r\u00e8gles et des attentes des \u00ab&nbsp;autres&nbsp;\u00bb\u2026 Un livre d\u00e9concertant et intelligemment militant\u2026 (Une chronique pass\u00e9e sur l&rsquo;antenne de la rtbf) \u00ab&nbsp;Nager \u00e0 contre-courant&nbsp;\u00bb nous parle donc, en quinze chapitres, d\u2019une enfance en Turquie. Autobiographie dessin\u00e9e de l\u2019autrice, \u00d6zge Samanci, [&hellip;]<\/p>\n","protected":false},"author":1,"featured_media":9468,"comment_status":"open","ping_status":"open","sticky":false,"template":"","format":"standard","meta":{"jetpack_post_was_ever_published":false,"_jetpack_newsletter_access":"","_jetpack_dont_email_post_to_subs":false,"_jetpack_newsletter_tier_id":0,"_jetpack_memberships_contains_paywalled_content":false,"_jetpack_memberships_contains_paid_content":false,"footnotes":"","jetpack_publicize_message":"","jetpack_publicize_feature_enabled":true,"jetpack_social_post_already_shared":true,"jetpack_social_options":{"image_generator_settings":{"template":"highway","default_image_id":0,"font":"","enabled":false},"version":2}},"categories":[40],"tags":[],"class_list":["post-9467","post","type-post","status-publish","format-standard","has-post-thumbnail","hentry","category-non-classe"],"jetpack_publicize_connections":[],"jetpack_featured_media_url":"https:\/\/i0.wp.com\/bd-chroniques.be\/wp-content\/uploads\/2024\/11\/nager1.jpg?fit=571%2C800&ssl=1","jetpack_shortlink":"https:\/\/wp.me\/p8dqsu-2sH","jetpack_likes_enabled":true,"jetpack_sharing_enabled":true,"_links":{"self":[{"href":"https:\/\/bd-chroniques.be\/index.php\/wp-json\/wp\/v2\/posts\/9467","targetHints":{"allow":["GET"]}}],"collection":[{"href":"https:\/\/bd-chroniques.be\/index.php\/wp-json\/wp\/v2\/posts"}],"about":[{"href":"https:\/\/bd-chroniques.be\/index.php\/wp-json\/wp\/v2\/types\/post"}],"author":[{"embeddable":true,"href":"https:\/\/bd-chroniques.be\/index.php\/wp-json\/wp\/v2\/users\/1"}],"replies":[{"embeddable":true,"href":"https:\/\/bd-chroniques.be\/index.php\/wp-json\/wp\/v2\/comments?post=9467"}],"version-history":[{"count":4,"href":"https:\/\/bd-chroniques.be\/index.php\/wp-json\/wp\/v2\/posts\/9467\/revisions"}],"predecessor-version":[{"id":9477,"href":"https:\/\/bd-chroniques.be\/index.php\/wp-json\/wp\/v2\/posts\/9467\/revisions\/9477"}],"wp:featuredmedia":[{"embeddable":true,"href":"https:\/\/bd-chroniques.be\/index.php\/wp-json\/wp\/v2\/media\/9468"}],"wp:attachment":[{"href":"https:\/\/bd-chroniques.be\/index.php\/wp-json\/wp\/v2\/media?parent=9467"}],"wp:term":[{"taxonomy":"category","embeddable":true,"href":"https:\/\/bd-chroniques.be\/index.php\/wp-json\/wp\/v2\/categories?post=9467"},{"taxonomy":"post_tag","embeddable":true,"href":"https:\/\/bd-chroniques.be\/index.php\/wp-json\/wp\/v2\/tags?post=9467"}],"curies":[{"name":"wp","href":"https:\/\/api.w.org\/{rel}","templated":true}]}}